{"id":2874,"date":"2017-12-04T09:20:20","date_gmt":"2017-12-04T09:20:20","guid":{"rendered":"http:\/\/www.pamina-business.com\/?p=2874"},"modified":"2017-12-04T09:20:20","modified_gmt":"2017-12-04T09:20:20","slug":"le-pamina-business-club-accueille-une-delegation-de-paris-region-entreprises","status":"publish","type":"post","link":"http:\/\/www.pamina-business.com\/en\/le-pamina-business-club-accueille-une-delegation-de-paris-region-entreprises\/","title":{"rendered":"Le PAMINA Business Club accueille une d\u00e9l\u00e9gation de Paris Region Entreprises"},"content":{"rendered":"<div class=\"wysiwyg\">\n<p>Le 27 novembre 2017, le <a href=\"http:\/\/www.pamina-business.com\" target=\"_blank\">PAMINA Business Club<\/a>, pr\u00e9sid\u00e9 par l&#8217;ADIRA, a accueilli une d\u00e9l\u00e9gation de <a href=\"http:\/\/www.investparisregion.eu\" target=\"_blank\">Paris Region Entreprises<\/a> (agence de d\u00e9veloppement \u00e9conomique d&#8217;Ile de France) pour pr\u00e9senter la dynamique transfrontali\u00e8re dans l&#8217;espace PAMINA en mati\u00e8re de d\u00e9veloppement \u00e9conomique.<\/p>\n<p>Durant la journ\u00e9e, un programme dense a \u00e9t\u00e9 organis\u00e9 autour la th\u00e9matique \u00ab innovation &amp; digital \u00bb, avec notamment :<br \/>\n&#8211; la visite du CyberLab Accelerators du <a href=\"http:\/\/www.cyberforum.de\" target=\"_blank\">Cyberforum<\/a> ainsi que l&#8217;incubateur dans le domaine de la cr\u00e9ativit\u00e9, <a href=\"http:\/\/www.perfekt-futur.de\" target=\"_blank\">Perfekt Future<\/a> ;<br \/>\n&#8211; la rencontre avec les dirigeant de la startup PTV (www.ptvgroup.com \u2013 700 salari\u00e9s \u2013 100 M\u20ac de CA), dont l&#8217;activit\u00e9 est le d\u00e9veloppement d&#8217;algorithmes et d&#8217;applicatifs dans les mobilit\u00e9s urbaines. Pr\u00e9sentation de simulations dans leur MobilityLab.<br \/>\n&#8211; des \u00e9changes avec des repr\u00e9sentants d&#8217;<a href=\"http:\/\/www.eucor-uni.org\" target=\"_blank\">EUCOR<\/a>, le campus europ\u00e9en des universit\u00e9s du Rhin Sup\u00e9rieur.<\/p>\n<p>A la fin de la journ\u00e9e, la d\u00e9l\u00e9gation a pris le chemin pour Frankfort afin de se rendre au salon Cloud Expo Europe 2017.<br \/>\nUne d\u00e9l\u00e9gation de chefs d&#8217;entreprises et de d\u00e9veloppeurs issue de l&#8217;espace PAMINA ira \u00e0 son tour \u00e0 Paris courant d\u00e9cembre !<\/p>\n<p><img loading=\"lazy\" decoding=\"async\" title=\"Le PAMINA Business Club accueille une d\u00e9l\u00e9gation de Paris Region Entreprises\" src=\"http:\/\/www.adira.com\/upload\/images\/Cooperation\/Karlsruhe_27112017.jpg\" alt=\"Le PAMINA Business Club accueille une d\u00e9l\u00e9gation de Paris Region Entreprises\" width=\"650\" height=\"488\" \/><\/p>\n<p><em>Source<\/em> :<a href=\"http:\/\/www.adira.com\"> www.adira.com<\/a><\/p>\n<p><em>Contacts<\/em> : <a href=\"&#x6d;a&#x69;&#108;&#x74;&#111;:&#x6a;e&#x61;&#110;&#x2d;&#109;i&#x63;&#104;&#x65;&#108;&#46;&#x73;t&#x61;&#101;&#x72;&#108;e&#x40;a&#x64;&#105;&#x72;&#x61;&#46;&#x63;&#111;&#x6d;\">&#x6a;&#101;a&#x6e;&#45;m&#x69;&#x63;&#104;&#x65;&#x6c;&#46;s&#x74;&#97;e&#x72;&#x6c;&#101;&#x40;&#x61;&#100;i&#x72;&#97;&#46;&#x63;&#x6f;&#109; <\/a><\/p>\n<\/div>\n","protected":false},"excerpt":{"rendered":"<p>Le 27 novembre 2017, le PAMINA Business Club, pr\u00e9sid\u00e9 par l&#8217;ADIRA, a accueilli une d\u00e9l\u00e9gation de Paris Region Entreprises (agence de d\u00e9veloppement \u00e9conomique d&#8217;Ile de France) pour pr\u00e9senter la dynamique transfrontali\u00e8re dans l&#8217;espace PAMINA en mati\u00e8re de d\u00e9veloppement \u00e9conomique. Durant la journ\u00e9e, un programme dense a \u00e9t\u00e9 organis\u00e9 autour la th\u00e9matique \u00ab innovation &amp; digital [&hellip;]<\/p>\n","protected":false},"author":3,"featured_media":0,"comment_status":"open","ping_status":"open","sticky":false,"template":"","format":"standard","meta":{"_exactmetrics_skip_tracking":false,"_exactmetrics_sitenote_active":false,"_exactmetrics_sitenote_note":"","_exactmetrics_sitenote_category":0,"footnotes":""},"categories":[65,7,47,53,11],"tags":[],"class_list":["post-2874","post","type-post","status-publish","format-standard","hentry","category-economie","category-evenements-fr","category-industrie-fr","category-innovation-fr","category-mobilite-fr"],"yoast_head":"<!-- This site is optimized with the Yoast SEO plugin v23.5 - https:\/\/yoast.com\/wordpress\/plugins\/seo\/ -->\n<title>Le PAMINA Business Club accueille une d\u00e9l\u00e9gation de Paris Region Entreprises - PAMINA Business Club<\/title>\n<meta name=\"robots\" content=\"index, follow, max-snippet:-1, max-image-preview:large, max-video-preview:-1\" \/>\n<link rel=\"canonical\" href=\"https:\/\/www.pamina-business.com\/le-pamina-business-club-accueille-une-delegation-de-paris-region-entreprises\/\" \/>\n<meta property=\"og:locale\" content=\"en_US\" \/>\n<meta property=\"og:type\" content=\"article\" \/>\n<meta property=\"og:title\" content=\"Le PAMINA Business Club accueille une d\u00e9l\u00e9gation de Paris Region Entreprises - PAMINA Business Club\" \/>\n<meta property=\"og:description\" content=\"Le 27 novembre 2017, le PAMINA Business Club, pr\u00e9sid\u00e9 par l&#8217;ADIRA, a accueilli une d\u00e9l\u00e9gation de Paris Region Entreprises (agence de d\u00e9veloppement \u00e9conomique d&#8217;Ile de France) pour pr\u00e9senter la dynamique transfrontali\u00e8re dans l&#8217;espace PAMINA en mati\u00e8re de d\u00e9veloppement \u00e9conomique. Durant la journ\u00e9e, un programme dense a \u00e9t\u00e9 organis\u00e9 autour la th\u00e9matique \u00ab innovation &amp; digital [&hellip;]\" \/>\n<meta property=\"og:url\" content=\"https:\/\/www.pamina-business.com\/le-pamina-business-club-accueille-une-delegation-de-paris-region-entreprises\/\" \/>\n<meta property=\"og:site_name\" content=\"PAMINA Business Club\" \/>\n<meta property=\"article:published_time\" content=\"2017-12-04T09:20:20+00:00\" \/>\n<meta property=\"og:image\" content=\"http:\/\/www.adira.com\/upload\/images\/Cooperation\/Karlsruhe_27112017.jpg\" \/>\n<meta name=\"author\" content=\"Monique STUTZMANN\" \/>\n<meta name=\"twitter:card\" content=\"summary_large_image\" \/>\n<meta name=\"twitter:label1\" content=\"Written by\" \/>\n\t<meta name=\"twitter:data1\" content=\"Monique STUTZMANN\" \/>\n\t<meta name=\"twitter:label2\" content=\"Est. reading time\" \/>\n\t<meta name=\"twitter:data2\" content=\"1 minute\" \/>\n<script type=\"application\/ld+json\" class=\"yoast-schema-graph\">{\"@context\":\"https:\/\/schema.org\",\"@graph\":[{\"@type\":\"WebPage\",\"@id\":\"https:\/\/www.pamina-business.com\/le-pamina-business-club-accueille-une-delegation-de-paris-region-entreprises\/\",\"url\":\"https:\/\/www.pamina-business.com\/le-pamina-business-club-accueille-une-delegation-de-paris-region-entreprises\/\",\"name\":\"Le PAMINA Business Club accueille une d\u00e9l\u00e9gation de Paris Region Entreprises - PAMINA Business Club\",\"isPartOf\":{\"@id\":\"https:\/\/www.pamina-business.com\/de\/#website\"},\"primaryImageOfPage\":{\"@id\":\"https:\/\/www.pamina-business.com\/le-pamina-business-club-accueille-une-delegation-de-paris-region-entreprises\/#primaryimage\"},\"image\":{\"@id\":\"https:\/\/www.pamina-business.com\/le-pamina-business-club-accueille-une-delegation-de-paris-region-entreprises\/#primaryimage\"},\"thumbnailUrl\":\"http:\/\/www.adira.com\/upload\/images\/Cooperation\/Karlsruhe_27112017.jpg\",\"datePublished\":\"2017-12-04T09:20:20+00:00\",\"dateModified\":\"2017-12-04T09:20:20+00:00\",\"author\":{\"@id\":\"https:\/\/www.pamina-business.com\/de\/#\/schema\/person\/9ab02536dbdbc5e3ef40bbc3452c8c69\"},\"breadcrumb\":{\"@id\":\"https:\/\/www.pamina-business.com\/le-pamina-business-club-accueille-une-delegation-de-paris-region-entreprises\/#breadcrumb\"},\"inLanguage\":\"en-US\",\"potentialAction\":[{\"@type\":\"ReadAction\",\"target\":[\"https:\/\/www.pamina-business.com\/le-pamina-business-club-accueille-une-delegation-de-paris-region-entreprises\/\"]}]},{\"@type\":\"ImageObject\",\"inLanguage\":\"en-US\",\"@id\":\"https:\/\/www.pamina-business.com\/le-pamina-business-club-accueille-une-delegation-de-paris-region-entreprises\/#primaryimage\",\"url\":\"http:\/\/www.adira.com\/upload\/images\/Cooperation\/Karlsruhe_27112017.jpg\",\"contentUrl\":\"http:\/\/www.adira.com\/upload\/images\/Cooperation\/Karlsruhe_27112017.jpg\"},{\"@type\":\"BreadcrumbList\",\"@id\":\"https:\/\/www.pamina-business.com\/le-pamina-business-club-accueille-une-delegation-de-paris-region-entreprises\/#breadcrumb\",\"itemListElement\":[{\"@type\":\"ListItem\",\"position\":1,\"name\":\"Accueil\",\"item\":\"http:\/\/www.pamina-business.com\/en\/\"},{\"@type\":\"ListItem\",\"position\":2,\"name\":\"Le PAMINA Business Club accueille une d\u00e9l\u00e9gation de Paris Region Entreprises\"}]},{\"@type\":\"WebSite\",\"@id\":\"https:\/\/www.pamina-business.com\/de\/#website\",\"url\":\"https:\/\/www.pamina-business.com\/de\/\",\"name\":\"PAMINA Business Club\",\"description\":\"Un site utilisant WordPress\",\"potentialAction\":[{\"@type\":\"SearchAction\",\"target\":{\"@type\":\"EntryPoint\",\"urlTemplate\":\"https:\/\/www.pamina-business.com\/de\/?s={search_term_string}\"},\"query-input\":{\"@type\":\"PropertyValueSpecification\",\"valueRequired\":true,\"valueName\":\"search_term_string\"}}],\"inLanguage\":\"en-US\"},{\"@type\":\"Person\",\"@id\":\"https:\/\/www.pamina-business.com\/de\/#\/schema\/person\/9ab02536dbdbc5e3ef40bbc3452c8c69\",\"name\":\"Monique STUTZMANN\",\"image\":{\"@type\":\"ImageObject\",\"inLanguage\":\"en-US\",\"@id\":\"https:\/\/www.pamina-business.com\/de\/#\/schema\/person\/image\/\",\"url\":\"https:\/\/secure.gravatar.com\/avatar\/cc1c3adf9a9f6e969d3da7b6b34ec66f5f4a6844dfc9145380a75e42cd91882e?s=96&d=mm&r=g\",\"contentUrl\":\"https:\/\/secure.gravatar.com\/avatar\/cc1c3adf9a9f6e969d3da7b6b34ec66f5f4a6844dfc9145380a75e42cd91882e?s=96&d=mm&r=g\",\"caption\":\"Monique STUTZMANN\"},\"url\":\"http:\/\/www.pamina-business.com\/en\/author\/monique\/\"}]}<\/script>\n<!-- \/ Yoast SEO plugin. -->","yoast_head_json":{"title":"Le PAMINA Business Club accueille une d\u00e9l\u00e9gation de Paris Region Entreprises - PAMINA Business Club","robots":{"index":"index","follow":"follow","max-snippet":"max-snippet:-1","max-image-preview":"max-image-preview:large","max-video-preview":"max-video-preview:-1"},"canonical":"https:\/\/www.pamina-business.com\/le-pamina-business-club-accueille-une-delegation-de-paris-region-entreprises\/","og_locale":"en_US","og_type":"article","og_title":"Le PAMINA Business Club accueille une d\u00e9l\u00e9gation de Paris Region Entreprises - PAMINA Business Club","og_description":"Le 27 novembre 2017, le PAMINA Business Club, pr\u00e9sid\u00e9 par l&#8217;ADIRA, a accueilli une d\u00e9l\u00e9gation de Paris Region Entreprises (agence de d\u00e9veloppement \u00e9conomique d&#8217;Ile de France) pour pr\u00e9senter la dynamique transfrontali\u00e8re dans l&#8217;espace PAMINA en mati\u00e8re de d\u00e9veloppement \u00e9conomique. Durant la journ\u00e9e, un programme dense a \u00e9t\u00e9 organis\u00e9 autour la th\u00e9matique \u00ab innovation &amp; digital [&hellip;]","og_url":"https:\/\/www.pamina-business.com\/le-pamina-business-club-accueille-une-delegation-de-paris-region-entreprises\/","og_site_name":"PAMINA Business Club","article_published_time":"2017-12-04T09:20:20+00:00","og_image":[{"url":"http:\/\/www.adira.com\/upload\/images\/Cooperation\/Karlsruhe_27112017.jpg"}],"author":"Monique STUTZMANN","twitter_card":"summary_large_image","twitter_misc":{"Written by":"Monique STUTZMANN","Est. reading time":"1 minute"},"schema":{"@context":"https:\/\/schema.org","@graph":[{"@type":"WebPage","@id":"https:\/\/www.pamina-business.com\/le-pamina-business-club-accueille-une-delegation-de-paris-region-entreprises\/","url":"https:\/\/www.pamina-business.com\/le-pamina-business-club-accueille-une-delegation-de-paris-region-entreprises\/","name":"Le PAMINA Business Club accueille une d\u00e9l\u00e9gation de Paris Region Entreprises - PAMINA Business Club","isPartOf":{"@id":"https:\/\/www.pamina-business.com\/de\/#website"},"primaryImageOfPage":{"@id":"https:\/\/www.pamina-business.com\/le-pamina-business-club-accueille-une-delegation-de-paris-region-entreprises\/#primaryimage"},"image":{"@id":"https:\/\/www.pamina-business.com\/le-pamina-business-club-accueille-une-delegation-de-paris-region-entreprises\/#primaryimage"},"thumbnailUrl":"http:\/\/www.adira.com\/upload\/images\/Cooperation\/Karlsruhe_27112017.jpg","datePublished":"2017-12-04T09:20:20+00:00","dateModified":"2017-12-04T09:20:20+00:00","author":{"@id":"https:\/\/www.pamina-business.com\/de\/#\/schema\/person\/9ab02536dbdbc5e3ef40bbc3452c8c69"},"breadcrumb":{"@id":"https:\/\/www.pamina-business.com\/le-pamina-business-club-accueille-une-delegation-de-paris-region-entreprises\/#breadcrumb"},"inLanguage":"en-US","potentialAction":[{"@type":"ReadAction","target":["https:\/\/www.pamina-business.com\/le-pamina-business-club-accueille-une-delegation-de-paris-region-entreprises\/"]}]},{"@type":"ImageObject","inLanguage":"en-US","@id":"https:\/\/www.pamina-business.com\/le-pamina-business-club-accueille-une-delegation-de-paris-region-entreprises\/#primaryimage","url":"http:\/\/www.adira.com\/upload\/images\/Cooperation\/Karlsruhe_27112017.jpg","contentUrl":"http:\/\/www.adira.com\/upload\/images\/Cooperation\/Karlsruhe_27112017.jpg"},{"@type":"BreadcrumbList","@id":"https:\/\/www.pamina-business.com\/le-pamina-business-club-accueille-une-delegation-de-paris-region-entreprises\/#breadcrumb","itemListElement":[{"@type":"ListItem","position":1,"name":"Accueil","item":"http:\/\/www.pamina-business.com\/en\/"},{"@type":"ListItem","position":2,"name":"Le PAMINA Business Club accueille une d\u00e9l\u00e9gation de Paris Region Entreprises"}]},{"@type":"WebSite","@id":"https:\/\/www.pamina-business.com\/de\/#website","url":"https:\/\/www.pamina-business.com\/de\/","name":"PAMINA Business Club","description":"Un site utilisant WordPress","potentialAction":[{"@type":"SearchAction","target":{"@type":"EntryPoint","urlTemplate":"https:\/\/www.pamina-business.com\/de\/?s={search_term_string}"},"query-input":{"@type":"PropertyValueSpecification","valueRequired":true,"valueName":"search_term_string"}}],"inLanguage":"en-US"},{"@type":"Person","@id":"https:\/\/www.pamina-business.com\/de\/#\/schema\/person\/9ab02536dbdbc5e3ef40bbc3452c8c69","name":"Monique STUTZMANN","image":{"@type":"ImageObject","inLanguage":"en-US","@id":"https:\/\/www.pamina-business.com\/de\/#\/schema\/person\/image\/","url":"https:\/\/secure.gravatar.com\/avatar\/cc1c3adf9a9f6e969d3da7b6b34ec66f5f4a6844dfc9145380a75e42cd91882e?s=96&d=mm&r=g","contentUrl":"https:\/\/secure.gravatar.com\/avatar\/cc1c3adf9a9f6e969d3da7b6b34ec66f5f4a6844dfc9145380a75e42cd91882e?s=96&d=mm&r=g","caption":"Monique STUTZMANN"},"url":"http:\/\/www.pamina-business.com\/en\/author\/monique\/"}]}},"_links":{"self":[{"href":"http:\/\/www.pamina-business.com\/en\/wp-json\/wp\/v2\/posts\/2874","targetHints":{"allow":["GET"]}}],"collection":[{"href":"http:\/\/www.pamina-business.com\/en\/wp-json\/wp\/v2\/posts"}],"about":[{"href":"http:\/\/www.pamina-business.com\/en\/wp-json\/wp\/v2\/types\/post"}],"author":[{"embeddable":true,"href":"http:\/\/www.pamina-business.com\/en\/wp-json\/wp\/v2\/users\/3"}],"replies":[{"embeddable":true,"href":"http:\/\/www.pamina-business.com\/en\/wp-json\/wp\/v2\/comments?post=2874"}],"version-history":[{"count":1,"href":"http:\/\/www.pamina-business.com\/en\/wp-json\/wp\/v2\/posts\/2874\/revisions"}],"predecessor-version":[{"id":2875,"href":"http:\/\/www.pamina-business.com\/en\/wp-json\/wp\/v2\/posts\/2874\/revisions\/2875"}],"wp:attachment":[{"href":"http:\/\/www.pamina-business.com\/en\/wp-json\/wp\/v2\/media?parent=2874"}],"wp:term":[{"taxonomy":"category","embeddable":true,"href":"http:\/\/www.pamina-business.com\/en\/wp-json\/wp\/v2\/categories?post=2874"},{"taxonomy":"post_tag","embeddable":true,"href":"http:\/\/www.pamina-business.com\/en\/wp-json\/wp\/v2\/tags?post=2874"}],"curies":[{"name":"wp","href":"https:\/\/api.w.org\/{rel}","templated":true}]}}