{"id":2860,"date":"2017-12-07T07:48:41","date_gmt":"2017-12-07T07:48:41","guid":{"rendered":"http:\/\/www.pamina-business.com\/?p=2860"},"modified":"2017-12-04T13:24:58","modified_gmt":"2017-12-04T13:24:58","slug":"les-ateliers-sacker-masse-simplantent-a-wasselonne","status":"publish","type":"post","link":"http:\/\/www.pamina-business.com\/en\/les-ateliers-sacker-masse-simplantent-a-wasselonne\/","title":{"rendered":"Les Ateliers Sacker &#038; Mass\u00e9 s&#8217;implantent \u00e0 Wasselonne"},"content":{"rendered":"<div class=\"wysiwyg\">\n<p><strong>Cr\u00e9\u00e9e en 2004 \u00e0 Cosswiller par M. Vincent Sacker, la Menuiserie Sacker est sp\u00e9cialis\u00e9e dans la menuiserie et l&#8217;\u00e9b\u00e9nisterie.<\/strong><\/p>\n<p>La client\u00e8le de l&#8217;entreprise est majoritairement compos\u00e9e de particuliers install\u00e9s en Alsace. Depuis sa cr\u00e9ation, l&#8217;entreprise exploitait une partie du corps de ferme familial mais apr\u00e8s une dizaine d&#8217;ann\u00e9es d&#8217;activit\u00e9, le d\u00e9veloppement de l&#8217;entreprise a satur\u00e9 les locaux de 450 m\u00b2. En 2016, M. Sacker s&#8217;est associ\u00e9 avec M. Jean Mass\u00e9, une connaissance professionnelle de plus de 20 ans, et a donn\u00e9 naissance aux <a title=\"Ateliers Sacker &amp; Mass\u00e9\" href=\"http:\/\/menuiserie.sacker.free.fr\/\" target=\"_blank\">Ateliers Sacker &amp; Mass\u00e9<\/a>.<\/p>\n<p>Suite \u00e0 cette association, les dirigeants ont d\u00e9cid\u00e9 de relocaliser leur entreprise et se sont int\u00e9ress\u00e9s aux anciens locaux BASLER de Wasselonne.<\/p>\n<p>Pour la r\u00e9alisation de ce projet, les dirigeants ont sollicit\u00e9 ALSABAIL et l&#8217;ADIRA pour les accompagner. Une solution de financement a \u00e9t\u00e9 propos\u00e9e par ALSABAIL et l&#8217;ADIRA a orient\u00e9 l&#8217;entreprise vers les services de la CARSAT.<\/p>\n<p>Depuis plusieurs mois maintenant, l&#8217;entreprise exploite ses nouveaux locaux \u00e0 Wasselonne. L&#8217;activit\u00e9 a fortement augment\u00e9 et plusieurs cr\u00e9ations d&#8217;emplois ont \u00e9t\u00e9 r\u00e9alis\u00e9es. A ce jour, l&#8217;entreprise emploie 11 salari\u00e9s.<\/p>\n<p><img loading=\"lazy\" decoding=\"async\" title=\"Les Ateliers Sacker &amp; Mass\u00e9\" src=\"http:\/\/www.adira.com\/upload\/images\/Entreprises\/Sacker_ext.JPG\" alt=\"Les Ateliers Sacker &amp; Mass\u00e9\" width=\"900\" height=\"638\" \/><\/p>\n<p><em>Source<\/em> : <a href=\"http:\/\/www.adira.com\">www.adira.com<\/a><\/p>\n<p><em>Contact<\/em> : <a href=\"d&#97;&#109;&#x69;&#x65;&#x6e;&#46;&#110;&#111;&#x61;&#x63;&#x63;o&#64;&#97;&#x64;&#x69;&#x72;a&#46;&#99;&#111;&#x6d;\">damien &#46;no&#97;&#99;&#99;&#111;&#x40;&#x61;&#x64;&#x69;&#x72;&#x61;&#x2e;com<\/a><\/p>\n<\/div>\n","protected":false},"excerpt":{"rendered":"<p>Cr\u00e9\u00e9e en 2004 \u00e0 Cosswiller par M. Vincent Sacker, la Menuiserie Sacker est sp\u00e9cialis\u00e9e dans la menuiserie et l&#8217;\u00e9b\u00e9nisterie. La client\u00e8le de l&#8217;entreprise est majoritairement compos\u00e9e de particuliers install\u00e9s en Alsace. Depuis sa cr\u00e9ation, l&#8217;entreprise exploitait une partie du corps de ferme familial mais apr\u00e8s une dizaine d&#8217;ann\u00e9es d&#8217;activit\u00e9, le d\u00e9veloppement de l&#8217;entreprise a satur\u00e9 [&hellip;]<\/p>\n","protected":false},"author":3,"featured_media":0,"comment_status":"open","ping_status":"open","sticky":false,"template":"","format":"standard","meta":{"_exactmetrics_skip_tracking":false,"_exactmetrics_sitenote_active":false,"_exactmetrics_sitenote_note":"","_exactmetrics_sitenote_category":0,"footnotes":""},"categories":[65,47],"tags":[],"class_list":["post-2860","post","type-post","status-publish","format-standard","hentry","category-economie","category-industrie-fr"],"yoast_head":"<!-- This site is optimized with the Yoast SEO plugin v23.5 - https:\/\/yoast.com\/wordpress\/plugins\/seo\/ -->\n<title>Les Ateliers Sacker &amp; Mass\u00e9 s&#039;implantent \u00e0 Wasselonne - PAMINA Business Club<\/title>\n<meta name=\"robots\" content=\"index, follow, max-snippet:-1, max-image-preview:large, max-video-preview:-1\" \/>\n<link rel=\"canonical\" href=\"https:\/\/www.pamina-business.com\/de\/les-ateliers-sacker-masse-simplantent-a-wasselonne\/\" \/>\n<meta property=\"og:locale\" content=\"en_US\" \/>\n<meta property=\"og:type\" content=\"article\" \/>\n<meta property=\"og:title\" content=\"Les Ateliers Sacker &amp; Mass\u00e9 s&#039;implantent \u00e0 Wasselonne - PAMINA Business Club\" \/>\n<meta property=\"og:description\" content=\"Cr\u00e9\u00e9e en 2004 \u00e0 Cosswiller par M. Vincent Sacker, la Menuiserie Sacker est sp\u00e9cialis\u00e9e dans la menuiserie et l&#8217;\u00e9b\u00e9nisterie. La client\u00e8le de l&#8217;entreprise est majoritairement compos\u00e9e de particuliers install\u00e9s en Alsace. Depuis sa cr\u00e9ation, l&#8217;entreprise exploitait une partie du corps de ferme familial mais apr\u00e8s une dizaine d&#8217;ann\u00e9es d&#8217;activit\u00e9, le d\u00e9veloppement de l&#8217;entreprise a satur\u00e9 [&hellip;]\" \/>\n<meta property=\"og:url\" content=\"https:\/\/www.pamina-business.com\/de\/les-ateliers-sacker-masse-simplantent-a-wasselonne\/\" \/>\n<meta property=\"og:site_name\" content=\"PAMINA Business Club\" \/>\n<meta property=\"article:published_time\" content=\"2017-12-07T07:48:41+00:00\" \/>\n<meta property=\"article:modified_time\" content=\"2017-12-04T13:24:58+00:00\" \/>\n<meta property=\"og:image\" content=\"http:\/\/www.adira.com\/upload\/images\/Entreprises\/Sacker_ext.JPG\" \/>\n<meta name=\"author\" content=\"Monique STUTZMANN\" \/>\n<meta name=\"twitter:card\" content=\"summary_large_image\" \/>\n<meta name=\"twitter:label1\" content=\"Written by\" \/>\n\t<meta name=\"twitter:data1\" content=\"Monique STUTZMANN\" \/>\n\t<meta name=\"twitter:label2\" content=\"Est. reading time\" \/>\n\t<meta name=\"twitter:data2\" content=\"1 minute\" \/>\n<script type=\"application\/ld+json\" class=\"yoast-schema-graph\">{\"@context\":\"https:\/\/schema.org\",\"@graph\":[{\"@type\":\"WebPage\",\"@id\":\"https:\/\/www.pamina-business.com\/de\/les-ateliers-sacker-masse-simplantent-a-wasselonne\/\",\"url\":\"https:\/\/www.pamina-business.com\/de\/les-ateliers-sacker-masse-simplantent-a-wasselonne\/\",\"name\":\"Les Ateliers Sacker & Mass\u00e9 s'implantent \u00e0 Wasselonne - PAMINA Business Club\",\"isPartOf\":{\"@id\":\"https:\/\/www.pamina-business.com\/de\/#website\"},\"primaryImageOfPage\":{\"@id\":\"https:\/\/www.pamina-business.com\/de\/les-ateliers-sacker-masse-simplantent-a-wasselonne\/#primaryimage\"},\"image\":{\"@id\":\"https:\/\/www.pamina-business.com\/de\/les-ateliers-sacker-masse-simplantent-a-wasselonne\/#primaryimage\"},\"thumbnailUrl\":\"http:\/\/www.adira.com\/upload\/images\/Entreprises\/Sacker_ext.JPG\",\"datePublished\":\"2017-12-07T07:48:41+00:00\",\"dateModified\":\"2017-12-04T13:24:58+00:00\",\"author\":{\"@id\":\"https:\/\/www.pamina-business.com\/de\/#\/schema\/person\/9ab02536dbdbc5e3ef40bbc3452c8c69\"},\"breadcrumb\":{\"@id\":\"https:\/\/www.pamina-business.com\/de\/les-ateliers-sacker-masse-simplantent-a-wasselonne\/#breadcrumb\"},\"inLanguage\":\"en-US\",\"potentialAction\":[{\"@type\":\"ReadAction\",\"target\":[\"https:\/\/www.pamina-business.com\/de\/les-ateliers-sacker-masse-simplantent-a-wasselonne\/\"]}]},{\"@type\":\"ImageObject\",\"inLanguage\":\"en-US\",\"@id\":\"https:\/\/www.pamina-business.com\/de\/les-ateliers-sacker-masse-simplantent-a-wasselonne\/#primaryimage\",\"url\":\"http:\/\/www.adira.com\/upload\/images\/Entreprises\/Sacker_ext.JPG\",\"contentUrl\":\"http:\/\/www.adira.com\/upload\/images\/Entreprises\/Sacker_ext.JPG\"},{\"@type\":\"BreadcrumbList\",\"@id\":\"https:\/\/www.pamina-business.com\/de\/les-ateliers-sacker-masse-simplantent-a-wasselonne\/#breadcrumb\",\"itemListElement\":[{\"@type\":\"ListItem\",\"position\":1,\"name\":\"Accueil\",\"item\":\"http:\/\/www.pamina-business.com\/en\/\"},{\"@type\":\"ListItem\",\"position\":2,\"name\":\"Les Ateliers Sacker &#038; Mass\u00e9 s&#8217;implantent \u00e0 Wasselonne\"}]},{\"@type\":\"WebSite\",\"@id\":\"https:\/\/www.pamina-business.com\/de\/#website\",\"url\":\"https:\/\/www.pamina-business.com\/de\/\",\"name\":\"PAMINA Business Club\",\"description\":\"Un site utilisant WordPress\",\"potentialAction\":[{\"@type\":\"SearchAction\",\"target\":{\"@type\":\"EntryPoint\",\"urlTemplate\":\"https:\/\/www.pamina-business.com\/de\/?s={search_term_string}\"},\"query-input\":{\"@type\":\"PropertyValueSpecification\",\"valueRequired\":true,\"valueName\":\"search_term_string\"}}],\"inLanguage\":\"en-US\"},{\"@type\":\"Person\",\"@id\":\"https:\/\/www.pamina-business.com\/de\/#\/schema\/person\/9ab02536dbdbc5e3ef40bbc3452c8c69\",\"name\":\"Monique STUTZMANN\",\"image\":{\"@type\":\"ImageObject\",\"inLanguage\":\"en-US\",\"@id\":\"https:\/\/www.pamina-business.com\/de\/#\/schema\/person\/image\/\",\"url\":\"https:\/\/secure.gravatar.com\/avatar\/cc1c3adf9a9f6e969d3da7b6b34ec66f5f4a6844dfc9145380a75e42cd91882e?s=96&d=mm&r=g\",\"contentUrl\":\"https:\/\/secure.gravatar.com\/avatar\/cc1c3adf9a9f6e969d3da7b6b34ec66f5f4a6844dfc9145380a75e42cd91882e?s=96&d=mm&r=g\",\"caption\":\"Monique STUTZMANN\"},\"url\":\"http:\/\/www.pamina-business.com\/en\/author\/monique\/\"}]}<\/script>\n<!-- \/ Yoast SEO plugin. -->","yoast_head_json":{"title":"Les Ateliers Sacker & Mass\u00e9 s'implantent \u00e0 Wasselonne - PAMINA Business Club","robots":{"index":"index","follow":"follow","max-snippet":"max-snippet:-1","max-image-preview":"max-image-preview:large","max-video-preview":"max-video-preview:-1"},"canonical":"https:\/\/www.pamina-business.com\/de\/les-ateliers-sacker-masse-simplantent-a-wasselonne\/","og_locale":"en_US","og_type":"article","og_title":"Les Ateliers Sacker & Mass\u00e9 s'implantent \u00e0 Wasselonne - PAMINA Business Club","og_description":"Cr\u00e9\u00e9e en 2004 \u00e0 Cosswiller par M. Vincent Sacker, la Menuiserie Sacker est sp\u00e9cialis\u00e9e dans la menuiserie et l&#8217;\u00e9b\u00e9nisterie. La client\u00e8le de l&#8217;entreprise est majoritairement compos\u00e9e de particuliers install\u00e9s en Alsace. Depuis sa cr\u00e9ation, l&#8217;entreprise exploitait une partie du corps de ferme familial mais apr\u00e8s une dizaine d&#8217;ann\u00e9es d&#8217;activit\u00e9, le d\u00e9veloppement de l&#8217;entreprise a satur\u00e9 [&hellip;]","og_url":"https:\/\/www.pamina-business.com\/de\/les-ateliers-sacker-masse-simplantent-a-wasselonne\/","og_site_name":"PAMINA Business Club","article_published_time":"2017-12-07T07:48:41+00:00","article_modified_time":"2017-12-04T13:24:58+00:00","og_image":[{"url":"http:\/\/www.adira.com\/upload\/images\/Entreprises\/Sacker_ext.JPG"}],"author":"Monique STUTZMANN","twitter_card":"summary_large_image","twitter_misc":{"Written by":"Monique STUTZMANN","Est. reading time":"1 minute"},"schema":{"@context":"https:\/\/schema.org","@graph":[{"@type":"WebPage","@id":"https:\/\/www.pamina-business.com\/de\/les-ateliers-sacker-masse-simplantent-a-wasselonne\/","url":"https:\/\/www.pamina-business.com\/de\/les-ateliers-sacker-masse-simplantent-a-wasselonne\/","name":"Les Ateliers Sacker & Mass\u00e9 s'implantent \u00e0 Wasselonne - PAMINA Business Club","isPartOf":{"@id":"https:\/\/www.pamina-business.com\/de\/#website"},"primaryImageOfPage":{"@id":"https:\/\/www.pamina-business.com\/de\/les-ateliers-sacker-masse-simplantent-a-wasselonne\/#primaryimage"},"image":{"@id":"https:\/\/www.pamina-business.com\/de\/les-ateliers-sacker-masse-simplantent-a-wasselonne\/#primaryimage"},"thumbnailUrl":"http:\/\/www.adira.com\/upload\/images\/Entreprises\/Sacker_ext.JPG","datePublished":"2017-12-07T07:48:41+00:00","dateModified":"2017-12-04T13:24:58+00:00","author":{"@id":"https:\/\/www.pamina-business.com\/de\/#\/schema\/person\/9ab02536dbdbc5e3ef40bbc3452c8c69"},"breadcrumb":{"@id":"https:\/\/www.pamina-business.com\/de\/les-ateliers-sacker-masse-simplantent-a-wasselonne\/#breadcrumb"},"inLanguage":"en-US","potentialAction":[{"@type":"ReadAction","target":["https:\/\/www.pamina-business.com\/de\/les-ateliers-sacker-masse-simplantent-a-wasselonne\/"]}]},{"@type":"ImageObject","inLanguage":"en-US","@id":"https:\/\/www.pamina-business.com\/de\/les-ateliers-sacker-masse-simplantent-a-wasselonne\/#primaryimage","url":"http:\/\/www.adira.com\/upload\/images\/Entreprises\/Sacker_ext.JPG","contentUrl":"http:\/\/www.adira.com\/upload\/images\/Entreprises\/Sacker_ext.JPG"},{"@type":"BreadcrumbList","@id":"https:\/\/www.pamina-business.com\/de\/les-ateliers-sacker-masse-simplantent-a-wasselonne\/#breadcrumb","itemListElement":[{"@type":"ListItem","position":1,"name":"Accueil","item":"http:\/\/www.pamina-business.com\/en\/"},{"@type":"ListItem","position":2,"name":"Les Ateliers Sacker &#038; Mass\u00e9 s&#8217;implantent \u00e0 Wasselonne"}]},{"@type":"WebSite","@id":"https:\/\/www.pamina-business.com\/de\/#website","url":"https:\/\/www.pamina-business.com\/de\/","name":"PAMINA Business Club","description":"Un site utilisant WordPress","potentialAction":[{"@type":"SearchAction","target":{"@type":"EntryPoint","urlTemplate":"https:\/\/www.pamina-business.com\/de\/?s={search_term_string}"},"query-input":{"@type":"PropertyValueSpecification","valueRequired":true,"valueName":"search_term_string"}}],"inLanguage":"en-US"},{"@type":"Person","@id":"https:\/\/www.pamina-business.com\/de\/#\/schema\/person\/9ab02536dbdbc5e3ef40bbc3452c8c69","name":"Monique STUTZMANN","image":{"@type":"ImageObject","inLanguage":"en-US","@id":"https:\/\/www.pamina-business.com\/de\/#\/schema\/person\/image\/","url":"https:\/\/secure.gravatar.com\/avatar\/cc1c3adf9a9f6e969d3da7b6b34ec66f5f4a6844dfc9145380a75e42cd91882e?s=96&d=mm&r=g","contentUrl":"https:\/\/secure.gravatar.com\/avatar\/cc1c3adf9a9f6e969d3da7b6b34ec66f5f4a6844dfc9145380a75e42cd91882e?s=96&d=mm&r=g","caption":"Monique STUTZMANN"},"url":"http:\/\/www.pamina-business.com\/en\/author\/monique\/"}]}},"_links":{"self":[{"href":"http:\/\/www.pamina-business.com\/en\/wp-json\/wp\/v2\/posts\/2860","targetHints":{"allow":["GET"]}}],"collection":[{"href":"http:\/\/www.pamina-business.com\/en\/wp-json\/wp\/v2\/posts"}],"about":[{"href":"http:\/\/www.pamina-business.com\/en\/wp-json\/wp\/v2\/types\/post"}],"author":[{"embeddable":true,"href":"http:\/\/www.pamina-business.com\/en\/wp-json\/wp\/v2\/users\/3"}],"replies":[{"embeddable":true,"href":"http:\/\/www.pamina-business.com\/en\/wp-json\/wp\/v2\/comments?post=2860"}],"version-history":[{"count":1,"href":"http:\/\/www.pamina-business.com\/en\/wp-json\/wp\/v2\/posts\/2860\/revisions"}],"predecessor-version":[{"id":2861,"href":"http:\/\/www.pamina-business.com\/en\/wp-json\/wp\/v2\/posts\/2860\/revisions\/2861"}],"wp:attachment":[{"href":"http:\/\/www.pamina-business.com\/en\/wp-json\/wp\/v2\/media?parent=2860"}],"wp:term":[{"taxonomy":"category","embeddable":true,"href":"http:\/\/www.pamina-business.com\/en\/wp-json\/wp\/v2\/categories?post=2860"},{"taxonomy":"post_tag","embeddable":true,"href":"http:\/\/www.pamina-business.com\/en\/wp-json\/wp\/v2\/tags?post=2860"}],"curies":[{"name":"wp","href":"https:\/\/api.w.org\/{rel}","templated":true}]}}