{"id":2482,"date":"2017-04-28T09:10:51","date_gmt":"2017-04-28T09:10:51","guid":{"rendered":"http:\/\/www.pamina-business.com\/?p=2482"},"modified":"2017-04-24T09:26:28","modified_gmt":"2017-04-24T09:26:28","slug":"transport-transfrontalier-entre-erstein-et-lahr","status":"publish","type":"post","link":"http:\/\/www.pamina-business.com\/en\/transport-transfrontalier-entre-erstein-et-lahr\/","title":{"rendered":"Transport transfrontalier entre Erstein et Lahr"},"content":{"rendered":"<p>De nombreux Bas-Rhinois travaillent dans les entreprises du secteur de Lahr et de ses alentours, dont 400 personnes de la r\u00e9gion d&#8217;Erstein. Ces employ\u00e9s transfrontaliers, et en particulier les jeunes sans voitures,\u00a0 rencontraient des difficult\u00e9s pour se rendre sur leur lieu de travail par les transports en commun.\u00a0 Un projet de bus a donc \u00e9t\u00e9 \u00e9tudi\u00e9 par l&#8217;ensemble des partenaires concern\u00e9s, \u00e0 savoir le d\u00e9partement du Bas-Rhin, la comcom du canton d&#8217;Erstein et l&#8217;Eurodistrict. Ce bus Eurodistrict circule depuis le 1 er avril 2017, \u00e0 raison de quatre allers-retours quotidiens entre Erstein et Lahr avec plusieurs arr\u00eats. En outre, les horaires des trains et aussi des bus ont \u00e9t\u00e9 adapt\u00e9s sur l&#8217;axe Strasbourg-Erstein. Cette ligne de bus co\u00fbte quelques 140 000Euros par an au maximum.<\/p>\n<p><em>Source<\/em> : Derni\u00e8res Nouvelles d&#8217;Alsace du 20.04.17<\/p>\n<p><a href=\"http:\/\/www.dna.fr\">www.dna.fr <\/a><\/p>\n<p><em>Informations<\/em> : Les horaires de bus sont \u00e0 trouver sue le site <a href=\"http:\/\/www.eurodistrict.eu\">www.eurodistrict.eu\u00a0 <\/a><\/p>\n","protected":false},"excerpt":{"rendered":"<p>De nombreux Bas-Rhinois travaillent dans les entreprises du secteur de Lahr et de ses alentours, dont 400 personnes de la r\u00e9gion d&#8217;Erstein. Ces employ\u00e9s transfrontaliers, et en particulier les jeunes sans voitures,\u00a0 rencontraient des difficult\u00e9s pour se rendre sur leur lieu de travail par les transports en commun.\u00a0 Un projet de bus a donc \u00e9t\u00e9 [&hellip;]<\/p>\n","protected":false},"author":3,"featured_media":0,"comment_status":"open","ping_status":"open","sticky":false,"template":"","format":"standard","meta":{"_exactmetrics_skip_tracking":false,"_exactmetrics_sitenote_active":false,"_exactmetrics_sitenote_note":"","_exactmetrics_sitenote_category":0,"footnotes":""},"categories":[11],"tags":[],"class_list":["post-2482","post","type-post","status-publish","format-standard","hentry","category-mobilite-fr"],"yoast_head":"<!-- This site is optimized with the Yoast SEO plugin v23.5 - https:\/\/yoast.com\/wordpress\/plugins\/seo\/ -->\n<title>Transport transfrontalier entre Erstein et Lahr - PAMINA Business Club<\/title>\n<meta name=\"robots\" content=\"index, follow, max-snippet:-1, max-image-preview:large, max-video-preview:-1\" \/>\n<link rel=\"canonical\" href=\"https:\/\/www.pamina-business.com\/de\/transport-transfrontalier-entre-erstein-et-lahr\/\" \/>\n<meta property=\"og:locale\" content=\"en_US\" \/>\n<meta property=\"og:type\" content=\"article\" \/>\n<meta property=\"og:title\" content=\"Transport transfrontalier entre Erstein et Lahr - PAMINA Business Club\" \/>\n<meta property=\"og:description\" content=\"De nombreux Bas-Rhinois travaillent dans les entreprises du secteur de Lahr et de ses alentours, dont 400 personnes de la r\u00e9gion d&#8217;Erstein. Ces employ\u00e9s transfrontaliers, et en particulier les jeunes sans voitures,\u00a0 rencontraient des difficult\u00e9s pour se rendre sur leur lieu de travail par les transports en commun.\u00a0 Un projet de bus a donc \u00e9t\u00e9 [&hellip;]\" \/>\n<meta property=\"og:url\" content=\"https:\/\/www.pamina-business.com\/de\/transport-transfrontalier-entre-erstein-et-lahr\/\" \/>\n<meta property=\"og:site_name\" content=\"PAMINA Business Club\" \/>\n<meta property=\"article:published_time\" content=\"2017-04-28T09:10:51+00:00\" \/>\n<meta property=\"article:modified_time\" content=\"2017-04-24T09:26:28+00:00\" \/>\n<meta name=\"author\" content=\"Monique STUTZMANN\" \/>\n<meta name=\"twitter:card\" content=\"summary_large_image\" \/>\n<meta name=\"twitter:label1\" content=\"Written by\" \/>\n\t<meta name=\"twitter:data1\" content=\"Monique STUTZMANN\" \/>\n\t<meta name=\"twitter:label2\" content=\"Est. reading time\" \/>\n\t<meta name=\"twitter:data2\" content=\"1 minute\" \/>\n<script type=\"application\/ld+json\" class=\"yoast-schema-graph\">{\"@context\":\"https:\/\/schema.org\",\"@graph\":[{\"@type\":\"WebPage\",\"@id\":\"https:\/\/www.pamina-business.com\/de\/transport-transfrontalier-entre-erstein-et-lahr\/\",\"url\":\"https:\/\/www.pamina-business.com\/de\/transport-transfrontalier-entre-erstein-et-lahr\/\",\"name\":\"Transport transfrontalier entre Erstein et Lahr - PAMINA Business Club\",\"isPartOf\":{\"@id\":\"http:\/\/www.pamina-business.com\/de\/#website\"},\"datePublished\":\"2017-04-28T09:10:51+00:00\",\"dateModified\":\"2017-04-24T09:26:28+00:00\",\"author\":{\"@id\":\"http:\/\/www.pamina-business.com\/de\/#\/schema\/person\/9ab02536dbdbc5e3ef40bbc3452c8c69\"},\"breadcrumb\":{\"@id\":\"https:\/\/www.pamina-business.com\/de\/transport-transfrontalier-entre-erstein-et-lahr\/#breadcrumb\"},\"inLanguage\":\"en-US\",\"potentialAction\":[{\"@type\":\"ReadAction\",\"target\":[\"https:\/\/www.pamina-business.com\/de\/transport-transfrontalier-entre-erstein-et-lahr\/\"]}]},{\"@type\":\"BreadcrumbList\",\"@id\":\"https:\/\/www.pamina-business.com\/de\/transport-transfrontalier-entre-erstein-et-lahr\/#breadcrumb\",\"itemListElement\":[{\"@type\":\"ListItem\",\"position\":1,\"name\":\"Accueil\",\"item\":\"http:\/\/www.pamina-business.com\/en\/\"},{\"@type\":\"ListItem\",\"position\":2,\"name\":\"Transport transfrontalier entre Erstein et Lahr\"}]},{\"@type\":\"WebSite\",\"@id\":\"http:\/\/www.pamina-business.com\/de\/#website\",\"url\":\"http:\/\/www.pamina-business.com\/de\/\",\"name\":\"PAMINA Business Club\",\"description\":\"Un site utilisant WordPress\",\"potentialAction\":[{\"@type\":\"SearchAction\",\"target\":{\"@type\":\"EntryPoint\",\"urlTemplate\":\"http:\/\/www.pamina-business.com\/de\/?s={search_term_string}\"},\"query-input\":{\"@type\":\"PropertyValueSpecification\",\"valueRequired\":true,\"valueName\":\"search_term_string\"}}],\"inLanguage\":\"en-US\"},{\"@type\":\"Person\",\"@id\":\"http:\/\/www.pamina-business.com\/de\/#\/schema\/person\/9ab02536dbdbc5e3ef40bbc3452c8c69\",\"name\":\"Monique STUTZMANN\",\"image\":{\"@type\":\"ImageObject\",\"inLanguage\":\"en-US\",\"@id\":\"http:\/\/www.pamina-business.com\/de\/#\/schema\/person\/image\/\",\"url\":\"https:\/\/secure.gravatar.com\/avatar\/cc1c3adf9a9f6e969d3da7b6b34ec66f5f4a6844dfc9145380a75e42cd91882e?s=96&d=mm&r=g\",\"contentUrl\":\"https:\/\/secure.gravatar.com\/avatar\/cc1c3adf9a9f6e969d3da7b6b34ec66f5f4a6844dfc9145380a75e42cd91882e?s=96&d=mm&r=g\",\"caption\":\"Monique STUTZMANN\"},\"url\":\"http:\/\/www.pamina-business.com\/en\/author\/monique\/\"}]}<\/script>\n<!-- \/ Yoast SEO plugin. -->","yoast_head_json":{"title":"Transport transfrontalier entre Erstein et Lahr - PAMINA Business Club","robots":{"index":"index","follow":"follow","max-snippet":"max-snippet:-1","max-image-preview":"max-image-preview:large","max-video-preview":"max-video-preview:-1"},"canonical":"https:\/\/www.pamina-business.com\/de\/transport-transfrontalier-entre-erstein-et-lahr\/","og_locale":"en_US","og_type":"article","og_title":"Transport transfrontalier entre Erstein et Lahr - PAMINA Business Club","og_description":"De nombreux Bas-Rhinois travaillent dans les entreprises du secteur de Lahr et de ses alentours, dont 400 personnes de la r\u00e9gion d&#8217;Erstein. Ces employ\u00e9s transfrontaliers, et en particulier les jeunes sans voitures,\u00a0 rencontraient des difficult\u00e9s pour se rendre sur leur lieu de travail par les transports en commun.\u00a0 Un projet de bus a donc \u00e9t\u00e9 [&hellip;]","og_url":"https:\/\/www.pamina-business.com\/de\/transport-transfrontalier-entre-erstein-et-lahr\/","og_site_name":"PAMINA Business Club","article_published_time":"2017-04-28T09:10:51+00:00","article_modified_time":"2017-04-24T09:26:28+00:00","author":"Monique STUTZMANN","twitter_card":"summary_large_image","twitter_misc":{"Written by":"Monique STUTZMANN","Est. reading time":"1 minute"},"schema":{"@context":"https:\/\/schema.org","@graph":[{"@type":"WebPage","@id":"https:\/\/www.pamina-business.com\/de\/transport-transfrontalier-entre-erstein-et-lahr\/","url":"https:\/\/www.pamina-business.com\/de\/transport-transfrontalier-entre-erstein-et-lahr\/","name":"Transport transfrontalier entre Erstein et Lahr - PAMINA Business Club","isPartOf":{"@id":"http:\/\/www.pamina-business.com\/de\/#website"},"datePublished":"2017-04-28T09:10:51+00:00","dateModified":"2017-04-24T09:26:28+00:00","author":{"@id":"http:\/\/www.pamina-business.com\/de\/#\/schema\/person\/9ab02536dbdbc5e3ef40bbc3452c8c69"},"breadcrumb":{"@id":"https:\/\/www.pamina-business.com\/de\/transport-transfrontalier-entre-erstein-et-lahr\/#breadcrumb"},"inLanguage":"en-US","potentialAction":[{"@type":"ReadAction","target":["https:\/\/www.pamina-business.com\/de\/transport-transfrontalier-entre-erstein-et-lahr\/"]}]},{"@type":"BreadcrumbList","@id":"https:\/\/www.pamina-business.com\/de\/transport-transfrontalier-entre-erstein-et-lahr\/#breadcrumb","itemListElement":[{"@type":"ListItem","position":1,"name":"Accueil","item":"http:\/\/www.pamina-business.com\/en\/"},{"@type":"ListItem","position":2,"name":"Transport transfrontalier entre Erstein et Lahr"}]},{"@type":"WebSite","@id":"http:\/\/www.pamina-business.com\/de\/#website","url":"http:\/\/www.pamina-business.com\/de\/","name":"PAMINA Business Club","description":"Un site utilisant WordPress","potentialAction":[{"@type":"SearchAction","target":{"@type":"EntryPoint","urlTemplate":"http:\/\/www.pamina-business.com\/de\/?s={search_term_string}"},"query-input":{"@type":"PropertyValueSpecification","valueRequired":true,"valueName":"search_term_string"}}],"inLanguage":"en-US"},{"@type":"Person","@id":"http:\/\/www.pamina-business.com\/de\/#\/schema\/person\/9ab02536dbdbc5e3ef40bbc3452c8c69","name":"Monique STUTZMANN","image":{"@type":"ImageObject","inLanguage":"en-US","@id":"http:\/\/www.pamina-business.com\/de\/#\/schema\/person\/image\/","url":"https:\/\/secure.gravatar.com\/avatar\/cc1c3adf9a9f6e969d3da7b6b34ec66f5f4a6844dfc9145380a75e42cd91882e?s=96&d=mm&r=g","contentUrl":"https:\/\/secure.gravatar.com\/avatar\/cc1c3adf9a9f6e969d3da7b6b34ec66f5f4a6844dfc9145380a75e42cd91882e?s=96&d=mm&r=g","caption":"Monique STUTZMANN"},"url":"http:\/\/www.pamina-business.com\/en\/author\/monique\/"}]}},"_links":{"self":[{"href":"http:\/\/www.pamina-business.com\/en\/wp-json\/wp\/v2\/posts\/2482","targetHints":{"allow":["GET"]}}],"collection":[{"href":"http:\/\/www.pamina-business.com\/en\/wp-json\/wp\/v2\/posts"}],"about":[{"href":"http:\/\/www.pamina-business.com\/en\/wp-json\/wp\/v2\/types\/post"}],"author":[{"embeddable":true,"href":"http:\/\/www.pamina-business.com\/en\/wp-json\/wp\/v2\/users\/3"}],"replies":[{"embeddable":true,"href":"http:\/\/www.pamina-business.com\/en\/wp-json\/wp\/v2\/comments?post=2482"}],"version-history":[{"count":1,"href":"http:\/\/www.pamina-business.com\/en\/wp-json\/wp\/v2\/posts\/2482\/revisions"}],"predecessor-version":[{"id":2483,"href":"http:\/\/www.pamina-business.com\/en\/wp-json\/wp\/v2\/posts\/2482\/revisions\/2483"}],"wp:attachment":[{"href":"http:\/\/www.pamina-business.com\/en\/wp-json\/wp\/v2\/media?parent=2482"}],"wp:term":[{"taxonomy":"category","embeddable":true,"href":"http:\/\/www.pamina-business.com\/en\/wp-json\/wp\/v2\/categories?post=2482"},{"taxonomy":"post_tag","embeddable":true,"href":"http:\/\/www.pamina-business.com\/en\/wp-json\/wp\/v2\/tags?post=2482"}],"curies":[{"name":"wp","href":"https:\/\/api.w.org\/{rel}","templated":true}]}}