{"id":2160,"date":"2017-01-06T09:22:49","date_gmt":"2017-01-06T09:22:49","guid":{"rendered":"http:\/\/www.pamina-business.com\/?p=2160"},"modified":"2016-12-13T09:30:08","modified_gmt":"2016-12-13T09:30:08","slug":"la-brochure-rhin-superieur-faits-et-chiffres-edition-2016-vient-de-paraitre","status":"publish","type":"post","link":"http:\/\/www.pamina-business.com\/en\/la-brochure-rhin-superieur-faits-et-chiffres-edition-2016-vient-de-paraitre\/","title":{"rendered":"La brochure \u00ab Rhin sup\u00e9rieur &#8211; Faits et chiffres &#8211; \u00e9dition 2016 \u00bb vient de para\u00eetre."},"content":{"rendered":"<p>Cette publication a \u00e9t\u00e9\u00a0r\u00e9alis\u00e9e\u00a0par les offices statistiques dans le cadre du groupe de travail \u00ab\u00a0Politique \u00e9conomique\u00a0\u00bb de la Conf\u00e9rence franco-germano-suisse du Rhin sup\u00e9rieur.<\/p>\n<p>Elle\u00a0rassemble des donn\u00e9es statistiques concernant l\u2019ensemble de l\u2019espace trinationnal franco-germano-suisse du Rhin sup\u00e9rieur.<\/p>\n<p>Elle est disponible en t\u00e9l\u00e9chargement sur le site de la Conf\u00e9rence du Rhin sup\u00e9rieur : <a href=\"http:\/\/www.conference-rhin-sup.org\/fr\/la-conference-du-rhin-superieur\/telechargements.html\">http:\/\/www.conference-rhin-sup.org\/fr\/la-conference-du-rhin-superieur\/telechargements.html<\/a><\/p>\n<p>Des brochures imprim\u00e9es sont \u00e9galement disponibles \u00e0 l&#8217;Insee Grand Est, vous pouvez nous contacter si vous en souhaitez quelques exemplaires.<\/p>\n<p>Le communiqu\u00e9 de presse est disponible sous :\u00a0<a href=\"http:\/\/www.pamina-business.com\/wp-content\/uploads\/2017\/01\/Communiqu\u00e9-de-presse-Rhinsup2016.pdf\">communique-de-presse-rhinsup2016<\/a><\/p>\n<p>&nbsp;<\/p>\n<p><em>Source<\/em> : INSSE <a href=\"http:\/\/www.insee.fr\">www.insee.fr<\/a><\/p>\n<p><em>Contact<\/em> : V\u00e9ronique Heili<\/p>\n<p><strong>Insee Grand Est<br \/>\nCommunication externe<br \/>\n<\/strong><br \/>\n<a href=\"&#109;&#x61;i&#x6c;&#x74;&#111;&#x3a;v&#x65;&#x72;&#111;&#x6e;i&#x71;&#x75;&#101;&#x2e;h&#x65;&#x69;&#108;&#x69;&#64;&#x69;&#x6e;&#115;&#x65;e&#x2e;&#x66;&#114;\">ve&#114;&#111;&#110;&#105;&#x71;&#x75;&#x65;&#x2e;&#x68;ei&#108;&#105;&#64;&#105;&#x6e;&#x73;&#x65;&#x65;&#x2e;fr<\/a><\/p>\n<p>&nbsp;<\/p>\n","protected":false},"excerpt":{"rendered":"<p>Cette publication a \u00e9t\u00e9\u00a0r\u00e9alis\u00e9e\u00a0par les offices statistiques dans le cadre du groupe de travail \u00ab\u00a0Politique \u00e9conomique\u00a0\u00bb de la Conf\u00e9rence franco-germano-suisse du Rhin sup\u00e9rieur. Elle\u00a0rassemble des donn\u00e9es statistiques concernant l\u2019ensemble de l\u2019espace trinationnal franco-germano-suisse du Rhin sup\u00e9rieur. Elle est disponible en t\u00e9l\u00e9chargement sur le site de la Conf\u00e9rence du Rhin sup\u00e9rieur : http:\/\/www.conference-rhin-sup.org\/fr\/la-conference-du-rhin-superieur\/telechargements.html Des brochures imprim\u00e9es [&hellip;]<\/p>\n","protected":false},"author":3,"featured_media":0,"comment_status":"open","ping_status":"open","sticky":false,"template":"","format":"standard","meta":{"_exactmetrics_skip_tracking":false,"_exactmetrics_sitenote_active":false,"_exactmetrics_sitenote_note":"","_exactmetrics_sitenote_category":0,"footnotes":""},"categories":[65],"tags":[],"class_list":["post-2160","post","type-post","status-publish","format-standard","hentry","category-economie"],"yoast_head":"<!-- This site is optimized with the Yoast SEO plugin v23.5 - https:\/\/yoast.com\/wordpress\/plugins\/seo\/ -->\n<title>La brochure \u00ab Rhin sup\u00e9rieur - Faits et chiffres - \u00e9dition 2016 \u00bb vient de para\u00eetre. - PAMINA Business Club<\/title>\n<meta name=\"robots\" content=\"index, follow, max-snippet:-1, max-image-preview:large, max-video-preview:-1\" \/>\n<link rel=\"canonical\" href=\"http:\/\/www.pamina-business.com\/la-brochure-rhin-superieur-faits-et-chiffres-edition-2016-vient-de-paraitre\/\" \/>\n<meta property=\"og:locale\" content=\"en_US\" \/>\n<meta property=\"og:type\" content=\"article\" \/>\n<meta property=\"og:title\" content=\"La brochure \u00ab Rhin sup\u00e9rieur - Faits et chiffres - \u00e9dition 2016 \u00bb vient de para\u00eetre. - PAMINA Business Club\" \/>\n<meta property=\"og:description\" content=\"Cette publication a \u00e9t\u00e9\u00a0r\u00e9alis\u00e9e\u00a0par les offices statistiques dans le cadre du groupe de travail \u00ab\u00a0Politique \u00e9conomique\u00a0\u00bb de la Conf\u00e9rence franco-germano-suisse du Rhin sup\u00e9rieur. Elle\u00a0rassemble des donn\u00e9es statistiques concernant l\u2019ensemble de l\u2019espace trinationnal franco-germano-suisse du Rhin sup\u00e9rieur. Elle est disponible en t\u00e9l\u00e9chargement sur le site de la Conf\u00e9rence du Rhin sup\u00e9rieur : http:\/\/www.conference-rhin-sup.org\/fr\/la-conference-du-rhin-superieur\/telechargements.html Des brochures imprim\u00e9es [&hellip;]\" \/>\n<meta property=\"og:url\" content=\"http:\/\/www.pamina-business.com\/la-brochure-rhin-superieur-faits-et-chiffres-edition-2016-vient-de-paraitre\/\" \/>\n<meta property=\"og:site_name\" content=\"PAMINA Business Club\" \/>\n<meta property=\"article:published_time\" content=\"2017-01-06T09:22:49+00:00\" \/>\n<meta property=\"article:modified_time\" content=\"2016-12-13T09:30:08+00:00\" \/>\n<meta name=\"author\" content=\"Monique STUTZMANN\" \/>\n<meta name=\"twitter:card\" content=\"summary_large_image\" \/>\n<meta name=\"twitter:label1\" content=\"Written by\" \/>\n\t<meta name=\"twitter:data1\" content=\"Monique STUTZMANN\" \/>\n\t<meta name=\"twitter:label2\" content=\"Est. reading time\" \/>\n\t<meta name=\"twitter:data2\" content=\"1 minute\" \/>\n<script type=\"application\/ld+json\" class=\"yoast-schema-graph\">{\"@context\":\"https:\/\/schema.org\",\"@graph\":[{\"@type\":\"WebPage\",\"@id\":\"http:\/\/www.pamina-business.com\/la-brochure-rhin-superieur-faits-et-chiffres-edition-2016-vient-de-paraitre\/\",\"url\":\"http:\/\/www.pamina-business.com\/la-brochure-rhin-superieur-faits-et-chiffres-edition-2016-vient-de-paraitre\/\",\"name\":\"La brochure \u00ab Rhin sup\u00e9rieur - Faits et chiffres - \u00e9dition 2016 \u00bb vient de para\u00eetre. - PAMINA Business Club\",\"isPartOf\":{\"@id\":\"http:\/\/www.pamina-business.com\/de\/#website\"},\"datePublished\":\"2017-01-06T09:22:49+00:00\",\"dateModified\":\"2016-12-13T09:30:08+00:00\",\"author\":{\"@id\":\"http:\/\/www.pamina-business.com\/de\/#\/schema\/person\/9ab02536dbdbc5e3ef40bbc3452c8c69\"},\"breadcrumb\":{\"@id\":\"http:\/\/www.pamina-business.com\/la-brochure-rhin-superieur-faits-et-chiffres-edition-2016-vient-de-paraitre\/#breadcrumb\"},\"inLanguage\":\"en-US\",\"potentialAction\":[{\"@type\":\"ReadAction\",\"target\":[\"http:\/\/www.pamina-business.com\/la-brochure-rhin-superieur-faits-et-chiffres-edition-2016-vient-de-paraitre\/\"]}]},{\"@type\":\"BreadcrumbList\",\"@id\":\"http:\/\/www.pamina-business.com\/la-brochure-rhin-superieur-faits-et-chiffres-edition-2016-vient-de-paraitre\/#breadcrumb\",\"itemListElement\":[{\"@type\":\"ListItem\",\"position\":1,\"name\":\"Accueil\",\"item\":\"http:\/\/www.pamina-business.com\/en\/\"},{\"@type\":\"ListItem\",\"position\":2,\"name\":\"La brochure \u00ab Rhin sup\u00e9rieur &#8211; Faits et chiffres &#8211; \u00e9dition 2016 \u00bb vient de para\u00eetre.\"}]},{\"@type\":\"WebSite\",\"@id\":\"http:\/\/www.pamina-business.com\/de\/#website\",\"url\":\"http:\/\/www.pamina-business.com\/de\/\",\"name\":\"PAMINA Business Club\",\"description\":\"Un site utilisant WordPress\",\"potentialAction\":[{\"@type\":\"SearchAction\",\"target\":{\"@type\":\"EntryPoint\",\"urlTemplate\":\"http:\/\/www.pamina-business.com\/de\/?s={search_term_string}\"},\"query-input\":{\"@type\":\"PropertyValueSpecification\",\"valueRequired\":true,\"valueName\":\"search_term_string\"}}],\"inLanguage\":\"en-US\"},{\"@type\":\"Person\",\"@id\":\"http:\/\/www.pamina-business.com\/de\/#\/schema\/person\/9ab02536dbdbc5e3ef40bbc3452c8c69\",\"name\":\"Monique STUTZMANN\",\"image\":{\"@type\":\"ImageObject\",\"inLanguage\":\"en-US\",\"@id\":\"http:\/\/www.pamina-business.com\/de\/#\/schema\/person\/image\/\",\"url\":\"https:\/\/secure.gravatar.com\/avatar\/cc1c3adf9a9f6e969d3da7b6b34ec66f5f4a6844dfc9145380a75e42cd91882e?s=96&d=mm&r=g\",\"contentUrl\":\"https:\/\/secure.gravatar.com\/avatar\/cc1c3adf9a9f6e969d3da7b6b34ec66f5f4a6844dfc9145380a75e42cd91882e?s=96&d=mm&r=g\",\"caption\":\"Monique STUTZMANN\"},\"url\":\"http:\/\/www.pamina-business.com\/en\/author\/monique\/\"}]}<\/script>\n<!-- \/ Yoast SEO plugin. -->","yoast_head_json":{"title":"La brochure \u00ab Rhin sup\u00e9rieur - Faits et chiffres - \u00e9dition 2016 \u00bb vient de para\u00eetre. - PAMINA Business Club","robots":{"index":"index","follow":"follow","max-snippet":"max-snippet:-1","max-image-preview":"max-image-preview:large","max-video-preview":"max-video-preview:-1"},"canonical":"http:\/\/www.pamina-business.com\/la-brochure-rhin-superieur-faits-et-chiffres-edition-2016-vient-de-paraitre\/","og_locale":"en_US","og_type":"article","og_title":"La brochure \u00ab Rhin sup\u00e9rieur - Faits et chiffres - \u00e9dition 2016 \u00bb vient de para\u00eetre. - PAMINA Business Club","og_description":"Cette publication a \u00e9t\u00e9\u00a0r\u00e9alis\u00e9e\u00a0par les offices statistiques dans le cadre du groupe de travail \u00ab\u00a0Politique \u00e9conomique\u00a0\u00bb de la Conf\u00e9rence franco-germano-suisse du Rhin sup\u00e9rieur. Elle\u00a0rassemble des donn\u00e9es statistiques concernant l\u2019ensemble de l\u2019espace trinationnal franco-germano-suisse du Rhin sup\u00e9rieur. Elle est disponible en t\u00e9l\u00e9chargement sur le site de la Conf\u00e9rence du Rhin sup\u00e9rieur : http:\/\/www.conference-rhin-sup.org\/fr\/la-conference-du-rhin-superieur\/telechargements.html Des brochures imprim\u00e9es [&hellip;]","og_url":"http:\/\/www.pamina-business.com\/la-brochure-rhin-superieur-faits-et-chiffres-edition-2016-vient-de-paraitre\/","og_site_name":"PAMINA Business Club","article_published_time":"2017-01-06T09:22:49+00:00","article_modified_time":"2016-12-13T09:30:08+00:00","author":"Monique STUTZMANN","twitter_card":"summary_large_image","twitter_misc":{"Written by":"Monique STUTZMANN","Est. reading time":"1 minute"},"schema":{"@context":"https:\/\/schema.org","@graph":[{"@type":"WebPage","@id":"http:\/\/www.pamina-business.com\/la-brochure-rhin-superieur-faits-et-chiffres-edition-2016-vient-de-paraitre\/","url":"http:\/\/www.pamina-business.com\/la-brochure-rhin-superieur-faits-et-chiffres-edition-2016-vient-de-paraitre\/","name":"La brochure \u00ab Rhin sup\u00e9rieur - Faits et chiffres - \u00e9dition 2016 \u00bb vient de para\u00eetre. - PAMINA Business Club","isPartOf":{"@id":"http:\/\/www.pamina-business.com\/de\/#website"},"datePublished":"2017-01-06T09:22:49+00:00","dateModified":"2016-12-13T09:30:08+00:00","author":{"@id":"http:\/\/www.pamina-business.com\/de\/#\/schema\/person\/9ab02536dbdbc5e3ef40bbc3452c8c69"},"breadcrumb":{"@id":"http:\/\/www.pamina-business.com\/la-brochure-rhin-superieur-faits-et-chiffres-edition-2016-vient-de-paraitre\/#breadcrumb"},"inLanguage":"en-US","potentialAction":[{"@type":"ReadAction","target":["http:\/\/www.pamina-business.com\/la-brochure-rhin-superieur-faits-et-chiffres-edition-2016-vient-de-paraitre\/"]}]},{"@type":"BreadcrumbList","@id":"http:\/\/www.pamina-business.com\/la-brochure-rhin-superieur-faits-et-chiffres-edition-2016-vient-de-paraitre\/#breadcrumb","itemListElement":[{"@type":"ListItem","position":1,"name":"Accueil","item":"http:\/\/www.pamina-business.com\/en\/"},{"@type":"ListItem","position":2,"name":"La brochure \u00ab Rhin sup\u00e9rieur &#8211; Faits et chiffres &#8211; \u00e9dition 2016 \u00bb vient de para\u00eetre."}]},{"@type":"WebSite","@id":"http:\/\/www.pamina-business.com\/de\/#website","url":"http:\/\/www.pamina-business.com\/de\/","name":"PAMINA Business Club","description":"Un site utilisant WordPress","potentialAction":[{"@type":"SearchAction","target":{"@type":"EntryPoint","urlTemplate":"http:\/\/www.pamina-business.com\/de\/?s={search_term_string}"},"query-input":{"@type":"PropertyValueSpecification","valueRequired":true,"valueName":"search_term_string"}}],"inLanguage":"en-US"},{"@type":"Person","@id":"http:\/\/www.pamina-business.com\/de\/#\/schema\/person\/9ab02536dbdbc5e3ef40bbc3452c8c69","name":"Monique STUTZMANN","image":{"@type":"ImageObject","inLanguage":"en-US","@id":"http:\/\/www.pamina-business.com\/de\/#\/schema\/person\/image\/","url":"https:\/\/secure.gravatar.com\/avatar\/cc1c3adf9a9f6e969d3da7b6b34ec66f5f4a6844dfc9145380a75e42cd91882e?s=96&d=mm&r=g","contentUrl":"https:\/\/secure.gravatar.com\/avatar\/cc1c3adf9a9f6e969d3da7b6b34ec66f5f4a6844dfc9145380a75e42cd91882e?s=96&d=mm&r=g","caption":"Monique STUTZMANN"},"url":"http:\/\/www.pamina-business.com\/en\/author\/monique\/"}]}},"_links":{"self":[{"href":"http:\/\/www.pamina-business.com\/en\/wp-json\/wp\/v2\/posts\/2160","targetHints":{"allow":["GET"]}}],"collection":[{"href":"http:\/\/www.pamina-business.com\/en\/wp-json\/wp\/v2\/posts"}],"about":[{"href":"http:\/\/www.pamina-business.com\/en\/wp-json\/wp\/v2\/types\/post"}],"author":[{"embeddable":true,"href":"http:\/\/www.pamina-business.com\/en\/wp-json\/wp\/v2\/users\/3"}],"replies":[{"embeddable":true,"href":"http:\/\/www.pamina-business.com\/en\/wp-json\/wp\/v2\/comments?post=2160"}],"version-history":[{"count":3,"href":"http:\/\/www.pamina-business.com\/en\/wp-json\/wp\/v2\/posts\/2160\/revisions"}],"predecessor-version":[{"id":2164,"href":"http:\/\/www.pamina-business.com\/en\/wp-json\/wp\/v2\/posts\/2160\/revisions\/2164"}],"wp:attachment":[{"href":"http:\/\/www.pamina-business.com\/en\/wp-json\/wp\/v2\/media?parent=2160"}],"wp:term":[{"taxonomy":"category","embeddable":true,"href":"http:\/\/www.pamina-business.com\/en\/wp-json\/wp\/v2\/categories?post=2160"},{"taxonomy":"post_tag","embeddable":true,"href":"http:\/\/www.pamina-business.com\/en\/wp-json\/wp\/v2\/tags?post=2160"}],"curies":[{"name":"wp","href":"https:\/\/api.w.org\/{rel}","templated":true}]}}