{"id":1923,"date":"2016-09-27T07:11:23","date_gmt":"2016-09-27T07:11:23","guid":{"rendered":"http:\/\/www.pamina-business.com\/?p=1923"},"modified":"2016-09-20T07:14:39","modified_gmt":"2016-09-20T07:14:39","slug":"conference-le-181016-a-strasbourg-visions-a-lusage-dune-region-transfrontaliere","status":"publish","type":"post","link":"http:\/\/www.pamina-business.com\/en\/conference-le-181016-a-strasbourg-visions-a-lusage-dune-region-transfrontaliere\/","title":{"rendered":"Conf\u00e9rence le 18\/10\/16 \u00e0 Strasbourg : &#8220;Visions \u00e0 l&#8217;usage d&#8217;une r\u00e9gion transfrontali\u00e8re&#8221;."},"content":{"rendered":"<div class=\"event_details\">\n<p><a id=\"parent-fieldname-image\" href=\"http:\/\/www.adeus.org\/images\/2016\/image_mail_ferry-web-01.jpg\"> <img decoding=\"async\" src=\"http:\/\/www.adeus.org\/images\/2016\/image_mail_ferry-web-01.jpg\" alt=\"image_mail_Ferry-web-01.jpg\" \/> <\/a><\/p>\n<div class=\"event_content_thin\">\n<h2>18.10.16 de 19h00 \u00e0 21h00<\/h2>\n<h1>L\u2019Europe en panne. Visions \u00e0 l\u2019usage d\u2019une r\u00e9gion transfrontali\u00e8re <a class=\"lang_icon\" title=\"Europa in der Krise. Visionen auf dem Pr\u00fcfstand einer Grenz\u00fcberschreitenden Region\" href=\"http:\/\/www.adeus.org\/agenda-de\/l2019europe-en-panne.-visions-a-l2019usage-d2019une-region-transfrontaliere\"> <img decoding=\"async\" src=\"http:\/\/www.adeus.org\/agenda\/de.png\" alt=\"Europa in der Krise. Visionen auf dem Pr\u00fcfstand einer Grenz\u00fcberschreitenden Region\" \/> <\/a><\/h1>\n<p>Cycle &#8220;Grand Est : Perspective transfrontali\u00e8res&#8221;<\/p>\n<div id=\"parent-fieldname-text-d9bea988c6b04fa787807b5984a1efa3\" class=\"\">Conf\u00e9rence de <strong>Jean-Marc FERRY <\/strong><br \/>\n<i><i>Professeur de philosophie politique, titulaire de la Chaire de Philosophie de l&#8217;Europe de l&#8217;Universit\u00e9 de Nantes.<\/i><\/i>\u00a0Panne technique de gouvernance \u00e9conomique ; panne politique de solidarit\u00e9 civique ; panne historique de l\u00e9gitimation du projet europ\u00e9en lui-m\u00eame : cette actualit\u00e9 de l\u2019Union invite \u00e0 concevoir des voies de relance sur trois axes :<\/p>\n<p>&#8211; le nomos de l\u2019Union, son architecture fondamentale ;<br \/>\n&#8211; le t\u00e9los : quelle finalit\u00e9 de l\u2019int\u00e9gration ? ;<br \/>\n&#8211; l\u2019ethos, qui touche \u00e0 l\u2019identit\u00e9 de l\u2019Europe \u00e0 travers ses r\u00e9gions et dans ses relations au monde.<br \/>\n<i>Traduction simultan\u00e9e fran\u00e7ais\/allemand <\/i><\/p>\n<p>&nbsp;<\/p>\n<p><strong>En partenariat avec :<\/strong><br \/>\n<img decoding=\"async\" src=\"http:\/\/www.adeus.org\/resolveuid\/d93462e74e184237840469d8af462718\" alt=\"\" \/><br \/>\nAvec le soutien des DNA<br \/>\n<img decoding=\"async\" class=\"image-inline\" src=\"http:\/\/www.adeus.org\/agenda\/copy_of_dna_rouge_cmjn.jpg\" alt=\"\" width=\"100px\" \/><\/p>\n<\/div>\n<\/div>\n<\/div>\n<div class=\"clear\"><\/div>\n<div class=\"event_data\">\n<ul>\n<li><span class=\"data_desc\">Participants<\/span> Jean-Marc FERRY\n<div class=\"clear\"><\/div>\n<\/li>\n<li><span class=\"data_desc\">Plus d&#8217;information sur cet \u00e9v\u00e9nement\u2026<\/span> <a id=\"parent-fieldname-eventUrl\" class=\"url\" href=\"http:\/\/www.adeus.org\">http:\/\/www.adeus.org<\/a>\n<div class=\"clear\"><\/div>\n<\/li>\n<li><span class=\"data_desc\">S&#8217;adresser \u00e0<\/span> ADEUS\n<div class=\"clear\"><\/div>\n<\/li>\n<li><span class=\"data_desc\">Email<\/span> <a title=\"ADEUS\" href=\"&#109;&#97;&#x69;l&#116;&#x6f;&#x3a;r&#101;&#x6e;&#x63;o&#110;&#x74;r&#101;&#x73;&#x40;a&#100;&#x65;&#x75;s&#46;&#x6f;r&#103;\">&#x72;&#x65;&#110;&#99;on&#x74;&#x72;&#x65;&#115;&#64;a&#x64;&#x65;&#x75;&#115;&#46;o&#x72;&#x67;<\/a>\n<div class=\"clear\"><\/div>\n<\/li>\n<li><span class=\"data_desc\">T\u00e9l\u00e9phone<\/span> 03 88 21 49 28\n<div class=\"clear\"><\/div>\n<\/li>\n<li><span class=\"data_desc\">O\u00f9 ?<\/span> ENSAS \u2013 Nouvel auditorium 6 boulevard Wilson F- 67000 Strasbourg<\/li>\n<\/ul>\n<p><em>Source<\/em> : ADEUS : <a href=\"http:\/\/www.adeus.org\/agenda\/l2019europe-en-panne.-visions-a-l2019usage-d2019une-region-transfrontaliere\">http:\/\/www.adeus.org\/agenda\/l2019europe-en-panne.-visions-a-l2019usage-d2019une-region-transfrontaliere<\/a><\/p>\n<\/div>\n","protected":false},"excerpt":{"rendered":"<p>18.10.16 de 19h00 \u00e0 21h00 L\u2019Europe en panne. Visions \u00e0 l\u2019usage d\u2019une r\u00e9gion transfrontali\u00e8re Cycle &#8220;Grand Est : Perspective transfrontali\u00e8res&#8221; Conf\u00e9rence de Jean-Marc FERRY Professeur de philosophie politique, titulaire de la Chaire de Philosophie de l&#8217;Europe de l&#8217;Universit\u00e9 de Nantes.\u00a0Panne technique de gouvernance \u00e9conomique ; panne politique de solidarit\u00e9 civique ; panne historique de l\u00e9gitimation [&hellip;]<\/p>\n","protected":false},"author":2,"featured_media":0,"comment_status":"open","ping_status":"open","sticky":false,"template":"","format":"standard","meta":{"_exactmetrics_skip_tracking":false,"_exactmetrics_sitenote_active":false,"_exactmetrics_sitenote_note":"","_exactmetrics_sitenote_category":0,"footnotes":""},"categories":[65,7],"tags":[],"class_list":["post-1923","post","type-post","status-publish","format-standard","hentry","category-economie","category-evenements-fr"],"yoast_head":"<!-- This site is optimized with the Yoast SEO plugin v23.5 - https:\/\/yoast.com\/wordpress\/plugins\/seo\/ -->\n<title>Conf\u00e9rence le 18\/10\/16 \u00e0 Strasbourg : &quot;Visions \u00e0 l&#039;usage d&#039;une r\u00e9gion transfrontali\u00e8re&quot;. - PAMINA Business Club<\/title>\n<meta name=\"robots\" content=\"index, follow, max-snippet:-1, max-image-preview:large, max-video-preview:-1\" \/>\n<link rel=\"canonical\" href=\"http:\/\/www.pamina-business.com\/conference-le-181016-a-strasbourg-visions-a-lusage-dune-region-transfrontaliere\/\" \/>\n<meta property=\"og:locale\" content=\"en_US\" \/>\n<meta property=\"og:type\" content=\"article\" \/>\n<meta property=\"og:title\" content=\"Conf\u00e9rence le 18\/10\/16 \u00e0 Strasbourg : &quot;Visions \u00e0 l&#039;usage d&#039;une r\u00e9gion transfrontali\u00e8re&quot;. - PAMINA Business Club\" \/>\n<meta property=\"og:description\" content=\"18.10.16 de 19h00 \u00e0 21h00 L\u2019Europe en panne. Visions \u00e0 l\u2019usage d\u2019une r\u00e9gion transfrontali\u00e8re Cycle &#8220;Grand Est : Perspective transfrontali\u00e8res&#8221; Conf\u00e9rence de Jean-Marc FERRY Professeur de philosophie politique, titulaire de la Chaire de Philosophie de l&#8217;Europe de l&#8217;Universit\u00e9 de Nantes.\u00a0Panne technique de gouvernance \u00e9conomique ; panne politique de solidarit\u00e9 civique ; panne historique de l\u00e9gitimation [&hellip;]\" \/>\n<meta property=\"og:url\" content=\"http:\/\/www.pamina-business.com\/conference-le-181016-a-strasbourg-visions-a-lusage-dune-region-transfrontaliere\/\" \/>\n<meta property=\"og:site_name\" content=\"PAMINA Business Club\" \/>\n<meta property=\"article:published_time\" content=\"2016-09-27T07:11:23+00:00\" \/>\n<meta property=\"article:modified_time\" content=\"2016-09-20T07:14:39+00:00\" \/>\n<meta property=\"og:image\" content=\"http:\/\/www.adeus.org\/images\/2016\/image_mail_ferry-web-01.jpg\" \/>\n<meta name=\"author\" content=\"Mathilde Lafaye\" \/>\n<meta name=\"twitter:card\" content=\"summary_large_image\" \/>\n<meta name=\"twitter:label1\" content=\"Written by\" \/>\n\t<meta name=\"twitter:data1\" content=\"Mathilde Lafaye\" \/>\n\t<meta name=\"twitter:label2\" content=\"Est. reading time\" \/>\n\t<meta name=\"twitter:data2\" content=\"1 minute\" \/>\n<script type=\"application\/ld+json\" class=\"yoast-schema-graph\">{\"@context\":\"https:\/\/schema.org\",\"@graph\":[{\"@type\":\"WebPage\",\"@id\":\"http:\/\/www.pamina-business.com\/conference-le-181016-a-strasbourg-visions-a-lusage-dune-region-transfrontaliere\/\",\"url\":\"http:\/\/www.pamina-business.com\/conference-le-181016-a-strasbourg-visions-a-lusage-dune-region-transfrontaliere\/\",\"name\":\"Conf\u00e9rence le 18\/10\/16 \u00e0 Strasbourg : \\\"Visions \u00e0 l'usage d'une r\u00e9gion transfrontali\u00e8re\\\". - PAMINA Business Club\",\"isPartOf\":{\"@id\":\"http:\/\/www.pamina-business.com\/de\/#website\"},\"primaryImageOfPage\":{\"@id\":\"http:\/\/www.pamina-business.com\/conference-le-181016-a-strasbourg-visions-a-lusage-dune-region-transfrontaliere\/#primaryimage\"},\"image\":{\"@id\":\"http:\/\/www.pamina-business.com\/conference-le-181016-a-strasbourg-visions-a-lusage-dune-region-transfrontaliere\/#primaryimage\"},\"thumbnailUrl\":\"http:\/\/www.adeus.org\/images\/2016\/image_mail_ferry-web-01.jpg\",\"datePublished\":\"2016-09-27T07:11:23+00:00\",\"dateModified\":\"2016-09-20T07:14:39+00:00\",\"author\":{\"@id\":\"http:\/\/www.pamina-business.com\/de\/#\/schema\/person\/184feea9fbad808d50c1eefebdbcd9be\"},\"breadcrumb\":{\"@id\":\"http:\/\/www.pamina-business.com\/conference-le-181016-a-strasbourg-visions-a-lusage-dune-region-transfrontaliere\/#breadcrumb\"},\"inLanguage\":\"en-US\",\"potentialAction\":[{\"@type\":\"ReadAction\",\"target\":[\"http:\/\/www.pamina-business.com\/conference-le-181016-a-strasbourg-visions-a-lusage-dune-region-transfrontaliere\/\"]}]},{\"@type\":\"ImageObject\",\"inLanguage\":\"en-US\",\"@id\":\"http:\/\/www.pamina-business.com\/conference-le-181016-a-strasbourg-visions-a-lusage-dune-region-transfrontaliere\/#primaryimage\",\"url\":\"http:\/\/www.adeus.org\/images\/2016\/image_mail_ferry-web-01.jpg\",\"contentUrl\":\"http:\/\/www.adeus.org\/images\/2016\/image_mail_ferry-web-01.jpg\"},{\"@type\":\"BreadcrumbList\",\"@id\":\"http:\/\/www.pamina-business.com\/conference-le-181016-a-strasbourg-visions-a-lusage-dune-region-transfrontaliere\/#breadcrumb\",\"itemListElement\":[{\"@type\":\"ListItem\",\"position\":1,\"name\":\"Accueil\",\"item\":\"http:\/\/www.pamina-business.com\/en\/\"},{\"@type\":\"ListItem\",\"position\":2,\"name\":\"Conf\u00e9rence le 18\/10\/16 \u00e0 Strasbourg : \u00ab\u00a0Visions \u00e0 l&rsquo;usage d&rsquo;une r\u00e9gion transfrontali\u00e8re\u00a0\u00bb.\"}]},{\"@type\":\"WebSite\",\"@id\":\"http:\/\/www.pamina-business.com\/de\/#website\",\"url\":\"http:\/\/www.pamina-business.com\/de\/\",\"name\":\"PAMINA Business Club\",\"description\":\"Un site utilisant WordPress\",\"potentialAction\":[{\"@type\":\"SearchAction\",\"target\":{\"@type\":\"EntryPoint\",\"urlTemplate\":\"http:\/\/www.pamina-business.com\/de\/?s={search_term_string}\"},\"query-input\":{\"@type\":\"PropertyValueSpecification\",\"valueRequired\":true,\"valueName\":\"search_term_string\"}}],\"inLanguage\":\"en-US\"},{\"@type\":\"Person\",\"@id\":\"http:\/\/www.pamina-business.com\/de\/#\/schema\/person\/184feea9fbad808d50c1eefebdbcd9be\",\"name\":\"Mathilde Lafaye\",\"image\":{\"@type\":\"ImageObject\",\"inLanguage\":\"en-US\",\"@id\":\"http:\/\/www.pamina-business.com\/de\/#\/schema\/person\/image\/\",\"url\":\"https:\/\/secure.gravatar.com\/avatar\/8c9e676580786e01744d1678a355283bc36b914e4f9ee0d99e4ba2f24b738831?s=96&d=mm&r=g\",\"contentUrl\":\"https:\/\/secure.gravatar.com\/avatar\/8c9e676580786e01744d1678a355283bc36b914e4f9ee0d99e4ba2f24b738831?s=96&d=mm&r=g\",\"caption\":\"Mathilde Lafaye\"},\"url\":\"http:\/\/www.pamina-business.com\/en\/author\/mathilde\/\"}]}<\/script>\n<!-- \/ Yoast SEO plugin. -->","yoast_head_json":{"title":"Conf\u00e9rence le 18\/10\/16 \u00e0 Strasbourg : \"Visions \u00e0 l'usage d'une r\u00e9gion transfrontali\u00e8re\". - PAMINA Business Club","robots":{"index":"index","follow":"follow","max-snippet":"max-snippet:-1","max-image-preview":"max-image-preview:large","max-video-preview":"max-video-preview:-1"},"canonical":"http:\/\/www.pamina-business.com\/conference-le-181016-a-strasbourg-visions-a-lusage-dune-region-transfrontaliere\/","og_locale":"en_US","og_type":"article","og_title":"Conf\u00e9rence le 18\/10\/16 \u00e0 Strasbourg : \"Visions \u00e0 l'usage d'une r\u00e9gion transfrontali\u00e8re\". - PAMINA Business Club","og_description":"18.10.16 de 19h00 \u00e0 21h00 L\u2019Europe en panne. Visions \u00e0 l\u2019usage d\u2019une r\u00e9gion transfrontali\u00e8re Cycle &#8220;Grand Est : Perspective transfrontali\u00e8res&#8221; Conf\u00e9rence de Jean-Marc FERRY Professeur de philosophie politique, titulaire de la Chaire de Philosophie de l&#8217;Europe de l&#8217;Universit\u00e9 de Nantes.\u00a0Panne technique de gouvernance \u00e9conomique ; panne politique de solidarit\u00e9 civique ; panne historique de l\u00e9gitimation [&hellip;]","og_url":"http:\/\/www.pamina-business.com\/conference-le-181016-a-strasbourg-visions-a-lusage-dune-region-transfrontaliere\/","og_site_name":"PAMINA Business Club","article_published_time":"2016-09-27T07:11:23+00:00","article_modified_time":"2016-09-20T07:14:39+00:00","og_image":[{"url":"http:\/\/www.adeus.org\/images\/2016\/image_mail_ferry-web-01.jpg"}],"author":"Mathilde Lafaye","twitter_card":"summary_large_image","twitter_misc":{"Written by":"Mathilde Lafaye","Est. reading time":"1 minute"},"schema":{"@context":"https:\/\/schema.org","@graph":[{"@type":"WebPage","@id":"http:\/\/www.pamina-business.com\/conference-le-181016-a-strasbourg-visions-a-lusage-dune-region-transfrontaliere\/","url":"http:\/\/www.pamina-business.com\/conference-le-181016-a-strasbourg-visions-a-lusage-dune-region-transfrontaliere\/","name":"Conf\u00e9rence le 18\/10\/16 \u00e0 Strasbourg : \"Visions \u00e0 l'usage d'une r\u00e9gion transfrontali\u00e8re\". - PAMINA Business Club","isPartOf":{"@id":"http:\/\/www.pamina-business.com\/de\/#website"},"primaryImageOfPage":{"@id":"http:\/\/www.pamina-business.com\/conference-le-181016-a-strasbourg-visions-a-lusage-dune-region-transfrontaliere\/#primaryimage"},"image":{"@id":"http:\/\/www.pamina-business.com\/conference-le-181016-a-strasbourg-visions-a-lusage-dune-region-transfrontaliere\/#primaryimage"},"thumbnailUrl":"http:\/\/www.adeus.org\/images\/2016\/image_mail_ferry-web-01.jpg","datePublished":"2016-09-27T07:11:23+00:00","dateModified":"2016-09-20T07:14:39+00:00","author":{"@id":"http:\/\/www.pamina-business.com\/de\/#\/schema\/person\/184feea9fbad808d50c1eefebdbcd9be"},"breadcrumb":{"@id":"http:\/\/www.pamina-business.com\/conference-le-181016-a-strasbourg-visions-a-lusage-dune-region-transfrontaliere\/#breadcrumb"},"inLanguage":"en-US","potentialAction":[{"@type":"ReadAction","target":["http:\/\/www.pamina-business.com\/conference-le-181016-a-strasbourg-visions-a-lusage-dune-region-transfrontaliere\/"]}]},{"@type":"ImageObject","inLanguage":"en-US","@id":"http:\/\/www.pamina-business.com\/conference-le-181016-a-strasbourg-visions-a-lusage-dune-region-transfrontaliere\/#primaryimage","url":"http:\/\/www.adeus.org\/images\/2016\/image_mail_ferry-web-01.jpg","contentUrl":"http:\/\/www.adeus.org\/images\/2016\/image_mail_ferry-web-01.jpg"},{"@type":"BreadcrumbList","@id":"http:\/\/www.pamina-business.com\/conference-le-181016-a-strasbourg-visions-a-lusage-dune-region-transfrontaliere\/#breadcrumb","itemListElement":[{"@type":"ListItem","position":1,"name":"Accueil","item":"http:\/\/www.pamina-business.com\/en\/"},{"@type":"ListItem","position":2,"name":"Conf\u00e9rence le 18\/10\/16 \u00e0 Strasbourg : \u00ab\u00a0Visions \u00e0 l&rsquo;usage d&rsquo;une r\u00e9gion transfrontali\u00e8re\u00a0\u00bb."}]},{"@type":"WebSite","@id":"http:\/\/www.pamina-business.com\/de\/#website","url":"http:\/\/www.pamina-business.com\/de\/","name":"PAMINA Business Club","description":"Un site utilisant WordPress","potentialAction":[{"@type":"SearchAction","target":{"@type":"EntryPoint","urlTemplate":"http:\/\/www.pamina-business.com\/de\/?s={search_term_string}"},"query-input":{"@type":"PropertyValueSpecification","valueRequired":true,"valueName":"search_term_string"}}],"inLanguage":"en-US"},{"@type":"Person","@id":"http:\/\/www.pamina-business.com\/de\/#\/schema\/person\/184feea9fbad808d50c1eefebdbcd9be","name":"Mathilde Lafaye","image":{"@type":"ImageObject","inLanguage":"en-US","@id":"http:\/\/www.pamina-business.com\/de\/#\/schema\/person\/image\/","url":"https:\/\/secure.gravatar.com\/avatar\/8c9e676580786e01744d1678a355283bc36b914e4f9ee0d99e4ba2f24b738831?s=96&d=mm&r=g","contentUrl":"https:\/\/secure.gravatar.com\/avatar\/8c9e676580786e01744d1678a355283bc36b914e4f9ee0d99e4ba2f24b738831?s=96&d=mm&r=g","caption":"Mathilde Lafaye"},"url":"http:\/\/www.pamina-business.com\/en\/author\/mathilde\/"}]}},"_links":{"self":[{"href":"http:\/\/www.pamina-business.com\/en\/wp-json\/wp\/v2\/posts\/1923","targetHints":{"allow":["GET"]}}],"collection":[{"href":"http:\/\/www.pamina-business.com\/en\/wp-json\/wp\/v2\/posts"}],"about":[{"href":"http:\/\/www.pamina-business.com\/en\/wp-json\/wp\/v2\/types\/post"}],"author":[{"embeddable":true,"href":"http:\/\/www.pamina-business.com\/en\/wp-json\/wp\/v2\/users\/2"}],"replies":[{"embeddable":true,"href":"http:\/\/www.pamina-business.com\/en\/wp-json\/wp\/v2\/comments?post=1923"}],"version-history":[{"count":3,"href":"http:\/\/www.pamina-business.com\/en\/wp-json\/wp\/v2\/posts\/1923\/revisions"}],"predecessor-version":[{"id":1926,"href":"http:\/\/www.pamina-business.com\/en\/wp-json\/wp\/v2\/posts\/1923\/revisions\/1926"}],"wp:attachment":[{"href":"http:\/\/www.pamina-business.com\/en\/wp-json\/wp\/v2\/media?parent=1923"}],"wp:term":[{"taxonomy":"category","embeddable":true,"href":"http:\/\/www.pamina-business.com\/en\/wp-json\/wp\/v2\/categories?post=1923"},{"taxonomy":"post_tag","embeddable":true,"href":"http:\/\/www.pamina-business.com\/en\/wp-json\/wp\/v2\/tags?post=1923"}],"curies":[{"name":"wp","href":"https:\/\/api.w.org\/{rel}","templated":true}]}}