{"id":1910,"date":"2016-09-20T12:57:53","date_gmt":"2016-09-20T12:57:53","guid":{"rendered":"http:\/\/www.pamina-business.com\/?p=1910"},"modified":"2016-09-12T13:05:11","modified_gmt":"2016-09-12T13:05:11","slug":"i-novia-salon-des-nouvelles-technologies-a-strasbourg-les-5-et-6-octobre-2016","status":"publish","type":"post","link":"http:\/\/www.pamina-business.com\/en\/i-novia-salon-des-nouvelles-technologies-a-strasbourg-les-5-et-6-octobre-2016\/","title":{"rendered":"I-Novia salon des nouvelles technologies \u00e0 Strasbourg les 5 et 6 octobre 2016"},"content":{"rendered":"<div class=\"inside\">\n<h1>Exposez au Salon des Nouvelles Technologies i-Novia<\/h1>\n<div class=\"field field-name-field-actu-teaser field-type-text field-label-hidden\">\n<div class=\"field-items\">\n<div class=\"field-item even\">i-Novia s\u2019ouvre cette ann\u00e9e aux offreurs de solutions \u00e0 destination de l\u2019industrie et met en route la Cit\u00e9 de l&#8217;Usine du Futur<\/div>\n<\/div>\n<\/div>\n<div class=\"tools dark-gray\"><\/div>\n<div class=\"field field-name-field-actu-image field-type-image field-label-hidden\">\n<div class=\"field-items\">\n<div class=\"field-item even\"><a class=\"colorbox init-colorbox-processed cboxElement\" title=\"\" href=\"http:\/\/industrie.cci.alsace\/sites\/default\/files\/inovia16_184.jpg\" rel=\"\"><img loading=\"lazy\" decoding=\"async\" title=\"\" src=\"http:\/\/industrie.cci.alsace\/sites\/default\/files\/styles\/image_actu_home\/public\/inovia16_184.jpg?itok=EZe04pLW\" alt=\"Exposez au Salon des Nouvelles Technologies i-Novia\" width=\"230\" height=\"190\" \/><\/a><\/div>\n<\/div>\n<\/div>\n<div id=\"text\">\n<div class=\"field field-name-body field-type-text-with-summary field-label-hidden\">\n<div class=\"field-items\">\n<div class=\"field-item even\">\n<p><a href=\"http:\/\/www.salon-entreprises.com\/\" target=\"_blank\"><img decoding=\"async\" class=\"attr__format__media_large attr__typeof__foaf:Image img__fid__5073 img__view_mode__media_large media-image\" src=\"http:\/\/industrie.cci.alsace\/sites\/default\/files\/styles\/cci_large\/public\/inovia2016.jpg?itok=bHmRaiPa\" alt=\"10\u00e8me Salon des Nouvelles Technologies i-Novia qui se tiendra au Parc des Expositions de Strasbourg les 5 &amp; 6 octobre 2016\" \/><\/a><\/p>\n<p><strong>Parc des Expositions de Strasbourg les 5 &amp; 6 octobre.<\/strong><\/p>\n<p>i-Novia\u00a0s\u2019ouvre cette ann\u00e9e aux <strong>offreurs de solutions \u00e0 destination de l\u2019industrie et\u00a0met en route la Cit\u00e9 de l&#8217;Usine du Futur\u00a0pour<\/strong><\/p>\n<ul>\n<li>renforcer la relation entreprise \u2013 offreur de technologie<\/li>\n<li>apporter de nouvelles solutions pour am\u00e9liorer leur performance et leur agilit\u00e9.<\/li>\n<\/ul>\n<p>I-Novia propose un\u00a0espace d\u00e9di\u00e9 aux offreurs des solutions destin\u00e9es \u00e0 accompagner le dirigeant dans la transformation vers l\u2019entreprise contemporaine et du Futur.<\/p>\n<p>Cet espace d\u2019exposition, de d\u00e9monstration et d\u2019\u00e9change sera destin\u00e9 et visit\u00e9 par les industriels \u00e0 la recherche des nouvelles solutions.<\/p>\n<p>Un espace d\u2019excellence pour engager des relations d\u2019affaires, et enfin un lieu d\u2019\u00e9change sur l\u2019innovation et les bonnes pratiques.<\/p>\n<p>Ce nouvel espace sur le salon permettra de garantir la mise en relation des offreurs des solutions aux entreprises pour renforcer la comp\u00e9titivit\u00e9 de nos entreprises et de notre territoire.<\/p>\n<p><strong>La cit\u00e9 de l\u2019usine du futur est ouverte aux comp\u00e9tences suivantes :<\/strong><\/p>\n<ul>\n<li>Conception \/ Mod\u00e9lisation Produit-Process<\/li>\n<li>Robotique et Flexibilit\u00e9 Machines de Production<\/li>\n<li>Pilotage, Mesures et Contr\u00f4les de la Production<\/li>\n<li>Int\u00e9gration \/ Maintenance<\/li>\n<li>Num\u00e9rique, Cybers\u00e9curit\u00e9, Gestion des Donn\u00e9es<\/li>\n<li>Management et Organisation du Capital Humain<\/li>\n<li>Optimisation des Ressources, financeurs, collectivit\u00e9s et structures d\u2019accompagnement&#8230;<\/li>\n<\/ul>\n<p><strong>Le plus puissant levier de mise en relation professionnelle avec le march\u00e9 des PME-PMI et Grands Groupes. Le meilleur moyen d\u2019aller \u00e0 la rencontre de vos clients de demain.<\/strong><\/p>\n<p><strong>Le Rendez-vous annuel essentiel pour les entreprises qui souhaitent d\u00e9velopper leur chiffre d\u2019affaires<\/strong> en pr\u00e9sentant leurs technologies, services et savoir-faire \u00e0 un public 100% Professionnel.<\/p>\n<p>Avec plus de 40 partenaires institutionnels &amp; m\u00e9dias (CCI Alsace, Chambre des M\u00e9tiers, R\u00e9gion Alsace, Adira, Les Echos, Le Nouvel Economiste, Le Journal des Entreprises, etc\u2026)<\/p>\n<p>Voir le<strong> <a href=\"http:\/\/www.salon-entreprises.com\/plan-du-salon\/\">plan du salon 2016 \u00e0 jour<\/a><\/strong> (avec les derniers emplacements restant disponibles en blancs).<\/p>\n<p>80 % des exposants 2015 seront \u00e0 nouveau pr\u00e9sents pour la 10\u00e8me \u00e9dition.<\/p>\n<p><strong>INTERNET &amp; WEB-MARKETING<\/strong><\/p>\n<p>100 000 contacts cibl\u00e9s au travers de campagnes d\u2019e-mailings banni\u00e8res et visuels sur plus de 50 sites d\u00e9di\u00e9s aux professionnels op\u00e9rations de web marketing (affiliation, re-targeting, display\u2026)<\/p>\n<p>Animations sur les r\u00e9seaux sociaux : Linkedin, Viadeo, Twitter Facebook des communiqu\u00e9s de presse diffus\u00e9s tout au long de l\u2019ann\u00e9e<\/p>\n<p>Le salon mobilise plus de 40 partenaires institutionnels, groupements d&#8217;entreprises &amp; m\u00e9dias (CCI Alsace, CMA, CD67, BPI, ADIRA, RHENATIC, PAMA, Les Echos, Journal Des Entreprises,\u00a0 Fusacq, etc\u2026)<\/p>\n<p>Pour une communication efficace et r\u00e9ussie aupr\u00e8s des PME-PMI et Grands Groupes sur le plan national et r\u00e9gional.<\/p>\n<p><strong>Les Rendez-vous d\u2019Affaires :<\/strong><\/p>\n<ul>\n<li>Chaque chef d\u2019entreprise, lors du t\u00e9l\u00e9chargement de son badge sur le site du salon pourra planifier son parcours en prenant directement des rendez-vous d\u2019affaires avec les exposants<\/li>\n<li>Les rendez-vous d\u2019affaires reposent sur des rencontres cibl\u00e9es et planifi\u00e9es.\u00a0Vous recevrez \u00e9galement un lien personnel pour lancer des rendez-vous d&#8217;affaires \u00e0 vos prospect (<a href=\"http:\/\/www.salon-entreprises.com\/rdv-base-plus-298\/\">exemple<\/a> )<\/li>\n<li>Un programme g\u00e9n\u00e8re un planning de rendez-vous pour chaque exposant qui recevra en temps r\u00e9el les rendez-vous pris par les visiteurs.<\/li>\n<\/ul>\n<p><strong>Un espace sur la Cit\u00e9 de l&#8217;Usine du Futur comprend\u00a0:<\/strong><\/p>\n<ul>\n<li>Flocage du stand \u00e0 l&#8217;effigie de votre soci\u00e9t\u00e9<\/li>\n<li>Une Borne d\u2019accueil Blanc \/ Chrome L : 126, P : 41, H : 109<\/li>\n<li>Un si\u00e8ge blanc H 156<\/li>\n<li>Les frais de gestion de dossier<\/li>\n<li>Invitations papier illimit\u00e9es<\/li>\n<li>Invitations online illimit\u00e9es \u00a0(j-15 \u00a0j -5)<\/li>\n<li>5 badges d&#8217;acc\u00e8s permanent<\/li>\n<li>Int\u00e9gration d\u2019une page d\u00e9di\u00e9e \u00e0 la pr\u00e9sentation de votre Soci\u00e9t\u00e9 sur le site web du Salon + lien vers votre site<\/li>\n<\/ul>\n<p><strong>Tarif\u00a0: <\/strong>Un espace de 9 m\u00b2 1520\u20ac sans mobilier 2000\u20ac avec mobilier et flocage de stand<\/p>\n<h4><a href=\"http:\/\/www.salon-entreprises.com\/\" target=\"_blank\">Lien vers le site du salon<\/a><\/h4>\n<p><strong>Contact<\/strong><\/p>\n<p>MS.Expo &#8211; 2 rue des vignes\u00a0 68240 SIGOLSHEIM<\/p>\n<p>T\u00e9l: +33 (0)3.89.47.80.66 &#8211; <a href=\"&#109;a&#105;l&#116;o&#x3a;i&#x6e;f&#x6f;&#64;&#x73;t&#x72;a&#x73;b&#x6f;u&#x72;g&#x2d;s&#x61;&#108;&#x6f;&#110;&#x65;&#110;&#x74;&#114;&#x65;&#112;&#x72;&#105;&#x73;&#101;&#x2e;&#99;&#x6f;&#109;\">i&#110;&#102;&#x6f;&#x40;st&#114;&#97;&#x73;&#x62;ou&#114;&#103;&#x2d;&#x73;al&#111;&#x6e;&#x65;&#x6e;t&#114;&#101;&#x70;&#x72;&#x69;s&#101;&#46;&#x63;&#x6f;&#x6d;<\/a><\/p>\n<\/div>\n<\/div>\n<\/div>\n<\/div>\n<\/div>\n<p><em>Source<\/em> : Newsletter Industrie de la CCI Alsace du 08\/09\/16<\/p>\n<p><a href=\"http:\/\/www.alsace.cci.fr\" target=\"_blank\">www.alsace.cci.fr<\/a><\/p>\n<p><em>Contact<\/em> :\u00a0<a href=\"http:&#x2f;&#47;&#x69;&#x6e;d&#x75;&#115;t&#x72;&#105;e&#x40;&#97;&#x6c;&#x73;a&#x63;&#101;&#46;&#x63;&#99;i&#x2e;&#102;&#x72;\" target=\"_blank\"> i&#110;&#x64;&#x75;&#x73;t&#114;&#105;&#x65;&#x40;a&#108;&#115;&#x61;&#x63;e&#46;&#99;&#x63;&#x69;&#x2e;f&#114;<\/a><\/p>\n","protected":false},"excerpt":{"rendered":"<p>Exposez au Salon des Nouvelles Technologies i-Novia i-Novia s\u2019ouvre cette ann\u00e9e aux offreurs de solutions \u00e0 destination de l\u2019industrie et met en route la Cit\u00e9 de l&#8217;Usine du Futur Parc des Expositions de Strasbourg les 5 &amp; 6 octobre. i-Novia\u00a0s\u2019ouvre cette ann\u00e9e aux offreurs de solutions \u00e0 destination de l\u2019industrie et\u00a0met en route la Cit\u00e9 [&hellip;]<\/p>\n","protected":false},"author":2,"featured_media":0,"comment_status":"open","ping_status":"open","sticky":false,"template":"","format":"standard","meta":{"_exactmetrics_skip_tracking":false,"_exactmetrics_sitenote_active":false,"_exactmetrics_sitenote_note":"","_exactmetrics_sitenote_category":0,"footnotes":""},"categories":[7,53],"tags":[],"class_list":["post-1910","post","type-post","status-publish","format-standard","hentry","category-evenements-fr","category-innovation-fr"],"yoast_head":"<!-- This site is optimized with the Yoast SEO plugin v23.5 - https:\/\/yoast.com\/wordpress\/plugins\/seo\/ -->\n<title>I-Novia salon des nouvelles technologies \u00e0 Strasbourg les 5 et 6 octobre 2016 - PAMINA Business Club<\/title>\n<meta name=\"robots\" content=\"index, follow, max-snippet:-1, max-image-preview:large, max-video-preview:-1\" \/>\n<link rel=\"canonical\" href=\"https:\/\/www.pamina-business.com\/de\/i-novia-salon-des-nouvelles-technologies-a-strasbourg-les-5-et-6-octobre-2016\/\" \/>\n<meta property=\"og:locale\" content=\"en_US\" \/>\n<meta property=\"og:type\" content=\"article\" \/>\n<meta property=\"og:title\" content=\"I-Novia salon des nouvelles technologies \u00e0 Strasbourg les 5 et 6 octobre 2016 - PAMINA Business Club\" \/>\n<meta property=\"og:description\" content=\"Exposez au Salon des Nouvelles Technologies i-Novia i-Novia s\u2019ouvre cette ann\u00e9e aux offreurs de solutions \u00e0 destination de l\u2019industrie et met en route la Cit\u00e9 de l&#8217;Usine du Futur Parc des Expositions de Strasbourg les 5 &amp; 6 octobre. i-Novia\u00a0s\u2019ouvre cette ann\u00e9e aux offreurs de solutions \u00e0 destination de l\u2019industrie et\u00a0met en route la Cit\u00e9 [&hellip;]\" \/>\n<meta property=\"og:url\" content=\"https:\/\/www.pamina-business.com\/de\/i-novia-salon-des-nouvelles-technologies-a-strasbourg-les-5-et-6-octobre-2016\/\" \/>\n<meta property=\"og:site_name\" content=\"PAMINA Business Club\" \/>\n<meta property=\"article:published_time\" content=\"2016-09-20T12:57:53+00:00\" \/>\n<meta property=\"article:modified_time\" content=\"2016-09-12T13:05:11+00:00\" \/>\n<meta property=\"og:image\" content=\"http:\/\/industrie.cci.alsace\/sites\/default\/files\/styles\/image_actu_home\/public\/inovia16_184.jpg?itok=EZe04pLW\" \/>\n<meta name=\"author\" content=\"Mathilde Lafaye\" \/>\n<meta name=\"twitter:card\" content=\"summary_large_image\" \/>\n<meta name=\"twitter:label1\" content=\"Written by\" \/>\n\t<meta name=\"twitter:data1\" content=\"Mathilde Lafaye\" \/>\n\t<meta name=\"twitter:label2\" content=\"Est. reading time\" \/>\n\t<meta name=\"twitter:data2\" content=\"3 minutes\" \/>\n<script type=\"application\/ld+json\" class=\"yoast-schema-graph\">{\"@context\":\"https:\/\/schema.org\",\"@graph\":[{\"@type\":\"WebPage\",\"@id\":\"https:\/\/www.pamina-business.com\/de\/i-novia-salon-des-nouvelles-technologies-a-strasbourg-les-5-et-6-octobre-2016\/\",\"url\":\"https:\/\/www.pamina-business.com\/de\/i-novia-salon-des-nouvelles-technologies-a-strasbourg-les-5-et-6-octobre-2016\/\",\"name\":\"I-Novia salon des nouvelles technologies \u00e0 Strasbourg les 5 et 6 octobre 2016 - PAMINA Business Club\",\"isPartOf\":{\"@id\":\"http:\/\/www.pamina-business.com\/de\/#website\"},\"primaryImageOfPage\":{\"@id\":\"https:\/\/www.pamina-business.com\/de\/i-novia-salon-des-nouvelles-technologies-a-strasbourg-les-5-et-6-octobre-2016\/#primaryimage\"},\"image\":{\"@id\":\"https:\/\/www.pamina-business.com\/de\/i-novia-salon-des-nouvelles-technologies-a-strasbourg-les-5-et-6-octobre-2016\/#primaryimage\"},\"thumbnailUrl\":\"http:\/\/industrie.cci.alsace\/sites\/default\/files\/styles\/image_actu_home\/public\/inovia16_184.jpg?itok=EZe04pLW\",\"datePublished\":\"2016-09-20T12:57:53+00:00\",\"dateModified\":\"2016-09-12T13:05:11+00:00\",\"author\":{\"@id\":\"http:\/\/www.pamina-business.com\/de\/#\/schema\/person\/184feea9fbad808d50c1eefebdbcd9be\"},\"breadcrumb\":{\"@id\":\"https:\/\/www.pamina-business.com\/de\/i-novia-salon-des-nouvelles-technologies-a-strasbourg-les-5-et-6-octobre-2016\/#breadcrumb\"},\"inLanguage\":\"en-US\",\"potentialAction\":[{\"@type\":\"ReadAction\",\"target\":[\"https:\/\/www.pamina-business.com\/de\/i-novia-salon-des-nouvelles-technologies-a-strasbourg-les-5-et-6-octobre-2016\/\"]}]},{\"@type\":\"ImageObject\",\"inLanguage\":\"en-US\",\"@id\":\"https:\/\/www.pamina-business.com\/de\/i-novia-salon-des-nouvelles-technologies-a-strasbourg-les-5-et-6-octobre-2016\/#primaryimage\",\"url\":\"http:\/\/industrie.cci.alsace\/sites\/default\/files\/styles\/image_actu_home\/public\/inovia16_184.jpg?itok=EZe04pLW\",\"contentUrl\":\"http:\/\/industrie.cci.alsace\/sites\/default\/files\/styles\/image_actu_home\/public\/inovia16_184.jpg?itok=EZe04pLW\"},{\"@type\":\"BreadcrumbList\",\"@id\":\"https:\/\/www.pamina-business.com\/de\/i-novia-salon-des-nouvelles-technologies-a-strasbourg-les-5-et-6-octobre-2016\/#breadcrumb\",\"itemListElement\":[{\"@type\":\"ListItem\",\"position\":1,\"name\":\"Accueil\",\"item\":\"http:\/\/www.pamina-business.com\/en\/\"},{\"@type\":\"ListItem\",\"position\":2,\"name\":\"I-Novia salon des nouvelles technologies \u00e0 Strasbourg les 5 et 6 octobre 2016\"}]},{\"@type\":\"WebSite\",\"@id\":\"http:\/\/www.pamina-business.com\/de\/#website\",\"url\":\"http:\/\/www.pamina-business.com\/de\/\",\"name\":\"PAMINA Business Club\",\"description\":\"Un site utilisant WordPress\",\"potentialAction\":[{\"@type\":\"SearchAction\",\"target\":{\"@type\":\"EntryPoint\",\"urlTemplate\":\"http:\/\/www.pamina-business.com\/de\/?s={search_term_string}\"},\"query-input\":{\"@type\":\"PropertyValueSpecification\",\"valueRequired\":true,\"valueName\":\"search_term_string\"}}],\"inLanguage\":\"en-US\"},{\"@type\":\"Person\",\"@id\":\"http:\/\/www.pamina-business.com\/de\/#\/schema\/person\/184feea9fbad808d50c1eefebdbcd9be\",\"name\":\"Mathilde Lafaye\",\"image\":{\"@type\":\"ImageObject\",\"inLanguage\":\"en-US\",\"@id\":\"http:\/\/www.pamina-business.com\/de\/#\/schema\/person\/image\/\",\"url\":\"https:\/\/secure.gravatar.com\/avatar\/8c9e676580786e01744d1678a355283bc36b914e4f9ee0d99e4ba2f24b738831?s=96&d=mm&r=g\",\"contentUrl\":\"https:\/\/secure.gravatar.com\/avatar\/8c9e676580786e01744d1678a355283bc36b914e4f9ee0d99e4ba2f24b738831?s=96&d=mm&r=g\",\"caption\":\"Mathilde Lafaye\"},\"url\":\"http:\/\/www.pamina-business.com\/en\/author\/mathilde\/\"}]}<\/script>\n<!-- \/ Yoast SEO plugin. -->","yoast_head_json":{"title":"I-Novia salon des nouvelles technologies \u00e0 Strasbourg les 5 et 6 octobre 2016 - PAMINA Business Club","robots":{"index":"index","follow":"follow","max-snippet":"max-snippet:-1","max-image-preview":"max-image-preview:large","max-video-preview":"max-video-preview:-1"},"canonical":"https:\/\/www.pamina-business.com\/de\/i-novia-salon-des-nouvelles-technologies-a-strasbourg-les-5-et-6-octobre-2016\/","og_locale":"en_US","og_type":"article","og_title":"I-Novia salon des nouvelles technologies \u00e0 Strasbourg les 5 et 6 octobre 2016 - PAMINA Business Club","og_description":"Exposez au Salon des Nouvelles Technologies i-Novia i-Novia s\u2019ouvre cette ann\u00e9e aux offreurs de solutions \u00e0 destination de l\u2019industrie et met en route la Cit\u00e9 de l&#8217;Usine du Futur Parc des Expositions de Strasbourg les 5 &amp; 6 octobre. i-Novia\u00a0s\u2019ouvre cette ann\u00e9e aux offreurs de solutions \u00e0 destination de l\u2019industrie et\u00a0met en route la Cit\u00e9 [&hellip;]","og_url":"https:\/\/www.pamina-business.com\/de\/i-novia-salon-des-nouvelles-technologies-a-strasbourg-les-5-et-6-octobre-2016\/","og_site_name":"PAMINA Business Club","article_published_time":"2016-09-20T12:57:53+00:00","article_modified_time":"2016-09-12T13:05:11+00:00","og_image":[{"url":"http:\/\/industrie.cci.alsace\/sites\/default\/files\/styles\/image_actu_home\/public\/inovia16_184.jpg?itok=EZe04pLW"}],"author":"Mathilde Lafaye","twitter_card":"summary_large_image","twitter_misc":{"Written by":"Mathilde Lafaye","Est. reading time":"3 minutes"},"schema":{"@context":"https:\/\/schema.org","@graph":[{"@type":"WebPage","@id":"https:\/\/www.pamina-business.com\/de\/i-novia-salon-des-nouvelles-technologies-a-strasbourg-les-5-et-6-octobre-2016\/","url":"https:\/\/www.pamina-business.com\/de\/i-novia-salon-des-nouvelles-technologies-a-strasbourg-les-5-et-6-octobre-2016\/","name":"I-Novia salon des nouvelles technologies \u00e0 Strasbourg les 5 et 6 octobre 2016 - PAMINA Business Club","isPartOf":{"@id":"http:\/\/www.pamina-business.com\/de\/#website"},"primaryImageOfPage":{"@id":"https:\/\/www.pamina-business.com\/de\/i-novia-salon-des-nouvelles-technologies-a-strasbourg-les-5-et-6-octobre-2016\/#primaryimage"},"image":{"@id":"https:\/\/www.pamina-business.com\/de\/i-novia-salon-des-nouvelles-technologies-a-strasbourg-les-5-et-6-octobre-2016\/#primaryimage"},"thumbnailUrl":"http:\/\/industrie.cci.alsace\/sites\/default\/files\/styles\/image_actu_home\/public\/inovia16_184.jpg?itok=EZe04pLW","datePublished":"2016-09-20T12:57:53+00:00","dateModified":"2016-09-12T13:05:11+00:00","author":{"@id":"http:\/\/www.pamina-business.com\/de\/#\/schema\/person\/184feea9fbad808d50c1eefebdbcd9be"},"breadcrumb":{"@id":"https:\/\/www.pamina-business.com\/de\/i-novia-salon-des-nouvelles-technologies-a-strasbourg-les-5-et-6-octobre-2016\/#breadcrumb"},"inLanguage":"en-US","potentialAction":[{"@type":"ReadAction","target":["https:\/\/www.pamina-business.com\/de\/i-novia-salon-des-nouvelles-technologies-a-strasbourg-les-5-et-6-octobre-2016\/"]}]},{"@type":"ImageObject","inLanguage":"en-US","@id":"https:\/\/www.pamina-business.com\/de\/i-novia-salon-des-nouvelles-technologies-a-strasbourg-les-5-et-6-octobre-2016\/#primaryimage","url":"http:\/\/industrie.cci.alsace\/sites\/default\/files\/styles\/image_actu_home\/public\/inovia16_184.jpg?itok=EZe04pLW","contentUrl":"http:\/\/industrie.cci.alsace\/sites\/default\/files\/styles\/image_actu_home\/public\/inovia16_184.jpg?itok=EZe04pLW"},{"@type":"BreadcrumbList","@id":"https:\/\/www.pamina-business.com\/de\/i-novia-salon-des-nouvelles-technologies-a-strasbourg-les-5-et-6-octobre-2016\/#breadcrumb","itemListElement":[{"@type":"ListItem","position":1,"name":"Accueil","item":"http:\/\/www.pamina-business.com\/en\/"},{"@type":"ListItem","position":2,"name":"I-Novia salon des nouvelles technologies \u00e0 Strasbourg les 5 et 6 octobre 2016"}]},{"@type":"WebSite","@id":"http:\/\/www.pamina-business.com\/de\/#website","url":"http:\/\/www.pamina-business.com\/de\/","name":"PAMINA Business Club","description":"Un site utilisant WordPress","potentialAction":[{"@type":"SearchAction","target":{"@type":"EntryPoint","urlTemplate":"http:\/\/www.pamina-business.com\/de\/?s={search_term_string}"},"query-input":{"@type":"PropertyValueSpecification","valueRequired":true,"valueName":"search_term_string"}}],"inLanguage":"en-US"},{"@type":"Person","@id":"http:\/\/www.pamina-business.com\/de\/#\/schema\/person\/184feea9fbad808d50c1eefebdbcd9be","name":"Mathilde Lafaye","image":{"@type":"ImageObject","inLanguage":"en-US","@id":"http:\/\/www.pamina-business.com\/de\/#\/schema\/person\/image\/","url":"https:\/\/secure.gravatar.com\/avatar\/8c9e676580786e01744d1678a355283bc36b914e4f9ee0d99e4ba2f24b738831?s=96&d=mm&r=g","contentUrl":"https:\/\/secure.gravatar.com\/avatar\/8c9e676580786e01744d1678a355283bc36b914e4f9ee0d99e4ba2f24b738831?s=96&d=mm&r=g","caption":"Mathilde Lafaye"},"url":"http:\/\/www.pamina-business.com\/en\/author\/mathilde\/"}]}},"_links":{"self":[{"href":"http:\/\/www.pamina-business.com\/en\/wp-json\/wp\/v2\/posts\/1910","targetHints":{"allow":["GET"]}}],"collection":[{"href":"http:\/\/www.pamina-business.com\/en\/wp-json\/wp\/v2\/posts"}],"about":[{"href":"http:\/\/www.pamina-business.com\/en\/wp-json\/wp\/v2\/types\/post"}],"author":[{"embeddable":true,"href":"http:\/\/www.pamina-business.com\/en\/wp-json\/wp\/v2\/users\/2"}],"replies":[{"embeddable":true,"href":"http:\/\/www.pamina-business.com\/en\/wp-json\/wp\/v2\/comments?post=1910"}],"version-history":[{"count":3,"href":"http:\/\/www.pamina-business.com\/en\/wp-json\/wp\/v2\/posts\/1910\/revisions"}],"predecessor-version":[{"id":1913,"href":"http:\/\/www.pamina-business.com\/en\/wp-json\/wp\/v2\/posts\/1910\/revisions\/1913"}],"wp:attachment":[{"href":"http:\/\/www.pamina-business.com\/en\/wp-json\/wp\/v2\/media?parent=1910"}],"wp:term":[{"taxonomy":"category","embeddable":true,"href":"http:\/\/www.pamina-business.com\/en\/wp-json\/wp\/v2\/categories?post=1910"},{"taxonomy":"post_tag","embeddable":true,"href":"http:\/\/www.pamina-business.com\/en\/wp-json\/wp\/v2\/tags?post=1910"}],"curies":[{"name":"wp","href":"https:\/\/api.w.org\/{rel}","templated":true}]}}