{"id":1860,"date":"2016-09-12T13:54:11","date_gmt":"2016-09-12T13:54:11","guid":{"rendered":"http:\/\/www.pamina-business.com\/?p=1860"},"modified":"2016-08-30T13:56:24","modified_gmt":"2016-08-30T13:56:24","slug":"leurodistrict-pamina-propose-une-mission-de-service-civique-franco-allemand","status":"publish","type":"post","link":"http:\/\/www.pamina-business.com\/en\/leurodistrict-pamina-propose-une-mission-de-service-civique-franco-allemand\/","title":{"rendered":"L\u2019Eurodistrict PAMINA propose une mission de service civique franco-allemand"},"content":{"rendered":"<div class=\"titre-article\"><\/div>\n<div class=\"chapo-article\"><span class=\"spip_document_4482 spip_documents spip_documents_left\"> <img loading=\"lazy\" decoding=\"async\" src=\"http:\/\/www.eurodistrict-pamina.eu\/pamina\/IMG\/jpg\/Logo_Service_Civique_web.jpg\" alt=\"\" width=\"150\" height=\"79\" \/><\/span><\/div>\n<div class=\"chapo-article\">Tu as envie d\u2019en savoir plus sur la coop\u00e9ration franco-allemande\u00a0? Tu souhaites combiner l\u2019animation jeunesse et l\u2019aspect international pour ta premi\u00e8re exp\u00e9rience professionnelle\u00a0? Tu as entre 18 et 25 ans et ma\u00eetrises d\u00e9j\u00e0 bien la langue allemande\u00a0? Alors postule au service civique franco-allemand propos\u00e9 par le R\u00e9seau-Jeunesse de l\u2019Eurodistrict PAMINA \u00e0 partir du 1er octobre 2016 et ce, pour une dur\u00e9e de neuf mois.<\/div>\n<div class=\"texte-article\">\n<p class=\"spip\">L\u2019ann\u00e9e pass\u00e9e, l\u2019Eurodistrict PAMINA avait d\u00e9j\u00e0 propos\u00e9 un poste de \u00ab\u00a0service civique\u00a0\u00bb franco-allemand en collaboration avec la F\u00e9d\u00e9ration des Maisons de Jeunes et de la Culture d\u2019Alsace (FDMJC Alsace) et la Mehrgenerationenhaus IB de W\u00f6rth-am-Rhein. <a class=\"spip_out\" href=\"http:\/\/www.eurodistrict-pamina.eu\/pamina\/spip.php?article2585&amp;lang=de\" target=\"_blank\">Interview\u00e9e \u00e0 la fin de son exp\u00e9rience<\/a>, C\u00e9line nous en dit plus sur ce qu\u2019elle a v\u00e9cu et sur ses missions durant ces quelques mois. Si la perspective d\u2019\u00eatre le prochain volontaire franco-allemand t\u2019int\u00e9resse, fais-nous parvenir ta candidature en fran\u00e7ais ou en allemand\u00a0!<\/p>\n<p class=\"spip\">Le (ou la) volontaire sera engag\u00e9(e) respectivement trois mois dans une maison de jeunes en Allemagne ainsi qu\u2019en France mais \u00e9galement au sein de l\u2019Eurodistrict PAMINA. Il(elle) percevra une gratification mensuelle de 467,34\u20ac et une participation d\u2019environ 100\u20ac aux frais de transport.<\/p>\n<p class=\"spip\">Tu trouveras de plus amples informations sur le profil de mission ici\u00a0:<\/p>\n<dl class=\"spip_document_4501 spip_documents\">\n<dt><a title=\"PDF - 222.2 ko\" href=\"http:\/\/www.eurodistrict-pamina.eu\/pamina\/IMG\/pdf\/Mission_service_civique_2016.pdf\" type=\"application\/pdf\"><img loading=\"lazy\" decoding=\"async\" src=\"http:\/\/www.eurodistrict-pamina.eu\/pamina\/dist\/vignettes\/pdf.png\" alt=\"PDF - 222.2 ko\" width=\"52\" height=\"52\" \/><\/a><\/dt>\n<dt class=\"spip_doc_titre\"><strong>Profil de mission<\/strong><\/dt>\n<\/dl>\n<p class=\"spip\"><a class=\"spip_out\" href=\"mail&#116;&#111;&#58;&#37;&#50;&#x30;&#x76;&#x69;&#x63;&#x74;&#x6f;&#x72;ia&#46;h&#97;&#110;&#115;&#101;&#110;&#x40;&#x62;&#x61;&#x73;&#x2d;&#x72;&#x68;&#x69;n&#46;fr\">Victoria Hansen<\/a> est \u00e0 ta disposition pour tout renseignement compl\u00e9mentaire.<\/p>\n<p class=\"spip\"><em>Source<\/em> : <a href=\"http:\/\/www.eurodistrict-pamina.eu\" target=\"_blank\">www.eurodistrict-pamina.eu <\/a><\/p>\n<\/div>\n","protected":false},"excerpt":{"rendered":"<p>Tu as envie d\u2019en savoir plus sur la coop\u00e9ration franco-allemande\u00a0? Tu souhaites combiner l\u2019animation jeunesse et l\u2019aspect international pour ta premi\u00e8re exp\u00e9rience professionnelle\u00a0? Tu as entre 18 et 25 ans et ma\u00eetrises d\u00e9j\u00e0 bien la langue allemande\u00a0? Alors postule au service civique franco-allemand propos\u00e9 par le R\u00e9seau-Jeunesse de l\u2019Eurodistrict PAMINA \u00e0 partir du 1er octobre [&hellip;]<\/p>\n","protected":false},"author":3,"featured_media":0,"comment_status":"open","ping_status":"open","sticky":false,"template":"","format":"standard","meta":{"_exactmetrics_skip_tracking":false,"_exactmetrics_sitenote_active":false,"_exactmetrics_sitenote_note":"","_exactmetrics_sitenote_category":0,"footnotes":""},"categories":[4,7],"tags":[],"class_list":["post-1860","post","type-post","status-publish","format-standard","hentry","category-education-fr","category-evenements-fr"],"yoast_head":"<!-- This site is optimized with the Yoast SEO plugin v23.5 - https:\/\/yoast.com\/wordpress\/plugins\/seo\/ -->\n<title>L\u2019Eurodistrict PAMINA propose une mission de service civique franco-allemand - PAMINA Business Club<\/title>\n<meta name=\"robots\" content=\"index, follow, max-snippet:-1, max-image-preview:large, max-video-preview:-1\" \/>\n<link rel=\"canonical\" href=\"https:\/\/www.pamina-business.com\/leurodistrict-pamina-propose-une-mission-de-service-civique-franco-allemand\/\" \/>\n<meta property=\"og:locale\" content=\"en_US\" \/>\n<meta property=\"og:type\" content=\"article\" \/>\n<meta property=\"og:title\" content=\"L\u2019Eurodistrict PAMINA propose une mission de service civique franco-allemand - PAMINA Business Club\" \/>\n<meta property=\"og:description\" content=\"Tu as envie d\u2019en savoir plus sur la coop\u00e9ration franco-allemande\u00a0? Tu souhaites combiner l\u2019animation jeunesse et l\u2019aspect international pour ta premi\u00e8re exp\u00e9rience professionnelle\u00a0? Tu as entre 18 et 25 ans et ma\u00eetrises d\u00e9j\u00e0 bien la langue allemande\u00a0? Alors postule au service civique franco-allemand propos\u00e9 par le R\u00e9seau-Jeunesse de l\u2019Eurodistrict PAMINA \u00e0 partir du 1er octobre [&hellip;]\" \/>\n<meta property=\"og:url\" content=\"https:\/\/www.pamina-business.com\/leurodistrict-pamina-propose-une-mission-de-service-civique-franco-allemand\/\" \/>\n<meta property=\"og:site_name\" content=\"PAMINA Business Club\" \/>\n<meta property=\"article:published_time\" content=\"2016-09-12T13:54:11+00:00\" \/>\n<meta property=\"article:modified_time\" content=\"2016-08-30T13:56:24+00:00\" \/>\n<meta property=\"og:image\" content=\"http:\/\/www.eurodistrict-pamina.eu\/pamina\/IMG\/jpg\/Logo_Service_Civique_web.jpg\" \/>\n<meta name=\"author\" content=\"Monique STUTZMANN\" \/>\n<meta name=\"twitter:card\" content=\"summary_large_image\" \/>\n<meta name=\"twitter:label1\" content=\"Written by\" \/>\n\t<meta name=\"twitter:data1\" content=\"Monique STUTZMANN\" \/>\n\t<meta name=\"twitter:label2\" content=\"Est. reading time\" \/>\n\t<meta name=\"twitter:data2\" content=\"1 minute\" \/>\n<script type=\"application\/ld+json\" class=\"yoast-schema-graph\">{\"@context\":\"https:\/\/schema.org\",\"@graph\":[{\"@type\":\"WebPage\",\"@id\":\"https:\/\/www.pamina-business.com\/leurodistrict-pamina-propose-une-mission-de-service-civique-franco-allemand\/\",\"url\":\"https:\/\/www.pamina-business.com\/leurodistrict-pamina-propose-une-mission-de-service-civique-franco-allemand\/\",\"name\":\"L\u2019Eurodistrict PAMINA propose une mission de service civique franco-allemand - PAMINA Business Club\",\"isPartOf\":{\"@id\":\"http:\/\/www.pamina-business.com\/de\/#website\"},\"primaryImageOfPage\":{\"@id\":\"https:\/\/www.pamina-business.com\/leurodistrict-pamina-propose-une-mission-de-service-civique-franco-allemand\/#primaryimage\"},\"image\":{\"@id\":\"https:\/\/www.pamina-business.com\/leurodistrict-pamina-propose-une-mission-de-service-civique-franco-allemand\/#primaryimage\"},\"thumbnailUrl\":\"http:\/\/www.eurodistrict-pamina.eu\/pamina\/IMG\/jpg\/Logo_Service_Civique_web.jpg\",\"datePublished\":\"2016-09-12T13:54:11+00:00\",\"dateModified\":\"2016-08-30T13:56:24+00:00\",\"author\":{\"@id\":\"http:\/\/www.pamina-business.com\/de\/#\/schema\/person\/9ab02536dbdbc5e3ef40bbc3452c8c69\"},\"breadcrumb\":{\"@id\":\"https:\/\/www.pamina-business.com\/leurodistrict-pamina-propose-une-mission-de-service-civique-franco-allemand\/#breadcrumb\"},\"inLanguage\":\"en-US\",\"potentialAction\":[{\"@type\":\"ReadAction\",\"target\":[\"https:\/\/www.pamina-business.com\/leurodistrict-pamina-propose-une-mission-de-service-civique-franco-allemand\/\"]}]},{\"@type\":\"ImageObject\",\"inLanguage\":\"en-US\",\"@id\":\"https:\/\/www.pamina-business.com\/leurodistrict-pamina-propose-une-mission-de-service-civique-franco-allemand\/#primaryimage\",\"url\":\"http:\/\/www.eurodistrict-pamina.eu\/pamina\/IMG\/jpg\/Logo_Service_Civique_web.jpg\",\"contentUrl\":\"http:\/\/www.eurodistrict-pamina.eu\/pamina\/IMG\/jpg\/Logo_Service_Civique_web.jpg\"},{\"@type\":\"BreadcrumbList\",\"@id\":\"https:\/\/www.pamina-business.com\/leurodistrict-pamina-propose-une-mission-de-service-civique-franco-allemand\/#breadcrumb\",\"itemListElement\":[{\"@type\":\"ListItem\",\"position\":1,\"name\":\"Accueil\",\"item\":\"http:\/\/www.pamina-business.com\/en\/\"},{\"@type\":\"ListItem\",\"position\":2,\"name\":\"L\u2019Eurodistrict PAMINA propose une mission de service civique franco-allemand\"}]},{\"@type\":\"WebSite\",\"@id\":\"http:\/\/www.pamina-business.com\/de\/#website\",\"url\":\"http:\/\/www.pamina-business.com\/de\/\",\"name\":\"PAMINA Business Club\",\"description\":\"Un site utilisant WordPress\",\"potentialAction\":[{\"@type\":\"SearchAction\",\"target\":{\"@type\":\"EntryPoint\",\"urlTemplate\":\"http:\/\/www.pamina-business.com\/de\/?s={search_term_string}\"},\"query-input\":{\"@type\":\"PropertyValueSpecification\",\"valueRequired\":true,\"valueName\":\"search_term_string\"}}],\"inLanguage\":\"en-US\"},{\"@type\":\"Person\",\"@id\":\"http:\/\/www.pamina-business.com\/de\/#\/schema\/person\/9ab02536dbdbc5e3ef40bbc3452c8c69\",\"name\":\"Monique STUTZMANN\",\"image\":{\"@type\":\"ImageObject\",\"inLanguage\":\"en-US\",\"@id\":\"http:\/\/www.pamina-business.com\/de\/#\/schema\/person\/image\/\",\"url\":\"https:\/\/secure.gravatar.com\/avatar\/cc1c3adf9a9f6e969d3da7b6b34ec66f5f4a6844dfc9145380a75e42cd91882e?s=96&d=mm&r=g\",\"contentUrl\":\"https:\/\/secure.gravatar.com\/avatar\/cc1c3adf9a9f6e969d3da7b6b34ec66f5f4a6844dfc9145380a75e42cd91882e?s=96&d=mm&r=g\",\"caption\":\"Monique STUTZMANN\"},\"url\":\"http:\/\/www.pamina-business.com\/en\/author\/monique\/\"}]}<\/script>\n<!-- \/ Yoast SEO plugin. -->","yoast_head_json":{"title":"L\u2019Eurodistrict PAMINA propose une mission de service civique franco-allemand - PAMINA Business Club","robots":{"index":"index","follow":"follow","max-snippet":"max-snippet:-1","max-image-preview":"max-image-preview:large","max-video-preview":"max-video-preview:-1"},"canonical":"https:\/\/www.pamina-business.com\/leurodistrict-pamina-propose-une-mission-de-service-civique-franco-allemand\/","og_locale":"en_US","og_type":"article","og_title":"L\u2019Eurodistrict PAMINA propose une mission de service civique franco-allemand - PAMINA Business Club","og_description":"Tu as envie d\u2019en savoir plus sur la coop\u00e9ration franco-allemande\u00a0? Tu souhaites combiner l\u2019animation jeunesse et l\u2019aspect international pour ta premi\u00e8re exp\u00e9rience professionnelle\u00a0? Tu as entre 18 et 25 ans et ma\u00eetrises d\u00e9j\u00e0 bien la langue allemande\u00a0? Alors postule au service civique franco-allemand propos\u00e9 par le R\u00e9seau-Jeunesse de l\u2019Eurodistrict PAMINA \u00e0 partir du 1er octobre [&hellip;]","og_url":"https:\/\/www.pamina-business.com\/leurodistrict-pamina-propose-une-mission-de-service-civique-franco-allemand\/","og_site_name":"PAMINA Business Club","article_published_time":"2016-09-12T13:54:11+00:00","article_modified_time":"2016-08-30T13:56:24+00:00","og_image":[{"url":"http:\/\/www.eurodistrict-pamina.eu\/pamina\/IMG\/jpg\/Logo_Service_Civique_web.jpg"}],"author":"Monique STUTZMANN","twitter_card":"summary_large_image","twitter_misc":{"Written by":"Monique STUTZMANN","Est. reading time":"1 minute"},"schema":{"@context":"https:\/\/schema.org","@graph":[{"@type":"WebPage","@id":"https:\/\/www.pamina-business.com\/leurodistrict-pamina-propose-une-mission-de-service-civique-franco-allemand\/","url":"https:\/\/www.pamina-business.com\/leurodistrict-pamina-propose-une-mission-de-service-civique-franco-allemand\/","name":"L\u2019Eurodistrict PAMINA propose une mission de service civique franco-allemand - PAMINA Business Club","isPartOf":{"@id":"http:\/\/www.pamina-business.com\/de\/#website"},"primaryImageOfPage":{"@id":"https:\/\/www.pamina-business.com\/leurodistrict-pamina-propose-une-mission-de-service-civique-franco-allemand\/#primaryimage"},"image":{"@id":"https:\/\/www.pamina-business.com\/leurodistrict-pamina-propose-une-mission-de-service-civique-franco-allemand\/#primaryimage"},"thumbnailUrl":"http:\/\/www.eurodistrict-pamina.eu\/pamina\/IMG\/jpg\/Logo_Service_Civique_web.jpg","datePublished":"2016-09-12T13:54:11+00:00","dateModified":"2016-08-30T13:56:24+00:00","author":{"@id":"http:\/\/www.pamina-business.com\/de\/#\/schema\/person\/9ab02536dbdbc5e3ef40bbc3452c8c69"},"breadcrumb":{"@id":"https:\/\/www.pamina-business.com\/leurodistrict-pamina-propose-une-mission-de-service-civique-franco-allemand\/#breadcrumb"},"inLanguage":"en-US","potentialAction":[{"@type":"ReadAction","target":["https:\/\/www.pamina-business.com\/leurodistrict-pamina-propose-une-mission-de-service-civique-franco-allemand\/"]}]},{"@type":"ImageObject","inLanguage":"en-US","@id":"https:\/\/www.pamina-business.com\/leurodistrict-pamina-propose-une-mission-de-service-civique-franco-allemand\/#primaryimage","url":"http:\/\/www.eurodistrict-pamina.eu\/pamina\/IMG\/jpg\/Logo_Service_Civique_web.jpg","contentUrl":"http:\/\/www.eurodistrict-pamina.eu\/pamina\/IMG\/jpg\/Logo_Service_Civique_web.jpg"},{"@type":"BreadcrumbList","@id":"https:\/\/www.pamina-business.com\/leurodistrict-pamina-propose-une-mission-de-service-civique-franco-allemand\/#breadcrumb","itemListElement":[{"@type":"ListItem","position":1,"name":"Accueil","item":"http:\/\/www.pamina-business.com\/en\/"},{"@type":"ListItem","position":2,"name":"L\u2019Eurodistrict PAMINA propose une mission de service civique franco-allemand"}]},{"@type":"WebSite","@id":"http:\/\/www.pamina-business.com\/de\/#website","url":"http:\/\/www.pamina-business.com\/de\/","name":"PAMINA Business Club","description":"Un site utilisant WordPress","potentialAction":[{"@type":"SearchAction","target":{"@type":"EntryPoint","urlTemplate":"http:\/\/www.pamina-business.com\/de\/?s={search_term_string}"},"query-input":{"@type":"PropertyValueSpecification","valueRequired":true,"valueName":"search_term_string"}}],"inLanguage":"en-US"},{"@type":"Person","@id":"http:\/\/www.pamina-business.com\/de\/#\/schema\/person\/9ab02536dbdbc5e3ef40bbc3452c8c69","name":"Monique STUTZMANN","image":{"@type":"ImageObject","inLanguage":"en-US","@id":"http:\/\/www.pamina-business.com\/de\/#\/schema\/person\/image\/","url":"https:\/\/secure.gravatar.com\/avatar\/cc1c3adf9a9f6e969d3da7b6b34ec66f5f4a6844dfc9145380a75e42cd91882e?s=96&d=mm&r=g","contentUrl":"https:\/\/secure.gravatar.com\/avatar\/cc1c3adf9a9f6e969d3da7b6b34ec66f5f4a6844dfc9145380a75e42cd91882e?s=96&d=mm&r=g","caption":"Monique STUTZMANN"},"url":"http:\/\/www.pamina-business.com\/en\/author\/monique\/"}]}},"_links":{"self":[{"href":"http:\/\/www.pamina-business.com\/en\/wp-json\/wp\/v2\/posts\/1860","targetHints":{"allow":["GET"]}}],"collection":[{"href":"http:\/\/www.pamina-business.com\/en\/wp-json\/wp\/v2\/posts"}],"about":[{"href":"http:\/\/www.pamina-business.com\/en\/wp-json\/wp\/v2\/types\/post"}],"author":[{"embeddable":true,"href":"http:\/\/www.pamina-business.com\/en\/wp-json\/wp\/v2\/users\/3"}],"replies":[{"embeddable":true,"href":"http:\/\/www.pamina-business.com\/en\/wp-json\/wp\/v2\/comments?post=1860"}],"version-history":[{"count":1,"href":"http:\/\/www.pamina-business.com\/en\/wp-json\/wp\/v2\/posts\/1860\/revisions"}],"predecessor-version":[{"id":1861,"href":"http:\/\/www.pamina-business.com\/en\/wp-json\/wp\/v2\/posts\/1860\/revisions\/1861"}],"wp:attachment":[{"href":"http:\/\/www.pamina-business.com\/en\/wp-json\/wp\/v2\/media?parent=1860"}],"wp:term":[{"taxonomy":"category","embeddable":true,"href":"http:\/\/www.pamina-business.com\/en\/wp-json\/wp\/v2\/categories?post=1860"},{"taxonomy":"post_tag","embeddable":true,"href":"http:\/\/www.pamina-business.com\/en\/wp-json\/wp\/v2\/tags?post=1860"}],"curies":[{"name":"wp","href":"https:\/\/api.w.org\/{rel}","templated":true}]}}