{"id":1655,"date":"2016-06-22T13:17:17","date_gmt":"2016-06-22T13:17:17","guid":{"rendered":"http:\/\/www.pamina-business.com\/?p=1655"},"modified":"2016-06-13T13:30:36","modified_gmt":"2016-06-13T13:30:36","slug":"premiere-conference-franco-allemande-sur-le-theme-de-lindustrie-du-futur","status":"publish","type":"post","link":"http:\/\/www.pamina-business.com\/en\/premiere-conference-franco-allemande-sur-le-theme-de-lindustrie-du-futur\/","title":{"rendered":"Premi\u00e8re conf\u00e9rence franco-allemande sur le th\u00e8me de l&#8217;industrie du futur"},"content":{"rendered":"<p>R\u00e9cemment la chambre de commerce et d&#8217;industrie franco-allemande organisait la premi\u00e8re conf\u00e9rence franco-allemande de l&#8217;industrie 4.0, aussi nomm\u00e9 &#8220;industrie du futur&#8221; en France.<\/p>\n<p>Selon une \u00e9tude men\u00e9e par le cabinet de conseil Kohler C&amp;C de part et d&#8217;autre du Rhin, la d\u00e9finition est en effet diff\u00e9rente selon les pays.<\/p>\n<p>L&#8217;Allemagne a pr\u00e9sent\u00e9 certains de ces succ\u00e8s dans ce domaine dans des soci\u00e9t\u00e9s telles que Bosch, BMW, Adidas et Speed Factory en Bavi\u00e8re ainsi que Trumpf dans le domaine de syst\u00e8mes laser et de machines outils.<\/p>\n<p>Il est n\u00e9cessaire que les soci\u00e9t\u00e9 coop\u00e8rent pour \u00e9tablir des standards de communication communs et pour instaurer un syst\u00e8me europ\u00e9en de s\u00e9curisation des donn\u00e9es.<\/p>\n<p><em>Source<\/em> : L&#8217;Usine nouvelle du 12.05.16. <a href=\"http:\/\/www.l'usinenouvelle.com\" target=\"_blank\">www.l&#8217;usinenouvelle.com<\/a><\/p>\n<p>&nbsp;<\/p>\n","protected":false},"excerpt":{"rendered":"<p>R\u00e9cemment la chambre de commerce et d&#8217;industrie franco-allemande organisait la premi\u00e8re conf\u00e9rence franco-allemande de l&#8217;industrie 4.0, aussi nomm\u00e9 &#8220;industrie du futur&#8221; en France. Selon une \u00e9tude men\u00e9e par le cabinet de conseil Kohler C&amp;C de part et d&#8217;autre du Rhin, la d\u00e9finition est en effet diff\u00e9rente selon les pays. L&#8217;Allemagne a pr\u00e9sent\u00e9 certains de ces [&hellip;]<\/p>\n","protected":false},"author":3,"featured_media":0,"comment_status":"open","ping_status":"open","sticky":false,"template":"","format":"standard","meta":{"_exactmetrics_skip_tracking":false,"_exactmetrics_sitenote_active":false,"_exactmetrics_sitenote_note":"","_exactmetrics_sitenote_category":0,"footnotes":""},"categories":[53],"tags":[],"class_list":["post-1655","post","type-post","status-publish","format-standard","hentry","category-innovation-fr"],"yoast_head":"<!-- This site is optimized with the Yoast SEO plugin v23.5 - https:\/\/yoast.com\/wordpress\/plugins\/seo\/ -->\n<title>Premi\u00e8re conf\u00e9rence franco-allemande sur le th\u00e8me de l&#039;industrie du futur - PAMINA Business Club<\/title>\n<meta name=\"robots\" content=\"index, follow, max-snippet:-1, max-image-preview:large, max-video-preview:-1\" \/>\n<link rel=\"canonical\" href=\"http:\/\/www.pamina-business.com\/premiere-conference-franco-allemande-sur-le-theme-de-lindustrie-du-futur\/\" \/>\n<meta property=\"og:locale\" content=\"en_US\" \/>\n<meta property=\"og:type\" content=\"article\" \/>\n<meta property=\"og:title\" content=\"Premi\u00e8re conf\u00e9rence franco-allemande sur le th\u00e8me de l&#039;industrie du futur - PAMINA Business Club\" \/>\n<meta property=\"og:description\" content=\"R\u00e9cemment la chambre de commerce et d&#8217;industrie franco-allemande organisait la premi\u00e8re conf\u00e9rence franco-allemande de l&#8217;industrie 4.0, aussi nomm\u00e9 &#8220;industrie du futur&#8221; en France. Selon une \u00e9tude men\u00e9e par le cabinet de conseil Kohler C&amp;C de part et d&#8217;autre du Rhin, la d\u00e9finition est en effet diff\u00e9rente selon les pays. L&#8217;Allemagne a pr\u00e9sent\u00e9 certains de ces [&hellip;]\" \/>\n<meta property=\"og:url\" content=\"http:\/\/www.pamina-business.com\/premiere-conference-franco-allemande-sur-le-theme-de-lindustrie-du-futur\/\" \/>\n<meta property=\"og:site_name\" content=\"PAMINA Business Club\" \/>\n<meta property=\"article:published_time\" content=\"2016-06-22T13:17:17+00:00\" \/>\n<meta property=\"article:modified_time\" content=\"2016-06-13T13:30:36+00:00\" \/>\n<meta name=\"author\" content=\"Monique STUTZMANN\" \/>\n<meta name=\"twitter:card\" content=\"summary_large_image\" \/>\n<meta name=\"twitter:label1\" content=\"Written by\" \/>\n\t<meta name=\"twitter:data1\" content=\"Monique STUTZMANN\" \/>\n\t<meta name=\"twitter:label2\" content=\"Est. reading time\" \/>\n\t<meta name=\"twitter:data2\" content=\"1 minute\" \/>\n<script type=\"application\/ld+json\" class=\"yoast-schema-graph\">{\"@context\":\"https:\/\/schema.org\",\"@graph\":[{\"@type\":\"WebPage\",\"@id\":\"http:\/\/www.pamina-business.com\/premiere-conference-franco-allemande-sur-le-theme-de-lindustrie-du-futur\/\",\"url\":\"http:\/\/www.pamina-business.com\/premiere-conference-franco-allemande-sur-le-theme-de-lindustrie-du-futur\/\",\"name\":\"Premi\u00e8re conf\u00e9rence franco-allemande sur le th\u00e8me de l'industrie du futur - PAMINA Business Club\",\"isPartOf\":{\"@id\":\"https:\/\/www.pamina-business.com\/de\/#website\"},\"datePublished\":\"2016-06-22T13:17:17+00:00\",\"dateModified\":\"2016-06-13T13:30:36+00:00\",\"author\":{\"@id\":\"https:\/\/www.pamina-business.com\/de\/#\/schema\/person\/9ab02536dbdbc5e3ef40bbc3452c8c69\"},\"breadcrumb\":{\"@id\":\"http:\/\/www.pamina-business.com\/premiere-conference-franco-allemande-sur-le-theme-de-lindustrie-du-futur\/#breadcrumb\"},\"inLanguage\":\"en-US\",\"potentialAction\":[{\"@type\":\"ReadAction\",\"target\":[\"http:\/\/www.pamina-business.com\/premiere-conference-franco-allemande-sur-le-theme-de-lindustrie-du-futur\/\"]}]},{\"@type\":\"BreadcrumbList\",\"@id\":\"http:\/\/www.pamina-business.com\/premiere-conference-franco-allemande-sur-le-theme-de-lindustrie-du-futur\/#breadcrumb\",\"itemListElement\":[{\"@type\":\"ListItem\",\"position\":1,\"name\":\"Accueil\",\"item\":\"http:\/\/www.pamina-business.com\/en\/\"},{\"@type\":\"ListItem\",\"position\":2,\"name\":\"Premi\u00e8re conf\u00e9rence franco-allemande sur le th\u00e8me de l&rsquo;industrie du futur\"}]},{\"@type\":\"WebSite\",\"@id\":\"https:\/\/www.pamina-business.com\/de\/#website\",\"url\":\"https:\/\/www.pamina-business.com\/de\/\",\"name\":\"PAMINA Business Club\",\"description\":\"Un site utilisant WordPress\",\"potentialAction\":[{\"@type\":\"SearchAction\",\"target\":{\"@type\":\"EntryPoint\",\"urlTemplate\":\"https:\/\/www.pamina-business.com\/de\/?s={search_term_string}\"},\"query-input\":{\"@type\":\"PropertyValueSpecification\",\"valueRequired\":true,\"valueName\":\"search_term_string\"}}],\"inLanguage\":\"en-US\"},{\"@type\":\"Person\",\"@id\":\"https:\/\/www.pamina-business.com\/de\/#\/schema\/person\/9ab02536dbdbc5e3ef40bbc3452c8c69\",\"name\":\"Monique STUTZMANN\",\"image\":{\"@type\":\"ImageObject\",\"inLanguage\":\"en-US\",\"@id\":\"https:\/\/www.pamina-business.com\/de\/#\/schema\/person\/image\/\",\"url\":\"https:\/\/secure.gravatar.com\/avatar\/cc1c3adf9a9f6e969d3da7b6b34ec66f5f4a6844dfc9145380a75e42cd91882e?s=96&d=mm&r=g\",\"contentUrl\":\"https:\/\/secure.gravatar.com\/avatar\/cc1c3adf9a9f6e969d3da7b6b34ec66f5f4a6844dfc9145380a75e42cd91882e?s=96&d=mm&r=g\",\"caption\":\"Monique STUTZMANN\"},\"url\":\"http:\/\/www.pamina-business.com\/en\/author\/monique\/\"}]}<\/script>\n<!-- \/ Yoast SEO plugin. -->","yoast_head_json":{"title":"Premi\u00e8re conf\u00e9rence franco-allemande sur le th\u00e8me de l'industrie du futur - PAMINA Business Club","robots":{"index":"index","follow":"follow","max-snippet":"max-snippet:-1","max-image-preview":"max-image-preview:large","max-video-preview":"max-video-preview:-1"},"canonical":"http:\/\/www.pamina-business.com\/premiere-conference-franco-allemande-sur-le-theme-de-lindustrie-du-futur\/","og_locale":"en_US","og_type":"article","og_title":"Premi\u00e8re conf\u00e9rence franco-allemande sur le th\u00e8me de l'industrie du futur - PAMINA Business Club","og_description":"R\u00e9cemment la chambre de commerce et d&#8217;industrie franco-allemande organisait la premi\u00e8re conf\u00e9rence franco-allemande de l&#8217;industrie 4.0, aussi nomm\u00e9 &#8220;industrie du futur&#8221; en France. Selon une \u00e9tude men\u00e9e par le cabinet de conseil Kohler C&amp;C de part et d&#8217;autre du Rhin, la d\u00e9finition est en effet diff\u00e9rente selon les pays. L&#8217;Allemagne a pr\u00e9sent\u00e9 certains de ces [&hellip;]","og_url":"http:\/\/www.pamina-business.com\/premiere-conference-franco-allemande-sur-le-theme-de-lindustrie-du-futur\/","og_site_name":"PAMINA Business Club","article_published_time":"2016-06-22T13:17:17+00:00","article_modified_time":"2016-06-13T13:30:36+00:00","author":"Monique STUTZMANN","twitter_card":"summary_large_image","twitter_misc":{"Written by":"Monique STUTZMANN","Est. reading time":"1 minute"},"schema":{"@context":"https:\/\/schema.org","@graph":[{"@type":"WebPage","@id":"http:\/\/www.pamina-business.com\/premiere-conference-franco-allemande-sur-le-theme-de-lindustrie-du-futur\/","url":"http:\/\/www.pamina-business.com\/premiere-conference-franco-allemande-sur-le-theme-de-lindustrie-du-futur\/","name":"Premi\u00e8re conf\u00e9rence franco-allemande sur le th\u00e8me de l'industrie du futur - PAMINA Business Club","isPartOf":{"@id":"https:\/\/www.pamina-business.com\/de\/#website"},"datePublished":"2016-06-22T13:17:17+00:00","dateModified":"2016-06-13T13:30:36+00:00","author":{"@id":"https:\/\/www.pamina-business.com\/de\/#\/schema\/person\/9ab02536dbdbc5e3ef40bbc3452c8c69"},"breadcrumb":{"@id":"http:\/\/www.pamina-business.com\/premiere-conference-franco-allemande-sur-le-theme-de-lindustrie-du-futur\/#breadcrumb"},"inLanguage":"en-US","potentialAction":[{"@type":"ReadAction","target":["http:\/\/www.pamina-business.com\/premiere-conference-franco-allemande-sur-le-theme-de-lindustrie-du-futur\/"]}]},{"@type":"BreadcrumbList","@id":"http:\/\/www.pamina-business.com\/premiere-conference-franco-allemande-sur-le-theme-de-lindustrie-du-futur\/#breadcrumb","itemListElement":[{"@type":"ListItem","position":1,"name":"Accueil","item":"http:\/\/www.pamina-business.com\/en\/"},{"@type":"ListItem","position":2,"name":"Premi\u00e8re conf\u00e9rence franco-allemande sur le th\u00e8me de l&rsquo;industrie du futur"}]},{"@type":"WebSite","@id":"https:\/\/www.pamina-business.com\/de\/#website","url":"https:\/\/www.pamina-business.com\/de\/","name":"PAMINA Business Club","description":"Un site utilisant WordPress","potentialAction":[{"@type":"SearchAction","target":{"@type":"EntryPoint","urlTemplate":"https:\/\/www.pamina-business.com\/de\/?s={search_term_string}"},"query-input":{"@type":"PropertyValueSpecification","valueRequired":true,"valueName":"search_term_string"}}],"inLanguage":"en-US"},{"@type":"Person","@id":"https:\/\/www.pamina-business.com\/de\/#\/schema\/person\/9ab02536dbdbc5e3ef40bbc3452c8c69","name":"Monique STUTZMANN","image":{"@type":"ImageObject","inLanguage":"en-US","@id":"https:\/\/www.pamina-business.com\/de\/#\/schema\/person\/image\/","url":"https:\/\/secure.gravatar.com\/avatar\/cc1c3adf9a9f6e969d3da7b6b34ec66f5f4a6844dfc9145380a75e42cd91882e?s=96&d=mm&r=g","contentUrl":"https:\/\/secure.gravatar.com\/avatar\/cc1c3adf9a9f6e969d3da7b6b34ec66f5f4a6844dfc9145380a75e42cd91882e?s=96&d=mm&r=g","caption":"Monique STUTZMANN"},"url":"http:\/\/www.pamina-business.com\/en\/author\/monique\/"}]}},"_links":{"self":[{"href":"http:\/\/www.pamina-business.com\/en\/wp-json\/wp\/v2\/posts\/1655","targetHints":{"allow":["GET"]}}],"collection":[{"href":"http:\/\/www.pamina-business.com\/en\/wp-json\/wp\/v2\/posts"}],"about":[{"href":"http:\/\/www.pamina-business.com\/en\/wp-json\/wp\/v2\/types\/post"}],"author":[{"embeddable":true,"href":"http:\/\/www.pamina-business.com\/en\/wp-json\/wp\/v2\/users\/3"}],"replies":[{"embeddable":true,"href":"http:\/\/www.pamina-business.com\/en\/wp-json\/wp\/v2\/comments?post=1655"}],"version-history":[{"count":3,"href":"http:\/\/www.pamina-business.com\/en\/wp-json\/wp\/v2\/posts\/1655\/revisions"}],"predecessor-version":[{"id":1658,"href":"http:\/\/www.pamina-business.com\/en\/wp-json\/wp\/v2\/posts\/1655\/revisions\/1658"}],"wp:attachment":[{"href":"http:\/\/www.pamina-business.com\/en\/wp-json\/wp\/v2\/media?parent=1655"}],"wp:term":[{"taxonomy":"category","embeddable":true,"href":"http:\/\/www.pamina-business.com\/en\/wp-json\/wp\/v2\/categories?post=1655"},{"taxonomy":"post_tag","embeddable":true,"href":"http:\/\/www.pamina-business.com\/en\/wp-json\/wp\/v2\/tags?post=1655"}],"curies":[{"name":"wp","href":"https:\/\/api.w.org\/{rel}","templated":true}]}}