{"id":1308,"date":"2016-01-27T09:34:46","date_gmt":"2016-01-27T09:34:46","guid":{"rendered":"http:\/\/www.pamina-business.com\/?p=1308"},"modified":"2016-01-19T09:39:49","modified_gmt":"2016-01-19T09:39:49","slug":"des-enseignements-allemands-vont-intervenir-dans-les-classes-bilingues-en-alsace","status":"publish","type":"post","link":"http:\/\/www.pamina-business.com\/en\/des-enseignements-allemands-vont-intervenir-dans-les-classes-bilingues-en-alsace\/","title":{"rendered":"Des enseignements allemands vont intervenir dans les classes bilingues en Alsace"},"content":{"rendered":"<p><strong>Bilinguisme : Une nouvelle convention favorise l\u2019exercice d\u2019enseignants dipl\u00f4m\u00e9s de la Rh\u00e9nanie-Palatinat en Alsace<\/strong><\/p>\n<p>Jacques-Pierre Gougeon, Recteur de l\u2019acad\u00e9mie de Strasbourg et chancelier des Universit\u00e9s d\u2019Alsace, et Vera Rei\u00df, Ministre de l\u2019\u00e9ducation, des sciences, de la formation continue et de la culture de Rh\u00e9nanie-Palatinat, ont sign\u00e9 une convention voulant contribuer \u00e0 pallier le manque d\u2019enseignants disposant des comp\u00e9tences n\u00e9cessaires pour intervenir en allemand dans les classes bilingues paritaires du premier degr\u00e9 en Alsace.<\/p>\n<p><a href=\"http:\/\/www.pamina-business.com\/wp-content\/uploads\/2016\/01\/drapeaux.jpg\"><img loading=\"lazy\" decoding=\"async\" class=\"alignnone size-full wp-image-1310\" src=\"http:\/\/www.pamina-business.com\/wp-content\/uploads\/2016\/01\/drapeaux.jpg\" alt=\"drapeaux\" width=\"133\" height=\"100\" \/><\/a><\/p>\n<p>Plus pr\u00e9cis\u00e9ment, la convention s\u2019adresse aux titulaires rest\u00e9s sans poste \u00e0 l\u2019instant, en leur proposant de s\u2019orienter vers un emploi contractuel d\u2019une dur\u00e9e minimale de deux ans dans l\u2019acad\u00e9mie de Strasbourg. La dur\u00e9e minimale d\u2019engagement dans l\u2019acad\u00e9mie de Strasbourg \u00e9tant accomplie, ces enseignants b\u00e9n\u00e9ficient d\u2019un bonus qui, \u00e0 leur retour, facilitera leur embauche par le Land de la Rh\u00e9nanie-Palatinat. Des modalit\u00e9s plus pr\u00e9cises sont d\u00e9finies dans l\u2019article 4 de la convention.<\/p>\n<p>Les dispositions de la convention entrent en vigueur \u00e0 compter de la rentr\u00e9e scolaire 2016.<\/p>\n<p><em>Source<\/em> : Eurodistrict Pamina<\/p>\n<p><a href=\"http:\/\/www.eurodistrict-pamina.eu\" target=\"_blank\">www.eurodistrict-pamina.eu <\/a><\/p>\n<p><em>Contact<\/em> :<a href=\"&#x69;&#x6e;&#102;&#111;&#64;&#x65;&#x75;&#x72;&#111;di&#x73;&#x74;&#114;&#105;c&#x74;&#x2d;&#x70;&#97;mi&#x6e;&#x61;&#46;&#101;u\" target=\"_blank\"> &#105;&#x6e;&#102;&#x6f;&#64;&#x65;u&#114;&#x6f;&#100;&#x69;s&#x74;r&#105;&#x63;&#116;&#x2d;p&#x61;m&#105;&#x6e;&#97;&#x2e;e&#x75; <\/a><\/p>\n","protected":false},"excerpt":{"rendered":"<p>Bilinguisme : Une nouvelle convention favorise l\u2019exercice d\u2019enseignants dipl\u00f4m\u00e9s de la Rh\u00e9nanie-Palatinat en Alsace Jacques-Pierre Gougeon, Recteur de l\u2019acad\u00e9mie de Strasbourg et chancelier des Universit\u00e9s d\u2019Alsace, et Vera Rei\u00df, Ministre de l\u2019\u00e9ducation, des sciences, de la formation continue et de la culture de Rh\u00e9nanie-Palatinat, ont sign\u00e9 une convention voulant contribuer \u00e0 pallier le manque d\u2019enseignants [&hellip;]<\/p>\n","protected":false},"author":3,"featured_media":0,"comment_status":"open","ping_status":"open","sticky":false,"template":"","format":"standard","meta":{"_exactmetrics_skip_tracking":false,"_exactmetrics_sitenote_active":false,"_exactmetrics_sitenote_note":"","_exactmetrics_sitenote_category":0,"footnotes":""},"categories":[4],"tags":[],"class_list":["post-1308","post","type-post","status-publish","format-standard","hentry","category-education-fr"],"yoast_head":"<!-- This site is optimized with the Yoast SEO plugin v23.5 - https:\/\/yoast.com\/wordpress\/plugins\/seo\/ -->\n<title>Des enseignements allemands vont intervenir dans les classes bilingues en Alsace - PAMINA Business Club<\/title>\n<meta name=\"robots\" content=\"index, follow, max-snippet:-1, max-image-preview:large, max-video-preview:-1\" \/>\n<link rel=\"canonical\" href=\"https:\/\/www.pamina-business.com\/de\/des-enseignements-allemands-vont-intervenir-dans-les-classes-bilingues-en-alsace\/\" \/>\n<meta property=\"og:locale\" content=\"en_US\" \/>\n<meta property=\"og:type\" content=\"article\" \/>\n<meta property=\"og:title\" content=\"Des enseignements allemands vont intervenir dans les classes bilingues en Alsace - PAMINA Business Club\" \/>\n<meta property=\"og:description\" content=\"Bilinguisme : Une nouvelle convention favorise l\u2019exercice d\u2019enseignants dipl\u00f4m\u00e9s de la Rh\u00e9nanie-Palatinat en Alsace Jacques-Pierre Gougeon, Recteur de l\u2019acad\u00e9mie de Strasbourg et chancelier des Universit\u00e9s d\u2019Alsace, et Vera Rei\u00df, Ministre de l\u2019\u00e9ducation, des sciences, de la formation continue et de la culture de Rh\u00e9nanie-Palatinat, ont sign\u00e9 une convention voulant contribuer \u00e0 pallier le manque d\u2019enseignants [&hellip;]\" \/>\n<meta property=\"og:url\" content=\"https:\/\/www.pamina-business.com\/de\/des-enseignements-allemands-vont-intervenir-dans-les-classes-bilingues-en-alsace\/\" \/>\n<meta property=\"og:site_name\" content=\"PAMINA Business Club\" \/>\n<meta property=\"article:published_time\" content=\"2016-01-27T09:34:46+00:00\" \/>\n<meta property=\"article:modified_time\" content=\"2016-01-19T09:39:49+00:00\" \/>\n<meta property=\"og:image\" content=\"http:\/\/www.pamina-business.com\/wp-content\/uploads\/2016\/01\/drapeaux.jpg\" \/>\n<meta name=\"author\" content=\"Monique STUTZMANN\" \/>\n<meta name=\"twitter:card\" content=\"summary_large_image\" \/>\n<meta name=\"twitter:label1\" content=\"Written by\" \/>\n\t<meta name=\"twitter:data1\" content=\"Monique STUTZMANN\" \/>\n\t<meta name=\"twitter:label2\" content=\"Est. reading time\" \/>\n\t<meta name=\"twitter:data2\" content=\"1 minute\" \/>\n<script type=\"application\/ld+json\" class=\"yoast-schema-graph\">{\"@context\":\"https:\/\/schema.org\",\"@graph\":[{\"@type\":\"WebPage\",\"@id\":\"https:\/\/www.pamina-business.com\/de\/des-enseignements-allemands-vont-intervenir-dans-les-classes-bilingues-en-alsace\/\",\"url\":\"https:\/\/www.pamina-business.com\/de\/des-enseignements-allemands-vont-intervenir-dans-les-classes-bilingues-en-alsace\/\",\"name\":\"Des enseignements allemands vont intervenir dans les classes bilingues en Alsace - PAMINA Business Club\",\"isPartOf\":{\"@id\":\"http:\/\/www.pamina-business.com\/de\/#website\"},\"primaryImageOfPage\":{\"@id\":\"https:\/\/www.pamina-business.com\/de\/des-enseignements-allemands-vont-intervenir-dans-les-classes-bilingues-en-alsace\/#primaryimage\"},\"image\":{\"@id\":\"https:\/\/www.pamina-business.com\/de\/des-enseignements-allemands-vont-intervenir-dans-les-classes-bilingues-en-alsace\/#primaryimage\"},\"thumbnailUrl\":\"http:\/\/www.pamina-business.com\/wp-content\/uploads\/2016\/01\/drapeaux.jpg\",\"datePublished\":\"2016-01-27T09:34:46+00:00\",\"dateModified\":\"2016-01-19T09:39:49+00:00\",\"author\":{\"@id\":\"http:\/\/www.pamina-business.com\/de\/#\/schema\/person\/9ab02536dbdbc5e3ef40bbc3452c8c69\"},\"breadcrumb\":{\"@id\":\"https:\/\/www.pamina-business.com\/de\/des-enseignements-allemands-vont-intervenir-dans-les-classes-bilingues-en-alsace\/#breadcrumb\"},\"inLanguage\":\"en-US\",\"potentialAction\":[{\"@type\":\"ReadAction\",\"target\":[\"https:\/\/www.pamina-business.com\/de\/des-enseignements-allemands-vont-intervenir-dans-les-classes-bilingues-en-alsace\/\"]}]},{\"@type\":\"ImageObject\",\"inLanguage\":\"en-US\",\"@id\":\"https:\/\/www.pamina-business.com\/de\/des-enseignements-allemands-vont-intervenir-dans-les-classes-bilingues-en-alsace\/#primaryimage\",\"url\":\"http:\/\/www.pamina-business.com\/wp-content\/uploads\/2016\/01\/drapeaux.jpg\",\"contentUrl\":\"http:\/\/www.pamina-business.com\/wp-content\/uploads\/2016\/01\/drapeaux.jpg\"},{\"@type\":\"BreadcrumbList\",\"@id\":\"https:\/\/www.pamina-business.com\/de\/des-enseignements-allemands-vont-intervenir-dans-les-classes-bilingues-en-alsace\/#breadcrumb\",\"itemListElement\":[{\"@type\":\"ListItem\",\"position\":1,\"name\":\"Accueil\",\"item\":\"http:\/\/www.pamina-business.com\/en\/\"},{\"@type\":\"ListItem\",\"position\":2,\"name\":\"Des enseignements allemands vont intervenir dans les classes bilingues en Alsace\"}]},{\"@type\":\"WebSite\",\"@id\":\"http:\/\/www.pamina-business.com\/de\/#website\",\"url\":\"http:\/\/www.pamina-business.com\/de\/\",\"name\":\"PAMINA Business Club\",\"description\":\"Un site utilisant WordPress\",\"potentialAction\":[{\"@type\":\"SearchAction\",\"target\":{\"@type\":\"EntryPoint\",\"urlTemplate\":\"http:\/\/www.pamina-business.com\/de\/?s={search_term_string}\"},\"query-input\":{\"@type\":\"PropertyValueSpecification\",\"valueRequired\":true,\"valueName\":\"search_term_string\"}}],\"inLanguage\":\"en-US\"},{\"@type\":\"Person\",\"@id\":\"http:\/\/www.pamina-business.com\/de\/#\/schema\/person\/9ab02536dbdbc5e3ef40bbc3452c8c69\",\"name\":\"Monique STUTZMANN\",\"image\":{\"@type\":\"ImageObject\",\"inLanguage\":\"en-US\",\"@id\":\"http:\/\/www.pamina-business.com\/de\/#\/schema\/person\/image\/\",\"url\":\"https:\/\/secure.gravatar.com\/avatar\/cc1c3adf9a9f6e969d3da7b6b34ec66f5f4a6844dfc9145380a75e42cd91882e?s=96&d=mm&r=g\",\"contentUrl\":\"https:\/\/secure.gravatar.com\/avatar\/cc1c3adf9a9f6e969d3da7b6b34ec66f5f4a6844dfc9145380a75e42cd91882e?s=96&d=mm&r=g\",\"caption\":\"Monique STUTZMANN\"},\"url\":\"http:\/\/www.pamina-business.com\/en\/author\/monique\/\"}]}<\/script>\n<!-- \/ Yoast SEO plugin. -->","yoast_head_json":{"title":"Des enseignements allemands vont intervenir dans les classes bilingues en Alsace - PAMINA Business Club","robots":{"index":"index","follow":"follow","max-snippet":"max-snippet:-1","max-image-preview":"max-image-preview:large","max-video-preview":"max-video-preview:-1"},"canonical":"https:\/\/www.pamina-business.com\/de\/des-enseignements-allemands-vont-intervenir-dans-les-classes-bilingues-en-alsace\/","og_locale":"en_US","og_type":"article","og_title":"Des enseignements allemands vont intervenir dans les classes bilingues en Alsace - PAMINA Business Club","og_description":"Bilinguisme : Une nouvelle convention favorise l\u2019exercice d\u2019enseignants dipl\u00f4m\u00e9s de la Rh\u00e9nanie-Palatinat en Alsace Jacques-Pierre Gougeon, Recteur de l\u2019acad\u00e9mie de Strasbourg et chancelier des Universit\u00e9s d\u2019Alsace, et Vera Rei\u00df, Ministre de l\u2019\u00e9ducation, des sciences, de la formation continue et de la culture de Rh\u00e9nanie-Palatinat, ont sign\u00e9 une convention voulant contribuer \u00e0 pallier le manque d\u2019enseignants [&hellip;]","og_url":"https:\/\/www.pamina-business.com\/de\/des-enseignements-allemands-vont-intervenir-dans-les-classes-bilingues-en-alsace\/","og_site_name":"PAMINA Business Club","article_published_time":"2016-01-27T09:34:46+00:00","article_modified_time":"2016-01-19T09:39:49+00:00","og_image":[{"url":"http:\/\/www.pamina-business.com\/wp-content\/uploads\/2016\/01\/drapeaux.jpg"}],"author":"Monique STUTZMANN","twitter_card":"summary_large_image","twitter_misc":{"Written by":"Monique STUTZMANN","Est. reading time":"1 minute"},"schema":{"@context":"https:\/\/schema.org","@graph":[{"@type":"WebPage","@id":"https:\/\/www.pamina-business.com\/de\/des-enseignements-allemands-vont-intervenir-dans-les-classes-bilingues-en-alsace\/","url":"https:\/\/www.pamina-business.com\/de\/des-enseignements-allemands-vont-intervenir-dans-les-classes-bilingues-en-alsace\/","name":"Des enseignements allemands vont intervenir dans les classes bilingues en Alsace - PAMINA Business Club","isPartOf":{"@id":"http:\/\/www.pamina-business.com\/de\/#website"},"primaryImageOfPage":{"@id":"https:\/\/www.pamina-business.com\/de\/des-enseignements-allemands-vont-intervenir-dans-les-classes-bilingues-en-alsace\/#primaryimage"},"image":{"@id":"https:\/\/www.pamina-business.com\/de\/des-enseignements-allemands-vont-intervenir-dans-les-classes-bilingues-en-alsace\/#primaryimage"},"thumbnailUrl":"http:\/\/www.pamina-business.com\/wp-content\/uploads\/2016\/01\/drapeaux.jpg","datePublished":"2016-01-27T09:34:46+00:00","dateModified":"2016-01-19T09:39:49+00:00","author":{"@id":"http:\/\/www.pamina-business.com\/de\/#\/schema\/person\/9ab02536dbdbc5e3ef40bbc3452c8c69"},"breadcrumb":{"@id":"https:\/\/www.pamina-business.com\/de\/des-enseignements-allemands-vont-intervenir-dans-les-classes-bilingues-en-alsace\/#breadcrumb"},"inLanguage":"en-US","potentialAction":[{"@type":"ReadAction","target":["https:\/\/www.pamina-business.com\/de\/des-enseignements-allemands-vont-intervenir-dans-les-classes-bilingues-en-alsace\/"]}]},{"@type":"ImageObject","inLanguage":"en-US","@id":"https:\/\/www.pamina-business.com\/de\/des-enseignements-allemands-vont-intervenir-dans-les-classes-bilingues-en-alsace\/#primaryimage","url":"http:\/\/www.pamina-business.com\/wp-content\/uploads\/2016\/01\/drapeaux.jpg","contentUrl":"http:\/\/www.pamina-business.com\/wp-content\/uploads\/2016\/01\/drapeaux.jpg"},{"@type":"BreadcrumbList","@id":"https:\/\/www.pamina-business.com\/de\/des-enseignements-allemands-vont-intervenir-dans-les-classes-bilingues-en-alsace\/#breadcrumb","itemListElement":[{"@type":"ListItem","position":1,"name":"Accueil","item":"http:\/\/www.pamina-business.com\/en\/"},{"@type":"ListItem","position":2,"name":"Des enseignements allemands vont intervenir dans les classes bilingues en Alsace"}]},{"@type":"WebSite","@id":"http:\/\/www.pamina-business.com\/de\/#website","url":"http:\/\/www.pamina-business.com\/de\/","name":"PAMINA Business Club","description":"Un site utilisant WordPress","potentialAction":[{"@type":"SearchAction","target":{"@type":"EntryPoint","urlTemplate":"http:\/\/www.pamina-business.com\/de\/?s={search_term_string}"},"query-input":{"@type":"PropertyValueSpecification","valueRequired":true,"valueName":"search_term_string"}}],"inLanguage":"en-US"},{"@type":"Person","@id":"http:\/\/www.pamina-business.com\/de\/#\/schema\/person\/9ab02536dbdbc5e3ef40bbc3452c8c69","name":"Monique STUTZMANN","image":{"@type":"ImageObject","inLanguage":"en-US","@id":"http:\/\/www.pamina-business.com\/de\/#\/schema\/person\/image\/","url":"https:\/\/secure.gravatar.com\/avatar\/cc1c3adf9a9f6e969d3da7b6b34ec66f5f4a6844dfc9145380a75e42cd91882e?s=96&d=mm&r=g","contentUrl":"https:\/\/secure.gravatar.com\/avatar\/cc1c3adf9a9f6e969d3da7b6b34ec66f5f4a6844dfc9145380a75e42cd91882e?s=96&d=mm&r=g","caption":"Monique STUTZMANN"},"url":"http:\/\/www.pamina-business.com\/en\/author\/monique\/"}]}},"_links":{"self":[{"href":"http:\/\/www.pamina-business.com\/en\/wp-json\/wp\/v2\/posts\/1308","targetHints":{"allow":["GET"]}}],"collection":[{"href":"http:\/\/www.pamina-business.com\/en\/wp-json\/wp\/v2\/posts"}],"about":[{"href":"http:\/\/www.pamina-business.com\/en\/wp-json\/wp\/v2\/types\/post"}],"author":[{"embeddable":true,"href":"http:\/\/www.pamina-business.com\/en\/wp-json\/wp\/v2\/users\/3"}],"replies":[{"embeddable":true,"href":"http:\/\/www.pamina-business.com\/en\/wp-json\/wp\/v2\/comments?post=1308"}],"version-history":[{"count":2,"href":"http:\/\/www.pamina-business.com\/en\/wp-json\/wp\/v2\/posts\/1308\/revisions"}],"predecessor-version":[{"id":1311,"href":"http:\/\/www.pamina-business.com\/en\/wp-json\/wp\/v2\/posts\/1308\/revisions\/1311"}],"wp:attachment":[{"href":"http:\/\/www.pamina-business.com\/en\/wp-json\/wp\/v2\/media?parent=1308"}],"wp:term":[{"taxonomy":"category","embeddable":true,"href":"http:\/\/www.pamina-business.com\/en\/wp-json\/wp\/v2\/categories?post=1308"},{"taxonomy":"post_tag","embeddable":true,"href":"http:\/\/www.pamina-business.com\/en\/wp-json\/wp\/v2\/tags?post=1308"}],"curies":[{"name":"wp","href":"https:\/\/api.w.org\/{rel}","templated":true}]}}