{"id":1012,"date":"2015-10-29T12:53:43","date_gmt":"2015-10-29T12:53:43","guid":{"rendered":"http:\/\/www.pamina-business.com\/?p=1012"},"modified":"2015-10-26T14:28:37","modified_gmt":"2015-10-26T14:28:37","slug":"biofit-a-strasbourg-les-1er-et-2-decembre-2015-un-evenement-denvergure-europeenne","status":"publish","type":"post","link":"http:\/\/www.pamina-business.com\/en\/biofit-a-strasbourg-les-1er-et-2-decembre-2015-un-evenement-denvergure-europeenne\/","title":{"rendered":"BioFIT \u00e0 Strasbourg les 1er et 2 d\u00e9cembre 2015 : un \u00e9v\u00e8nement d&#8217;envergure europ\u00e9enne"},"content":{"rendered":"<p><a href=\"http:\/\/www.pamina-business.com\/wp-content\/uploads\/2015\/10\/biofit-logo.jpg\"><img loading=\"lazy\" decoding=\"async\" class=\" size-medium wp-image-1032 aligncenter\" src=\"http:\/\/www.pamina-business.com\/wp-content\/uploads\/2015\/10\/biofit-logo-300x106.jpg\" alt=\"biofit logo\" width=\"300\" height=\"106\" srcset=\"http:\/\/www.pamina-business.com\/wp-content\/uploads\/2015\/10\/biofit-logo-300x106.jpg 300w, http:\/\/www.pamina-business.com\/wp-content\/uploads\/2015\/10\/biofit-logo.jpg 438w\" sizes=\"auto, (max-width: 300px) 100vw, 300px\" \/><\/a><\/p>\n<p>La Convention d\u2019affaires europ\u00e9enne BioFIT d\u00e9voile le programme de conf\u00e9rences de sa 4\u00e8me \u00e9dition<br \/>\nStrasbourg, le 15 octobre 2015 | BioFIT, \u00e9picentre europ\u00e9en de l\u2019open innovation et du<br \/>\ntransfert de technologies dans le domaine des sciences du vivant, d\u00e9voile le d\u00e9tail de ses<br \/>\nconf\u00e9rences.<\/p>\n<p>70 speakers de haut rang, venus de 20 pays diff\u00e9rents, viennent partager leurs visions et<br \/>\nexpertises en mati\u00e8re de recherche collaborative et de licensing les 1er et 2 d\u00e9cembre \u00e0<br \/>\nStrasbourg (FR).<\/p>\n<p>Avec 20% d\u2019entreprises pharmaceutiques dont le top 20 des Big Pharma r\u00e9uni, 35% d\u2019acad\u00e9miques<br \/>\net de professionnels du transfert de technologie, et 35% d\u2019entreprises de biotechnologies, BioFIT<br \/>\n2015 confirme sa place d\u2019\u00e9v\u00e9nement international leader dans ce domaine.<\/p>\n<p>Plus de 1 000 participants sont attendus cette ann\u00e9e encore, certains ont choisi le cadre des business<br \/>\ndating, d\u2019autres les sessions de presenting, ou encore l\u2019exposition. Enfin tous ont la possibilit\u00e9 de<br \/>\nparticiper aux conf\u00e9rences.<\/p>\n<p>Les Pharmas viennent y sourcer les \u00e9mergences en termes de technologies et de propri\u00e9t\u00e9<br \/>\nintellectuelle, les TTOs y retrouvent un cadre pour valoriser leurs technologies et brevets, les CRO et<br \/>\nles entreprises de biotechnologies viennent se ressourcer pour renforcer leur pipeline, leurs brevets<br \/>\net leur PI.<\/p>\n<p>3 parcours de conf\u00e9rences, 70 speakers :<br \/>\nLe programme de conf\u00e9rences de BioFIT 2015 accueillera 70 intervenants de haut niveau (des bigs<br \/>\npharmas, directeurs de TTOs, patrons de biotechs, investisseurs, chercheurs&#8230;) r\u00e9partis sur une<br \/>\nconf\u00e9rence pl\u00e9ni\u00e8re, 14 tables rondes pour \u00e9changer sur des sujets pointus et r\u00e9pondre \u00e0 des<br \/>\nquestions \u00e9pineuses sur les meilleures pratiques en mati\u00e8re de recherche collaborative, de transfert<br \/>\nde technologies ou encore de financement de l&#8217;innovation \u00e0 un stade pr\u00e9coce.<\/p>\n<p>En ouverture de BioFIT, John Carroll (r\u00e9dacteur en chef, FierceBiotech &#8211; USA) animera la session<br \/>\npl\u00e9ni\u00e8re en pr\u00e9sence d\u2019Alexander von Gabain (Vice-Pr\u00e9sident innovation et collaborations avec les<br \/>\nentreprises, Karolinska Institute &#8211; SE), Ivan Baines (Directeur des op\u00e9rations, Max Planck Institute of<br \/>\nCellular Biology and Genetics &#8211; DE), Marisol Quintero (Directrice g\u00e9n\u00e9rale, BiOncoTech Therapeutics &#8211;<br \/>\nES), Jean-Francois Mouney (Pr\u00e9sident Directeur G\u00e9n\u00e9ral, Genfit &#8211; FR), Kurt Hertogs (Chef de la plateforme Strat\u00e9gique innovation et Incubation, Johnson &amp; Johnson Innovation centre &#8211; UK) et Jochen Maas (Directeur g\u00e9n\u00e9ral, Sanofi R&amp;D &#8211; DE). Les conf\u00e9renciers d\u00e9battront sur la question : \u00ab Who drives innovation in life sciences : academia or industry?<\/p>\n<p><em>Source<\/em> : Alsace Biovalley <a href=\"http:\/\/www.biofit-event.com\" target=\"_blank\">www.biofit-event.com<\/a><\/p>\n<p><em>Contact<\/em> : <a href=\"http:&#47;&#47;&#x63;&#x6f;&#109;&#109;&#x75;&#x6e;&#105;&#99;&#x61;&#x74;&#105;&#111;&#x6e;&#x40;&#97;&#108;&#x73;&#x61;&#99;&#101;&#x2d;&#x62;&#105;&#111;&#x76;&#x61;&#108;&#108;&#x65;&#x79;&#46;&#99;&#x6f;&#x6d;\" target=\"_blank\">&#x63;&#x6f;&#x6d;&#x6d;&#x75;&#x6e;&#x69;&#x63;&#x61;&#x74;&#x69;&#111;&#110;&#64;&#97;&#108;&#115;&#97;ce&#46;bio&#x76;&#x61;&#x6c;&#x6c;&#x65;&#x79;&#x2e;&#x63;&#x6f;&#x6d;<\/a><\/p>\n<p><a href=\"http:\/\/www.pamina-business.com\/wp-content\/uploads\/2015\/10\/BioFIT2015-Dossier-de-presse-Octobre-2015.pdf\">T\u00e9l\u00e9chargez le dossier de presse BioFIT2015<\/a><\/p>\n","protected":false},"excerpt":{"rendered":"<p>La Convention d\u2019affaires europ\u00e9enne BioFIT d\u00e9voile le programme de conf\u00e9rences de sa 4\u00e8me \u00e9dition Strasbourg, le 15 octobre 2015 | BioFIT, \u00e9picentre europ\u00e9en de l\u2019open innovation et du transfert de technologies dans le domaine des sciences du vivant, d\u00e9voile le d\u00e9tail de ses conf\u00e9rences. 70 speakers de haut rang, venus de 20 pays diff\u00e9rents, viennent [&hellip;]<\/p>\n","protected":false},"author":3,"featured_media":0,"comment_status":"open","ping_status":"open","sticky":false,"template":"","format":"standard","meta":{"_exactmetrics_skip_tracking":false,"_exactmetrics_sitenote_active":false,"_exactmetrics_sitenote_note":"","_exactmetrics_sitenote_category":0,"footnotes":""},"categories":[7,53],"tags":[],"class_list":["post-1012","post","type-post","status-publish","format-standard","hentry","category-evenements-fr","category-innovation-fr"],"yoast_head":"<!-- This site is optimized with the Yoast SEO plugin v23.5 - https:\/\/yoast.com\/wordpress\/plugins\/seo\/ -->\n<title>BioFIT \u00e0 Strasbourg les 1er et 2 d\u00e9cembre 2015 : un \u00e9v\u00e8nement d&#039;envergure europ\u00e9enne - PAMINA Business Club<\/title>\n<meta name=\"robots\" content=\"index, follow, max-snippet:-1, max-image-preview:large, max-video-preview:-1\" \/>\n<link rel=\"canonical\" href=\"http:\/\/www.pamina-business.com\/en\/biofit-a-strasbourg-les-1er-et-2-decembre-2015-un-evenement-denvergure-europeenne\/\" \/>\n<meta property=\"og:locale\" content=\"en_US\" \/>\n<meta property=\"og:type\" content=\"article\" \/>\n<meta property=\"og:title\" content=\"BioFIT \u00e0 Strasbourg les 1er et 2 d\u00e9cembre 2015 : un \u00e9v\u00e8nement d&#039;envergure europ\u00e9enne - PAMINA Business Club\" \/>\n<meta property=\"og:description\" content=\"La Convention d\u2019affaires europ\u00e9enne BioFIT d\u00e9voile le programme de conf\u00e9rences de sa 4\u00e8me \u00e9dition Strasbourg, le 15 octobre 2015 | BioFIT, \u00e9picentre europ\u00e9en de l\u2019open innovation et du transfert de technologies dans le domaine des sciences du vivant, d\u00e9voile le d\u00e9tail de ses conf\u00e9rences. 70 speakers de haut rang, venus de 20 pays diff\u00e9rents, viennent [&hellip;]\" \/>\n<meta property=\"og:url\" content=\"http:\/\/www.pamina-business.com\/en\/biofit-a-strasbourg-les-1er-et-2-decembre-2015-un-evenement-denvergure-europeenne\/\" \/>\n<meta property=\"og:site_name\" content=\"PAMINA Business Club\" \/>\n<meta property=\"article:published_time\" content=\"2015-10-29T12:53:43+00:00\" \/>\n<meta property=\"article:modified_time\" content=\"2015-10-26T14:28:37+00:00\" \/>\n<meta property=\"og:image\" content=\"http:\/\/www.pamina-business.com\/wp-content\/uploads\/2015\/10\/biofit-logo-300x106.jpg\" \/>\n<meta name=\"author\" content=\"Monique STUTZMANN\" \/>\n<meta name=\"twitter:card\" content=\"summary_large_image\" \/>\n<meta name=\"twitter:label1\" content=\"Written by\" \/>\n\t<meta name=\"twitter:data1\" content=\"Monique STUTZMANN\" \/>\n\t<meta name=\"twitter:label2\" content=\"Est. reading time\" \/>\n\t<meta name=\"twitter:data2\" content=\"2 minutes\" \/>\n<script type=\"application\/ld+json\" class=\"yoast-schema-graph\">{\"@context\":\"https:\/\/schema.org\",\"@graph\":[{\"@type\":\"WebPage\",\"@id\":\"http:\/\/www.pamina-business.com\/en\/biofit-a-strasbourg-les-1er-et-2-decembre-2015-un-evenement-denvergure-europeenne\/\",\"url\":\"http:\/\/www.pamina-business.com\/en\/biofit-a-strasbourg-les-1er-et-2-decembre-2015-un-evenement-denvergure-europeenne\/\",\"name\":\"BioFIT \u00e0 Strasbourg les 1er et 2 d\u00e9cembre 2015 : un \u00e9v\u00e8nement d'envergure europ\u00e9enne - PAMINA Business Club\",\"isPartOf\":{\"@id\":\"http:\/\/www.pamina-business.com\/de\/#website\"},\"primaryImageOfPage\":{\"@id\":\"http:\/\/www.pamina-business.com\/en\/biofit-a-strasbourg-les-1er-et-2-decembre-2015-un-evenement-denvergure-europeenne\/#primaryimage\"},\"image\":{\"@id\":\"http:\/\/www.pamina-business.com\/en\/biofit-a-strasbourg-les-1er-et-2-decembre-2015-un-evenement-denvergure-europeenne\/#primaryimage\"},\"thumbnailUrl\":\"http:\/\/www.pamina-business.com\/wp-content\/uploads\/2015\/10\/biofit-logo-300x106.jpg\",\"datePublished\":\"2015-10-29T12:53:43+00:00\",\"dateModified\":\"2015-10-26T14:28:37+00:00\",\"author\":{\"@id\":\"http:\/\/www.pamina-business.com\/de\/#\/schema\/person\/9ab02536dbdbc5e3ef40bbc3452c8c69\"},\"breadcrumb\":{\"@id\":\"http:\/\/www.pamina-business.com\/en\/biofit-a-strasbourg-les-1er-et-2-decembre-2015-un-evenement-denvergure-europeenne\/#breadcrumb\"},\"inLanguage\":\"en-US\",\"potentialAction\":[{\"@type\":\"ReadAction\",\"target\":[\"http:\/\/www.pamina-business.com\/en\/biofit-a-strasbourg-les-1er-et-2-decembre-2015-un-evenement-denvergure-europeenne\/\"]}]},{\"@type\":\"ImageObject\",\"inLanguage\":\"en-US\",\"@id\":\"http:\/\/www.pamina-business.com\/en\/biofit-a-strasbourg-les-1er-et-2-decembre-2015-un-evenement-denvergure-europeenne\/#primaryimage\",\"url\":\"http:\/\/www.pamina-business.com\/wp-content\/uploads\/2015\/10\/biofit-logo-300x106.jpg\",\"contentUrl\":\"http:\/\/www.pamina-business.com\/wp-content\/uploads\/2015\/10\/biofit-logo-300x106.jpg\"},{\"@type\":\"BreadcrumbList\",\"@id\":\"http:\/\/www.pamina-business.com\/en\/biofit-a-strasbourg-les-1er-et-2-decembre-2015-un-evenement-denvergure-europeenne\/#breadcrumb\",\"itemListElement\":[{\"@type\":\"ListItem\",\"position\":1,\"name\":\"Accueil\",\"item\":\"http:\/\/www.pamina-business.com\/en\/\"},{\"@type\":\"ListItem\",\"position\":2,\"name\":\"BioFIT \u00e0 Strasbourg les 1er et 2 d\u00e9cembre 2015 : un \u00e9v\u00e8nement d&#8217;envergure europ\u00e9enne\"}]},{\"@type\":\"WebSite\",\"@id\":\"http:\/\/www.pamina-business.com\/de\/#website\",\"url\":\"http:\/\/www.pamina-business.com\/de\/\",\"name\":\"PAMINA Business Club\",\"description\":\"Un site utilisant WordPress\",\"potentialAction\":[{\"@type\":\"SearchAction\",\"target\":{\"@type\":\"EntryPoint\",\"urlTemplate\":\"http:\/\/www.pamina-business.com\/de\/?s={search_term_string}\"},\"query-input\":{\"@type\":\"PropertyValueSpecification\",\"valueRequired\":true,\"valueName\":\"search_term_string\"}}],\"inLanguage\":\"en-US\"},{\"@type\":\"Person\",\"@id\":\"http:\/\/www.pamina-business.com\/de\/#\/schema\/person\/9ab02536dbdbc5e3ef40bbc3452c8c69\",\"name\":\"Monique STUTZMANN\",\"image\":{\"@type\":\"ImageObject\",\"inLanguage\":\"en-US\",\"@id\":\"http:\/\/www.pamina-business.com\/de\/#\/schema\/person\/image\/\",\"url\":\"https:\/\/secure.gravatar.com\/avatar\/cc1c3adf9a9f6e969d3da7b6b34ec66f5f4a6844dfc9145380a75e42cd91882e?s=96&d=mm&r=g\",\"contentUrl\":\"https:\/\/secure.gravatar.com\/avatar\/cc1c3adf9a9f6e969d3da7b6b34ec66f5f4a6844dfc9145380a75e42cd91882e?s=96&d=mm&r=g\",\"caption\":\"Monique STUTZMANN\"},\"url\":\"http:\/\/www.pamina-business.com\/en\/author\/monique\/\"}]}<\/script>\n<!-- \/ Yoast SEO plugin. -->","yoast_head_json":{"title":"BioFIT \u00e0 Strasbourg les 1er et 2 d\u00e9cembre 2015 : un \u00e9v\u00e8nement d'envergure europ\u00e9enne - PAMINA Business Club","robots":{"index":"index","follow":"follow","max-snippet":"max-snippet:-1","max-image-preview":"max-image-preview:large","max-video-preview":"max-video-preview:-1"},"canonical":"http:\/\/www.pamina-business.com\/en\/biofit-a-strasbourg-les-1er-et-2-decembre-2015-un-evenement-denvergure-europeenne\/","og_locale":"en_US","og_type":"article","og_title":"BioFIT \u00e0 Strasbourg les 1er et 2 d\u00e9cembre 2015 : un \u00e9v\u00e8nement d'envergure europ\u00e9enne - PAMINA Business Club","og_description":"La Convention d\u2019affaires europ\u00e9enne BioFIT d\u00e9voile le programme de conf\u00e9rences de sa 4\u00e8me \u00e9dition Strasbourg, le 15 octobre 2015 | BioFIT, \u00e9picentre europ\u00e9en de l\u2019open innovation et du transfert de technologies dans le domaine des sciences du vivant, d\u00e9voile le d\u00e9tail de ses conf\u00e9rences. 70 speakers de haut rang, venus de 20 pays diff\u00e9rents, viennent [&hellip;]","og_url":"http:\/\/www.pamina-business.com\/en\/biofit-a-strasbourg-les-1er-et-2-decembre-2015-un-evenement-denvergure-europeenne\/","og_site_name":"PAMINA Business Club","article_published_time":"2015-10-29T12:53:43+00:00","article_modified_time":"2015-10-26T14:28:37+00:00","og_image":[{"url":"http:\/\/www.pamina-business.com\/wp-content\/uploads\/2015\/10\/biofit-logo-300x106.jpg"}],"author":"Monique STUTZMANN","twitter_card":"summary_large_image","twitter_misc":{"Written by":"Monique STUTZMANN","Est. reading time":"2 minutes"},"schema":{"@context":"https:\/\/schema.org","@graph":[{"@type":"WebPage","@id":"http:\/\/www.pamina-business.com\/en\/biofit-a-strasbourg-les-1er-et-2-decembre-2015-un-evenement-denvergure-europeenne\/","url":"http:\/\/www.pamina-business.com\/en\/biofit-a-strasbourg-les-1er-et-2-decembre-2015-un-evenement-denvergure-europeenne\/","name":"BioFIT \u00e0 Strasbourg les 1er et 2 d\u00e9cembre 2015 : un \u00e9v\u00e8nement d'envergure europ\u00e9enne - PAMINA Business Club","isPartOf":{"@id":"http:\/\/www.pamina-business.com\/de\/#website"},"primaryImageOfPage":{"@id":"http:\/\/www.pamina-business.com\/en\/biofit-a-strasbourg-les-1er-et-2-decembre-2015-un-evenement-denvergure-europeenne\/#primaryimage"},"image":{"@id":"http:\/\/www.pamina-business.com\/en\/biofit-a-strasbourg-les-1er-et-2-decembre-2015-un-evenement-denvergure-europeenne\/#primaryimage"},"thumbnailUrl":"http:\/\/www.pamina-business.com\/wp-content\/uploads\/2015\/10\/biofit-logo-300x106.jpg","datePublished":"2015-10-29T12:53:43+00:00","dateModified":"2015-10-26T14:28:37+00:00","author":{"@id":"http:\/\/www.pamina-business.com\/de\/#\/schema\/person\/9ab02536dbdbc5e3ef40bbc3452c8c69"},"breadcrumb":{"@id":"http:\/\/www.pamina-business.com\/en\/biofit-a-strasbourg-les-1er-et-2-decembre-2015-un-evenement-denvergure-europeenne\/#breadcrumb"},"inLanguage":"en-US","potentialAction":[{"@type":"ReadAction","target":["http:\/\/www.pamina-business.com\/en\/biofit-a-strasbourg-les-1er-et-2-decembre-2015-un-evenement-denvergure-europeenne\/"]}]},{"@type":"ImageObject","inLanguage":"en-US","@id":"http:\/\/www.pamina-business.com\/en\/biofit-a-strasbourg-les-1er-et-2-decembre-2015-un-evenement-denvergure-europeenne\/#primaryimage","url":"http:\/\/www.pamina-business.com\/wp-content\/uploads\/2015\/10\/biofit-logo-300x106.jpg","contentUrl":"http:\/\/www.pamina-business.com\/wp-content\/uploads\/2015\/10\/biofit-logo-300x106.jpg"},{"@type":"BreadcrumbList","@id":"http:\/\/www.pamina-business.com\/en\/biofit-a-strasbourg-les-1er-et-2-decembre-2015-un-evenement-denvergure-europeenne\/#breadcrumb","itemListElement":[{"@type":"ListItem","position":1,"name":"Accueil","item":"http:\/\/www.pamina-business.com\/en\/"},{"@type":"ListItem","position":2,"name":"BioFIT \u00e0 Strasbourg les 1er et 2 d\u00e9cembre 2015 : un \u00e9v\u00e8nement d&#8217;envergure europ\u00e9enne"}]},{"@type":"WebSite","@id":"http:\/\/www.pamina-business.com\/de\/#website","url":"http:\/\/www.pamina-business.com\/de\/","name":"PAMINA Business Club","description":"Un site utilisant WordPress","potentialAction":[{"@type":"SearchAction","target":{"@type":"EntryPoint","urlTemplate":"http:\/\/www.pamina-business.com\/de\/?s={search_term_string}"},"query-input":{"@type":"PropertyValueSpecification","valueRequired":true,"valueName":"search_term_string"}}],"inLanguage":"en-US"},{"@type":"Person","@id":"http:\/\/www.pamina-business.com\/de\/#\/schema\/person\/9ab02536dbdbc5e3ef40bbc3452c8c69","name":"Monique STUTZMANN","image":{"@type":"ImageObject","inLanguage":"en-US","@id":"http:\/\/www.pamina-business.com\/de\/#\/schema\/person\/image\/","url":"https:\/\/secure.gravatar.com\/avatar\/cc1c3adf9a9f6e969d3da7b6b34ec66f5f4a6844dfc9145380a75e42cd91882e?s=96&d=mm&r=g","contentUrl":"https:\/\/secure.gravatar.com\/avatar\/cc1c3adf9a9f6e969d3da7b6b34ec66f5f4a6844dfc9145380a75e42cd91882e?s=96&d=mm&r=g","caption":"Monique STUTZMANN"},"url":"http:\/\/www.pamina-business.com\/en\/author\/monique\/"}]}},"_links":{"self":[{"href":"http:\/\/www.pamina-business.com\/en\/wp-json\/wp\/v2\/posts\/1012","targetHints":{"allow":["GET"]}}],"collection":[{"href":"http:\/\/www.pamina-business.com\/en\/wp-json\/wp\/v2\/posts"}],"about":[{"href":"http:\/\/www.pamina-business.com\/en\/wp-json\/wp\/v2\/types\/post"}],"author":[{"embeddable":true,"href":"http:\/\/www.pamina-business.com\/en\/wp-json\/wp\/v2\/users\/3"}],"replies":[{"embeddable":true,"href":"http:\/\/www.pamina-business.com\/en\/wp-json\/wp\/v2\/comments?post=1012"}],"version-history":[{"count":5,"href":"http:\/\/www.pamina-business.com\/en\/wp-json\/wp\/v2\/posts\/1012\/revisions"}],"predecessor-version":[{"id":1037,"href":"http:\/\/www.pamina-business.com\/en\/wp-json\/wp\/v2\/posts\/1012\/revisions\/1037"}],"wp:attachment":[{"href":"http:\/\/www.pamina-business.com\/en\/wp-json\/wp\/v2\/media?parent=1012"}],"wp:term":[{"taxonomy":"category","embeddable":true,"href":"http:\/\/www.pamina-business.com\/en\/wp-json\/wp\/v2\/categories?post=1012"},{"taxonomy":"post_tag","embeddable":true,"href":"http:\/\/www.pamina-business.com\/en\/wp-json\/wp\/v2\/tags?post=1012"}],"curies":[{"name":"wp","href":"https:\/\/api.w.org\/{rel}","templated":true}]}}