{"id":961,"date":"2015-10-13T13:33:20","date_gmt":"2015-10-13T13:33:20","guid":{"rendered":"http:\/\/www.pamina-business.com\/?p=961"},"modified":"2015-10-06T13:43:08","modified_gmt":"2015-10-06T13:43:08","slug":"961","status":"publish","type":"post","link":"http:\/\/www.pamina-business.com\/de\/961\/","title":{"rendered":"P\u00e9riode de formation en milieu professionnel \u00e0 l&#8217;\u00e9tranger dans la r\u00e9gion du Rhin sup\u00e9rieur"},"content":{"rendered":"<p>&nbsp;<\/p>\n<table>\n<tbody>\n<tr>\n<td width=\"62\">\n<table>\n<tbody>\n<tr>\n<td width=\"5\"><\/td>\n<\/tr>\n<tr>\n<td><\/td>\n<td><\/td>\n<\/tr>\n<\/tbody>\n<\/table>\n<p>&nbsp;<\/p>\n<p>&nbsp;<\/td>\n<td width=\"548\"><strong>\u00abP\u00e9riode de Formation en Milieu Professionnel (PFMP) \u00e0 l\u2019\u00e9tranger dans la r\u00e9gion\u00a0 du Rhin sup\u00e9rieur &#8211; Certificat Euregio \u00e0 l\u2019attention des\u00a0 \u00e9l\u00e8ves en lyc\u00e9e professionnel\u00a0et des apprentis\u00bb<\/strong><strong>\u00a0<\/strong>Un Projet de la Conf\u00e9rence franco-germano-suisse du Rhin sup\u00e9rieur&nbsp;<\/td>\n<\/tr>\n<\/tbody>\n<\/table>\n<p>Les jeunes qui, d\u00e8s la formation initiale, apprennent \u00e0 communiquer et \u00e0 coop\u00e9rer au-del\u00e0 des fronti\u00e8res, disposent\u00a0 de meilleures perspectives professionnelles. Le monde des entreprises op\u00e8re de plus en plus dans des contextes internationaux, et l\u2019exp\u00e9rience d\u2019un stage \u00e0 l\u2019\u00e9tranger ainsi que la connaissance de la vie du travail au quotidien dans un autre pays europ\u00e9en sont des atouts ind\u00e9niables pour la r\u00e9ussite professionnelle.<\/p>\n<p>Le projet \u00ab\u00a0Certificat Euregio\u00a0\u00bb offre aux apprentis et aux \u00e9l\u00e8ves de lyc\u00e9es professionnels de la r\u00e9gion du Rhin sup\u00e9rieur l\u2019opportunit\u00e9 d\u2019acqu\u00e9rir des premi\u00e8res exp\u00e9riences professionnelles dans un pays \u00e9tranger. Le Rhin sup\u00e9rieur, qui englobe l\u2019Alsace, la Suisse du nord-ouest, le Pays de Bade et le Palatinat, est un espace id\u00e9al pour que les jeunes puissent apprendre \u00e0 conna\u00eetre un pays \u00e9tranger voisin, \u00e0 se familiariser avec la culture d\u2019entreprise et les mani\u00e8res de vivre du pays en question. Par le biais d\u2019un stage de quatre semaines minimum, les jeunes peuvent \u00e9galement acqu\u00e9rir des comp\u00e9tences suppl\u00e9mentaires europ\u00e9ennes, et les entreprises ont l\u2019occasion, en m\u00eame temps, de renforcer l\u2019attractivit\u00e9 de leur apprentissage en proposant cette exp\u00e9rience compl\u00e9mentaire. Le projet Euregio est le r\u00e9sultat d\u2019un travail collaboratif des autorit\u00e9s responsables de la formation professionnelle dans le cadre du Comit\u00e9 d\u2019Experts pour la formation professionnelle de la Conf\u00e9rence du Rhin Sup\u00e9rieur et rendu possible gr\u00e2ce \u00e0 la participation financire des partenaires du projet.<\/p>\n<p>En outre, le stage effectu\u00e9 peut faire l\u2019objet d\u2019une inscription \u00e0 l\u2019 \u00ab\u00a0euro<strong><em>pass<\/em><\/strong> Mobilit\u00e9\u00bb de l\u2019Union europ\u00e9enne <a href=\"http:\/\/www.europass-france.org\">http:\/\/www.europass-france.org<\/a>. Cette ann\u00e9e, environ 230 jeunes se verront attribuer le \u00ab\u00a0Certificat Euregio\u00a0\u00bb. Les entreprises ayant particip\u00e9 pour la premi\u00e8re fois au projet recevront \u00e9galement un certificat.<\/p>\n<p>La remise des Certificats Euregio aux participants des quatre r\u00e9gions du Rhin sup\u00e9rieur aura lieu le\u00a0\u00a0<strong>\u00a0\u00a0\u00a0 lundi, 2 novembre 2015 \u00e0 11h00 au\u00a0<\/strong><strong>Europa-Park \u00e0 Rust.<\/strong><\/p>\n<p><em>Source<\/em> : Conf\u00e9rence Franco-Germano-Suisse du Rhin Sup\u00e9rieur-\u00a0<a href=\"http:\/\/www.conference-rhin-sup.org\" target=\"_blank\"> www.conference-rhin-superieur.org<\/a><\/p>\n<p style=\"text-align: left;\"><em>Contact<\/em> : <strong>Ingrid THOMALLA &#8211; <\/strong>Regierungspr\u00e4sidium Karlsruhe &#8211; <a href=\"&#x6d;&#97;i&#x6c;&#116;o&#x3a;&#105;n&#x67;&#114;i&#x64;&#46;t&#x68;&#x6f;m&#x61;&#x6c;&#108;&#x61;&#x40;&#114;&#x70;&#x6b;&#46;b&#x77;&#108;&#46;&#x64;&#101;\" target=\"_blank\">&#x69;&#110;&#x67;&#114;i&#x64;&#46;t&#x68;&#111;&#x6d;&#x61;l&#x6c;&#97;&#64;&#x72;&#112;&#x6b;&#x2e;b&#x77;&#108;&#46;&#x64;&#101;<\/a><\/p>\n","protected":false},"excerpt":{"rendered":"<p>&nbsp; &nbsp; &nbsp; \u00abP\u00e9riode de Formation en Milieu Professionnel (PFMP) \u00e0 l\u2019\u00e9tranger dans la r\u00e9gion\u00a0 du Rhin sup\u00e9rieur &#8211; Certificat Euregio \u00e0 l\u2019attention des\u00a0 \u00e9l\u00e8ves en lyc\u00e9e professionnel\u00a0et des apprentis\u00bb\u00a0Un Projet de la Conf\u00e9rence franco-germano-suisse du Rhin sup\u00e9rieur&nbsp; Les jeunes qui, d\u00e8s la formation initiale, apprennent \u00e0 communiquer et \u00e0 coop\u00e9rer au-del\u00e0 des fronti\u00e8res, disposent\u00a0 [&hellip;]<\/p>\n","protected":false},"author":3,"featured_media":0,"comment_status":"open","ping_status":"open","sticky":false,"template":"","format":"standard","meta":{"_exactmetrics_skip_tracking":false,"_exactmetrics_sitenote_active":false,"_exactmetrics_sitenote_note":"","_exactmetrics_sitenote_category":0,"footnotes":""},"categories":[4],"tags":[],"class_list":["post-961","post","type-post","status-publish","format-standard","hentry","category-education-fr"],"yoast_head":"<!-- This site is optimized with the Yoast SEO plugin v23.5 - https:\/\/yoast.com\/wordpress\/plugins\/seo\/ -->\n<title>P\u00e9riode de formation en milieu professionnel \u00e0 l&#039;\u00e9tranger dans la r\u00e9gion du Rhin sup\u00e9rieur - PAMINA Business Club<\/title>\n<meta name=\"robots\" content=\"index, follow, max-snippet:-1, max-image-preview:large, max-video-preview:-1\" \/>\n<link rel=\"canonical\" href=\"http:\/\/www.pamina-business.com\/de\/961\/\" \/>\n<meta property=\"og:locale\" content=\"de_DE\" \/>\n<meta property=\"og:type\" content=\"article\" \/>\n<meta property=\"og:title\" content=\"P\u00e9riode de formation en milieu professionnel \u00e0 l&#039;\u00e9tranger dans la r\u00e9gion du Rhin sup\u00e9rieur - PAMINA Business Club\" \/>\n<meta property=\"og:description\" content=\"&nbsp; &nbsp; &nbsp; \u00abP\u00e9riode de Formation en Milieu Professionnel (PFMP) \u00e0 l\u2019\u00e9tranger dans la r\u00e9gion\u00a0 du Rhin sup\u00e9rieur &#8211; Certificat Euregio \u00e0 l\u2019attention des\u00a0 \u00e9l\u00e8ves en lyc\u00e9e professionnel\u00a0et des apprentis\u00bb\u00a0Un Projet de la Conf\u00e9rence franco-germano-suisse du Rhin sup\u00e9rieur&nbsp; Les jeunes qui, d\u00e8s la formation initiale, apprennent \u00e0 communiquer et \u00e0 coop\u00e9rer au-del\u00e0 des fronti\u00e8res, disposent\u00a0 [&hellip;]\" \/>\n<meta property=\"og:url\" content=\"http:\/\/www.pamina-business.com\/de\/961\/\" \/>\n<meta property=\"og:site_name\" content=\"PAMINA Business Club\" \/>\n<meta property=\"article:published_time\" content=\"2015-10-13T13:33:20+00:00\" \/>\n<meta property=\"article:modified_time\" content=\"2015-10-06T13:43:08+00:00\" \/>\n<meta name=\"author\" content=\"Monique STUTZMANN\" \/>\n<meta name=\"twitter:card\" content=\"summary_large_image\" \/>\n<meta name=\"twitter:label1\" content=\"Verfasst von\" \/>\n\t<meta name=\"twitter:data1\" content=\"Monique STUTZMANN\" \/>\n\t<meta name=\"twitter:label2\" content=\"Gesch\u00e4tzte Lesezeit\" \/>\n\t<meta name=\"twitter:data2\" content=\"2\u00a0Minuten\" \/>\n<script type=\"application\/ld+json\" class=\"yoast-schema-graph\">{\"@context\":\"https:\/\/schema.org\",\"@graph\":[{\"@type\":\"WebPage\",\"@id\":\"http:\/\/www.pamina-business.com\/de\/961\/\",\"url\":\"http:\/\/www.pamina-business.com\/de\/961\/\",\"name\":\"P\u00e9riode de formation en milieu professionnel \u00e0 l'\u00e9tranger dans la r\u00e9gion du Rhin sup\u00e9rieur - PAMINA Business Club\",\"isPartOf\":{\"@id\":\"http:\/\/www.pamina-business.com\/de\/#website\"},\"datePublished\":\"2015-10-13T13:33:20+00:00\",\"dateModified\":\"2015-10-06T13:43:08+00:00\",\"author\":{\"@id\":\"http:\/\/www.pamina-business.com\/de\/#\/schema\/person\/9ab02536dbdbc5e3ef40bbc3452c8c69\"},\"breadcrumb\":{\"@id\":\"http:\/\/www.pamina-business.com\/de\/961\/#breadcrumb\"},\"inLanguage\":\"de\",\"potentialAction\":[{\"@type\":\"ReadAction\",\"target\":[\"http:\/\/www.pamina-business.com\/de\/961\/\"]}]},{\"@type\":\"BreadcrumbList\",\"@id\":\"http:\/\/www.pamina-business.com\/de\/961\/#breadcrumb\",\"itemListElement\":[{\"@type\":\"ListItem\",\"position\":1,\"name\":\"Accueil\",\"item\":\"http:\/\/www.pamina-business.com\/de\/\"},{\"@type\":\"ListItem\",\"position\":2,\"name\":\"P\u00e9riode de formation en milieu professionnel \u00e0 l&#8217;\u00e9tranger dans la r\u00e9gion du Rhin sup\u00e9rieur\"}]},{\"@type\":\"WebSite\",\"@id\":\"http:\/\/www.pamina-business.com\/de\/#website\",\"url\":\"http:\/\/www.pamina-business.com\/de\/\",\"name\":\"PAMINA Business Club\",\"description\":\"Un site utilisant WordPress\",\"potentialAction\":[{\"@type\":\"SearchAction\",\"target\":{\"@type\":\"EntryPoint\",\"urlTemplate\":\"http:\/\/www.pamina-business.com\/de\/?s={search_term_string}\"},\"query-input\":{\"@type\":\"PropertyValueSpecification\",\"valueRequired\":true,\"valueName\":\"search_term_string\"}}],\"inLanguage\":\"de\"},{\"@type\":\"Person\",\"@id\":\"http:\/\/www.pamina-business.com\/de\/#\/schema\/person\/9ab02536dbdbc5e3ef40bbc3452c8c69\",\"name\":\"Monique STUTZMANN\",\"image\":{\"@type\":\"ImageObject\",\"inLanguage\":\"de\",\"@id\":\"http:\/\/www.pamina-business.com\/de\/#\/schema\/person\/image\/\",\"url\":\"https:\/\/secure.gravatar.com\/avatar\/cc1c3adf9a9f6e969d3da7b6b34ec66f5f4a6844dfc9145380a75e42cd91882e?s=96&d=mm&r=g\",\"contentUrl\":\"https:\/\/secure.gravatar.com\/avatar\/cc1c3adf9a9f6e969d3da7b6b34ec66f5f4a6844dfc9145380a75e42cd91882e?s=96&d=mm&r=g\",\"caption\":\"Monique STUTZMANN\"},\"url\":\"http:\/\/www.pamina-business.com\/de\/author\/monique\/\"}]}<\/script>\n<!-- \/ Yoast SEO plugin. -->","yoast_head_json":{"title":"P\u00e9riode de formation en milieu professionnel \u00e0 l'\u00e9tranger dans la r\u00e9gion du Rhin sup\u00e9rieur - PAMINA Business Club","robots":{"index":"index","follow":"follow","max-snippet":"max-snippet:-1","max-image-preview":"max-image-preview:large","max-video-preview":"max-video-preview:-1"},"canonical":"http:\/\/www.pamina-business.com\/de\/961\/","og_locale":"de_DE","og_type":"article","og_title":"P\u00e9riode de formation en milieu professionnel \u00e0 l'\u00e9tranger dans la r\u00e9gion du Rhin sup\u00e9rieur - PAMINA Business Club","og_description":"&nbsp; &nbsp; &nbsp; \u00abP\u00e9riode de Formation en Milieu Professionnel (PFMP) \u00e0 l\u2019\u00e9tranger dans la r\u00e9gion\u00a0 du Rhin sup\u00e9rieur &#8211; Certificat Euregio \u00e0 l\u2019attention des\u00a0 \u00e9l\u00e8ves en lyc\u00e9e professionnel\u00a0et des apprentis\u00bb\u00a0Un Projet de la Conf\u00e9rence franco-germano-suisse du Rhin sup\u00e9rieur&nbsp; Les jeunes qui, d\u00e8s la formation initiale, apprennent \u00e0 communiquer et \u00e0 coop\u00e9rer au-del\u00e0 des fronti\u00e8res, disposent\u00a0 [&hellip;]","og_url":"http:\/\/www.pamina-business.com\/de\/961\/","og_site_name":"PAMINA Business Club","article_published_time":"2015-10-13T13:33:20+00:00","article_modified_time":"2015-10-06T13:43:08+00:00","author":"Monique STUTZMANN","twitter_card":"summary_large_image","twitter_misc":{"Verfasst von":"Monique STUTZMANN","Gesch\u00e4tzte Lesezeit":"2\u00a0Minuten"},"schema":{"@context":"https:\/\/schema.org","@graph":[{"@type":"WebPage","@id":"http:\/\/www.pamina-business.com\/de\/961\/","url":"http:\/\/www.pamina-business.com\/de\/961\/","name":"P\u00e9riode de formation en milieu professionnel \u00e0 l'\u00e9tranger dans la r\u00e9gion du Rhin sup\u00e9rieur - PAMINA Business Club","isPartOf":{"@id":"http:\/\/www.pamina-business.com\/de\/#website"},"datePublished":"2015-10-13T13:33:20+00:00","dateModified":"2015-10-06T13:43:08+00:00","author":{"@id":"http:\/\/www.pamina-business.com\/de\/#\/schema\/person\/9ab02536dbdbc5e3ef40bbc3452c8c69"},"breadcrumb":{"@id":"http:\/\/www.pamina-business.com\/de\/961\/#breadcrumb"},"inLanguage":"de","potentialAction":[{"@type":"ReadAction","target":["http:\/\/www.pamina-business.com\/de\/961\/"]}]},{"@type":"BreadcrumbList","@id":"http:\/\/www.pamina-business.com\/de\/961\/#breadcrumb","itemListElement":[{"@type":"ListItem","position":1,"name":"Accueil","item":"http:\/\/www.pamina-business.com\/de\/"},{"@type":"ListItem","position":2,"name":"P\u00e9riode de formation en milieu professionnel \u00e0 l&#8217;\u00e9tranger dans la r\u00e9gion du Rhin sup\u00e9rieur"}]},{"@type":"WebSite","@id":"http:\/\/www.pamina-business.com\/de\/#website","url":"http:\/\/www.pamina-business.com\/de\/","name":"PAMINA Business Club","description":"Un site utilisant WordPress","potentialAction":[{"@type":"SearchAction","target":{"@type":"EntryPoint","urlTemplate":"http:\/\/www.pamina-business.com\/de\/?s={search_term_string}"},"query-input":{"@type":"PropertyValueSpecification","valueRequired":true,"valueName":"search_term_string"}}],"inLanguage":"de"},{"@type":"Person","@id":"http:\/\/www.pamina-business.com\/de\/#\/schema\/person\/9ab02536dbdbc5e3ef40bbc3452c8c69","name":"Monique STUTZMANN","image":{"@type":"ImageObject","inLanguage":"de","@id":"http:\/\/www.pamina-business.com\/de\/#\/schema\/person\/image\/","url":"https:\/\/secure.gravatar.com\/avatar\/cc1c3adf9a9f6e969d3da7b6b34ec66f5f4a6844dfc9145380a75e42cd91882e?s=96&d=mm&r=g","contentUrl":"https:\/\/secure.gravatar.com\/avatar\/cc1c3adf9a9f6e969d3da7b6b34ec66f5f4a6844dfc9145380a75e42cd91882e?s=96&d=mm&r=g","caption":"Monique STUTZMANN"},"url":"http:\/\/www.pamina-business.com\/de\/author\/monique\/"}]}},"_links":{"self":[{"href":"http:\/\/www.pamina-business.com\/de\/wp-json\/wp\/v2\/posts\/961","targetHints":{"allow":["GET"]}}],"collection":[{"href":"http:\/\/www.pamina-business.com\/de\/wp-json\/wp\/v2\/posts"}],"about":[{"href":"http:\/\/www.pamina-business.com\/de\/wp-json\/wp\/v2\/types\/post"}],"author":[{"embeddable":true,"href":"http:\/\/www.pamina-business.com\/de\/wp-json\/wp\/v2\/users\/3"}],"replies":[{"embeddable":true,"href":"http:\/\/www.pamina-business.com\/de\/wp-json\/wp\/v2\/comments?post=961"}],"version-history":[{"count":5,"href":"http:\/\/www.pamina-business.com\/de\/wp-json\/wp\/v2\/posts\/961\/revisions"}],"predecessor-version":[{"id":966,"href":"http:\/\/www.pamina-business.com\/de\/wp-json\/wp\/v2\/posts\/961\/revisions\/966"}],"wp:attachment":[{"href":"http:\/\/www.pamina-business.com\/de\/wp-json\/wp\/v2\/media?parent=961"}],"wp:term":[{"taxonomy":"category","embeddable":true,"href":"http:\/\/www.pamina-business.com\/de\/wp-json\/wp\/v2\/categories?post=961"},{"taxonomy":"post_tag","embeddable":true,"href":"http:\/\/www.pamina-business.com\/de\/wp-json\/wp\/v2\/tags?post=961"}],"curies":[{"name":"wp","href":"https:\/\/api.w.org\/{rel}","templated":true}]}}