{"id":948,"date":"2015-10-16T12:25:10","date_gmt":"2015-10-16T12:25:10","guid":{"rendered":"http:\/\/www.pamina-business.com\/?p=948"},"modified":"2015-10-12T09:13:18","modified_gmt":"2015-10-12T09:13:18","slug":"operation-les-classes-sortent-en-boite-cooperation-entre-la-cci-du-bas-rhin-et-la-ihk-de-karlsruhe-rhin-et","status":"publish","type":"post","link":"http:\/\/www.pamina-business.com\/de\/operation-les-classes-sortent-en-boite-cooperation-entre-la-cci-du-bas-rhin-et-la-ihk-de-karlsruhe-rhin-et\/","title":{"rendered":"Op\u00e9ration &#8222;Les classes sortent en bo\u00eete&#8220; : coop\u00e9ration entre la CCI du Bas-Rhin et la IHK de Karlsruhe -rhin et"},"content":{"rendered":"<p><strong>Bilan positif de l&#8217;op\u00e9ration &#8222;Les classes sortent en bo\u00eete&#8220;\u00a0<\/strong><\/p>\n<p>La CCI de Strasbourg et du Bas-Rhin a mis en place, depuis 2013, une op\u00e9ration de coop\u00e9ration entre d&#8217;une part des coll\u00e8ges, un centre de formation par alternance et des lyc\u00e9es, et d&#8217;autre part une quinzaine d&#8217;entreprises.<\/p>\n<p>Dans ce cadre ont \u00e9galement \u00e9t\u00e9 conclus des accords franco-allemands entre le coll\u00e8ge de Seltz et la soci\u00e9t\u00e9 Michelin \u00e0 Karlsruhe en 2013, et depuis, entre le lyc\u00e9es Kessel de Haguenau avec la soci\u00e9t\u00e9 Addi-Data de Rheinm\u00fcnster, le lyc\u00e9e Siegfried de Haguenau avec la soci\u00e9t\u00e9 Edeka \u00e0 Rheinstetten, l&#8217;Institut de formation par alternance de la CCI de Strasbourg avec Lidl \u00e0 Hartheim et le lyc\u00e9es Schuman de Haguenau avec Lidl \u00e0 Bietigheim.<\/p>\n<p>Le pr\u00e9sident de la CCI Alsace, Bernard Stirnweis, a r\u00e9cemment pr\u00e9sent\u00e9 cette op\u00e9ration aux chefs d&#8217;entreprise set aux conseillers d&#8217;orientation, en pr\u00e9sence du recteur, Jacques-Pierre Gougeon et du pr\u00e9sident de la IHK Karlsruhe, Wofgang Grenke.<\/p>\n<p>Cette ouverture transfrontali\u00e8re de &#8222;La classe sort en bo\u00eete&#8220; permet aux jeunes de s&#8217;int\u00e9resser aux potentialit\u00e9s d&#8217;emplois en Allemagne, et aux chefs d&#8217;entreprises allemands de mieux comprendre le syst\u00e8me \u00e9ducatif fran\u00e7ais.<\/p>\n<p><em>Source<\/em> : DNA du 23\/09\/15<\/p>\n<p><em>Information<\/em> :<a href=\"http:\/\/www.strasbourg.cci.fr\" target=\"_blank\"> www.strasbourg.ci.fr<\/a><\/p>\n","protected":false},"excerpt":{"rendered":"<p>Bilan positif de l&#8217;op\u00e9ration &#8222;Les classes sortent en bo\u00eete&#8220;\u00a0 La CCI de Strasbourg et du Bas-Rhin a mis en place, depuis 2013, une op\u00e9ration de coop\u00e9ration entre d&#8217;une part des coll\u00e8ges, un centre de formation par alternance et des lyc\u00e9es, et d&#8217;autre part une quinzaine d&#8217;entreprises. Dans ce cadre ont \u00e9galement \u00e9t\u00e9 conclus des accords [&hellip;]<\/p>\n","protected":false},"author":3,"featured_media":0,"comment_status":"open","ping_status":"open","sticky":false,"template":"","format":"standard","meta":{"_exactmetrics_skip_tracking":false,"_exactmetrics_sitenote_active":false,"_exactmetrics_sitenote_note":"","_exactmetrics_sitenote_category":0,"footnotes":""},"categories":[4],"tags":[],"class_list":["post-948","post","type-post","status-publish","format-standard","hentry","category-education-fr"],"yoast_head":"<!-- This site is optimized with the Yoast SEO plugin v23.5 - https:\/\/yoast.com\/wordpress\/plugins\/seo\/ -->\n<title>Op\u00e9ration &quot;Les classes sortent en bo\u00eete&quot; : coop\u00e9ration entre la CCI du Bas-Rhin et la IHK de Karlsruhe -rhin et - PAMINA Business Club<\/title>\n<meta name=\"robots\" content=\"index, follow, max-snippet:-1, max-image-preview:large, max-video-preview:-1\" \/>\n<link rel=\"canonical\" href=\"https:\/\/www.pamina-business.com\/operation-les-classes-sortent-en-boite-cooperation-entre-la-cci-du-bas-rhin-et-la-ihk-de-karlsruhe-rhin-et\/\" \/>\n<meta property=\"og:locale\" content=\"de_DE\" \/>\n<meta property=\"og:type\" content=\"article\" \/>\n<meta property=\"og:title\" content=\"Op\u00e9ration &quot;Les classes sortent en bo\u00eete&quot; : coop\u00e9ration entre la CCI du Bas-Rhin et la IHK de Karlsruhe -rhin et - PAMINA Business Club\" \/>\n<meta property=\"og:description\" content=\"Bilan positif de l&#8217;op\u00e9ration &#8222;Les classes sortent en bo\u00eete&#8220;\u00a0 La CCI de Strasbourg et du Bas-Rhin a mis en place, depuis 2013, une op\u00e9ration de coop\u00e9ration entre d&#8217;une part des coll\u00e8ges, un centre de formation par alternance et des lyc\u00e9es, et d&#8217;autre part une quinzaine d&#8217;entreprises. Dans ce cadre ont \u00e9galement \u00e9t\u00e9 conclus des accords [&hellip;]\" \/>\n<meta property=\"og:url\" content=\"https:\/\/www.pamina-business.com\/operation-les-classes-sortent-en-boite-cooperation-entre-la-cci-du-bas-rhin-et-la-ihk-de-karlsruhe-rhin-et\/\" \/>\n<meta property=\"og:site_name\" content=\"PAMINA Business Club\" \/>\n<meta property=\"article:published_time\" content=\"2015-10-16T12:25:10+00:00\" \/>\n<meta property=\"article:modified_time\" content=\"2015-10-12T09:13:18+00:00\" \/>\n<meta name=\"author\" content=\"Monique STUTZMANN\" \/>\n<meta name=\"twitter:card\" content=\"summary_large_image\" \/>\n<meta name=\"twitter:label1\" content=\"Verfasst von\" \/>\n\t<meta name=\"twitter:data1\" content=\"Monique STUTZMANN\" \/>\n\t<meta name=\"twitter:label2\" content=\"Gesch\u00e4tzte Lesezeit\" \/>\n\t<meta name=\"twitter:data2\" content=\"1\u00a0Minute\" \/>\n<script type=\"application\/ld+json\" class=\"yoast-schema-graph\">{\"@context\":\"https:\/\/schema.org\",\"@graph\":[{\"@type\":\"WebPage\",\"@id\":\"https:\/\/www.pamina-business.com\/operation-les-classes-sortent-en-boite-cooperation-entre-la-cci-du-bas-rhin-et-la-ihk-de-karlsruhe-rhin-et\/\",\"url\":\"https:\/\/www.pamina-business.com\/operation-les-classes-sortent-en-boite-cooperation-entre-la-cci-du-bas-rhin-et-la-ihk-de-karlsruhe-rhin-et\/\",\"name\":\"Op\u00e9ration \\\"Les classes sortent en bo\u00eete\\\" : coop\u00e9ration entre la CCI du Bas-Rhin et la IHK de Karlsruhe -rhin et - PAMINA Business Club\",\"isPartOf\":{\"@id\":\"http:\/\/www.pamina-business.com\/de\/#website\"},\"datePublished\":\"2015-10-16T12:25:10+00:00\",\"dateModified\":\"2015-10-12T09:13:18+00:00\",\"author\":{\"@id\":\"http:\/\/www.pamina-business.com\/de\/#\/schema\/person\/9ab02536dbdbc5e3ef40bbc3452c8c69\"},\"breadcrumb\":{\"@id\":\"https:\/\/www.pamina-business.com\/operation-les-classes-sortent-en-boite-cooperation-entre-la-cci-du-bas-rhin-et-la-ihk-de-karlsruhe-rhin-et\/#breadcrumb\"},\"inLanguage\":\"de\",\"potentialAction\":[{\"@type\":\"ReadAction\",\"target\":[\"https:\/\/www.pamina-business.com\/operation-les-classes-sortent-en-boite-cooperation-entre-la-cci-du-bas-rhin-et-la-ihk-de-karlsruhe-rhin-et\/\"]}]},{\"@type\":\"BreadcrumbList\",\"@id\":\"https:\/\/www.pamina-business.com\/operation-les-classes-sortent-en-boite-cooperation-entre-la-cci-du-bas-rhin-et-la-ihk-de-karlsruhe-rhin-et\/#breadcrumb\",\"itemListElement\":[{\"@type\":\"ListItem\",\"position\":1,\"name\":\"Accueil\",\"item\":\"http:\/\/www.pamina-business.com\/de\/\"},{\"@type\":\"ListItem\",\"position\":2,\"name\":\"Op\u00e9ration \u00ab\u00a0Les classes sortent en bo\u00eete\u00a0\u00bb : coop\u00e9ration entre la CCI du Bas-Rhin et la IHK de Karlsruhe -rhin et\"}]},{\"@type\":\"WebSite\",\"@id\":\"http:\/\/www.pamina-business.com\/de\/#website\",\"url\":\"http:\/\/www.pamina-business.com\/de\/\",\"name\":\"PAMINA Business Club\",\"description\":\"Un site utilisant WordPress\",\"potentialAction\":[{\"@type\":\"SearchAction\",\"target\":{\"@type\":\"EntryPoint\",\"urlTemplate\":\"http:\/\/www.pamina-business.com\/de\/?s={search_term_string}\"},\"query-input\":{\"@type\":\"PropertyValueSpecification\",\"valueRequired\":true,\"valueName\":\"search_term_string\"}}],\"inLanguage\":\"de\"},{\"@type\":\"Person\",\"@id\":\"http:\/\/www.pamina-business.com\/de\/#\/schema\/person\/9ab02536dbdbc5e3ef40bbc3452c8c69\",\"name\":\"Monique STUTZMANN\",\"image\":{\"@type\":\"ImageObject\",\"inLanguage\":\"de\",\"@id\":\"http:\/\/www.pamina-business.com\/de\/#\/schema\/person\/image\/\",\"url\":\"https:\/\/secure.gravatar.com\/avatar\/cc1c3adf9a9f6e969d3da7b6b34ec66f5f4a6844dfc9145380a75e42cd91882e?s=96&d=mm&r=g\",\"contentUrl\":\"https:\/\/secure.gravatar.com\/avatar\/cc1c3adf9a9f6e969d3da7b6b34ec66f5f4a6844dfc9145380a75e42cd91882e?s=96&d=mm&r=g\",\"caption\":\"Monique STUTZMANN\"},\"url\":\"http:\/\/www.pamina-business.com\/de\/author\/monique\/\"}]}<\/script>\n<!-- \/ Yoast SEO plugin. -->","yoast_head_json":{"title":"Op\u00e9ration \"Les classes sortent en bo\u00eete\" : coop\u00e9ration entre la CCI du Bas-Rhin et la IHK de Karlsruhe -rhin et - PAMINA Business Club","robots":{"index":"index","follow":"follow","max-snippet":"max-snippet:-1","max-image-preview":"max-image-preview:large","max-video-preview":"max-video-preview:-1"},"canonical":"https:\/\/www.pamina-business.com\/operation-les-classes-sortent-en-boite-cooperation-entre-la-cci-du-bas-rhin-et-la-ihk-de-karlsruhe-rhin-et\/","og_locale":"de_DE","og_type":"article","og_title":"Op\u00e9ration \"Les classes sortent en bo\u00eete\" : coop\u00e9ration entre la CCI du Bas-Rhin et la IHK de Karlsruhe -rhin et - PAMINA Business Club","og_description":"Bilan positif de l&#8217;op\u00e9ration &#8222;Les classes sortent en bo\u00eete&#8220;\u00a0 La CCI de Strasbourg et du Bas-Rhin a mis en place, depuis 2013, une op\u00e9ration de coop\u00e9ration entre d&#8217;une part des coll\u00e8ges, un centre de formation par alternance et des lyc\u00e9es, et d&#8217;autre part une quinzaine d&#8217;entreprises. Dans ce cadre ont \u00e9galement \u00e9t\u00e9 conclus des accords [&hellip;]","og_url":"https:\/\/www.pamina-business.com\/operation-les-classes-sortent-en-boite-cooperation-entre-la-cci-du-bas-rhin-et-la-ihk-de-karlsruhe-rhin-et\/","og_site_name":"PAMINA Business Club","article_published_time":"2015-10-16T12:25:10+00:00","article_modified_time":"2015-10-12T09:13:18+00:00","author":"Monique STUTZMANN","twitter_card":"summary_large_image","twitter_misc":{"Verfasst von":"Monique STUTZMANN","Gesch\u00e4tzte Lesezeit":"1\u00a0Minute"},"schema":{"@context":"https:\/\/schema.org","@graph":[{"@type":"WebPage","@id":"https:\/\/www.pamina-business.com\/operation-les-classes-sortent-en-boite-cooperation-entre-la-cci-du-bas-rhin-et-la-ihk-de-karlsruhe-rhin-et\/","url":"https:\/\/www.pamina-business.com\/operation-les-classes-sortent-en-boite-cooperation-entre-la-cci-du-bas-rhin-et-la-ihk-de-karlsruhe-rhin-et\/","name":"Op\u00e9ration \"Les classes sortent en bo\u00eete\" : coop\u00e9ration entre la CCI du Bas-Rhin et la IHK de Karlsruhe -rhin et - PAMINA Business Club","isPartOf":{"@id":"http:\/\/www.pamina-business.com\/de\/#website"},"datePublished":"2015-10-16T12:25:10+00:00","dateModified":"2015-10-12T09:13:18+00:00","author":{"@id":"http:\/\/www.pamina-business.com\/de\/#\/schema\/person\/9ab02536dbdbc5e3ef40bbc3452c8c69"},"breadcrumb":{"@id":"https:\/\/www.pamina-business.com\/operation-les-classes-sortent-en-boite-cooperation-entre-la-cci-du-bas-rhin-et-la-ihk-de-karlsruhe-rhin-et\/#breadcrumb"},"inLanguage":"de","potentialAction":[{"@type":"ReadAction","target":["https:\/\/www.pamina-business.com\/operation-les-classes-sortent-en-boite-cooperation-entre-la-cci-du-bas-rhin-et-la-ihk-de-karlsruhe-rhin-et\/"]}]},{"@type":"BreadcrumbList","@id":"https:\/\/www.pamina-business.com\/operation-les-classes-sortent-en-boite-cooperation-entre-la-cci-du-bas-rhin-et-la-ihk-de-karlsruhe-rhin-et\/#breadcrumb","itemListElement":[{"@type":"ListItem","position":1,"name":"Accueil","item":"http:\/\/www.pamina-business.com\/de\/"},{"@type":"ListItem","position":2,"name":"Op\u00e9ration \u00ab\u00a0Les classes sortent en bo\u00eete\u00a0\u00bb : coop\u00e9ration entre la CCI du Bas-Rhin et la IHK de Karlsruhe -rhin et"}]},{"@type":"WebSite","@id":"http:\/\/www.pamina-business.com\/de\/#website","url":"http:\/\/www.pamina-business.com\/de\/","name":"PAMINA Business Club","description":"Un site utilisant WordPress","potentialAction":[{"@type":"SearchAction","target":{"@type":"EntryPoint","urlTemplate":"http:\/\/www.pamina-business.com\/de\/?s={search_term_string}"},"query-input":{"@type":"PropertyValueSpecification","valueRequired":true,"valueName":"search_term_string"}}],"inLanguage":"de"},{"@type":"Person","@id":"http:\/\/www.pamina-business.com\/de\/#\/schema\/person\/9ab02536dbdbc5e3ef40bbc3452c8c69","name":"Monique STUTZMANN","image":{"@type":"ImageObject","inLanguage":"de","@id":"http:\/\/www.pamina-business.com\/de\/#\/schema\/person\/image\/","url":"https:\/\/secure.gravatar.com\/avatar\/cc1c3adf9a9f6e969d3da7b6b34ec66f5f4a6844dfc9145380a75e42cd91882e?s=96&d=mm&r=g","contentUrl":"https:\/\/secure.gravatar.com\/avatar\/cc1c3adf9a9f6e969d3da7b6b34ec66f5f4a6844dfc9145380a75e42cd91882e?s=96&d=mm&r=g","caption":"Monique STUTZMANN"},"url":"http:\/\/www.pamina-business.com\/de\/author\/monique\/"}]}},"_links":{"self":[{"href":"http:\/\/www.pamina-business.com\/de\/wp-json\/wp\/v2\/posts\/948","targetHints":{"allow":["GET"]}}],"collection":[{"href":"http:\/\/www.pamina-business.com\/de\/wp-json\/wp\/v2\/posts"}],"about":[{"href":"http:\/\/www.pamina-business.com\/de\/wp-json\/wp\/v2\/types\/post"}],"author":[{"embeddable":true,"href":"http:\/\/www.pamina-business.com\/de\/wp-json\/wp\/v2\/users\/3"}],"replies":[{"embeddable":true,"href":"http:\/\/www.pamina-business.com\/de\/wp-json\/wp\/v2\/comments?post=948"}],"version-history":[{"count":3,"href":"http:\/\/www.pamina-business.com\/de\/wp-json\/wp\/v2\/posts\/948\/revisions"}],"predecessor-version":[{"id":951,"href":"http:\/\/www.pamina-business.com\/de\/wp-json\/wp\/v2\/posts\/948\/revisions\/951"}],"wp:attachment":[{"href":"http:\/\/www.pamina-business.com\/de\/wp-json\/wp\/v2\/media?parent=948"}],"wp:term":[{"taxonomy":"category","embeddable":true,"href":"http:\/\/www.pamina-business.com\/de\/wp-json\/wp\/v2\/categories?post=948"},{"taxonomy":"post_tag","embeddable":true,"href":"http:\/\/www.pamina-business.com\/de\/wp-json\/wp\/v2\/tags?post=948"}],"curies":[{"name":"wp","href":"https:\/\/api.w.org\/{rel}","templated":true}]}}