{"id":584,"date":"2015-06-03T08:10:09","date_gmt":"2015-06-03T08:10:09","guid":{"rendered":"http:\/\/www.pamina-business.com\/?p=584"},"modified":"2015-07-07T09:22:33","modified_gmt":"2015-07-07T09:22:33","slug":"rencontres-industrie-franco-allemande-a-karlsruhe-le-110615","status":"publish","type":"post","link":"http:\/\/www.pamina-business.com\/de\/rencontres-industrie-franco-allemande-a-karlsruhe-le-110615\/","title":{"rendered":"Badischer Wirtschaftstag in Karlsruhe am 11\/06\/15"},"content":{"rendered":"<div id=\"gauche-droite\"><strong>Badischer Wirtschaftstag &#8211; 11\/06\/2015 Karlsruhe<\/strong><\/div>\n<div>\n<div id=\"gauche\">\n<div id=\"contenu-liste\">\n<div><\/div>\n<div><img loading=\"lazy\" decoding=\"async\" title=\"1504-karlsruhe-industrie\" src=\"http:\/\/www.alsace-industrie.fr\/medias\/evenements\/1504-karlsruhe-industrie.jpg\" alt=\"1504-karlsruhe-industrie\" width=\"450\" height=\"326\" border=\"0\" \/><\/div>\n<div><a href=\"http:\/\/www.badischerwirtschaftstag.de\/\"><img loading=\"lazy\" decoding=\"async\" src=\"http:\/\/www.badischerwirtschaftstag.de\/wp-content\/themes\/awake\/Images\/Logo.png\" alt=\"logo\" width=\"394\" height=\"111\" border=\"0\" \/><\/a><\/div>\n<p>&nbsp;<\/p>\n<p>&nbsp;<\/p>\n<p><strong>Der Hochleistungs-Event<\/strong><\/p>\n<div id=\"articlecontent\">\n<p><strong>\u2026 mit diesen 6 Kern-Ideen f\u00fcr Unternehmer und Entscheider:<\/strong><\/p>\n<p><strong>Der 8. BWT \u201915 unterst\u00fctzt die Innovativsten<\/strong> in Maschinen- und Anlagenbau, Produzierender \/ Verarbeitender Industrie, ihre Zulieferer und Dienstleister sowie das Industrienahe Handwerk, Ingenieure, Entwickler, Konstrukteure, Produktmanager, technische Eink\u00e4ufer in diesen Punkten:<\/p>\n<p><strong>1)\u00a0 Viel zu oft suchen unsere erstklassigen,\u00a0regionalen Mittelstandsbetriebe<\/strong> neue Kunden in Magdeburg und China, anstatt im n\u00e4chsten Industriegebiet\u2026<\/p>\n<p><strong>2)\u00a0 Durch die intensiven Speed-Meetings,<\/strong> durch die Kooperationsrunde, durch die gezielte Einladung von produzierenden \/ verarbeitenden Besuchern gibt es mehr Bekanntheit untereinander, mehr Information, mehr tats\u00e4chliches Wissen voneinander, mehr intensive, intelligente Zusammenarbeit, mehr Ein- und Verkauf in der Region!<\/p>\n<p><strong>3)\u00a0 Der richtige Weg ist gut Badisch:\u00a0<\/strong>ein \u201eSchw\u00e4tzwerk\u201c sein =\u00a0Jede + jeder redet mit jedem + jeder. Jede und jeder wei\u00df am Abend, was jeder andere Aussteller tut, wo man sich konstruktiv, kommunikativ, kooperativ, ERGEBNISORIENTIERT trifft\u00a0 \u2013\u00a0 und vernetzt.<\/p>\n<p><strong>4) Die globalen M\u00e4rkte greifen immer aggressiver,<\/strong> immer direkter, immer wettbewerbsf\u00e4higer an. Unsere Antwort: innovative, intensive, intelligente Zusammenarbeit ganz gezielt herbeif\u00fchren, und intensiv vorantreiben!<\/p>\n<p>HIER\u00a0sind die kurzen Wege,\u00a0die schnelle PERS\u00d6NLICHE Kommunikation, die Kurzstrecken-Besuche mit Aug-in-Aug-Gespr\u00e4chen in den Unternehmen; Fragen sind schnell und direkt abgekl\u00e4rt.\u00a0Und: wie viele Stunden sind Sie unterwegs bis Mannheim\u00a0 \u2013\u00a0 und wie viele stattdessen bis Hamburg\u2026 oder bis China\u2026!?<\/p>\n<p><strong>5)\u00a0 St\u00e4rken zusammenf\u00fchren, Schw\u00e4chen minimieren:<\/strong>\u00a0 Der 8. Badische Wirtschaftstag (BWT) soll die innovativsten, erfolgreichsten Unternehmer und Unternehmen der Region zur Partnerschaft anregen: sie haben sich hervorragende Marktpositionen erarbeitet, und sie erf\u00fcllen\u00a0 \u2013\u00a0 bewusst oder unbewusst\u00a0 \u2013\u00a0 Vorbildfunktionen in der Gesellschaft.<\/p>\n<p><strong>6)\u00a0Wer diesen EINEN voll-dynamischen Tag als Aussteller n\u00fctzt,<\/strong> kann ab 1.120\u00a0\u20ac Standkosten bis zu 150 Unternehmen kontakten! Wer 150 Unternehmen einzeln besucht, kann daf\u00fcr etwa 25.000 \u20ac rechnen. Was ist intelligenter\u2026!?<\/p>\n<p><strong>Der 8. BWT \u201815 ist ein Tag f\u00fcr \u201cMit-Schaffer\u201d,\u00a0nicht f\u00fcr gem\u00fctliche Herumsteher:<\/strong> ein Hochleistungs-Event:\u00a0 Alle Aussteller machen mit bei SpeedMeetings, Empfehlungsnahme und -gabe, usw: sie\u00a0 \u201cM\u00dcSSEN\u201d\u00a0 einfach intensiv miteinander reden!<\/p>\n<p><strong>Treffen Sie die pro-aktiven Unternehmer der Region, die \u201cHidden Champions\u201d,\u00a0die echten Aktivisten der Badischen Industrie, auf dem 8. BWT \u201815,<\/strong> 11.06.2015, neue Messe, Messegel\u00e4nde Karlsruhe-Rheinstetten!<\/p>\n<p><strong>Standard-Standgr\u00f6\u00dfe ab 400 x 100 cm,<\/strong> Standpreis 1.120 \u20ac + MwSt.,\u00a0Rabatt nur f\u00fcr Fr\u00fchzahler 15% bei Buchung bis 31. Oktober; danach nur noch 5% Skonto bei Buchung bis 31. Dezember 2014.<\/p>\n<p><strong>Informieren Sie sich hier auf der Homepage unter \u201cIhr Ausstellungsstand 2015\u2033<\/strong><\/p>\n<p><strong>Melden Sie Ihren Stand JETZT an! Noch gibt es gute Standpositionen!<\/strong><\/p>\n<p>Bei allen Fragen stehe ich Ihnen immer gerne zur Verf\u00fcgung!<\/p>\n<p><em>Information<\/em> : <a href=\"http:\/\/badischerwirtschaftstag.de\/event-info\/was-ist-der-badische-wirtschaftstag\/\">http:\/\/badischerwirtschaftstag.de\/event-info\/was-ist-der-badische-Wirtschaftstag\/<\/a><\/p>\n<p><em>Kontak<\/em>t : in Frankreich<\/p>\n<\/div>\n<p><strong>Andr\u00e9 C. Burger<\/strong><br \/>\nMobile: (00 33) 06 21 71 56 37<br \/>\nTel.: (00 33) 03 88 08 18 66 &#8211; Mail: &#x61;&#x2e;&#98;u&#x72;&#x67;&#x65;&#114;&#64;&#x74;&#x72;&#x69;&#110;a&#x74;&#x69;&#x6f;&#110;a&#x6c;&#x2e;&#x69;&#110;f&#x6f;<br \/>\nAdresse: 29, rue Martin Feuerstein F-67140 BARR<\/p>\n<\/div>\n<div>\u00a0<em>Quelle <\/em>: Newsletter Industrie CCI Alsace Mai 2015<\/div>\n<\/div>\n<\/div>\n","protected":false},"excerpt":{"rendered":"<p>Badischer Wirtschaftstag &#8211; 11\/06\/2015 Karlsruhe &nbsp; &nbsp; Der Hochleistungs-Event \u2026 mit diesen 6 Kern-Ideen f\u00fcr Unternehmer und Entscheider: Der 8. BWT \u201915 unterst\u00fctzt die Innovativsten in Maschinen- und Anlagenbau, Produzierender \/ Verarbeitender Industrie, ihre Zulieferer und Dienstleister sowie das Industrienahe Handwerk, Ingenieure, Entwickler, Konstrukteure, Produktmanager, technische Eink\u00e4ufer in diesen Punkten: 1)\u00a0 Viel zu oft suchen [&hellip;]<\/p>\n","protected":false},"author":3,"featured_media":0,"comment_status":"open","ping_status":"open","sticky":false,"template":"","format":"standard","meta":{"_exactmetrics_skip_tracking":false,"_exactmetrics_sitenote_active":false,"_exactmetrics_sitenote_note":"","_exactmetrics_sitenote_category":0,"footnotes":""},"categories":[3,66],"tags":[],"class_list":["post-584","post","type-post","status-publish","format-standard","hentry","category-non-classe-de","category-wirtschaft"],"yoast_head":"<!-- This site is optimized with the Yoast SEO plugin v23.5 - https:\/\/yoast.com\/wordpress\/plugins\/seo\/ -->\n<title>Badischer Wirtschaftstag in Karlsruhe am 11\/06\/15 - PAMINA Business Club<\/title>\n<meta name=\"robots\" content=\"index, follow, max-snippet:-1, max-image-preview:large, max-video-preview:-1\" \/>\n<link rel=\"canonical\" href=\"http:\/\/www.pamina-business.com\/de\/rencontres-industrie-franco-allemande-a-karlsruhe-le-110615\/\" \/>\n<meta property=\"og:locale\" content=\"de_DE\" \/>\n<meta property=\"og:type\" content=\"article\" \/>\n<meta property=\"og:title\" content=\"Badischer Wirtschaftstag in Karlsruhe am 11\/06\/15 - PAMINA Business Club\" \/>\n<meta property=\"og:description\" content=\"Badischer Wirtschaftstag &#8211; 11\/06\/2015 Karlsruhe &nbsp; &nbsp; Der Hochleistungs-Event \u2026 mit diesen 6 Kern-Ideen f\u00fcr Unternehmer und Entscheider: Der 8. BWT \u201915 unterst\u00fctzt die Innovativsten in Maschinen- und Anlagenbau, Produzierender \/ Verarbeitender Industrie, ihre Zulieferer und Dienstleister sowie das Industrienahe Handwerk, Ingenieure, Entwickler, Konstrukteure, Produktmanager, technische Eink\u00e4ufer in diesen Punkten: 1)\u00a0 Viel zu oft suchen [&hellip;]\" \/>\n<meta property=\"og:url\" content=\"http:\/\/www.pamina-business.com\/de\/rencontres-industrie-franco-allemande-a-karlsruhe-le-110615\/\" \/>\n<meta property=\"og:site_name\" content=\"PAMINA Business Club\" \/>\n<meta property=\"article:published_time\" content=\"2015-06-03T08:10:09+00:00\" \/>\n<meta property=\"article:modified_time\" content=\"2015-07-07T09:22:33+00:00\" \/>\n<meta property=\"og:image\" content=\"http:\/\/www.alsace-industrie.fr\/medias\/evenements\/1504-karlsruhe-industrie.jpg\" \/>\n<meta name=\"author\" content=\"Monique STUTZMANN\" \/>\n<meta name=\"twitter:card\" content=\"summary_large_image\" \/>\n<meta name=\"twitter:label1\" content=\"Verfasst von\" \/>\n\t<meta name=\"twitter:data1\" content=\"Monique STUTZMANN\" \/>\n\t<meta name=\"twitter:label2\" content=\"Gesch\u00e4tzte Lesezeit\" \/>\n\t<meta name=\"twitter:data2\" content=\"2\u00a0Minuten\" \/>\n<script type=\"application\/ld+json\" class=\"yoast-schema-graph\">{\"@context\":\"https:\/\/schema.org\",\"@graph\":[{\"@type\":\"WebPage\",\"@id\":\"http:\/\/www.pamina-business.com\/de\/rencontres-industrie-franco-allemande-a-karlsruhe-le-110615\/\",\"url\":\"http:\/\/www.pamina-business.com\/de\/rencontres-industrie-franco-allemande-a-karlsruhe-le-110615\/\",\"name\":\"Badischer Wirtschaftstag in Karlsruhe am 11\/06\/15 - PAMINA Business Club\",\"isPartOf\":{\"@id\":\"http:\/\/www.pamina-business.com\/de\/#website\"},\"primaryImageOfPage\":{\"@id\":\"http:\/\/www.pamina-business.com\/de\/rencontres-industrie-franco-allemande-a-karlsruhe-le-110615\/#primaryimage\"},\"image\":{\"@id\":\"http:\/\/www.pamina-business.com\/de\/rencontres-industrie-franco-allemande-a-karlsruhe-le-110615\/#primaryimage\"},\"thumbnailUrl\":\"http:\/\/www.alsace-industrie.fr\/medias\/evenements\/1504-karlsruhe-industrie.jpg\",\"datePublished\":\"2015-06-03T08:10:09+00:00\",\"dateModified\":\"2015-07-07T09:22:33+00:00\",\"author\":{\"@id\":\"http:\/\/www.pamina-business.com\/de\/#\/schema\/person\/9ab02536dbdbc5e3ef40bbc3452c8c69\"},\"breadcrumb\":{\"@id\":\"http:\/\/www.pamina-business.com\/de\/rencontres-industrie-franco-allemande-a-karlsruhe-le-110615\/#breadcrumb\"},\"inLanguage\":\"de\",\"potentialAction\":[{\"@type\":\"ReadAction\",\"target\":[\"http:\/\/www.pamina-business.com\/de\/rencontres-industrie-franco-allemande-a-karlsruhe-le-110615\/\"]}]},{\"@type\":\"ImageObject\",\"inLanguage\":\"de\",\"@id\":\"http:\/\/www.pamina-business.com\/de\/rencontres-industrie-franco-allemande-a-karlsruhe-le-110615\/#primaryimage\",\"url\":\"http:\/\/www.alsace-industrie.fr\/medias\/evenements\/1504-karlsruhe-industrie.jpg\",\"contentUrl\":\"http:\/\/www.alsace-industrie.fr\/medias\/evenements\/1504-karlsruhe-industrie.jpg\"},{\"@type\":\"BreadcrumbList\",\"@id\":\"http:\/\/www.pamina-business.com\/de\/rencontres-industrie-franco-allemande-a-karlsruhe-le-110615\/#breadcrumb\",\"itemListElement\":[{\"@type\":\"ListItem\",\"position\":1,\"name\":\"Accueil\",\"item\":\"http:\/\/www.pamina-business.com\/de\/\"},{\"@type\":\"ListItem\",\"position\":2,\"name\":\"Badischer Wirtschaftstag in Karlsruhe am 11\/06\/15\"}]},{\"@type\":\"WebSite\",\"@id\":\"http:\/\/www.pamina-business.com\/de\/#website\",\"url\":\"http:\/\/www.pamina-business.com\/de\/\",\"name\":\"PAMINA Business Club\",\"description\":\"Un site utilisant WordPress\",\"potentialAction\":[{\"@type\":\"SearchAction\",\"target\":{\"@type\":\"EntryPoint\",\"urlTemplate\":\"http:\/\/www.pamina-business.com\/de\/?s={search_term_string}\"},\"query-input\":{\"@type\":\"PropertyValueSpecification\",\"valueRequired\":true,\"valueName\":\"search_term_string\"}}],\"inLanguage\":\"de\"},{\"@type\":\"Person\",\"@id\":\"http:\/\/www.pamina-business.com\/de\/#\/schema\/person\/9ab02536dbdbc5e3ef40bbc3452c8c69\",\"name\":\"Monique STUTZMANN\",\"image\":{\"@type\":\"ImageObject\",\"inLanguage\":\"de\",\"@id\":\"http:\/\/www.pamina-business.com\/de\/#\/schema\/person\/image\/\",\"url\":\"https:\/\/secure.gravatar.com\/avatar\/cc1c3adf9a9f6e969d3da7b6b34ec66f5f4a6844dfc9145380a75e42cd91882e?s=96&d=mm&r=g\",\"contentUrl\":\"https:\/\/secure.gravatar.com\/avatar\/cc1c3adf9a9f6e969d3da7b6b34ec66f5f4a6844dfc9145380a75e42cd91882e?s=96&d=mm&r=g\",\"caption\":\"Monique STUTZMANN\"},\"url\":\"http:\/\/www.pamina-business.com\/de\/author\/monique\/\"}]}<\/script>\n<!-- \/ Yoast SEO plugin. -->","yoast_head_json":{"title":"Badischer Wirtschaftstag in Karlsruhe am 11\/06\/15 - PAMINA Business Club","robots":{"index":"index","follow":"follow","max-snippet":"max-snippet:-1","max-image-preview":"max-image-preview:large","max-video-preview":"max-video-preview:-1"},"canonical":"http:\/\/www.pamina-business.com\/de\/rencontres-industrie-franco-allemande-a-karlsruhe-le-110615\/","og_locale":"de_DE","og_type":"article","og_title":"Badischer Wirtschaftstag in Karlsruhe am 11\/06\/15 - PAMINA Business Club","og_description":"Badischer Wirtschaftstag &#8211; 11\/06\/2015 Karlsruhe &nbsp; &nbsp; Der Hochleistungs-Event \u2026 mit diesen 6 Kern-Ideen f\u00fcr Unternehmer und Entscheider: Der 8. BWT \u201915 unterst\u00fctzt die Innovativsten in Maschinen- und Anlagenbau, Produzierender \/ Verarbeitender Industrie, ihre Zulieferer und Dienstleister sowie das Industrienahe Handwerk, Ingenieure, Entwickler, Konstrukteure, Produktmanager, technische Eink\u00e4ufer in diesen Punkten: 1)\u00a0 Viel zu oft suchen [&hellip;]","og_url":"http:\/\/www.pamina-business.com\/de\/rencontres-industrie-franco-allemande-a-karlsruhe-le-110615\/","og_site_name":"PAMINA Business Club","article_published_time":"2015-06-03T08:10:09+00:00","article_modified_time":"2015-07-07T09:22:33+00:00","og_image":[{"url":"http:\/\/www.alsace-industrie.fr\/medias\/evenements\/1504-karlsruhe-industrie.jpg"}],"author":"Monique STUTZMANN","twitter_card":"summary_large_image","twitter_misc":{"Verfasst von":"Monique STUTZMANN","Gesch\u00e4tzte Lesezeit":"2\u00a0Minuten"},"schema":{"@context":"https:\/\/schema.org","@graph":[{"@type":"WebPage","@id":"http:\/\/www.pamina-business.com\/de\/rencontres-industrie-franco-allemande-a-karlsruhe-le-110615\/","url":"http:\/\/www.pamina-business.com\/de\/rencontres-industrie-franco-allemande-a-karlsruhe-le-110615\/","name":"Badischer Wirtschaftstag in Karlsruhe am 11\/06\/15 - PAMINA Business Club","isPartOf":{"@id":"http:\/\/www.pamina-business.com\/de\/#website"},"primaryImageOfPage":{"@id":"http:\/\/www.pamina-business.com\/de\/rencontres-industrie-franco-allemande-a-karlsruhe-le-110615\/#primaryimage"},"image":{"@id":"http:\/\/www.pamina-business.com\/de\/rencontres-industrie-franco-allemande-a-karlsruhe-le-110615\/#primaryimage"},"thumbnailUrl":"http:\/\/www.alsace-industrie.fr\/medias\/evenements\/1504-karlsruhe-industrie.jpg","datePublished":"2015-06-03T08:10:09+00:00","dateModified":"2015-07-07T09:22:33+00:00","author":{"@id":"http:\/\/www.pamina-business.com\/de\/#\/schema\/person\/9ab02536dbdbc5e3ef40bbc3452c8c69"},"breadcrumb":{"@id":"http:\/\/www.pamina-business.com\/de\/rencontres-industrie-franco-allemande-a-karlsruhe-le-110615\/#breadcrumb"},"inLanguage":"de","potentialAction":[{"@type":"ReadAction","target":["http:\/\/www.pamina-business.com\/de\/rencontres-industrie-franco-allemande-a-karlsruhe-le-110615\/"]}]},{"@type":"ImageObject","inLanguage":"de","@id":"http:\/\/www.pamina-business.com\/de\/rencontres-industrie-franco-allemande-a-karlsruhe-le-110615\/#primaryimage","url":"http:\/\/www.alsace-industrie.fr\/medias\/evenements\/1504-karlsruhe-industrie.jpg","contentUrl":"http:\/\/www.alsace-industrie.fr\/medias\/evenements\/1504-karlsruhe-industrie.jpg"},{"@type":"BreadcrumbList","@id":"http:\/\/www.pamina-business.com\/de\/rencontres-industrie-franco-allemande-a-karlsruhe-le-110615\/#breadcrumb","itemListElement":[{"@type":"ListItem","position":1,"name":"Accueil","item":"http:\/\/www.pamina-business.com\/de\/"},{"@type":"ListItem","position":2,"name":"Badischer Wirtschaftstag in Karlsruhe am 11\/06\/15"}]},{"@type":"WebSite","@id":"http:\/\/www.pamina-business.com\/de\/#website","url":"http:\/\/www.pamina-business.com\/de\/","name":"PAMINA Business Club","description":"Un site utilisant WordPress","potentialAction":[{"@type":"SearchAction","target":{"@type":"EntryPoint","urlTemplate":"http:\/\/www.pamina-business.com\/de\/?s={search_term_string}"},"query-input":{"@type":"PropertyValueSpecification","valueRequired":true,"valueName":"search_term_string"}}],"inLanguage":"de"},{"@type":"Person","@id":"http:\/\/www.pamina-business.com\/de\/#\/schema\/person\/9ab02536dbdbc5e3ef40bbc3452c8c69","name":"Monique STUTZMANN","image":{"@type":"ImageObject","inLanguage":"de","@id":"http:\/\/www.pamina-business.com\/de\/#\/schema\/person\/image\/","url":"https:\/\/secure.gravatar.com\/avatar\/cc1c3adf9a9f6e969d3da7b6b34ec66f5f4a6844dfc9145380a75e42cd91882e?s=96&d=mm&r=g","contentUrl":"https:\/\/secure.gravatar.com\/avatar\/cc1c3adf9a9f6e969d3da7b6b34ec66f5f4a6844dfc9145380a75e42cd91882e?s=96&d=mm&r=g","caption":"Monique STUTZMANN"},"url":"http:\/\/www.pamina-business.com\/de\/author\/monique\/"}]}},"_links":{"self":[{"href":"http:\/\/www.pamina-business.com\/de\/wp-json\/wp\/v2\/posts\/584","targetHints":{"allow":["GET"]}}],"collection":[{"href":"http:\/\/www.pamina-business.com\/de\/wp-json\/wp\/v2\/posts"}],"about":[{"href":"http:\/\/www.pamina-business.com\/de\/wp-json\/wp\/v2\/types\/post"}],"author":[{"embeddable":true,"href":"http:\/\/www.pamina-business.com\/de\/wp-json\/wp\/v2\/users\/3"}],"replies":[{"embeddable":true,"href":"http:\/\/www.pamina-business.com\/de\/wp-json\/wp\/v2\/comments?post=584"}],"version-history":[{"count":4,"href":"http:\/\/www.pamina-business.com\/de\/wp-json\/wp\/v2\/posts\/584\/revisions"}],"predecessor-version":[{"id":598,"href":"http:\/\/www.pamina-business.com\/de\/wp-json\/wp\/v2\/posts\/584\/revisions\/598"}],"wp:attachment":[{"href":"http:\/\/www.pamina-business.com\/de\/wp-json\/wp\/v2\/media?parent=584"}],"wp:term":[{"taxonomy":"category","embeddable":true,"href":"http:\/\/www.pamina-business.com\/de\/wp-json\/wp\/v2\/categories?post=584"},{"taxonomy":"post_tag","embeddable":true,"href":"http:\/\/www.pamina-business.com\/de\/wp-json\/wp\/v2\/tags?post=584"}],"curies":[{"name":"wp","href":"https:\/\/api.w.org\/{rel}","templated":true}]}}