{"id":567,"date":"2015-05-22T13:23:44","date_gmt":"2015-05-22T13:23:44","guid":{"rendered":"http:\/\/www.pamina-business.com\/?p=567"},"modified":"2015-05-19T13:44:14","modified_gmt":"2015-05-19T13:44:14","slug":"semaine-de-leurope-a-wissembourg-visite-dune-delegation-de-rhenanie-palatinatt","status":"publish","type":"post","link":"http:\/\/www.pamina-business.com\/de\/semaine-de-leurope-a-wissembourg-visite-dune-delegation-de-rhenanie-palatinatt\/","title":{"rendered":"Semaine de l&#8217;Europe \u00e0 Wissembourg : visite d&#8217;une d\u00e9l\u00e9gation de Rh\u00e9nanie-Palatinatt"},"content":{"rendered":"<p>A l&#8217;occasion de la semaine de l&#8217;Europe, qui s&#8217;est d\u00e9roul\u00e9e d\u00e9but mai \u00e0 Wissembourg, le maire Christian Gliech a eu la visite d&#8217;une d\u00e9l\u00e9gation venue, en train, du Land allemand voisin de Rh\u00e9nanie-Palatinat. La ministre-pr\u00e9sidente de ce Land, Manu Dreyer, \u00e9tait accompagn\u00e9e d&#8217;une d\u00e9l\u00e9gation du secteur des transports et des relations transfrontali\u00e8res.<\/p>\n<p>Ces \u00e9changes franco-allemands ont \u00e9t\u00e9 l&#8217;occasion d&#8217;\u00e9voquer les actions men\u00e9es en coop\u00e9ration entre Wissembourg et la ville voisine de Bad-Bergzabern. M. Gliech a cit\u00e9 les probl\u00e8mes dans le secteur de la sant\u00e9 concernant des blocages emp\u00eachant des populations de b\u00e9n\u00e9ficier de soins de part et d&#8217;autre de la fronti\u00e8re. Dans le secteur du transport en train, ont \u00e9t\u00e9 \u00e9voqu\u00e9s des soucis de liaison jusqu&#8217;\u00e0 Strasbourg et de connexions peu pratiques. Par ailleurs, les soucis d&#8217;approvisionnement en eau potable sont trait\u00e9s en commun par le Syndicat des eaux de Wissembourg et la communaut\u00e9 de Communes de Bad Bergzabern.<\/p>\n<p><em>Source : Derni\u00e8res Nouvelles d&#8217;Alsace du 06\/05\/2015<\/em><\/p>\n","protected":false},"excerpt":{"rendered":"<p>A l&#8217;occasion de la semaine de l&#8217;Europe, qui s&#8217;est d\u00e9roul\u00e9e d\u00e9but mai \u00e0 Wissembourg, le maire Christian Gliech a eu la visite d&#8217;une d\u00e9l\u00e9gation venue, en train, du Land allemand voisin de Rh\u00e9nanie-Palatinat. La ministre-pr\u00e9sidente de ce Land, Manu Dreyer, \u00e9tait accompagn\u00e9e d&#8217;une d\u00e9l\u00e9gation du secteur des transports et des relations transfrontali\u00e8res. Ces \u00e9changes franco-allemands [&hellip;]<\/p>\n","protected":false},"author":3,"featured_media":0,"comment_status":"open","ping_status":"open","sticky":false,"template":"","format":"standard","meta":{"_exactmetrics_skip_tracking":false,"_exactmetrics_sitenote_active":false,"_exactmetrics_sitenote_note":"","_exactmetrics_sitenote_category":0,"footnotes":""},"categories":[11],"tags":[],"class_list":["post-567","post","type-post","status-publish","format-standard","hentry","category-mobilite-fr"],"yoast_head":"<!-- This site is optimized with the Yoast SEO plugin v23.5 - https:\/\/yoast.com\/wordpress\/plugins\/seo\/ -->\n<title>Semaine de l&#039;Europe \u00e0 Wissembourg : visite d&#039;une d\u00e9l\u00e9gation de Rh\u00e9nanie-Palatinatt - PAMINA Business Club<\/title>\n<meta name=\"robots\" content=\"index, follow, max-snippet:-1, max-image-preview:large, max-video-preview:-1\" \/>\n<link rel=\"canonical\" href=\"http:\/\/www.pamina-business.com\/semaine-de-leurope-a-wissembourg-visite-dune-delegation-de-rhenanie-palatinatt\/\" \/>\n<meta property=\"og:locale\" content=\"de_DE\" \/>\n<meta property=\"og:type\" content=\"article\" \/>\n<meta property=\"og:title\" content=\"Semaine de l&#039;Europe \u00e0 Wissembourg : visite d&#039;une d\u00e9l\u00e9gation de Rh\u00e9nanie-Palatinatt - PAMINA Business Club\" \/>\n<meta property=\"og:description\" content=\"A l&#8217;occasion de la semaine de l&#8217;Europe, qui s&#8217;est d\u00e9roul\u00e9e d\u00e9but mai \u00e0 Wissembourg, le maire Christian Gliech a eu la visite d&#8217;une d\u00e9l\u00e9gation venue, en train, du Land allemand voisin de Rh\u00e9nanie-Palatinat. La ministre-pr\u00e9sidente de ce Land, Manu Dreyer, \u00e9tait accompagn\u00e9e d&#8217;une d\u00e9l\u00e9gation du secteur des transports et des relations transfrontali\u00e8res. Ces \u00e9changes franco-allemands [&hellip;]\" \/>\n<meta property=\"og:url\" content=\"http:\/\/www.pamina-business.com\/semaine-de-leurope-a-wissembourg-visite-dune-delegation-de-rhenanie-palatinatt\/\" \/>\n<meta property=\"og:site_name\" content=\"PAMINA Business Club\" \/>\n<meta property=\"article:published_time\" content=\"2015-05-22T13:23:44+00:00\" \/>\n<meta property=\"article:modified_time\" content=\"2015-05-19T13:44:14+00:00\" \/>\n<meta name=\"author\" content=\"Monique STUTZMANN\" \/>\n<meta name=\"twitter:card\" content=\"summary_large_image\" \/>\n<meta name=\"twitter:label1\" content=\"Verfasst von\" \/>\n\t<meta name=\"twitter:data1\" content=\"Monique STUTZMANN\" \/>\n\t<meta name=\"twitter:label2\" content=\"Gesch\u00e4tzte Lesezeit\" \/>\n\t<meta name=\"twitter:data2\" content=\"1\u00a0Minute\" \/>\n<script type=\"application\/ld+json\" class=\"yoast-schema-graph\">{\"@context\":\"https:\/\/schema.org\",\"@graph\":[{\"@type\":\"WebPage\",\"@id\":\"http:\/\/www.pamina-business.com\/semaine-de-leurope-a-wissembourg-visite-dune-delegation-de-rhenanie-palatinatt\/\",\"url\":\"http:\/\/www.pamina-business.com\/semaine-de-leurope-a-wissembourg-visite-dune-delegation-de-rhenanie-palatinatt\/\",\"name\":\"Semaine de l'Europe \u00e0 Wissembourg : visite d'une d\u00e9l\u00e9gation de Rh\u00e9nanie-Palatinatt - PAMINA Business Club\",\"isPartOf\":{\"@id\":\"https:\/\/www.pamina-business.com\/de\/#website\"},\"datePublished\":\"2015-05-22T13:23:44+00:00\",\"dateModified\":\"2015-05-19T13:44:14+00:00\",\"author\":{\"@id\":\"https:\/\/www.pamina-business.com\/de\/#\/schema\/person\/9ab02536dbdbc5e3ef40bbc3452c8c69\"},\"breadcrumb\":{\"@id\":\"http:\/\/www.pamina-business.com\/semaine-de-leurope-a-wissembourg-visite-dune-delegation-de-rhenanie-palatinatt\/#breadcrumb\"},\"inLanguage\":\"de\",\"potentialAction\":[{\"@type\":\"ReadAction\",\"target\":[\"http:\/\/www.pamina-business.com\/semaine-de-leurope-a-wissembourg-visite-dune-delegation-de-rhenanie-palatinatt\/\"]}]},{\"@type\":\"BreadcrumbList\",\"@id\":\"http:\/\/www.pamina-business.com\/semaine-de-leurope-a-wissembourg-visite-dune-delegation-de-rhenanie-palatinatt\/#breadcrumb\",\"itemListElement\":[{\"@type\":\"ListItem\",\"position\":1,\"name\":\"Accueil\",\"item\":\"https:\/\/www.pamina-business.com\/de\/\"},{\"@type\":\"ListItem\",\"position\":2,\"name\":\"Semaine de l&rsquo;Europe \u00e0 Wissembourg : visite d&rsquo;une d\u00e9l\u00e9gation de Rh\u00e9nanie-Palatinatt\"}]},{\"@type\":\"WebSite\",\"@id\":\"https:\/\/www.pamina-business.com\/de\/#website\",\"url\":\"https:\/\/www.pamina-business.com\/de\/\",\"name\":\"PAMINA Business Club\",\"description\":\"Un site utilisant WordPress\",\"potentialAction\":[{\"@type\":\"SearchAction\",\"target\":{\"@type\":\"EntryPoint\",\"urlTemplate\":\"https:\/\/www.pamina-business.com\/de\/?s={search_term_string}\"},\"query-input\":{\"@type\":\"PropertyValueSpecification\",\"valueRequired\":true,\"valueName\":\"search_term_string\"}}],\"inLanguage\":\"de\"},{\"@type\":\"Person\",\"@id\":\"https:\/\/www.pamina-business.com\/de\/#\/schema\/person\/9ab02536dbdbc5e3ef40bbc3452c8c69\",\"name\":\"Monique STUTZMANN\",\"image\":{\"@type\":\"ImageObject\",\"inLanguage\":\"de\",\"@id\":\"https:\/\/www.pamina-business.com\/de\/#\/schema\/person\/image\/\",\"url\":\"https:\/\/secure.gravatar.com\/avatar\/cc1c3adf9a9f6e969d3da7b6b34ec66f5f4a6844dfc9145380a75e42cd91882e?s=96&d=mm&r=g\",\"contentUrl\":\"https:\/\/secure.gravatar.com\/avatar\/cc1c3adf9a9f6e969d3da7b6b34ec66f5f4a6844dfc9145380a75e42cd91882e?s=96&d=mm&r=g\",\"caption\":\"Monique STUTZMANN\"},\"url\":\"http:\/\/www.pamina-business.com\/de\/author\/monique\/\"}]}<\/script>\n<!-- \/ Yoast SEO plugin. -->","yoast_head_json":{"title":"Semaine de l'Europe \u00e0 Wissembourg : visite d'une d\u00e9l\u00e9gation de Rh\u00e9nanie-Palatinatt - PAMINA Business Club","robots":{"index":"index","follow":"follow","max-snippet":"max-snippet:-1","max-image-preview":"max-image-preview:large","max-video-preview":"max-video-preview:-1"},"canonical":"http:\/\/www.pamina-business.com\/semaine-de-leurope-a-wissembourg-visite-dune-delegation-de-rhenanie-palatinatt\/","og_locale":"de_DE","og_type":"article","og_title":"Semaine de l'Europe \u00e0 Wissembourg : visite d'une d\u00e9l\u00e9gation de Rh\u00e9nanie-Palatinatt - PAMINA Business Club","og_description":"A l&#8217;occasion de la semaine de l&#8217;Europe, qui s&#8217;est d\u00e9roul\u00e9e d\u00e9but mai \u00e0 Wissembourg, le maire Christian Gliech a eu la visite d&#8217;une d\u00e9l\u00e9gation venue, en train, du Land allemand voisin de Rh\u00e9nanie-Palatinat. La ministre-pr\u00e9sidente de ce Land, Manu Dreyer, \u00e9tait accompagn\u00e9e d&#8217;une d\u00e9l\u00e9gation du secteur des transports et des relations transfrontali\u00e8res. Ces \u00e9changes franco-allemands [&hellip;]","og_url":"http:\/\/www.pamina-business.com\/semaine-de-leurope-a-wissembourg-visite-dune-delegation-de-rhenanie-palatinatt\/","og_site_name":"PAMINA Business Club","article_published_time":"2015-05-22T13:23:44+00:00","article_modified_time":"2015-05-19T13:44:14+00:00","author":"Monique STUTZMANN","twitter_card":"summary_large_image","twitter_misc":{"Verfasst von":"Monique STUTZMANN","Gesch\u00e4tzte Lesezeit":"1\u00a0Minute"},"schema":{"@context":"https:\/\/schema.org","@graph":[{"@type":"WebPage","@id":"http:\/\/www.pamina-business.com\/semaine-de-leurope-a-wissembourg-visite-dune-delegation-de-rhenanie-palatinatt\/","url":"http:\/\/www.pamina-business.com\/semaine-de-leurope-a-wissembourg-visite-dune-delegation-de-rhenanie-palatinatt\/","name":"Semaine de l'Europe \u00e0 Wissembourg : visite d'une d\u00e9l\u00e9gation de Rh\u00e9nanie-Palatinatt - PAMINA Business Club","isPartOf":{"@id":"https:\/\/www.pamina-business.com\/de\/#website"},"datePublished":"2015-05-22T13:23:44+00:00","dateModified":"2015-05-19T13:44:14+00:00","author":{"@id":"https:\/\/www.pamina-business.com\/de\/#\/schema\/person\/9ab02536dbdbc5e3ef40bbc3452c8c69"},"breadcrumb":{"@id":"http:\/\/www.pamina-business.com\/semaine-de-leurope-a-wissembourg-visite-dune-delegation-de-rhenanie-palatinatt\/#breadcrumb"},"inLanguage":"de","potentialAction":[{"@type":"ReadAction","target":["http:\/\/www.pamina-business.com\/semaine-de-leurope-a-wissembourg-visite-dune-delegation-de-rhenanie-palatinatt\/"]}]},{"@type":"BreadcrumbList","@id":"http:\/\/www.pamina-business.com\/semaine-de-leurope-a-wissembourg-visite-dune-delegation-de-rhenanie-palatinatt\/#breadcrumb","itemListElement":[{"@type":"ListItem","position":1,"name":"Accueil","item":"https:\/\/www.pamina-business.com\/de\/"},{"@type":"ListItem","position":2,"name":"Semaine de l&rsquo;Europe \u00e0 Wissembourg : visite d&rsquo;une d\u00e9l\u00e9gation de Rh\u00e9nanie-Palatinatt"}]},{"@type":"WebSite","@id":"https:\/\/www.pamina-business.com\/de\/#website","url":"https:\/\/www.pamina-business.com\/de\/","name":"PAMINA Business Club","description":"Un site utilisant WordPress","potentialAction":[{"@type":"SearchAction","target":{"@type":"EntryPoint","urlTemplate":"https:\/\/www.pamina-business.com\/de\/?s={search_term_string}"},"query-input":{"@type":"PropertyValueSpecification","valueRequired":true,"valueName":"search_term_string"}}],"inLanguage":"de"},{"@type":"Person","@id":"https:\/\/www.pamina-business.com\/de\/#\/schema\/person\/9ab02536dbdbc5e3ef40bbc3452c8c69","name":"Monique STUTZMANN","image":{"@type":"ImageObject","inLanguage":"de","@id":"https:\/\/www.pamina-business.com\/de\/#\/schema\/person\/image\/","url":"https:\/\/secure.gravatar.com\/avatar\/cc1c3adf9a9f6e969d3da7b6b34ec66f5f4a6844dfc9145380a75e42cd91882e?s=96&d=mm&r=g","contentUrl":"https:\/\/secure.gravatar.com\/avatar\/cc1c3adf9a9f6e969d3da7b6b34ec66f5f4a6844dfc9145380a75e42cd91882e?s=96&d=mm&r=g","caption":"Monique STUTZMANN"},"url":"http:\/\/www.pamina-business.com\/de\/author\/monique\/"}]}},"_links":{"self":[{"href":"http:\/\/www.pamina-business.com\/de\/wp-json\/wp\/v2\/posts\/567","targetHints":{"allow":["GET"]}}],"collection":[{"href":"http:\/\/www.pamina-business.com\/de\/wp-json\/wp\/v2\/posts"}],"about":[{"href":"http:\/\/www.pamina-business.com\/de\/wp-json\/wp\/v2\/types\/post"}],"author":[{"embeddable":true,"href":"http:\/\/www.pamina-business.com\/de\/wp-json\/wp\/v2\/users\/3"}],"replies":[{"embeddable":true,"href":"http:\/\/www.pamina-business.com\/de\/wp-json\/wp\/v2\/comments?post=567"}],"version-history":[{"count":1,"href":"http:\/\/www.pamina-business.com\/de\/wp-json\/wp\/v2\/posts\/567\/revisions"}],"predecessor-version":[{"id":568,"href":"http:\/\/www.pamina-business.com\/de\/wp-json\/wp\/v2\/posts\/567\/revisions\/568"}],"wp:attachment":[{"href":"http:\/\/www.pamina-business.com\/de\/wp-json\/wp\/v2\/media?parent=567"}],"wp:term":[{"taxonomy":"category","embeddable":true,"href":"http:\/\/www.pamina-business.com\/de\/wp-json\/wp\/v2\/categories?post=567"},{"taxonomy":"post_tag","embeddable":true,"href":"http:\/\/www.pamina-business.com\/de\/wp-json\/wp\/v2\/tags?post=567"}],"curies":[{"name":"wp","href":"https:\/\/api.w.org\/{rel}","templated":true}]}}