{"id":529,"date":"2015-05-06T08:49:06","date_gmt":"2015-05-06T08:49:06","guid":{"rendered":"http:\/\/www.pamina-business.com\/?p=529"},"modified":"2015-04-30T14:51:22","modified_gmt":"2015-04-30T14:51:22","slug":"cooperation-trinationale-des-ports-du-rhin-superieur","status":"publish","type":"post","link":"http:\/\/www.pamina-business.com\/de\/cooperation-trinationale-des-ports-du-rhin-superieur\/","title":{"rendered":"Coop\u00e9ration trinationale des Ports du Rhin Sup\u00e9rieur"},"content":{"rendered":"<p>Les neuf ports du Rhin sup\u00e9rieur, qui ont engag\u00e9 une coop\u00e9ration trinationale depuis 2012 sous le pilotage du Port autonome de Strasbourg, viennent de soumettre leur candidature au nouvel appel \u00e0 projets de la Commission Europ\u00e9enne portant sur les transports. Les autorit\u00e9s portuaires concern\u00e9es envisagent de se doter d\u2019une plateforme informatique commune permettant d\u2019optimiser les processus logistiques du transport multimodal.<\/p>\n<p>Dans l&#8217;espace PAMINA, sont concern\u00e9s les Ports de Karlsruhe, W\u00f6rth, Germersheim ainsi que Lauterbourg (\u00e9largissement du Port autonome de Strasbourg).<\/p>\n<p>Source : DNA 24\/04\/2015<\/p>\n","protected":false},"excerpt":{"rendered":"<p>Les neuf ports du Rhin sup\u00e9rieur, qui ont engag\u00e9 une coop\u00e9ration trinationale depuis 2012 sous le pilotage du Port autonome de Strasbourg, viennent de soumettre leur candidature au nouvel appel \u00e0 projets de la Commission Europ\u00e9enne portant sur les transports. Les autorit\u00e9s portuaires concern\u00e9es envisagent de se doter d\u2019une plateforme informatique commune permettant d\u2019optimiser les [&hellip;]<\/p>\n","protected":false},"author":2,"featured_media":0,"comment_status":"open","ping_status":"open","sticky":false,"template":"","format":"standard","meta":{"_exactmetrics_skip_tracking":false,"_exactmetrics_sitenote_active":false,"_exactmetrics_sitenote_note":"","_exactmetrics_sitenote_category":0,"footnotes":""},"categories":[11],"tags":[],"class_list":["post-529","post","type-post","status-publish","format-standard","hentry","category-mobilite-fr"],"yoast_head":"<!-- This site is optimized with the Yoast SEO plugin v23.5 - https:\/\/yoast.com\/wordpress\/plugins\/seo\/ -->\n<title>Coop\u00e9ration trinationale des Ports du Rhin Sup\u00e9rieur - PAMINA Business Club<\/title>\n<meta name=\"robots\" content=\"index, follow, max-snippet:-1, max-image-preview:large, max-video-preview:-1\" \/>\n<link rel=\"canonical\" href=\"http:\/\/www.pamina-business.com\/de\/cooperation-trinationale-des-ports-du-rhin-superieur\/\" \/>\n<meta property=\"og:locale\" content=\"de_DE\" \/>\n<meta property=\"og:type\" content=\"article\" \/>\n<meta property=\"og:title\" content=\"Coop\u00e9ration trinationale des Ports du Rhin Sup\u00e9rieur - PAMINA Business Club\" \/>\n<meta property=\"og:description\" content=\"Les neuf ports du Rhin sup\u00e9rieur, qui ont engag\u00e9 une coop\u00e9ration trinationale depuis 2012 sous le pilotage du Port autonome de Strasbourg, viennent de soumettre leur candidature au nouvel appel \u00e0 projets de la Commission Europ\u00e9enne portant sur les transports. Les autorit\u00e9s portuaires concern\u00e9es envisagent de se doter d\u2019une plateforme informatique commune permettant d\u2019optimiser les [&hellip;]\" \/>\n<meta property=\"og:url\" content=\"http:\/\/www.pamina-business.com\/de\/cooperation-trinationale-des-ports-du-rhin-superieur\/\" \/>\n<meta property=\"og:site_name\" content=\"PAMINA Business Club\" \/>\n<meta property=\"article:published_time\" content=\"2015-05-06T08:49:06+00:00\" \/>\n<meta property=\"article:modified_time\" content=\"2015-04-30T14:51:22+00:00\" \/>\n<meta name=\"author\" content=\"Mathilde Lafaye\" \/>\n<meta name=\"twitter:card\" content=\"summary_large_image\" \/>\n<meta name=\"twitter:label1\" content=\"Verfasst von\" \/>\n\t<meta name=\"twitter:data1\" content=\"Mathilde Lafaye\" \/>\n<script type=\"application\/ld+json\" class=\"yoast-schema-graph\">{\"@context\":\"https:\/\/schema.org\",\"@graph\":[{\"@type\":\"WebPage\",\"@id\":\"http:\/\/www.pamina-business.com\/de\/cooperation-trinationale-des-ports-du-rhin-superieur\/\",\"url\":\"http:\/\/www.pamina-business.com\/de\/cooperation-trinationale-des-ports-du-rhin-superieur\/\",\"name\":\"Coop\u00e9ration trinationale des Ports du Rhin Sup\u00e9rieur - PAMINA Business Club\",\"isPartOf\":{\"@id\":\"http:\/\/www.pamina-business.com\/de\/#website\"},\"datePublished\":\"2015-05-06T08:49:06+00:00\",\"dateModified\":\"2015-04-30T14:51:22+00:00\",\"author\":{\"@id\":\"http:\/\/www.pamina-business.com\/de\/#\/schema\/person\/184feea9fbad808d50c1eefebdbcd9be\"},\"breadcrumb\":{\"@id\":\"http:\/\/www.pamina-business.com\/de\/cooperation-trinationale-des-ports-du-rhin-superieur\/#breadcrumb\"},\"inLanguage\":\"de\",\"potentialAction\":[{\"@type\":\"ReadAction\",\"target\":[\"http:\/\/www.pamina-business.com\/de\/cooperation-trinationale-des-ports-du-rhin-superieur\/\"]}]},{\"@type\":\"BreadcrumbList\",\"@id\":\"http:\/\/www.pamina-business.com\/de\/cooperation-trinationale-des-ports-du-rhin-superieur\/#breadcrumb\",\"itemListElement\":[{\"@type\":\"ListItem\",\"position\":1,\"name\":\"Accueil\",\"item\":\"http:\/\/www.pamina-business.com\/de\/\"},{\"@type\":\"ListItem\",\"position\":2,\"name\":\"Coop\u00e9ration trinationale des Ports du Rhin Sup\u00e9rieur\"}]},{\"@type\":\"WebSite\",\"@id\":\"http:\/\/www.pamina-business.com\/de\/#website\",\"url\":\"http:\/\/www.pamina-business.com\/de\/\",\"name\":\"PAMINA Business Club\",\"description\":\"Un site utilisant WordPress\",\"potentialAction\":[{\"@type\":\"SearchAction\",\"target\":{\"@type\":\"EntryPoint\",\"urlTemplate\":\"http:\/\/www.pamina-business.com\/de\/?s={search_term_string}\"},\"query-input\":{\"@type\":\"PropertyValueSpecification\",\"valueRequired\":true,\"valueName\":\"search_term_string\"}}],\"inLanguage\":\"de\"},{\"@type\":\"Person\",\"@id\":\"http:\/\/www.pamina-business.com\/de\/#\/schema\/person\/184feea9fbad808d50c1eefebdbcd9be\",\"name\":\"Mathilde Lafaye\",\"image\":{\"@type\":\"ImageObject\",\"inLanguage\":\"de\",\"@id\":\"http:\/\/www.pamina-business.com\/de\/#\/schema\/person\/image\/\",\"url\":\"https:\/\/secure.gravatar.com\/avatar\/8c9e676580786e01744d1678a355283bc36b914e4f9ee0d99e4ba2f24b738831?s=96&d=mm&r=g\",\"contentUrl\":\"https:\/\/secure.gravatar.com\/avatar\/8c9e676580786e01744d1678a355283bc36b914e4f9ee0d99e4ba2f24b738831?s=96&d=mm&r=g\",\"caption\":\"Mathilde Lafaye\"},\"url\":\"http:\/\/www.pamina-business.com\/de\/author\/mathilde\/\"}]}<\/script>\n<!-- \/ Yoast SEO plugin. -->","yoast_head_json":{"title":"Coop\u00e9ration trinationale des Ports du Rhin Sup\u00e9rieur - PAMINA Business Club","robots":{"index":"index","follow":"follow","max-snippet":"max-snippet:-1","max-image-preview":"max-image-preview:large","max-video-preview":"max-video-preview:-1"},"canonical":"http:\/\/www.pamina-business.com\/de\/cooperation-trinationale-des-ports-du-rhin-superieur\/","og_locale":"de_DE","og_type":"article","og_title":"Coop\u00e9ration trinationale des Ports du Rhin Sup\u00e9rieur - PAMINA Business Club","og_description":"Les neuf ports du Rhin sup\u00e9rieur, qui ont engag\u00e9 une coop\u00e9ration trinationale depuis 2012 sous le pilotage du Port autonome de Strasbourg, viennent de soumettre leur candidature au nouvel appel \u00e0 projets de la Commission Europ\u00e9enne portant sur les transports. Les autorit\u00e9s portuaires concern\u00e9es envisagent de se doter d\u2019une plateforme informatique commune permettant d\u2019optimiser les [&hellip;]","og_url":"http:\/\/www.pamina-business.com\/de\/cooperation-trinationale-des-ports-du-rhin-superieur\/","og_site_name":"PAMINA Business Club","article_published_time":"2015-05-06T08:49:06+00:00","article_modified_time":"2015-04-30T14:51:22+00:00","author":"Mathilde Lafaye","twitter_card":"summary_large_image","twitter_misc":{"Verfasst von":"Mathilde Lafaye"},"schema":{"@context":"https:\/\/schema.org","@graph":[{"@type":"WebPage","@id":"http:\/\/www.pamina-business.com\/de\/cooperation-trinationale-des-ports-du-rhin-superieur\/","url":"http:\/\/www.pamina-business.com\/de\/cooperation-trinationale-des-ports-du-rhin-superieur\/","name":"Coop\u00e9ration trinationale des Ports du Rhin Sup\u00e9rieur - PAMINA Business Club","isPartOf":{"@id":"http:\/\/www.pamina-business.com\/de\/#website"},"datePublished":"2015-05-06T08:49:06+00:00","dateModified":"2015-04-30T14:51:22+00:00","author":{"@id":"http:\/\/www.pamina-business.com\/de\/#\/schema\/person\/184feea9fbad808d50c1eefebdbcd9be"},"breadcrumb":{"@id":"http:\/\/www.pamina-business.com\/de\/cooperation-trinationale-des-ports-du-rhin-superieur\/#breadcrumb"},"inLanguage":"de","potentialAction":[{"@type":"ReadAction","target":["http:\/\/www.pamina-business.com\/de\/cooperation-trinationale-des-ports-du-rhin-superieur\/"]}]},{"@type":"BreadcrumbList","@id":"http:\/\/www.pamina-business.com\/de\/cooperation-trinationale-des-ports-du-rhin-superieur\/#breadcrumb","itemListElement":[{"@type":"ListItem","position":1,"name":"Accueil","item":"http:\/\/www.pamina-business.com\/de\/"},{"@type":"ListItem","position":2,"name":"Coop\u00e9ration trinationale des Ports du Rhin Sup\u00e9rieur"}]},{"@type":"WebSite","@id":"http:\/\/www.pamina-business.com\/de\/#website","url":"http:\/\/www.pamina-business.com\/de\/","name":"PAMINA Business Club","description":"Un site utilisant WordPress","potentialAction":[{"@type":"SearchAction","target":{"@type":"EntryPoint","urlTemplate":"http:\/\/www.pamina-business.com\/de\/?s={search_term_string}"},"query-input":{"@type":"PropertyValueSpecification","valueRequired":true,"valueName":"search_term_string"}}],"inLanguage":"de"},{"@type":"Person","@id":"http:\/\/www.pamina-business.com\/de\/#\/schema\/person\/184feea9fbad808d50c1eefebdbcd9be","name":"Mathilde Lafaye","image":{"@type":"ImageObject","inLanguage":"de","@id":"http:\/\/www.pamina-business.com\/de\/#\/schema\/person\/image\/","url":"https:\/\/secure.gravatar.com\/avatar\/8c9e676580786e01744d1678a355283bc36b914e4f9ee0d99e4ba2f24b738831?s=96&d=mm&r=g","contentUrl":"https:\/\/secure.gravatar.com\/avatar\/8c9e676580786e01744d1678a355283bc36b914e4f9ee0d99e4ba2f24b738831?s=96&d=mm&r=g","caption":"Mathilde Lafaye"},"url":"http:\/\/www.pamina-business.com\/de\/author\/mathilde\/"}]}},"_links":{"self":[{"href":"http:\/\/www.pamina-business.com\/de\/wp-json\/wp\/v2\/posts\/529","targetHints":{"allow":["GET"]}}],"collection":[{"href":"http:\/\/www.pamina-business.com\/de\/wp-json\/wp\/v2\/posts"}],"about":[{"href":"http:\/\/www.pamina-business.com\/de\/wp-json\/wp\/v2\/types\/post"}],"author":[{"embeddable":true,"href":"http:\/\/www.pamina-business.com\/de\/wp-json\/wp\/v2\/users\/2"}],"replies":[{"embeddable":true,"href":"http:\/\/www.pamina-business.com\/de\/wp-json\/wp\/v2\/comments?post=529"}],"version-history":[{"count":1,"href":"http:\/\/www.pamina-business.com\/de\/wp-json\/wp\/v2\/posts\/529\/revisions"}],"predecessor-version":[{"id":530,"href":"http:\/\/www.pamina-business.com\/de\/wp-json\/wp\/v2\/posts\/529\/revisions\/530"}],"wp:attachment":[{"href":"http:\/\/www.pamina-business.com\/de\/wp-json\/wp\/v2\/media?parent=529"}],"wp:term":[{"taxonomy":"category","embeddable":true,"href":"http:\/\/www.pamina-business.com\/de\/wp-json\/wp\/v2\/categories?post=529"},{"taxonomy":"post_tag","embeddable":true,"href":"http:\/\/www.pamina-business.com\/de\/wp-json\/wp\/v2\/tags?post=529"}],"curies":[{"name":"wp","href":"https:\/\/api.w.org\/{rel}","templated":true}]}}