{"id":5059,"date":"2022-12-20T14:17:46","date_gmt":"2022-12-20T14:17:46","guid":{"rendered":"https:\/\/www.pamina-business.com\/?p=5059"},"modified":"2022-12-20T14:19:33","modified_gmt":"2022-12-20T14:19:33","slug":"aen-save-the-date-regiotransformation-informationsveranstaltung-zum-projektstart","status":"publish","type":"post","link":"http:\/\/www.pamina-business.com\/de\/aen-save-the-date-regiotransformation-informationsveranstaltung-zum-projektstart\/","title":{"rendered":"AEN &#8211; Save the date regioTransformation &#8211; Informationsveranstaltung zum Projektstart"},"content":{"rendered":"<p><strong>27.01.2023, 13:00 \u2013 15:00 Uhr<\/strong><\/p>\n<p><strong>Karlsruhe, Pr\u00e4senzveranstaltung<\/strong><\/p>\n<p>AEN hat das C35 F\u00f6rderprojekt regioTransformation gewonnen und m\u00f6chte alle Mitglieder, interessierte Firmen und Akteure \u00fcber die Zielsetzung und geplanten Aktivit\u00e4ten informieren.<\/p>\n<p>Einen Kurzvortrag finden Sie unter:<\/p>\n<p><strong><a href=\"https:\/\/ae-network.de\/wp-content\/uploads\/2022\/11\/Transformation-Automobilwirtschaft-2022-10-28_Vortrag-Waldemar.pdf\">https:\/\/ae-network.de\/wp-content\/uploads\/2022\/11\/Transformation-Automobilwirtschaft-2022-10-28_Vortrag-Waldemar.pdf<\/a><\/strong><\/p>\n<p>Anmeldung: ab 09.01.2023 unter <a href=\"http:\/\/www.ae-network.de\">www.ae-network.de<\/a><\/p>\n","protected":false},"excerpt":{"rendered":"<p>27.01.2023, 13:00 \u2013 15:00 Uhr Karlsruhe, Pr\u00e4senzveranstaltung AEN hat das C35 F\u00f6rderprojekt regioTransformation gewonnen und m\u00f6chte alle Mitglieder, interessierte Firmen und Akteure \u00fcber die Zielsetzung und geplanten Aktivit\u00e4ten informieren. Einen Kurzvortrag finden Sie unter: https:\/\/ae-network.de\/wp-content\/uploads\/2022\/11\/Transformation-Automobilwirtschaft-2022-10-28_Vortrag-Waldemar.pdf Anmeldung: ab 09.01.2023 unter www.ae-network.de<\/p>\n","protected":false},"author":2,"featured_media":0,"comment_status":"open","ping_status":"open","sticky":false,"template":"","format":"standard","meta":{"_exactmetrics_skip_tracking":false,"_exactmetrics_sitenote_active":false,"_exactmetrics_sitenote_note":"","_exactmetrics_sitenote_category":0,"footnotes":""},"categories":[59],"tags":[],"class_list":["post-5059","post","type-post","status-publish","format-standard","hentry","category-ereignisse-de"],"yoast_head":"<!-- This site is optimized with the Yoast SEO plugin v23.5 - https:\/\/yoast.com\/wordpress\/plugins\/seo\/ -->\n<title>AEN - Save the date regioTransformation - Informationsveranstaltung zum Projektstart - PAMINA Business Club<\/title>\n<meta name=\"robots\" content=\"index, follow, max-snippet:-1, max-image-preview:large, max-video-preview:-1\" \/>\n<link rel=\"canonical\" href=\"http:\/\/www.pamina-business.com\/de\/aen-save-the-date-regiotransformation-informationsveranstaltung-zum-projektstart\/\" \/>\n<meta property=\"og:locale\" content=\"de_DE\" \/>\n<meta property=\"og:type\" content=\"article\" \/>\n<meta property=\"og:title\" content=\"AEN - Save the date regioTransformation - Informationsveranstaltung zum Projektstart - PAMINA Business Club\" \/>\n<meta property=\"og:description\" content=\"27.01.2023, 13:00 \u2013 15:00 Uhr Karlsruhe, Pr\u00e4senzveranstaltung AEN hat das C35 F\u00f6rderprojekt regioTransformation gewonnen und m\u00f6chte alle Mitglieder, interessierte Firmen und Akteure \u00fcber die Zielsetzung und geplanten Aktivit\u00e4ten informieren. Einen Kurzvortrag finden Sie unter: https:\/\/ae-network.de\/wp-content\/uploads\/2022\/11\/Transformation-Automobilwirtschaft-2022-10-28_Vortrag-Waldemar.pdf Anmeldung: ab 09.01.2023 unter www.ae-network.de\" \/>\n<meta property=\"og:url\" content=\"http:\/\/www.pamina-business.com\/de\/aen-save-the-date-regiotransformation-informationsveranstaltung-zum-projektstart\/\" \/>\n<meta property=\"og:site_name\" content=\"PAMINA Business Club\" \/>\n<meta property=\"article:published_time\" content=\"2022-12-20T14:17:46+00:00\" \/>\n<meta property=\"article:modified_time\" content=\"2022-12-20T14:19:33+00:00\" \/>\n<meta name=\"author\" content=\"Mathilde Lafaye\" \/>\n<meta name=\"twitter:card\" content=\"summary_large_image\" \/>\n<meta name=\"twitter:label1\" content=\"Verfasst von\" \/>\n\t<meta name=\"twitter:data1\" content=\"Mathilde Lafaye\" \/>\n<script type=\"application\/ld+json\" class=\"yoast-schema-graph\">{\"@context\":\"https:\/\/schema.org\",\"@graph\":[{\"@type\":\"WebPage\",\"@id\":\"http:\/\/www.pamina-business.com\/de\/aen-save-the-date-regiotransformation-informationsveranstaltung-zum-projektstart\/\",\"url\":\"http:\/\/www.pamina-business.com\/de\/aen-save-the-date-regiotransformation-informationsveranstaltung-zum-projektstart\/\",\"name\":\"AEN - Save the date regioTransformation - Informationsveranstaltung zum Projektstart - PAMINA Business Club\",\"isPartOf\":{\"@id\":\"http:\/\/www.pamina-business.com\/de\/#website\"},\"datePublished\":\"2022-12-20T14:17:46+00:00\",\"dateModified\":\"2022-12-20T14:19:33+00:00\",\"author\":{\"@id\":\"http:\/\/www.pamina-business.com\/de\/#\/schema\/person\/184feea9fbad808d50c1eefebdbcd9be\"},\"breadcrumb\":{\"@id\":\"http:\/\/www.pamina-business.com\/de\/aen-save-the-date-regiotransformation-informationsveranstaltung-zum-projektstart\/#breadcrumb\"},\"inLanguage\":\"de\",\"potentialAction\":[{\"@type\":\"ReadAction\",\"target\":[\"http:\/\/www.pamina-business.com\/de\/aen-save-the-date-regiotransformation-informationsveranstaltung-zum-projektstart\/\"]}]},{\"@type\":\"BreadcrumbList\",\"@id\":\"http:\/\/www.pamina-business.com\/de\/aen-save-the-date-regiotransformation-informationsveranstaltung-zum-projektstart\/#breadcrumb\",\"itemListElement\":[{\"@type\":\"ListItem\",\"position\":1,\"name\":\"Accueil\",\"item\":\"http:\/\/www.pamina-business.com\/de\/\"},{\"@type\":\"ListItem\",\"position\":2,\"name\":\"AEN &#8211; Save the date regioTransformation &#8211; Informationsveranstaltung zum Projektstart\"}]},{\"@type\":\"WebSite\",\"@id\":\"http:\/\/www.pamina-business.com\/de\/#website\",\"url\":\"http:\/\/www.pamina-business.com\/de\/\",\"name\":\"PAMINA Business Club\",\"description\":\"Un site utilisant WordPress\",\"potentialAction\":[{\"@type\":\"SearchAction\",\"target\":{\"@type\":\"EntryPoint\",\"urlTemplate\":\"http:\/\/www.pamina-business.com\/de\/?s={search_term_string}\"},\"query-input\":{\"@type\":\"PropertyValueSpecification\",\"valueRequired\":true,\"valueName\":\"search_term_string\"}}],\"inLanguage\":\"de\"},{\"@type\":\"Person\",\"@id\":\"http:\/\/www.pamina-business.com\/de\/#\/schema\/person\/184feea9fbad808d50c1eefebdbcd9be\",\"name\":\"Mathilde Lafaye\",\"image\":{\"@type\":\"ImageObject\",\"inLanguage\":\"de\",\"@id\":\"http:\/\/www.pamina-business.com\/de\/#\/schema\/person\/image\/\",\"url\":\"https:\/\/secure.gravatar.com\/avatar\/8c9e676580786e01744d1678a355283bc36b914e4f9ee0d99e4ba2f24b738831?s=96&d=mm&r=g\",\"contentUrl\":\"https:\/\/secure.gravatar.com\/avatar\/8c9e676580786e01744d1678a355283bc36b914e4f9ee0d99e4ba2f24b738831?s=96&d=mm&r=g\",\"caption\":\"Mathilde Lafaye\"},\"url\":\"http:\/\/www.pamina-business.com\/de\/author\/mathilde\/\"}]}<\/script>\n<!-- \/ Yoast SEO plugin. -->","yoast_head_json":{"title":"AEN - Save the date regioTransformation - Informationsveranstaltung zum Projektstart - PAMINA Business Club","robots":{"index":"index","follow":"follow","max-snippet":"max-snippet:-1","max-image-preview":"max-image-preview:large","max-video-preview":"max-video-preview:-1"},"canonical":"http:\/\/www.pamina-business.com\/de\/aen-save-the-date-regiotransformation-informationsveranstaltung-zum-projektstart\/","og_locale":"de_DE","og_type":"article","og_title":"AEN - Save the date regioTransformation - Informationsveranstaltung zum Projektstart - PAMINA Business Club","og_description":"27.01.2023, 13:00 \u2013 15:00 Uhr Karlsruhe, Pr\u00e4senzveranstaltung AEN hat das C35 F\u00f6rderprojekt regioTransformation gewonnen und m\u00f6chte alle Mitglieder, interessierte Firmen und Akteure \u00fcber die Zielsetzung und geplanten Aktivit\u00e4ten informieren. Einen Kurzvortrag finden Sie unter: https:\/\/ae-network.de\/wp-content\/uploads\/2022\/11\/Transformation-Automobilwirtschaft-2022-10-28_Vortrag-Waldemar.pdf Anmeldung: ab 09.01.2023 unter www.ae-network.de","og_url":"http:\/\/www.pamina-business.com\/de\/aen-save-the-date-regiotransformation-informationsveranstaltung-zum-projektstart\/","og_site_name":"PAMINA Business Club","article_published_time":"2022-12-20T14:17:46+00:00","article_modified_time":"2022-12-20T14:19:33+00:00","author":"Mathilde Lafaye","twitter_card":"summary_large_image","twitter_misc":{"Verfasst von":"Mathilde Lafaye"},"schema":{"@context":"https:\/\/schema.org","@graph":[{"@type":"WebPage","@id":"http:\/\/www.pamina-business.com\/de\/aen-save-the-date-regiotransformation-informationsveranstaltung-zum-projektstart\/","url":"http:\/\/www.pamina-business.com\/de\/aen-save-the-date-regiotransformation-informationsveranstaltung-zum-projektstart\/","name":"AEN - Save the date regioTransformation - Informationsveranstaltung zum Projektstart - PAMINA Business Club","isPartOf":{"@id":"http:\/\/www.pamina-business.com\/de\/#website"},"datePublished":"2022-12-20T14:17:46+00:00","dateModified":"2022-12-20T14:19:33+00:00","author":{"@id":"http:\/\/www.pamina-business.com\/de\/#\/schema\/person\/184feea9fbad808d50c1eefebdbcd9be"},"breadcrumb":{"@id":"http:\/\/www.pamina-business.com\/de\/aen-save-the-date-regiotransformation-informationsveranstaltung-zum-projektstart\/#breadcrumb"},"inLanguage":"de","potentialAction":[{"@type":"ReadAction","target":["http:\/\/www.pamina-business.com\/de\/aen-save-the-date-regiotransformation-informationsveranstaltung-zum-projektstart\/"]}]},{"@type":"BreadcrumbList","@id":"http:\/\/www.pamina-business.com\/de\/aen-save-the-date-regiotransformation-informationsveranstaltung-zum-projektstart\/#breadcrumb","itemListElement":[{"@type":"ListItem","position":1,"name":"Accueil","item":"http:\/\/www.pamina-business.com\/de\/"},{"@type":"ListItem","position":2,"name":"AEN &#8211; Save the date regioTransformation &#8211; Informationsveranstaltung zum Projektstart"}]},{"@type":"WebSite","@id":"http:\/\/www.pamina-business.com\/de\/#website","url":"http:\/\/www.pamina-business.com\/de\/","name":"PAMINA Business Club","description":"Un site utilisant WordPress","potentialAction":[{"@type":"SearchAction","target":{"@type":"EntryPoint","urlTemplate":"http:\/\/www.pamina-business.com\/de\/?s={search_term_string}"},"query-input":{"@type":"PropertyValueSpecification","valueRequired":true,"valueName":"search_term_string"}}],"inLanguage":"de"},{"@type":"Person","@id":"http:\/\/www.pamina-business.com\/de\/#\/schema\/person\/184feea9fbad808d50c1eefebdbcd9be","name":"Mathilde Lafaye","image":{"@type":"ImageObject","inLanguage":"de","@id":"http:\/\/www.pamina-business.com\/de\/#\/schema\/person\/image\/","url":"https:\/\/secure.gravatar.com\/avatar\/8c9e676580786e01744d1678a355283bc36b914e4f9ee0d99e4ba2f24b738831?s=96&d=mm&r=g","contentUrl":"https:\/\/secure.gravatar.com\/avatar\/8c9e676580786e01744d1678a355283bc36b914e4f9ee0d99e4ba2f24b738831?s=96&d=mm&r=g","caption":"Mathilde Lafaye"},"url":"http:\/\/www.pamina-business.com\/de\/author\/mathilde\/"}]}},"_links":{"self":[{"href":"http:\/\/www.pamina-business.com\/de\/wp-json\/wp\/v2\/posts\/5059","targetHints":{"allow":["GET"]}}],"collection":[{"href":"http:\/\/www.pamina-business.com\/de\/wp-json\/wp\/v2\/posts"}],"about":[{"href":"http:\/\/www.pamina-business.com\/de\/wp-json\/wp\/v2\/types\/post"}],"author":[{"embeddable":true,"href":"http:\/\/www.pamina-business.com\/de\/wp-json\/wp\/v2\/users\/2"}],"replies":[{"embeddable":true,"href":"http:\/\/www.pamina-business.com\/de\/wp-json\/wp\/v2\/comments?post=5059"}],"version-history":[{"count":1,"href":"http:\/\/www.pamina-business.com\/de\/wp-json\/wp\/v2\/posts\/5059\/revisions"}],"predecessor-version":[{"id":5060,"href":"http:\/\/www.pamina-business.com\/de\/wp-json\/wp\/v2\/posts\/5059\/revisions\/5060"}],"wp:attachment":[{"href":"http:\/\/www.pamina-business.com\/de\/wp-json\/wp\/v2\/media?parent=5059"}],"wp:term":[{"taxonomy":"category","embeddable":true,"href":"http:\/\/www.pamina-business.com\/de\/wp-json\/wp\/v2\/categories?post=5059"},{"taxonomy":"post_tag","embeddable":true,"href":"http:\/\/www.pamina-business.com\/de\/wp-json\/wp\/v2\/tags?post=5059"}],"curies":[{"name":"wp","href":"https:\/\/api.w.org\/{rel}","templated":true}]}}