{"id":4947,"date":"2022-03-18T09:34:03","date_gmt":"2022-03-18T09:34:03","guid":{"rendered":"http:\/\/www.pamina-business.com\/?p=4947"},"modified":"2022-03-18T09:34:03","modified_gmt":"2022-03-18T09:34:03","slug":"veranstaltung-transformation-regionale-automobilwirtschaft-am-28-04-2022","status":"publish","type":"post","link":"http:\/\/www.pamina-business.com\/de\/veranstaltung-transformation-regionale-automobilwirtschaft-am-28-04-2022\/","title":{"rendered":"Veranstaltung &#8222;Transformation regionale Automobilwirtschaft&#8220; am 28.04.2022"},"content":{"rendered":"<p><a href=\"http:\/\/www.pamina-business.com\/wp-content\/uploads\/2022\/03\/image002.jpg\"><img loading=\"lazy\" decoding=\"async\" class=\"aligncenter wp-image-4948\" src=\"http:\/\/www.pamina-business.com\/wp-content\/uploads\/2022\/03\/image002.jpg\" alt=\"\" width=\"1130\" height=\"548\" srcset=\"http:\/\/www.pamina-business.com\/wp-content\/uploads\/2022\/03\/image002.jpg 1729w, http:\/\/www.pamina-business.com\/wp-content\/uploads\/2022\/03\/image002-300x146.jpg 300w, http:\/\/www.pamina-business.com\/wp-content\/uploads\/2022\/03\/image002-1024x497.jpg 1024w, http:\/\/www.pamina-business.com\/wp-content\/uploads\/2022\/03\/image002-768x373.jpg 768w, http:\/\/www.pamina-business.com\/wp-content\/uploads\/2022\/03\/image002-1536x745.jpg 1536w\" sizes=\"auto, (max-width: 1130px) 100vw, 1130px\" \/><\/a><\/p>\n<p style=\"text-align: justify;\">Die wirtschaftliche Entwicklung S\u00fcdwest-Deutschlands ist sehr stark von der Automobilindustrie abh\u00e4ngig. Neben Forschung und Entwicklung sind viele Arbeitspl\u00e4tze in der Produktion oder in produktionsnahen Bereichen angesiedelt. Allein in der TRK-Region bis zu 20.000 Arbeitspl\u00e4tze. Wir stehen vor einem gewaltigen Transformationsprozess.<\/p>\n<p>&nbsp;<\/p>\n<p style=\"text-align: justify;\">Das Automotive Engineering Network (aen) ist regional bereits die anerkannte Institution in den Bereichen Automotive, neue Mobilit\u00e4tskonzepte und Engineering. Den notwendigen Transformationsprozess in der Region will das aen mit allen relevanten Partnern intensivieren. Die Auftaktveranstaltung hat bereits im September 2021 stattgefunden. Weitere Termine sind in 2022 geplant.<\/p>\n<p>&nbsp;<\/p>\n<p style=\"text-align: center;\">Wir laden Sie herzlich ein zur Veranstaltung \u201e<strong>Transformation regionale Automobilwirtschaft<\/strong>\u201c<\/p>\n<p style=\"text-align: center;\"><strong>Am Donnerstag, den 28. April 2022<\/strong><br \/>\n<strong>Von 08:30 Uhr bis 11:30 Uhr<br \/>\n<\/strong><br \/>\n<strong>Ort: Unimog-Museum in Gaggenau<br \/>\n<\/strong><br \/>\nEinlass ab 08:00 Uhr zum Business Fr\u00fchst\u00fcck<\/p>\n<p style=\"text-align: center;\"><strong>Anmeldung: <a href=\"https:\/\/eveeno.com\/811783900\">https:\/\/eveeno.com\/811783900<\/a><br \/>\n<\/strong><br \/>\n<strong><a href=\"https:\/\/ae-network.de\/wp-content\/uploads\/2022\/03\/Einladung-Transformation-Automobilwirtschaft-28_04_2022.pdf\">Zum Programm<\/a><\/strong><\/p>\n<p>&nbsp;<\/p>\n","protected":false},"excerpt":{"rendered":"<p>Die wirtschaftliche Entwicklung S\u00fcdwest-Deutschlands ist sehr stark von der Automobilindustrie abh\u00e4ngig. Neben Forschung und Entwicklung sind viele Arbeitspl\u00e4tze in der Produktion oder in produktionsnahen Bereichen angesiedelt. Allein in der TRK-Region bis zu 20.000 Arbeitspl\u00e4tze. Wir stehen vor einem gewaltigen Transformationsprozess. &nbsp; Das Automotive Engineering Network (aen) ist regional bereits die anerkannte Institution in den Bereichen [&hellip;]<\/p>\n","protected":false},"author":6,"featured_media":0,"comment_status":"open","ping_status":"open","sticky":false,"template":"","format":"standard","meta":{"_exactmetrics_skip_tracking":false,"_exactmetrics_sitenote_active":false,"_exactmetrics_sitenote_note":"","_exactmetrics_sitenote_category":0,"footnotes":""},"categories":[59,60,62,66],"tags":[],"class_list":["post-4947","post","type-post","status-publish","format-standard","hentry","category-ereignisse-de","category-industrie-de","category-mobilitat-de","category-wirtschaft"],"yoast_head":"<!-- This site is optimized with the Yoast SEO plugin v23.5 - https:\/\/yoast.com\/wordpress\/plugins\/seo\/ -->\n<title>Veranstaltung &quot;Transformation regionale Automobilwirtschaft&quot; am 28.04.2022 - PAMINA Business Club<\/title>\n<meta name=\"robots\" content=\"index, follow, max-snippet:-1, max-image-preview:large, max-video-preview:-1\" \/>\n<link rel=\"canonical\" href=\"http:\/\/www.pamina-business.com\/de\/veranstaltung-transformation-regionale-automobilwirtschaft-am-28-04-2022\/\" \/>\n<meta property=\"og:locale\" content=\"de_DE\" \/>\n<meta property=\"og:type\" content=\"article\" \/>\n<meta property=\"og:title\" content=\"Veranstaltung &quot;Transformation regionale Automobilwirtschaft&quot; am 28.04.2022 - PAMINA Business Club\" \/>\n<meta property=\"og:description\" content=\"Die wirtschaftliche Entwicklung S\u00fcdwest-Deutschlands ist sehr stark von der Automobilindustrie abh\u00e4ngig. Neben Forschung und Entwicklung sind viele Arbeitspl\u00e4tze in der Produktion oder in produktionsnahen Bereichen angesiedelt. Allein in der TRK-Region bis zu 20.000 Arbeitspl\u00e4tze. Wir stehen vor einem gewaltigen Transformationsprozess. &nbsp; Das Automotive Engineering Network (aen) ist regional bereits die anerkannte Institution in den Bereichen [&hellip;]\" \/>\n<meta property=\"og:url\" content=\"http:\/\/www.pamina-business.com\/de\/veranstaltung-transformation-regionale-automobilwirtschaft-am-28-04-2022\/\" \/>\n<meta property=\"og:site_name\" content=\"PAMINA Business Club\" \/>\n<meta property=\"article:published_time\" content=\"2022-03-18T09:34:03+00:00\" \/>\n<meta property=\"og:image\" content=\"http:\/\/www.pamina-business.com\/wp-content\/uploads\/2022\/03\/image002.jpg\" \/>\n<meta name=\"author\" content=\"Cindy Lequeux\" \/>\n<meta name=\"twitter:card\" content=\"summary_large_image\" \/>\n<meta name=\"twitter:label1\" content=\"Verfasst von\" \/>\n\t<meta name=\"twitter:data1\" content=\"Cindy Lequeux\" \/>\n\t<meta name=\"twitter:label2\" content=\"Gesch\u00e4tzte Lesezeit\" \/>\n\t<meta name=\"twitter:data2\" content=\"1\u00a0Minute\" \/>\n<script type=\"application\/ld+json\" class=\"yoast-schema-graph\">{\"@context\":\"https:\/\/schema.org\",\"@graph\":[{\"@type\":\"WebPage\",\"@id\":\"http:\/\/www.pamina-business.com\/de\/veranstaltung-transformation-regionale-automobilwirtschaft-am-28-04-2022\/\",\"url\":\"http:\/\/www.pamina-business.com\/de\/veranstaltung-transformation-regionale-automobilwirtschaft-am-28-04-2022\/\",\"name\":\"Veranstaltung \\\"Transformation regionale Automobilwirtschaft\\\" am 28.04.2022 - PAMINA Business Club\",\"isPartOf\":{\"@id\":\"http:\/\/www.pamina-business.com\/de\/#website\"},\"primaryImageOfPage\":{\"@id\":\"http:\/\/www.pamina-business.com\/de\/veranstaltung-transformation-regionale-automobilwirtschaft-am-28-04-2022\/#primaryimage\"},\"image\":{\"@id\":\"http:\/\/www.pamina-business.com\/de\/veranstaltung-transformation-regionale-automobilwirtschaft-am-28-04-2022\/#primaryimage\"},\"thumbnailUrl\":\"http:\/\/www.pamina-business.com\/wp-content\/uploads\/2022\/03\/image002.jpg\",\"datePublished\":\"2022-03-18T09:34:03+00:00\",\"dateModified\":\"2022-03-18T09:34:03+00:00\",\"author\":{\"@id\":\"http:\/\/www.pamina-business.com\/de\/#\/schema\/person\/67e8f036d3adcef502c5024a54bf40d2\"},\"breadcrumb\":{\"@id\":\"http:\/\/www.pamina-business.com\/de\/veranstaltung-transformation-regionale-automobilwirtschaft-am-28-04-2022\/#breadcrumb\"},\"inLanguage\":\"de\",\"potentialAction\":[{\"@type\":\"ReadAction\",\"target\":[\"http:\/\/www.pamina-business.com\/de\/veranstaltung-transformation-regionale-automobilwirtschaft-am-28-04-2022\/\"]}]},{\"@type\":\"ImageObject\",\"inLanguage\":\"de\",\"@id\":\"http:\/\/www.pamina-business.com\/de\/veranstaltung-transformation-regionale-automobilwirtschaft-am-28-04-2022\/#primaryimage\",\"url\":\"http:\/\/www.pamina-business.com\/wp-content\/uploads\/2022\/03\/image002.jpg\",\"contentUrl\":\"http:\/\/www.pamina-business.com\/wp-content\/uploads\/2022\/03\/image002.jpg\"},{\"@type\":\"BreadcrumbList\",\"@id\":\"http:\/\/www.pamina-business.com\/de\/veranstaltung-transformation-regionale-automobilwirtschaft-am-28-04-2022\/#breadcrumb\",\"itemListElement\":[{\"@type\":\"ListItem\",\"position\":1,\"name\":\"Accueil\",\"item\":\"http:\/\/www.pamina-business.com\/de\/\"},{\"@type\":\"ListItem\",\"position\":2,\"name\":\"Veranstaltung &#8222;Transformation regionale Automobilwirtschaft&#8220; am 28.04.2022\"}]},{\"@type\":\"WebSite\",\"@id\":\"http:\/\/www.pamina-business.com\/de\/#website\",\"url\":\"http:\/\/www.pamina-business.com\/de\/\",\"name\":\"PAMINA Business Club\",\"description\":\"Un site utilisant WordPress\",\"potentialAction\":[{\"@type\":\"SearchAction\",\"target\":{\"@type\":\"EntryPoint\",\"urlTemplate\":\"http:\/\/www.pamina-business.com\/de\/?s={search_term_string}\"},\"query-input\":{\"@type\":\"PropertyValueSpecification\",\"valueRequired\":true,\"valueName\":\"search_term_string\"}}],\"inLanguage\":\"de\"},{\"@type\":\"Person\",\"@id\":\"http:\/\/www.pamina-business.com\/de\/#\/schema\/person\/67e8f036d3adcef502c5024a54bf40d2\",\"name\":\"Cindy Lequeux\",\"image\":{\"@type\":\"ImageObject\",\"inLanguage\":\"de\",\"@id\":\"http:\/\/www.pamina-business.com\/de\/#\/schema\/person\/image\/\",\"url\":\"https:\/\/secure.gravatar.com\/avatar\/6544be22c3de0ed744e696f0b196e369e4bac97333088aa69a693debacb24b49?s=96&d=mm&r=g\",\"contentUrl\":\"https:\/\/secure.gravatar.com\/avatar\/6544be22c3de0ed744e696f0b196e369e4bac97333088aa69a693debacb24b49?s=96&d=mm&r=g\",\"caption\":\"Cindy Lequeux\"},\"url\":\"http:\/\/www.pamina-business.com\/de\/author\/cindy\/\"}]}<\/script>\n<!-- \/ Yoast SEO plugin. -->","yoast_head_json":{"title":"Veranstaltung \"Transformation regionale Automobilwirtschaft\" am 28.04.2022 - PAMINA Business Club","robots":{"index":"index","follow":"follow","max-snippet":"max-snippet:-1","max-image-preview":"max-image-preview:large","max-video-preview":"max-video-preview:-1"},"canonical":"http:\/\/www.pamina-business.com\/de\/veranstaltung-transformation-regionale-automobilwirtschaft-am-28-04-2022\/","og_locale":"de_DE","og_type":"article","og_title":"Veranstaltung \"Transformation regionale Automobilwirtschaft\" am 28.04.2022 - PAMINA Business Club","og_description":"Die wirtschaftliche Entwicklung S\u00fcdwest-Deutschlands ist sehr stark von der Automobilindustrie abh\u00e4ngig. Neben Forschung und Entwicklung sind viele Arbeitspl\u00e4tze in der Produktion oder in produktionsnahen Bereichen angesiedelt. Allein in der TRK-Region bis zu 20.000 Arbeitspl\u00e4tze. Wir stehen vor einem gewaltigen Transformationsprozess. &nbsp; Das Automotive Engineering Network (aen) ist regional bereits die anerkannte Institution in den Bereichen [&hellip;]","og_url":"http:\/\/www.pamina-business.com\/de\/veranstaltung-transformation-regionale-automobilwirtschaft-am-28-04-2022\/","og_site_name":"PAMINA Business Club","article_published_time":"2022-03-18T09:34:03+00:00","og_image":[{"url":"http:\/\/www.pamina-business.com\/wp-content\/uploads\/2022\/03\/image002.jpg"}],"author":"Cindy Lequeux","twitter_card":"summary_large_image","twitter_misc":{"Verfasst von":"Cindy Lequeux","Gesch\u00e4tzte Lesezeit":"1\u00a0Minute"},"schema":{"@context":"https:\/\/schema.org","@graph":[{"@type":"WebPage","@id":"http:\/\/www.pamina-business.com\/de\/veranstaltung-transformation-regionale-automobilwirtschaft-am-28-04-2022\/","url":"http:\/\/www.pamina-business.com\/de\/veranstaltung-transformation-regionale-automobilwirtschaft-am-28-04-2022\/","name":"Veranstaltung \"Transformation regionale Automobilwirtschaft\" am 28.04.2022 - PAMINA Business Club","isPartOf":{"@id":"http:\/\/www.pamina-business.com\/de\/#website"},"primaryImageOfPage":{"@id":"http:\/\/www.pamina-business.com\/de\/veranstaltung-transformation-regionale-automobilwirtschaft-am-28-04-2022\/#primaryimage"},"image":{"@id":"http:\/\/www.pamina-business.com\/de\/veranstaltung-transformation-regionale-automobilwirtschaft-am-28-04-2022\/#primaryimage"},"thumbnailUrl":"http:\/\/www.pamina-business.com\/wp-content\/uploads\/2022\/03\/image002.jpg","datePublished":"2022-03-18T09:34:03+00:00","dateModified":"2022-03-18T09:34:03+00:00","author":{"@id":"http:\/\/www.pamina-business.com\/de\/#\/schema\/person\/67e8f036d3adcef502c5024a54bf40d2"},"breadcrumb":{"@id":"http:\/\/www.pamina-business.com\/de\/veranstaltung-transformation-regionale-automobilwirtschaft-am-28-04-2022\/#breadcrumb"},"inLanguage":"de","potentialAction":[{"@type":"ReadAction","target":["http:\/\/www.pamina-business.com\/de\/veranstaltung-transformation-regionale-automobilwirtschaft-am-28-04-2022\/"]}]},{"@type":"ImageObject","inLanguage":"de","@id":"http:\/\/www.pamina-business.com\/de\/veranstaltung-transformation-regionale-automobilwirtschaft-am-28-04-2022\/#primaryimage","url":"http:\/\/www.pamina-business.com\/wp-content\/uploads\/2022\/03\/image002.jpg","contentUrl":"http:\/\/www.pamina-business.com\/wp-content\/uploads\/2022\/03\/image002.jpg"},{"@type":"BreadcrumbList","@id":"http:\/\/www.pamina-business.com\/de\/veranstaltung-transformation-regionale-automobilwirtschaft-am-28-04-2022\/#breadcrumb","itemListElement":[{"@type":"ListItem","position":1,"name":"Accueil","item":"http:\/\/www.pamina-business.com\/de\/"},{"@type":"ListItem","position":2,"name":"Veranstaltung &#8222;Transformation regionale Automobilwirtschaft&#8220; am 28.04.2022"}]},{"@type":"WebSite","@id":"http:\/\/www.pamina-business.com\/de\/#website","url":"http:\/\/www.pamina-business.com\/de\/","name":"PAMINA Business Club","description":"Un site utilisant WordPress","potentialAction":[{"@type":"SearchAction","target":{"@type":"EntryPoint","urlTemplate":"http:\/\/www.pamina-business.com\/de\/?s={search_term_string}"},"query-input":{"@type":"PropertyValueSpecification","valueRequired":true,"valueName":"search_term_string"}}],"inLanguage":"de"},{"@type":"Person","@id":"http:\/\/www.pamina-business.com\/de\/#\/schema\/person\/67e8f036d3adcef502c5024a54bf40d2","name":"Cindy Lequeux","image":{"@type":"ImageObject","inLanguage":"de","@id":"http:\/\/www.pamina-business.com\/de\/#\/schema\/person\/image\/","url":"https:\/\/secure.gravatar.com\/avatar\/6544be22c3de0ed744e696f0b196e369e4bac97333088aa69a693debacb24b49?s=96&d=mm&r=g","contentUrl":"https:\/\/secure.gravatar.com\/avatar\/6544be22c3de0ed744e696f0b196e369e4bac97333088aa69a693debacb24b49?s=96&d=mm&r=g","caption":"Cindy Lequeux"},"url":"http:\/\/www.pamina-business.com\/de\/author\/cindy\/"}]}},"_links":{"self":[{"href":"http:\/\/www.pamina-business.com\/de\/wp-json\/wp\/v2\/posts\/4947","targetHints":{"allow":["GET"]}}],"collection":[{"href":"http:\/\/www.pamina-business.com\/de\/wp-json\/wp\/v2\/posts"}],"about":[{"href":"http:\/\/www.pamina-business.com\/de\/wp-json\/wp\/v2\/types\/post"}],"author":[{"embeddable":true,"href":"http:\/\/www.pamina-business.com\/de\/wp-json\/wp\/v2\/users\/6"}],"replies":[{"embeddable":true,"href":"http:\/\/www.pamina-business.com\/de\/wp-json\/wp\/v2\/comments?post=4947"}],"version-history":[{"count":5,"href":"http:\/\/www.pamina-business.com\/de\/wp-json\/wp\/v2\/posts\/4947\/revisions"}],"predecessor-version":[{"id":4969,"href":"http:\/\/www.pamina-business.com\/de\/wp-json\/wp\/v2\/posts\/4947\/revisions\/4969"}],"wp:attachment":[{"href":"http:\/\/www.pamina-business.com\/de\/wp-json\/wp\/v2\/media?parent=4947"}],"wp:term":[{"taxonomy":"category","embeddable":true,"href":"http:\/\/www.pamina-business.com\/de\/wp-json\/wp\/v2\/categories?post=4947"},{"taxonomy":"post_tag","embeddable":true,"href":"http:\/\/www.pamina-business.com\/de\/wp-json\/wp\/v2\/tags?post=4947"}],"curies":[{"name":"wp","href":"https:\/\/api.w.org\/{rel}","templated":true}]}}