{"id":4570,"date":"2020-05-15T07:43:12","date_gmt":"2020-05-15T07:43:12","guid":{"rendered":"http:\/\/www.pamina-business.com\/?p=4570"},"modified":"2020-08-04T12:23:11","modified_gmt":"2020-08-04T12:23:11","slug":"covid-9-le-quotidien-transfrontalier","status":"publish","type":"post","link":"http:\/\/www.pamina-business.com\/de\/covid-9-le-quotidien-transfrontalier\/","title":{"rendered":"Covid-19 : le quotidien transfrontalier"},"content":{"rendered":"<section id=\"mainSection\">\n<div class=\"fmodele fmodeleScroll tpl_fiche\">\n<div class=\"agendas-fiche\">\n<article class=\"media\">\n<div class=\"media-object\"><img decoding=\"async\" src=\"https:\/\/www.eurodistrict-pamina.eu\/globalflexit\/images\/img_base\/agendas\/835_556_1_16042020-b.jpg\" alt=\"up PAMINA vhs : Appel \u00e0 t\u00e9moignages - Fermeture des fronti\u00e8res\" \/><\/div>\n<div class=\"media-body\">\n<h1 class=\"media-heading\">up PAMINA vhs : Appel \u00e0 t\u00e9moignages &#8211; Fermeture des fronti\u00e8res<\/h1>\n<div class=\"date\">31 Mai 2020<\/div>\n<div class=\"contenu\">\n<p><strong>L&#8217;up PAMINA vhs,\u00a0en partenariat avec les Archives Municipales de Wissembourg, a lanc\u00e9 l&#8217;appel \u00e0 t\u00e9moignages suivant :\u00a0<\/strong><\/p>\n<div class=\"colorBox2\">\n<p>La pand\u00e9mie COVID-19 a eu de nombreuses cons\u00e9quences. D&#8217;un point de vue sanitaire bien s\u00fbr, mais aussi d&#8217;un point de vue relationnel, notamment pour les habitants des r\u00e9gions frontali\u00e8res.<\/p>\n<p>Mi-mars, la fermeture des fronti\u00e8res est tomb\u00e9e comme un couperet et a boulevers\u00e9 les habitudes et le quotidien de nos concitoyens dans l&#8217;espace PAMINA, en France et en Allemagne.<\/p>\n<p><strong>Si vous souhaitez apporter votre t\u00e9moignage par rapport \u00e0 cette situation in\u00e9dite, n&#8217;h\u00e9sitez pas \u00e0 nous envoyer vos textes\u00a0:<\/strong><em>\u2022 Quel a \u00e9t\u00e9 votre ressenti par rapport \u00e0 la fermeture des fronti\u00e8res\u00a0?<\/em><\/p>\n<p><em>\u2022 Quelles ont \u00e9t\u00e9 les r\u00e9percussions de la fermeture des fronti\u00e8res \u00e0 votre niveau,\u00a0priv\u00e9 et professionnel\u00a0?<\/em><\/p>\n<p><em>\u2022 A votre avis, cela aura t-i-il un impact pour l&#8217;avenir\u00a0? A votre niveau, au niveau de votre r\u00e9gion, de l&#8217;espace transfrontalier\u00a0?<\/em><\/p>\n<p>Vous pourrez ainsi t\u00e9moigner de votre ressenti, vos r\u00e9actions, d&#8217;anecdotes mais aussi de vos envies et besoins pour l&#8217;apr\u00e8s-crise.<\/p>\n<p>T\u00e9moins d&#8217;une situation historique sans pr\u00e9c\u00e9dent, ces \u00e9crits auront valeur de t\u00e9moignage pour le futur et s&#8217;inscrivent dans un objectif de collecte, en partenariat avec les Archives Municipales de Wissembourg.<\/p>\n<p>Vous pouvez adresser directement vos contributions &#8211; en indiquant vos coordonn\u00e9es &#8211; sous forme de textes (en fran\u00e7ais ou en allemand, en alsacien, en pf\u00e4lzisch ou en badisch), par mail \u00e0 l&#8217;adresse suivante: <a class=\"fDefault\" href=\"&#109;&#x61;&#105;&#x6c;&#116;&#x6f;:&#x61;&#46;&#115;&#x74;&#114;&#x69;&#101;&#x62;i&#x67;-&#119;&#x65;&#105;&#x73;&#115;&#x65;&#110;&#x62;u&#x72;g&#101;&#x72;&#64;&#x75;&#112;&#x2d;p&#x61;m&#105;&#x6e;&#97;&#x2d;&#118;&#x68;&#115;&#x2e;o&#x72;g?subject=T%C3%A9moignage%20-%20Fermeture%20des%20fronti%C3%A8res\">&#x61;&#46;s&#x74;&#x72;&#105;e&#x62;&#x69;&#103;-&#x77;&#x65;&#105;s&#x73;&#x65;&#110;b&#x75;&#114;&#103;e&#x72;&#64;u&#x70;&#x2d;&#112;a&#x6d;&#x69;&#110;a&#x2d;&#x76;&#104;s&#x2e;&#x6f;&#114;g<\/a><\/p>\n<\/div>\n<\/div>\n<\/div>\n<\/article>\n<\/div>\n<\/div>\n<\/section>\n<div id=\"innerType\">\n<div class=\"container\">\n<div class=\"row\">\n<div class=\"col-xs-12 col-sm-9\">\n<div class=\"col-right\">\n<section id=\"mainSection\">\n<div class=\"btn-ico-wrapper\"><a class=\"btn-ico btn-ico-downloadpdf\" title=\"T\u00e9l\u00e9charger la page au format PDF\" href=\"https:\/\/www.eurodistrict-pamina.eu\/fr\/quotidien-frontalier\/up-pamina-vhs-appel-a-temoignages-fermeture-des-frontieres_-d.html?downloadpdf=1\" target=\"_blank\" rel=\"nofollow noopener noreferrer\">PDF<\/a> <a class=\"btn-ico btn-ico-print\" title=\"Imprimer la page\">Print<\/a><\/div>\n<\/section>\n<\/div>\n<\/div>\n<\/div>\n<\/div>\n<\/div>\n<footer id=\"mainFooter\">\n<div class=\"container\">\n<div class=\"row\">\n<div class=\"col-xs-12 col-sm-8\"><a class=\"contacts \" title=\"Contact\" href=\"https:\/\/www.eurodistrict-pamina.eu\/fr\/contact.html\" data-equalize=\"col-footer\"><span class=\"line-1\">Vous souhaitez nous <\/span><span class=\"line-2\">contacter<\/span><span class=\"line-3\">Cliquez ici<\/span><\/a><\/div>\n<div><em>Source<\/em> : <a href=\"http:\/\/www.eurodistrict-pamina.eu\">www.eurodistrict-pamina.eu<\/a><\/div>\n<div><em>Contact<\/em> : <a href=\"mail&#116;&#111;&#58;&#105;&#110;&#x66;&#x6f;&#x40;&#x65;&#x75;&#x72;&#x6f;dist&#114;&#105;&#99;&#116;&#45;&#x70;&#x61;&#x6d;&#x69;&#x6e;&#x61;&#x2e;&#x65;u\">&#x69;&#110;f&#x6f;&#x40;&#101;u&#x72;&#x6f;&#100;i&#x73;&#x74;&#114;i&#x63;&#x74;&#45;p&#x61;&#109;&#105;n&#x61;&#46;e&#x75;<\/a><\/div>\n<div class=\"col-xs-12 col-sm-8\">\n<nav id=\"breadcrumb\" class=\"detail\">\n<div class=\"row\">\n<div class=\"col-xs-12 col-lg-6 col-lg-pull-6\">\n<h2 class=\"nomPage\"><\/h2>\n<\/div>\n<\/div>\n<\/nav>\n<section id=\"mainSection\">\n<div class=\"fmodele fmodeleScroll tpl_fiche\">\n<div class=\"agendas-fiche\">\n<article class=\"media\">\n<div class=\"media-body\">\n<div class=\"contenu\">\n<div class=\"colorBox2\"><\/div>\n<\/div>\n<\/div>\n<\/article>\n<\/div>\n<\/div>\n<\/section>\n<footer id=\"mainFooter\">\n<div class=\"container\">\n<div class=\"row\">\n<div class=\"col-xs-12 col-sm-8\">\n<p>&nbsp;<\/p>\n<nav id=\"breadcrumb\" class=\"detail\">\n<div class=\"row\">\n<div class=\"col-xs-12 col-lg-6 col-lg-pull-6\">\n<h2 class=\"nomPage\"><\/h2>\n<\/div>\n<\/div>\n<\/nav>\n<section id=\"mainSection\">\n<div class=\"fmodele fmodeleScroll tpl_fiche\">\n<div class=\"agendas-fiche\">\n<article class=\"media\">\n<div class=\"media-object\"><\/div>\n<div class=\"media-body\">\n<div class=\"contenu\">\n<div class=\"colorBox2\">\n<p>&nbsp;<\/p>\n<\/div>\n<\/div>\n<\/div>\n<\/article>\n<\/div>\n<\/div>\n<\/section>\n<footer id=\"mainFooter\">\n<div class=\"container\">\n<div class=\"row\">\n<div class=\"col-xs-12 col-sm-8\"><\/div>\n<\/div>\n<\/div>\n<\/footer>\n<\/div>\n<\/div>\n<\/div>\n<\/footer>\n<\/div>\n<\/div>\n<\/div>\n<\/footer>\n","protected":false},"excerpt":{"rendered":"<p>up PAMINA vhs : Appel \u00e0 t\u00e9moignages &#8211; Fermeture des fronti\u00e8res 31 Mai 2020 L&#8217;up PAMINA vhs,\u00a0en partenariat avec les Archives Municipales de Wissembourg, a lanc\u00e9 l&#8217;appel \u00e0 t\u00e9moignages suivant :\u00a0 La pand\u00e9mie COVID-19 a eu de nombreuses cons\u00e9quences. D&#8217;un point de vue sanitaire bien s\u00fbr, mais aussi d&#8217;un point de vue relationnel, notamment pour [&hellip;]<\/p>\n","protected":false},"author":3,"featured_media":0,"comment_status":"open","ping_status":"open","sticky":false,"template":"","format":"standard","meta":{"_exactmetrics_skip_tracking":false,"_exactmetrics_sitenote_active":false,"_exactmetrics_sitenote_note":"","_exactmetrics_sitenote_category":0,"footnotes":""},"categories":[7],"tags":[],"class_list":["post-4570","post","type-post","status-publish","format-standard","hentry","category-evenements-fr"],"yoast_head":"<!-- This site is optimized with the Yoast SEO plugin v23.5 - https:\/\/yoast.com\/wordpress\/plugins\/seo\/ -->\n<title>Covid-19 : le quotidien transfrontalier - PAMINA Business Club<\/title>\n<meta name=\"robots\" content=\"index, follow, max-snippet:-1, max-image-preview:large, max-video-preview:-1\" \/>\n<link rel=\"canonical\" href=\"http:\/\/www.pamina-business.com\/covid-9-le-quotidien-transfrontalier\/\" \/>\n<meta property=\"og:locale\" content=\"de_DE\" \/>\n<meta property=\"og:type\" content=\"article\" \/>\n<meta property=\"og:title\" content=\"Covid-19 : le quotidien transfrontalier - PAMINA Business Club\" \/>\n<meta property=\"og:description\" content=\"up PAMINA vhs : Appel \u00e0 t\u00e9moignages &#8211; Fermeture des fronti\u00e8res 31 Mai 2020 L&#8217;up PAMINA vhs,\u00a0en partenariat avec les Archives Municipales de Wissembourg, a lanc\u00e9 l&#8217;appel \u00e0 t\u00e9moignages suivant :\u00a0 La pand\u00e9mie COVID-19 a eu de nombreuses cons\u00e9quences. D&#8217;un point de vue sanitaire bien s\u00fbr, mais aussi d&#8217;un point de vue relationnel, notamment pour [&hellip;]\" \/>\n<meta property=\"og:url\" content=\"http:\/\/www.pamina-business.com\/covid-9-le-quotidien-transfrontalier\/\" \/>\n<meta property=\"og:site_name\" content=\"PAMINA Business Club\" \/>\n<meta property=\"article:published_time\" content=\"2020-05-15T07:43:12+00:00\" \/>\n<meta property=\"article:modified_time\" content=\"2020-08-04T12:23:11+00:00\" \/>\n<meta property=\"og:image\" content=\"https:\/\/www.eurodistrict-pamina.eu\/globalflexit\/images\/img_base\/agendas\/835_556_1_16042020-b.jpg\" \/>\n<meta name=\"author\" content=\"Monique STUTZMANN\" \/>\n<meta name=\"twitter:card\" content=\"summary_large_image\" \/>\n<meta name=\"twitter:label1\" content=\"Verfasst von\" \/>\n\t<meta name=\"twitter:data1\" content=\"Monique STUTZMANN\" \/>\n\t<meta name=\"twitter:label2\" content=\"Gesch\u00e4tzte Lesezeit\" \/>\n\t<meta name=\"twitter:data2\" content=\"1\u00a0Minute\" \/>\n<script type=\"application\/ld+json\" class=\"yoast-schema-graph\">{\"@context\":\"https:\/\/schema.org\",\"@graph\":[{\"@type\":\"WebPage\",\"@id\":\"http:\/\/www.pamina-business.com\/covid-9-le-quotidien-transfrontalier\/\",\"url\":\"http:\/\/www.pamina-business.com\/covid-9-le-quotidien-transfrontalier\/\",\"name\":\"Covid-19 : le quotidien transfrontalier - PAMINA Business Club\",\"isPartOf\":{\"@id\":\"https:\/\/www.pamina-business.com\/de\/#website\"},\"primaryImageOfPage\":{\"@id\":\"http:\/\/www.pamina-business.com\/covid-9-le-quotidien-transfrontalier\/#primaryimage\"},\"image\":{\"@id\":\"http:\/\/www.pamina-business.com\/covid-9-le-quotidien-transfrontalier\/#primaryimage\"},\"thumbnailUrl\":\"https:\/\/www.eurodistrict-pamina.eu\/globalflexit\/images\/img_base\/agendas\/835_556_1_16042020-b.jpg\",\"datePublished\":\"2020-05-15T07:43:12+00:00\",\"dateModified\":\"2020-08-04T12:23:11+00:00\",\"author\":{\"@id\":\"https:\/\/www.pamina-business.com\/de\/#\/schema\/person\/9ab02536dbdbc5e3ef40bbc3452c8c69\"},\"breadcrumb\":{\"@id\":\"http:\/\/www.pamina-business.com\/covid-9-le-quotidien-transfrontalier\/#breadcrumb\"},\"inLanguage\":\"de\",\"potentialAction\":[{\"@type\":\"ReadAction\",\"target\":[\"http:\/\/www.pamina-business.com\/covid-9-le-quotidien-transfrontalier\/\"]}]},{\"@type\":\"ImageObject\",\"inLanguage\":\"de\",\"@id\":\"http:\/\/www.pamina-business.com\/covid-9-le-quotidien-transfrontalier\/#primaryimage\",\"url\":\"https:\/\/www.eurodistrict-pamina.eu\/globalflexit\/images\/img_base\/agendas\/835_556_1_16042020-b.jpg\",\"contentUrl\":\"https:\/\/www.eurodistrict-pamina.eu\/globalflexit\/images\/img_base\/agendas\/835_556_1_16042020-b.jpg\"},{\"@type\":\"BreadcrumbList\",\"@id\":\"http:\/\/www.pamina-business.com\/covid-9-le-quotidien-transfrontalier\/#breadcrumb\",\"itemListElement\":[{\"@type\":\"ListItem\",\"position\":1,\"name\":\"Accueil\",\"item\":\"https:\/\/www.pamina-business.com\/de\/\"},{\"@type\":\"ListItem\",\"position\":2,\"name\":\"Covid-19 : le quotidien transfrontalier\"}]},{\"@type\":\"WebSite\",\"@id\":\"https:\/\/www.pamina-business.com\/de\/#website\",\"url\":\"https:\/\/www.pamina-business.com\/de\/\",\"name\":\"PAMINA Business Club\",\"description\":\"Un site utilisant WordPress\",\"potentialAction\":[{\"@type\":\"SearchAction\",\"target\":{\"@type\":\"EntryPoint\",\"urlTemplate\":\"https:\/\/www.pamina-business.com\/de\/?s={search_term_string}\"},\"query-input\":{\"@type\":\"PropertyValueSpecification\",\"valueRequired\":true,\"valueName\":\"search_term_string\"}}],\"inLanguage\":\"de\"},{\"@type\":\"Person\",\"@id\":\"https:\/\/www.pamina-business.com\/de\/#\/schema\/person\/9ab02536dbdbc5e3ef40bbc3452c8c69\",\"name\":\"Monique STUTZMANN\",\"image\":{\"@type\":\"ImageObject\",\"inLanguage\":\"de\",\"@id\":\"https:\/\/www.pamina-business.com\/de\/#\/schema\/person\/image\/\",\"url\":\"https:\/\/secure.gravatar.com\/avatar\/cc1c3adf9a9f6e969d3da7b6b34ec66f5f4a6844dfc9145380a75e42cd91882e?s=96&d=mm&r=g\",\"contentUrl\":\"https:\/\/secure.gravatar.com\/avatar\/cc1c3adf9a9f6e969d3da7b6b34ec66f5f4a6844dfc9145380a75e42cd91882e?s=96&d=mm&r=g\",\"caption\":\"Monique STUTZMANN\"},\"url\":\"http:\/\/www.pamina-business.com\/de\/author\/monique\/\"}]}<\/script>\n<!-- \/ Yoast SEO plugin. -->","yoast_head_json":{"title":"Covid-19 : le quotidien transfrontalier - PAMINA Business Club","robots":{"index":"index","follow":"follow","max-snippet":"max-snippet:-1","max-image-preview":"max-image-preview:large","max-video-preview":"max-video-preview:-1"},"canonical":"http:\/\/www.pamina-business.com\/covid-9-le-quotidien-transfrontalier\/","og_locale":"de_DE","og_type":"article","og_title":"Covid-19 : le quotidien transfrontalier - PAMINA Business Club","og_description":"up PAMINA vhs : Appel \u00e0 t\u00e9moignages &#8211; Fermeture des fronti\u00e8res 31 Mai 2020 L&#8217;up PAMINA vhs,\u00a0en partenariat avec les Archives Municipales de Wissembourg, a lanc\u00e9 l&#8217;appel \u00e0 t\u00e9moignages suivant :\u00a0 La pand\u00e9mie COVID-19 a eu de nombreuses cons\u00e9quences. D&#8217;un point de vue sanitaire bien s\u00fbr, mais aussi d&#8217;un point de vue relationnel, notamment pour [&hellip;]","og_url":"http:\/\/www.pamina-business.com\/covid-9-le-quotidien-transfrontalier\/","og_site_name":"PAMINA Business Club","article_published_time":"2020-05-15T07:43:12+00:00","article_modified_time":"2020-08-04T12:23:11+00:00","og_image":[{"url":"https:\/\/www.eurodistrict-pamina.eu\/globalflexit\/images\/img_base\/agendas\/835_556_1_16042020-b.jpg"}],"author":"Monique STUTZMANN","twitter_card":"summary_large_image","twitter_misc":{"Verfasst von":"Monique STUTZMANN","Gesch\u00e4tzte Lesezeit":"1\u00a0Minute"},"schema":{"@context":"https:\/\/schema.org","@graph":[{"@type":"WebPage","@id":"http:\/\/www.pamina-business.com\/covid-9-le-quotidien-transfrontalier\/","url":"http:\/\/www.pamina-business.com\/covid-9-le-quotidien-transfrontalier\/","name":"Covid-19 : le quotidien transfrontalier - PAMINA Business Club","isPartOf":{"@id":"https:\/\/www.pamina-business.com\/de\/#website"},"primaryImageOfPage":{"@id":"http:\/\/www.pamina-business.com\/covid-9-le-quotidien-transfrontalier\/#primaryimage"},"image":{"@id":"http:\/\/www.pamina-business.com\/covid-9-le-quotidien-transfrontalier\/#primaryimage"},"thumbnailUrl":"https:\/\/www.eurodistrict-pamina.eu\/globalflexit\/images\/img_base\/agendas\/835_556_1_16042020-b.jpg","datePublished":"2020-05-15T07:43:12+00:00","dateModified":"2020-08-04T12:23:11+00:00","author":{"@id":"https:\/\/www.pamina-business.com\/de\/#\/schema\/person\/9ab02536dbdbc5e3ef40bbc3452c8c69"},"breadcrumb":{"@id":"http:\/\/www.pamina-business.com\/covid-9-le-quotidien-transfrontalier\/#breadcrumb"},"inLanguage":"de","potentialAction":[{"@type":"ReadAction","target":["http:\/\/www.pamina-business.com\/covid-9-le-quotidien-transfrontalier\/"]}]},{"@type":"ImageObject","inLanguage":"de","@id":"http:\/\/www.pamina-business.com\/covid-9-le-quotidien-transfrontalier\/#primaryimage","url":"https:\/\/www.eurodistrict-pamina.eu\/globalflexit\/images\/img_base\/agendas\/835_556_1_16042020-b.jpg","contentUrl":"https:\/\/www.eurodistrict-pamina.eu\/globalflexit\/images\/img_base\/agendas\/835_556_1_16042020-b.jpg"},{"@type":"BreadcrumbList","@id":"http:\/\/www.pamina-business.com\/covid-9-le-quotidien-transfrontalier\/#breadcrumb","itemListElement":[{"@type":"ListItem","position":1,"name":"Accueil","item":"https:\/\/www.pamina-business.com\/de\/"},{"@type":"ListItem","position":2,"name":"Covid-19 : le quotidien transfrontalier"}]},{"@type":"WebSite","@id":"https:\/\/www.pamina-business.com\/de\/#website","url":"https:\/\/www.pamina-business.com\/de\/","name":"PAMINA Business Club","description":"Un site utilisant WordPress","potentialAction":[{"@type":"SearchAction","target":{"@type":"EntryPoint","urlTemplate":"https:\/\/www.pamina-business.com\/de\/?s={search_term_string}"},"query-input":{"@type":"PropertyValueSpecification","valueRequired":true,"valueName":"search_term_string"}}],"inLanguage":"de"},{"@type":"Person","@id":"https:\/\/www.pamina-business.com\/de\/#\/schema\/person\/9ab02536dbdbc5e3ef40bbc3452c8c69","name":"Monique STUTZMANN","image":{"@type":"ImageObject","inLanguage":"de","@id":"https:\/\/www.pamina-business.com\/de\/#\/schema\/person\/image\/","url":"https:\/\/secure.gravatar.com\/avatar\/cc1c3adf9a9f6e969d3da7b6b34ec66f5f4a6844dfc9145380a75e42cd91882e?s=96&d=mm&r=g","contentUrl":"https:\/\/secure.gravatar.com\/avatar\/cc1c3adf9a9f6e969d3da7b6b34ec66f5f4a6844dfc9145380a75e42cd91882e?s=96&d=mm&r=g","caption":"Monique STUTZMANN"},"url":"http:\/\/www.pamina-business.com\/de\/author\/monique\/"}]}},"_links":{"self":[{"href":"http:\/\/www.pamina-business.com\/de\/wp-json\/wp\/v2\/posts\/4570","targetHints":{"allow":["GET"]}}],"collection":[{"href":"http:\/\/www.pamina-business.com\/de\/wp-json\/wp\/v2\/posts"}],"about":[{"href":"http:\/\/www.pamina-business.com\/de\/wp-json\/wp\/v2\/types\/post"}],"author":[{"embeddable":true,"href":"http:\/\/www.pamina-business.com\/de\/wp-json\/wp\/v2\/users\/3"}],"replies":[{"embeddable":true,"href":"http:\/\/www.pamina-business.com\/de\/wp-json\/wp\/v2\/comments?post=4570"}],"version-history":[{"count":3,"href":"http:\/\/www.pamina-business.com\/de\/wp-json\/wp\/v2\/posts\/4570\/revisions"}],"predecessor-version":[{"id":4607,"href":"http:\/\/www.pamina-business.com\/de\/wp-json\/wp\/v2\/posts\/4570\/revisions\/4607"}],"wp:attachment":[{"href":"http:\/\/www.pamina-business.com\/de\/wp-json\/wp\/v2\/media?parent=4570"}],"wp:term":[{"taxonomy":"category","embeddable":true,"href":"http:\/\/www.pamina-business.com\/de\/wp-json\/wp\/v2\/categories?post=4570"},{"taxonomy":"post_tag","embeddable":true,"href":"http:\/\/www.pamina-business.com\/de\/wp-json\/wp\/v2\/tags?post=4570"}],"curies":[{"name":"wp","href":"https:\/\/api.w.org\/{rel}","templated":true}]}}