{"id":4564,"date":"2020-04-23T07:28:32","date_gmt":"2020-04-23T07:28:32","guid":{"rendered":"http:\/\/www.pamina-business.com\/?p=4564"},"modified":"2020-04-23T07:28:32","modified_gmt":"2020-04-23T07:28:32","slug":"nouveau-fonds-citoyen-franco-allemand","status":"publish","type":"post","link":"http:\/\/www.pamina-business.com\/de\/nouveau-fonds-citoyen-franco-allemand\/","title":{"rendered":"Nouveau Fonds citoyen franco-allemand"},"content":{"rendered":"<h1 class=\"media-heading\">Appel \u00e0 participation &#8222;Repas en ligne&#8220;<\/h1>\n<div class=\"contenu\">Le trait\u00e9 d&#8217;Aix-la-Chapelle sign\u00e9 en 2019 entre la France et l&#8217;Allemagne pour renforcer leur coop\u00e9ration, 56 ans apr\u00e8s le trait\u00e9 de l&#8217;Elys\u00e9e (1963) pr\u00e9voyait la cr\u00e9ation d&#8217;un nouveau Fonds citoyen. Ce fonds est d\u00e9sormais mis en place et sa mise en oeuvre est confi\u00e9 \u00e0 l&#8217;Office franco-allemand pour la Jeunesse (OFAJ) pour une phase pilote de trois ans. Dot\u00e9 d&#8217;un budget de 2,4 millions d&#8217;euro le Fonds citoyen financera des \u00e9changes, rencontres, communaut\u00e9s et engagements b\u00e9n\u00e9voles franco-allemandes.<\/p>\n<h5 class=\"fDefault\"><b>Quels projets seront financ\u00e9s ? <\/b><\/h5>\n<p>Le Fonds citoyen franco-allemand encourage les personnes qui participent activement \u00e0 la cr\u00e9ation d&#8217;une soci\u00e9t\u00e9 civile europ\u00e9enne engag\u00e9e, particuli\u00e8rement celles qui oeuvrent \u00e0 des projets communs et interg\u00e9n\u00e9rationnels au-del\u00e0 des fronti\u00e8res entre la France et l&#8217;Allemagne.<\/p>\n<p><b>Au vu des circonstances actuelles particuli\u00e8res, les efforts se concentreront d&#8217;abord sur les rencontres en ligne: lors de repas en ligne, les personnes int\u00e9ress\u00e9es peuvent d\u00e8s maintenant organiser des projets. Le Fonds peut \u00e9galement soutenir des projets entre cr\u00e9ateurs culturels, clubs de sport ou associations de jumelage qui tentent des nouveaux formats de projet en ligne.<\/b><\/p>\n<p>Le concept : Les citoyens int\u00e9ress\u00e9s sont invit\u00e9s \u00e0 pr\u00e9parer en m\u00eame temps que leurs partenaires allemands un menu franco-allemand et ensuite \u00e0 partager le repas concoct\u00e9 ensemble. Ces repas seront ainsi l&#8217;occasion d&#8217;\u00e9changer des exp\u00e9riences, des id\u00e9es de projets.<br \/>\n20 \u00ab repas en ligne \u00bb qui ont lieu courant le mois de mai 2020, pourront b\u00e9n\u00e9ficier d&#8217;un soutien forfaitaire de 20 \u20ac par participant. 2 participants par connexion internet et jusqu&#8217;\u00e0 8 personnes au total pourront ainsi prendre part aux \u00ab d\u00eeners en ligne \u00bb. La seule condition est d&#8217;avoir un compte Facebook et\/ou Twitter et d&#8217;y partager l&#8217;exp\u00e9rience.<\/p>\n<p>Date limite pour les inscriptions\u00a0: <strong>28 avril 2020<\/strong><br \/>\nToutes les informations et formulaire d&#8217;inscription\u00a0: <a href=\"https:\/\/www.fondscitoyen.eu\/actualit\/repas-en-ligne\" target=\"_blank\" rel=\"noopener noreferrer\">www.fondscitoyen.eu\/actualit\/repas-en-ligne<\/a><\/p>\n<h5 class=\"fDefault\"><b>Et apr\u00e8s\u00a0la lev\u00e9e du confinement ?<\/b><\/h5>\n<p>Le Fonds citoyen permettra, d\u00e8s que ce sera possible, de rassembler physiquement les personnes. De l&#8217;\u00e9change de groupes entre villes jumel\u00e9es, aux concerts communs, en passant par les conf\u00e9rences franco-allemandes et projets digitaux, jusqu&#8217;aux \u00e9v\u00e8nements sportifs et c\u00e9r\u00e9monies de jubil\u00e9s: le Fonds citoyen franco-allemand soutient les projets qui, de mani\u00e8re innovante, stimulent, renouvellent ou approfondissent les \u00e9changes entre citoyens de France et d&#8217;Allemagne; qui renforcent la d\u00e9mocratie et qui promeuvent la compr\u00e9hension et la diversit\u00e9 europ\u00e9ennes. Des th\u00e8mes sont privil\u00e9gi\u00e9s, comme le d\u00e9veloppement durable, le dialogue interg\u00e9n\u00e9rationnel, la sant\u00e9, la culture, les droits de l&#8217;Homme, le sport et la transition num\u00e9rique.<\/p>\n<table border=\"0\" cellspacing=\"1\" cellpadding=\"1\">\n<tbody>\n<tr>\n<td><b>Qui peut participer ?<\/b><br \/>\nLe Fonds citoyen franco-allemand soutient les associations et les initiatives citoyennes, les associations de jumelages entre villes et r\u00e9gions, les fondations ainsi que les acteurs de l&#8217;\u00e9conomie sociale, de l&#8217;\u00e9ducation et des instituts scientifiques oeuvrant au service d&#8217;une Europe pleine de vie.<\/p>\n<p><b>Comment participer? <\/b><br \/>\nLe d\u00e9p\u00f4t des demandes est facilit\u00e9: les comp\u00e9tences linguistiques ne sont pas un pr\u00e9requis, un portail de recherche permettra de trouver une organisation partenaire et les demandes de subvention peuvent \u00eatre d\u00e9pos\u00e9es en ligne.<\/p>\n<p><b>4 cat\u00e9gories de soutien<\/b><br \/>\nEn fonction des sommes qui leur sont allou\u00e9es, les projets sont r\u00e9partis en 4 cat\u00e9gories :<\/p>\n<ul>\n<li>Cat\u00e9gorie 1 : 0 \u2013 5 000 \u20ac<\/li>\n<li>Cat\u00e9gorie 2 : 5 001 \u20ac \u2013 10 000 \u20ac<\/li>\n<li>Cat\u00e9gorie 3 : 10 001 \u20ac \u2013 50 000 \u20ac<\/li>\n<li>Cat\u00e9gorie 4 : plus de 50 000 \u20ac<\/li>\n<\/ul>\n<p>Peuvent \u00eatre pris en charge <strong>les frais de voyage et de s\u00e9jour, les frais d&#8217;organisation et de mat\u00e9riel, les frais de formation continue et les honoraires<\/strong>. Jusqu&#8217;\u00e0 80 % des frais peuvent \u00eatre financ\u00e9s.<\/td>\n<td>\u00a0\u00a0\u00a0\u00a0<a class=\"fDefault\" href=\"https:\/\/www.fondscitoyen.eu\/sites\/default\/files\/inline-files\/Flyer%20FINAL%20franz%C3%B6sisch_Faltblatt04_FR.pdf\" target=\"_blank\" rel=\"noopener noreferrer\"><img decoding=\"async\" src=\"https:\/\/www.eurodistrict-pamina.eu\/globalflexit\/images\/UserFiles\/Image\/divers\/220_444_1_flyer-f-p1-partiepng.png\" \/><\/a><\/td>\n<td><\/td>\n<\/tr>\n<tr>\n<td><\/td>\n<td><em>En cliquant sur l&#8217;image, vous acc\u00e9dez au d\u00e9pliant complet.<\/em><\/td>\n<td><\/td>\n<\/tr>\n<\/tbody>\n<\/table>\n<p>Retrouvez ici le <a class=\"flexit_ico_file\" href=\"https:\/\/www.fondscitoyen.eu\/sites\/default\/files\/inline-files\/200416_Lancement%20du%20Fonds%20citoyen%20franco-allemand_final.pdf\" target=\"_blank\" rel=\"noopener noreferrer\">communiqu\u00e9 de presse du lancement du fonds<\/a>.<br \/>\nToutes les informations sont disponibles sur le nouveau site internet\u00a0: <a href=\"http:\/\/www.fondscitoyen.eu\" target=\"_blank\" rel=\"noopener noreferrer\">www.fondscitoyen.eu<\/a><\/p>\n<\/div>\n<div id=\"innerType\">\n<div class=\"container\">\n<div class=\"row\">\n<div class=\"col-xs-12 col-sm-9\">\n<div class=\"col-right\">\n<section id=\"mainSection\">\n<div class=\"btn-ico-wrapper\"><a class=\"btn-ico btn-ico-downloadpdf\" title=\"T\u00e9l\u00e9charger la page au format PDF\" href=\"https:\/\/www.eurodistrict-pamina.eu\/fr\/activites\/nouveau-fonds-citoyen-franco-allemand-appel-a-participation-repas-en-ligne_-d.html?downloadpdf=1\" target=\"_blank\" rel=\"nofollow noopener noreferrer\">PDF<\/a> <a class=\"btn-ico btn-ico-print\" title=\"Imprimer la page\">Print<\/a><\/div>\n<\/section>\n<\/div>\n<\/div>\n<\/div>\n<\/div>\n<\/div>\n<footer id=\"mainFooter\">\n<div class=\"container\">\n<div class=\"row\">\n<div class=\"col-xs-12 col-sm-8\"><a class=\"contacts \" title=\"Contact\" href=\"https:\/\/www.eurodistrict-pamina.eu\/fr\/contact.html\" data-equalize=\"col-footer\"><span class=\"line-1\">Vous souhaitez nous<\/span><span class=\"line-2\">contacter<\/span><span class=\"line-3\">Cliquez ici<\/span><\/a><\/div>\n<\/div>\n<div><em>Source<\/em> : <a href=\"http:\/\/www.eurodistrict-pamina.eu\">www.eurodistrict-pamina.eu<\/a><\/div>\n<div><em>Contact<\/em> : <a href=\"&#109;&#x61;i&#x6c;t&#111;&#x3a;&#105;&#x6e;f&#111;&#x40;&#101;&#x75;r&#x6f;&#x64;&#105;&#x73;t&#x72;i&#99;&#x74;&#45;&#x70;a&#109;&#x69;&#110;&#x61;&#46;&#101;&#x75;\">&#105;n&#x66;o&#x40;&#101;&#x75;&#114;&#x6f;&#100;i&#x73;t&#x72;&#105;&#x63;&#116;&#x2d;&#112;&#x61;&#109;i&#x6e;a&#x2e;&#101;&#x75;<\/a><\/div>\n<div class=\"row\">\n<div class=\"col-xs-12 col-sm-4\">\n<div class=\"contenu\">nterg\u00e9n\u00e9rationnel, la sant\u00e9, la culture, les droits de l&#8217;Homme, le sport et la transition num\u00e9rique.<\/p>\n<table border=\"0\" cellspacing=\"1\" cellpadding=\"1\">\n<tbody>\n<tr>\n<td><\/td>\n<td><\/td>\n<td><\/td>\n<\/tr>\n<tr>\n<td><\/td>\n<td><\/td>\n<td><\/td>\n<\/tr>\n<\/tbody>\n<\/table>\n<\/div>\n<footer id=\"mainFooter\">\n<div class=\"container\">\n<div class=\"row\">\n<div class=\"col-xs-12 col-sm-4\">\n<div class=\"contenu\"><b><\/b><\/p>\n<table border=\"0\" cellspacing=\"1\" cellpadding=\"1\">\n<tbody>\n<tr>\n<td><\/td>\n<td><\/td>\n<td><\/td>\n<\/tr>\n<tr>\n<td><\/td>\n<td><\/td>\n<td><\/td>\n<\/tr>\n<\/tbody>\n<\/table>\n<\/div>\n<\/div>\n<\/div>\n<\/div>\n<\/footer>\n<\/div>\n<\/div>\n<\/div>\n<\/footer>\n","protected":false},"excerpt":{"rendered":"<p>Appel \u00e0 participation &#8222;Repas en ligne&#8220; Le trait\u00e9 d&#8217;Aix-la-Chapelle sign\u00e9 en 2019 entre la France et l&#8217;Allemagne pour renforcer leur coop\u00e9ration, 56 ans apr\u00e8s le trait\u00e9 de l&#8217;Elys\u00e9e (1963) pr\u00e9voyait la cr\u00e9ation d&#8217;un nouveau Fonds citoyen. Ce fonds est d\u00e9sormais mis en place et sa mise en oeuvre est confi\u00e9 \u00e0 l&#8217;Office franco-allemand pour la [&hellip;]<\/p>\n","protected":false},"author":3,"featured_media":0,"comment_status":"open","ping_status":"open","sticky":false,"template":"","format":"standard","meta":{"_exactmetrics_skip_tracking":false,"_exactmetrics_sitenote_active":false,"_exactmetrics_sitenote_note":"","_exactmetrics_sitenote_category":0,"footnotes":""},"categories":[7],"tags":[],"class_list":["post-4564","post","type-post","status-publish","format-standard","hentry","category-evenements-fr"],"yoast_head":"<!-- This site is optimized with the Yoast SEO plugin v23.5 - https:\/\/yoast.com\/wordpress\/plugins\/seo\/ -->\n<title>Nouveau Fonds citoyen franco-allemand - PAMINA Business Club<\/title>\n<meta name=\"robots\" content=\"index, follow, max-snippet:-1, max-image-preview:large, max-video-preview:-1\" \/>\n<link rel=\"canonical\" href=\"https:\/\/www.pamina-business.com\/nouveau-fonds-citoyen-franco-allemand\/\" \/>\n<meta property=\"og:locale\" content=\"de_DE\" \/>\n<meta property=\"og:type\" content=\"article\" \/>\n<meta property=\"og:title\" content=\"Nouveau Fonds citoyen franco-allemand - PAMINA Business Club\" \/>\n<meta property=\"og:description\" content=\"Appel \u00e0 participation &#8222;Repas en ligne&#8220; Le trait\u00e9 d&#8217;Aix-la-Chapelle sign\u00e9 en 2019 entre la France et l&#8217;Allemagne pour renforcer leur coop\u00e9ration, 56 ans apr\u00e8s le trait\u00e9 de l&#8217;Elys\u00e9e (1963) pr\u00e9voyait la cr\u00e9ation d&#8217;un nouveau Fonds citoyen. Ce fonds est d\u00e9sormais mis en place et sa mise en oeuvre est confi\u00e9 \u00e0 l&#8217;Office franco-allemand pour la [&hellip;]\" \/>\n<meta property=\"og:url\" content=\"https:\/\/www.pamina-business.com\/nouveau-fonds-citoyen-franco-allemand\/\" \/>\n<meta property=\"og:site_name\" content=\"PAMINA Business Club\" \/>\n<meta property=\"article:published_time\" content=\"2020-04-23T07:28:32+00:00\" \/>\n<meta property=\"og:image\" content=\"https:\/\/www.eurodistrict-pamina.eu\/globalflexit\/images\/UserFiles\/Image\/divers\/220_444_1_flyer-f-p1-partiepng.png\" \/>\n<meta name=\"author\" content=\"Monique STUTZMANN\" \/>\n<meta name=\"twitter:card\" content=\"summary_large_image\" \/>\n<meta name=\"twitter:label1\" content=\"Verfasst von\" \/>\n\t<meta name=\"twitter:data1\" content=\"Monique STUTZMANN\" \/>\n\t<meta name=\"twitter:label2\" content=\"Gesch\u00e4tzte Lesezeit\" \/>\n\t<meta name=\"twitter:data2\" content=\"3\u00a0Minuten\" \/>\n<script type=\"application\/ld+json\" class=\"yoast-schema-graph\">{\"@context\":\"https:\/\/schema.org\",\"@graph\":[{\"@type\":\"WebPage\",\"@id\":\"https:\/\/www.pamina-business.com\/nouveau-fonds-citoyen-franco-allemand\/\",\"url\":\"https:\/\/www.pamina-business.com\/nouveau-fonds-citoyen-franco-allemand\/\",\"name\":\"Nouveau Fonds citoyen franco-allemand - PAMINA Business Club\",\"isPartOf\":{\"@id\":\"https:\/\/www.pamina-business.com\/de\/#website\"},\"primaryImageOfPage\":{\"@id\":\"https:\/\/www.pamina-business.com\/nouveau-fonds-citoyen-franco-allemand\/#primaryimage\"},\"image\":{\"@id\":\"https:\/\/www.pamina-business.com\/nouveau-fonds-citoyen-franco-allemand\/#primaryimage\"},\"thumbnailUrl\":\"https:\/\/www.eurodistrict-pamina.eu\/globalflexit\/images\/UserFiles\/Image\/divers\/220_444_1_flyer-f-p1-partiepng.png\",\"datePublished\":\"2020-04-23T07:28:32+00:00\",\"dateModified\":\"2020-04-23T07:28:32+00:00\",\"author\":{\"@id\":\"https:\/\/www.pamina-business.com\/de\/#\/schema\/person\/9ab02536dbdbc5e3ef40bbc3452c8c69\"},\"breadcrumb\":{\"@id\":\"https:\/\/www.pamina-business.com\/nouveau-fonds-citoyen-franco-allemand\/#breadcrumb\"},\"inLanguage\":\"de\",\"potentialAction\":[{\"@type\":\"ReadAction\",\"target\":[\"https:\/\/www.pamina-business.com\/nouveau-fonds-citoyen-franco-allemand\/\"]}]},{\"@type\":\"ImageObject\",\"inLanguage\":\"de\",\"@id\":\"https:\/\/www.pamina-business.com\/nouveau-fonds-citoyen-franco-allemand\/#primaryimage\",\"url\":\"https:\/\/www.eurodistrict-pamina.eu\/globalflexit\/images\/UserFiles\/Image\/divers\/220_444_1_flyer-f-p1-partiepng.png\",\"contentUrl\":\"https:\/\/www.eurodistrict-pamina.eu\/globalflexit\/images\/UserFiles\/Image\/divers\/220_444_1_flyer-f-p1-partiepng.png\"},{\"@type\":\"BreadcrumbList\",\"@id\":\"https:\/\/www.pamina-business.com\/nouveau-fonds-citoyen-franco-allemand\/#breadcrumb\",\"itemListElement\":[{\"@type\":\"ListItem\",\"position\":1,\"name\":\"Accueil\",\"item\":\"https:\/\/www.pamina-business.com\/de\/\"},{\"@type\":\"ListItem\",\"position\":2,\"name\":\"Nouveau Fonds citoyen franco-allemand\"}]},{\"@type\":\"WebSite\",\"@id\":\"https:\/\/www.pamina-business.com\/de\/#website\",\"url\":\"https:\/\/www.pamina-business.com\/de\/\",\"name\":\"PAMINA Business Club\",\"description\":\"Un site utilisant WordPress\",\"potentialAction\":[{\"@type\":\"SearchAction\",\"target\":{\"@type\":\"EntryPoint\",\"urlTemplate\":\"https:\/\/www.pamina-business.com\/de\/?s={search_term_string}\"},\"query-input\":{\"@type\":\"PropertyValueSpecification\",\"valueRequired\":true,\"valueName\":\"search_term_string\"}}],\"inLanguage\":\"de\"},{\"@type\":\"Person\",\"@id\":\"https:\/\/www.pamina-business.com\/de\/#\/schema\/person\/9ab02536dbdbc5e3ef40bbc3452c8c69\",\"name\":\"Monique STUTZMANN\",\"image\":{\"@type\":\"ImageObject\",\"inLanguage\":\"de\",\"@id\":\"https:\/\/www.pamina-business.com\/de\/#\/schema\/person\/image\/\",\"url\":\"https:\/\/secure.gravatar.com\/avatar\/cc1c3adf9a9f6e969d3da7b6b34ec66f5f4a6844dfc9145380a75e42cd91882e?s=96&d=mm&r=g\",\"contentUrl\":\"https:\/\/secure.gravatar.com\/avatar\/cc1c3adf9a9f6e969d3da7b6b34ec66f5f4a6844dfc9145380a75e42cd91882e?s=96&d=mm&r=g\",\"caption\":\"Monique STUTZMANN\"},\"url\":\"http:\/\/www.pamina-business.com\/de\/author\/monique\/\"}]}<\/script>\n<!-- \/ Yoast SEO plugin. -->","yoast_head_json":{"title":"Nouveau Fonds citoyen franco-allemand - PAMINA Business Club","robots":{"index":"index","follow":"follow","max-snippet":"max-snippet:-1","max-image-preview":"max-image-preview:large","max-video-preview":"max-video-preview:-1"},"canonical":"https:\/\/www.pamina-business.com\/nouveau-fonds-citoyen-franco-allemand\/","og_locale":"de_DE","og_type":"article","og_title":"Nouveau Fonds citoyen franco-allemand - PAMINA Business Club","og_description":"Appel \u00e0 participation &#8222;Repas en ligne&#8220; Le trait\u00e9 d&#8217;Aix-la-Chapelle sign\u00e9 en 2019 entre la France et l&#8217;Allemagne pour renforcer leur coop\u00e9ration, 56 ans apr\u00e8s le trait\u00e9 de l&#8217;Elys\u00e9e (1963) pr\u00e9voyait la cr\u00e9ation d&#8217;un nouveau Fonds citoyen. Ce fonds est d\u00e9sormais mis en place et sa mise en oeuvre est confi\u00e9 \u00e0 l&#8217;Office franco-allemand pour la [&hellip;]","og_url":"https:\/\/www.pamina-business.com\/nouveau-fonds-citoyen-franco-allemand\/","og_site_name":"PAMINA Business Club","article_published_time":"2020-04-23T07:28:32+00:00","og_image":[{"url":"https:\/\/www.eurodistrict-pamina.eu\/globalflexit\/images\/UserFiles\/Image\/divers\/220_444_1_flyer-f-p1-partiepng.png"}],"author":"Monique STUTZMANN","twitter_card":"summary_large_image","twitter_misc":{"Verfasst von":"Monique STUTZMANN","Gesch\u00e4tzte Lesezeit":"3\u00a0Minuten"},"schema":{"@context":"https:\/\/schema.org","@graph":[{"@type":"WebPage","@id":"https:\/\/www.pamina-business.com\/nouveau-fonds-citoyen-franco-allemand\/","url":"https:\/\/www.pamina-business.com\/nouveau-fonds-citoyen-franco-allemand\/","name":"Nouveau Fonds citoyen franco-allemand - PAMINA Business Club","isPartOf":{"@id":"https:\/\/www.pamina-business.com\/de\/#website"},"primaryImageOfPage":{"@id":"https:\/\/www.pamina-business.com\/nouveau-fonds-citoyen-franco-allemand\/#primaryimage"},"image":{"@id":"https:\/\/www.pamina-business.com\/nouveau-fonds-citoyen-franco-allemand\/#primaryimage"},"thumbnailUrl":"https:\/\/www.eurodistrict-pamina.eu\/globalflexit\/images\/UserFiles\/Image\/divers\/220_444_1_flyer-f-p1-partiepng.png","datePublished":"2020-04-23T07:28:32+00:00","dateModified":"2020-04-23T07:28:32+00:00","author":{"@id":"https:\/\/www.pamina-business.com\/de\/#\/schema\/person\/9ab02536dbdbc5e3ef40bbc3452c8c69"},"breadcrumb":{"@id":"https:\/\/www.pamina-business.com\/nouveau-fonds-citoyen-franco-allemand\/#breadcrumb"},"inLanguage":"de","potentialAction":[{"@type":"ReadAction","target":["https:\/\/www.pamina-business.com\/nouveau-fonds-citoyen-franco-allemand\/"]}]},{"@type":"ImageObject","inLanguage":"de","@id":"https:\/\/www.pamina-business.com\/nouveau-fonds-citoyen-franco-allemand\/#primaryimage","url":"https:\/\/www.eurodistrict-pamina.eu\/globalflexit\/images\/UserFiles\/Image\/divers\/220_444_1_flyer-f-p1-partiepng.png","contentUrl":"https:\/\/www.eurodistrict-pamina.eu\/globalflexit\/images\/UserFiles\/Image\/divers\/220_444_1_flyer-f-p1-partiepng.png"},{"@type":"BreadcrumbList","@id":"https:\/\/www.pamina-business.com\/nouveau-fonds-citoyen-franco-allemand\/#breadcrumb","itemListElement":[{"@type":"ListItem","position":1,"name":"Accueil","item":"https:\/\/www.pamina-business.com\/de\/"},{"@type":"ListItem","position":2,"name":"Nouveau Fonds citoyen franco-allemand"}]},{"@type":"WebSite","@id":"https:\/\/www.pamina-business.com\/de\/#website","url":"https:\/\/www.pamina-business.com\/de\/","name":"PAMINA Business Club","description":"Un site utilisant WordPress","potentialAction":[{"@type":"SearchAction","target":{"@type":"EntryPoint","urlTemplate":"https:\/\/www.pamina-business.com\/de\/?s={search_term_string}"},"query-input":{"@type":"PropertyValueSpecification","valueRequired":true,"valueName":"search_term_string"}}],"inLanguage":"de"},{"@type":"Person","@id":"https:\/\/www.pamina-business.com\/de\/#\/schema\/person\/9ab02536dbdbc5e3ef40bbc3452c8c69","name":"Monique STUTZMANN","image":{"@type":"ImageObject","inLanguage":"de","@id":"https:\/\/www.pamina-business.com\/de\/#\/schema\/person\/image\/","url":"https:\/\/secure.gravatar.com\/avatar\/cc1c3adf9a9f6e969d3da7b6b34ec66f5f4a6844dfc9145380a75e42cd91882e?s=96&d=mm&r=g","contentUrl":"https:\/\/secure.gravatar.com\/avatar\/cc1c3adf9a9f6e969d3da7b6b34ec66f5f4a6844dfc9145380a75e42cd91882e?s=96&d=mm&r=g","caption":"Monique STUTZMANN"},"url":"http:\/\/www.pamina-business.com\/de\/author\/monique\/"}]}},"_links":{"self":[{"href":"http:\/\/www.pamina-business.com\/de\/wp-json\/wp\/v2\/posts\/4564","targetHints":{"allow":["GET"]}}],"collection":[{"href":"http:\/\/www.pamina-business.com\/de\/wp-json\/wp\/v2\/posts"}],"about":[{"href":"http:\/\/www.pamina-business.com\/de\/wp-json\/wp\/v2\/types\/post"}],"author":[{"embeddable":true,"href":"http:\/\/www.pamina-business.com\/de\/wp-json\/wp\/v2\/users\/3"}],"replies":[{"embeddable":true,"href":"http:\/\/www.pamina-business.com\/de\/wp-json\/wp\/v2\/comments?post=4564"}],"version-history":[{"count":1,"href":"http:\/\/www.pamina-business.com\/de\/wp-json\/wp\/v2\/posts\/4564\/revisions"}],"predecessor-version":[{"id":4565,"href":"http:\/\/www.pamina-business.com\/de\/wp-json\/wp\/v2\/posts\/4564\/revisions\/4565"}],"wp:attachment":[{"href":"http:\/\/www.pamina-business.com\/de\/wp-json\/wp\/v2\/media?parent=4564"}],"wp:term":[{"taxonomy":"category","embeddable":true,"href":"http:\/\/www.pamina-business.com\/de\/wp-json\/wp\/v2\/categories?post=4564"},{"taxonomy":"post_tag","embeddable":true,"href":"http:\/\/www.pamina-business.com\/de\/wp-json\/wp\/v2\/tags?post=4564"}],"curies":[{"name":"wp","href":"https:\/\/api.w.org\/{rel}","templated":true}]}}