{"id":4491,"date":"2020-03-09T13:07:18","date_gmt":"2020-03-09T13:07:18","guid":{"rendered":"http:\/\/www.pamina-business.com\/?p=4491"},"modified":"2020-03-02T13:12:42","modified_gmt":"2020-03-02T13:12:42","slug":"tag-der-offenen-tuer-open-day-journee-portes-ouvertes-an-der-europaeischen-schule-karlsruhe-am-14-maerz-2020","status":"publish","type":"post","link":"http:\/\/www.pamina-business.com\/de\/tag-der-offenen-tuer-open-day-journee-portes-ouvertes-an-der-europaeischen-schule-karlsruhe-am-14-maerz-2020\/","title":{"rendered":"Tag der offenen T\u00fcr &#8211; Open Day &#8211; Journ\u00e9e portes ouvertes an der Europ\u00e4ischen Schule Karlsruhe am 14. M\u00e4rz 2020"},"content":{"rendered":"<div class=\"row\">\n<div class=\"col-xs-12 calendarScrollContainer\">\n<div id=\"calendar\">\n<p>Hohe Qualit\u00e4t im Unterricht und in der Betreuung macht das Schulleben an der Europ\u00e4ischen Schule in Karlsruhe (ESK) aus. Vom Kindergarten \u00fcber die Grundschule ins Gymnasium bis zum Europ\u00e4ischen Abitur \u2013 \u00fcber den vielseitigen Bildungsweg mit international anerkanntem Abschluss an der Europ\u00e4ischen Schule k\u00f6nnen sich alle Interessierten beim Open Day am Samstag, 14. M\u00e4rz, von 9.30 bis um 14 Uhr ein umfassendes Bild machen. Alle interessierten Eltern, Gro\u00dfeltern, Verwandte, Freunde und Bekannte sowie Firmen aus Karlsruhe und Umgebung sind herzlich zum Tag der offenen T\u00fcr eingeladen.<\/p>\n<p>In 15 Sprachen wird an der Europ\u00e4ischen Schule unterrichtet \u2013 mit einem gro\u00dfen Team engagierter Muttersprachler im Kindergarten, in der Grundschule sowie im Gymnasium ist den Sch\u00fclerinnen und Sch\u00fclern offenes, wissenschaftliches und multilinguales Lernen sicher. Die offiziellen Sprachen aller Mitgliedstaaten der Europ\u00e4ischen Union sind hier vertreten. Die 3 Hauptsprachabteilungen \u2013 Deutsch, Englisch und Franz\u00f6sisch, dazu Italienisch, Spanisch und weitere europ\u00e4ischen Sprachen, \u2013 werden angeboten. Innovative Lernmethoden und vielf\u00e4ltige au\u00dferschulische Aktivit\u00e4ten geh\u00f6ren zum Schulalltag auf dem 10 Hektar gro\u00dfen Campusgel\u00e4nde in der Karlsruher Waldstadt.<\/p>\n<p>Das Einzugsgebiet der internationalen Schule reicht von Karlsruhe und der Umgebung bis weit \u00fcber die Region hinaus \u2013 von Stra\u00dfburg \u00fcber Mannheim, Heidelberg bis nach Stuttgart und in die PAMINA Gegend. Die Europ\u00e4ische Schule Karlsruhe ist Teil eines Netzwerks von 13 Europ\u00e4ischen Schulen in 6 L\u00e4ndern der Europ\u00e4ischen Union. Insbesondere werden hier europ\u00e4ische Werte gef\u00f6rdert und die pers\u00f6nliche Entwicklung und Motivation der Sch\u00fcler unterst\u00fctzt.<\/p>\n<p>Weitere Informationen unter: <a class=\"external-link-new-window\" href=\"https:\/\/www.es-karlsruhe.eu\/de\/event\/tag-der-offenen-tur-journee-portes-ouvertes-open-day\/\" target=\"_blank\" rel=\"noopener noreferrer\">www.es-karlsruhe.eu<\/a><\/p>\n<p><em>Quelle<\/em> : Newsletter der TechnologieRegion Karlsruhe Februar 2020<\/p>\n<p><a href=\"http:\/\/www.technologieregion-karlsruhe.de\">www.technologieregion-karlsruhe.de<\/a><\/p>\n<p><em>Kontakt<\/em> : <a href=\"&#109;&#x61;&#105;&#x6c;t&#111;&#x3a;&#112;&#x72;e&#x73;s&#101;&#x40;&#116;&#x65;c&#x68;&#x6e;&#111;&#x6c;o&#x67;i&#101;&#x72;&#101;&#x67;i&#x6f;n&#45;&#x6b;&#97;&#x72;l&#115;&#x72;&#117;&#x68;e&#x2e;d&#101;\">&#112;&#x72;e&#115;&#x73;e&#64;&#x74;e&#99;&#x68;n&#111;&#x6c;&#111;&#x67;&#x69;&#101;&#x72;&#x65;&#103;&#x69;o&#110;&#x2d;k&#97;&#x72;l&#115;&#x72;u&#104;&#x65;&#46;&#x64;&#x65;<\/a><\/p>\n<div class=\"row\">\n<div class=\"col-xs-4\"><\/div>\n<\/div>\n<\/div>\n<\/div>\n<\/div>\n","protected":false},"excerpt":{"rendered":"<p>Hohe Qualit\u00e4t im Unterricht und in der Betreuung macht das Schulleben an der Europ\u00e4ischen Schule in Karlsruhe (ESK) aus. Vom Kindergarten \u00fcber die Grundschule ins Gymnasium bis zum Europ\u00e4ischen Abitur \u2013 \u00fcber den vielseitigen Bildungsweg mit international anerkanntem Abschluss an der Europ\u00e4ischen Schule k\u00f6nnen sich alle Interessierten beim Open Day am Samstag, 14. M\u00e4rz, von [&hellip;]<\/p>\n","protected":false},"author":3,"featured_media":0,"comment_status":"open","ping_status":"open","sticky":false,"template":"","format":"standard","meta":{"_exactmetrics_skip_tracking":false,"_exactmetrics_sitenote_active":false,"_exactmetrics_sitenote_note":"","_exactmetrics_sitenote_category":0,"footnotes":""},"categories":[57,59],"tags":[],"class_list":["post-4491","post","type-post","status-publish","format-standard","hentry","category-berufsbildung-de","category-ereignisse-de"],"yoast_head":"<!-- This site is optimized with the Yoast SEO plugin v23.5 - https:\/\/yoast.com\/wordpress\/plugins\/seo\/ -->\n<title>Tag der offenen T\u00fcr - Open Day - Journ\u00e9e portes ouvertes an der Europ\u00e4ischen Schule Karlsruhe am 14. M\u00e4rz 2020 - PAMINA Business Club<\/title>\n<meta name=\"robots\" content=\"index, follow, max-snippet:-1, max-image-preview:large, max-video-preview:-1\" \/>\n<link rel=\"canonical\" href=\"http:\/\/www.pamina-business.com\/de\/tag-der-offenen-tuer-open-day-journee-portes-ouvertes-an-der-europaeischen-schule-karlsruhe-am-14-maerz-2020\/\" \/>\n<meta property=\"og:locale\" content=\"de_DE\" \/>\n<meta property=\"og:type\" content=\"article\" \/>\n<meta property=\"og:title\" content=\"Tag der offenen T\u00fcr - Open Day - Journ\u00e9e portes ouvertes an der Europ\u00e4ischen Schule Karlsruhe am 14. M\u00e4rz 2020 - PAMINA Business Club\" \/>\n<meta property=\"og:description\" content=\"Hohe Qualit\u00e4t im Unterricht und in der Betreuung macht das Schulleben an der Europ\u00e4ischen Schule in Karlsruhe (ESK) aus. Vom Kindergarten \u00fcber die Grundschule ins Gymnasium bis zum Europ\u00e4ischen Abitur \u2013 \u00fcber den vielseitigen Bildungsweg mit international anerkanntem Abschluss an der Europ\u00e4ischen Schule k\u00f6nnen sich alle Interessierten beim Open Day am Samstag, 14. M\u00e4rz, von [&hellip;]\" \/>\n<meta property=\"og:url\" content=\"http:\/\/www.pamina-business.com\/de\/tag-der-offenen-tuer-open-day-journee-portes-ouvertes-an-der-europaeischen-schule-karlsruhe-am-14-maerz-2020\/\" \/>\n<meta property=\"og:site_name\" content=\"PAMINA Business Club\" \/>\n<meta property=\"article:published_time\" content=\"2020-03-09T13:07:18+00:00\" \/>\n<meta property=\"article:modified_time\" content=\"2020-03-02T13:12:42+00:00\" \/>\n<meta name=\"author\" content=\"Monique STUTZMANN\" \/>\n<meta name=\"twitter:card\" content=\"summary_large_image\" \/>\n<meta name=\"twitter:label1\" content=\"Verfasst von\" \/>\n\t<meta name=\"twitter:data1\" content=\"Monique STUTZMANN\" \/>\n\t<meta name=\"twitter:label2\" content=\"Gesch\u00e4tzte Lesezeit\" \/>\n\t<meta name=\"twitter:data2\" content=\"1\u00a0Minute\" \/>\n<script type=\"application\/ld+json\" class=\"yoast-schema-graph\">{\"@context\":\"https:\/\/schema.org\",\"@graph\":[{\"@type\":\"WebPage\",\"@id\":\"http:\/\/www.pamina-business.com\/de\/tag-der-offenen-tuer-open-day-journee-portes-ouvertes-an-der-europaeischen-schule-karlsruhe-am-14-maerz-2020\/\",\"url\":\"http:\/\/www.pamina-business.com\/de\/tag-der-offenen-tuer-open-day-journee-portes-ouvertes-an-der-europaeischen-schule-karlsruhe-am-14-maerz-2020\/\",\"name\":\"Tag der offenen T\u00fcr - Open Day - Journ\u00e9e portes ouvertes an der Europ\u00e4ischen Schule Karlsruhe am 14. M\u00e4rz 2020 - PAMINA Business Club\",\"isPartOf\":{\"@id\":\"http:\/\/www.pamina-business.com\/de\/#website\"},\"datePublished\":\"2020-03-09T13:07:18+00:00\",\"dateModified\":\"2020-03-02T13:12:42+00:00\",\"author\":{\"@id\":\"http:\/\/www.pamina-business.com\/de\/#\/schema\/person\/9ab02536dbdbc5e3ef40bbc3452c8c69\"},\"breadcrumb\":{\"@id\":\"http:\/\/www.pamina-business.com\/de\/tag-der-offenen-tuer-open-day-journee-portes-ouvertes-an-der-europaeischen-schule-karlsruhe-am-14-maerz-2020\/#breadcrumb\"},\"inLanguage\":\"de\",\"potentialAction\":[{\"@type\":\"ReadAction\",\"target\":[\"http:\/\/www.pamina-business.com\/de\/tag-der-offenen-tuer-open-day-journee-portes-ouvertes-an-der-europaeischen-schule-karlsruhe-am-14-maerz-2020\/\"]}]},{\"@type\":\"BreadcrumbList\",\"@id\":\"http:\/\/www.pamina-business.com\/de\/tag-der-offenen-tuer-open-day-journee-portes-ouvertes-an-der-europaeischen-schule-karlsruhe-am-14-maerz-2020\/#breadcrumb\",\"itemListElement\":[{\"@type\":\"ListItem\",\"position\":1,\"name\":\"Accueil\",\"item\":\"http:\/\/www.pamina-business.com\/de\/\"},{\"@type\":\"ListItem\",\"position\":2,\"name\":\"Tag der offenen T\u00fcr &#8211; Open Day &#8211; Journ\u00e9e portes ouvertes an der Europ\u00e4ischen Schule Karlsruhe am 14. M\u00e4rz 2020\"}]},{\"@type\":\"WebSite\",\"@id\":\"http:\/\/www.pamina-business.com\/de\/#website\",\"url\":\"http:\/\/www.pamina-business.com\/de\/\",\"name\":\"PAMINA Business Club\",\"description\":\"Un site utilisant WordPress\",\"potentialAction\":[{\"@type\":\"SearchAction\",\"target\":{\"@type\":\"EntryPoint\",\"urlTemplate\":\"http:\/\/www.pamina-business.com\/de\/?s={search_term_string}\"},\"query-input\":{\"@type\":\"PropertyValueSpecification\",\"valueRequired\":true,\"valueName\":\"search_term_string\"}}],\"inLanguage\":\"de\"},{\"@type\":\"Person\",\"@id\":\"http:\/\/www.pamina-business.com\/de\/#\/schema\/person\/9ab02536dbdbc5e3ef40bbc3452c8c69\",\"name\":\"Monique STUTZMANN\",\"image\":{\"@type\":\"ImageObject\",\"inLanguage\":\"de\",\"@id\":\"http:\/\/www.pamina-business.com\/de\/#\/schema\/person\/image\/\",\"url\":\"https:\/\/secure.gravatar.com\/avatar\/cc1c3adf9a9f6e969d3da7b6b34ec66f5f4a6844dfc9145380a75e42cd91882e?s=96&d=mm&r=g\",\"contentUrl\":\"https:\/\/secure.gravatar.com\/avatar\/cc1c3adf9a9f6e969d3da7b6b34ec66f5f4a6844dfc9145380a75e42cd91882e?s=96&d=mm&r=g\",\"caption\":\"Monique STUTZMANN\"},\"url\":\"http:\/\/www.pamina-business.com\/de\/author\/monique\/\"}]}<\/script>\n<!-- \/ Yoast SEO plugin. -->","yoast_head_json":{"title":"Tag der offenen T\u00fcr - Open Day - Journ\u00e9e portes ouvertes an der Europ\u00e4ischen Schule Karlsruhe am 14. M\u00e4rz 2020 - PAMINA Business Club","robots":{"index":"index","follow":"follow","max-snippet":"max-snippet:-1","max-image-preview":"max-image-preview:large","max-video-preview":"max-video-preview:-1"},"canonical":"http:\/\/www.pamina-business.com\/de\/tag-der-offenen-tuer-open-day-journee-portes-ouvertes-an-der-europaeischen-schule-karlsruhe-am-14-maerz-2020\/","og_locale":"de_DE","og_type":"article","og_title":"Tag der offenen T\u00fcr - Open Day - Journ\u00e9e portes ouvertes an der Europ\u00e4ischen Schule Karlsruhe am 14. M\u00e4rz 2020 - PAMINA Business Club","og_description":"Hohe Qualit\u00e4t im Unterricht und in der Betreuung macht das Schulleben an der Europ\u00e4ischen Schule in Karlsruhe (ESK) aus. Vom Kindergarten \u00fcber die Grundschule ins Gymnasium bis zum Europ\u00e4ischen Abitur \u2013 \u00fcber den vielseitigen Bildungsweg mit international anerkanntem Abschluss an der Europ\u00e4ischen Schule k\u00f6nnen sich alle Interessierten beim Open Day am Samstag, 14. M\u00e4rz, von [&hellip;]","og_url":"http:\/\/www.pamina-business.com\/de\/tag-der-offenen-tuer-open-day-journee-portes-ouvertes-an-der-europaeischen-schule-karlsruhe-am-14-maerz-2020\/","og_site_name":"PAMINA Business Club","article_published_time":"2020-03-09T13:07:18+00:00","article_modified_time":"2020-03-02T13:12:42+00:00","author":"Monique STUTZMANN","twitter_card":"summary_large_image","twitter_misc":{"Verfasst von":"Monique STUTZMANN","Gesch\u00e4tzte Lesezeit":"1\u00a0Minute"},"schema":{"@context":"https:\/\/schema.org","@graph":[{"@type":"WebPage","@id":"http:\/\/www.pamina-business.com\/de\/tag-der-offenen-tuer-open-day-journee-portes-ouvertes-an-der-europaeischen-schule-karlsruhe-am-14-maerz-2020\/","url":"http:\/\/www.pamina-business.com\/de\/tag-der-offenen-tuer-open-day-journee-portes-ouvertes-an-der-europaeischen-schule-karlsruhe-am-14-maerz-2020\/","name":"Tag der offenen T\u00fcr - Open Day - Journ\u00e9e portes ouvertes an der Europ\u00e4ischen Schule Karlsruhe am 14. M\u00e4rz 2020 - PAMINA Business Club","isPartOf":{"@id":"http:\/\/www.pamina-business.com\/de\/#website"},"datePublished":"2020-03-09T13:07:18+00:00","dateModified":"2020-03-02T13:12:42+00:00","author":{"@id":"http:\/\/www.pamina-business.com\/de\/#\/schema\/person\/9ab02536dbdbc5e3ef40bbc3452c8c69"},"breadcrumb":{"@id":"http:\/\/www.pamina-business.com\/de\/tag-der-offenen-tuer-open-day-journee-portes-ouvertes-an-der-europaeischen-schule-karlsruhe-am-14-maerz-2020\/#breadcrumb"},"inLanguage":"de","potentialAction":[{"@type":"ReadAction","target":["http:\/\/www.pamina-business.com\/de\/tag-der-offenen-tuer-open-day-journee-portes-ouvertes-an-der-europaeischen-schule-karlsruhe-am-14-maerz-2020\/"]}]},{"@type":"BreadcrumbList","@id":"http:\/\/www.pamina-business.com\/de\/tag-der-offenen-tuer-open-day-journee-portes-ouvertes-an-der-europaeischen-schule-karlsruhe-am-14-maerz-2020\/#breadcrumb","itemListElement":[{"@type":"ListItem","position":1,"name":"Accueil","item":"http:\/\/www.pamina-business.com\/de\/"},{"@type":"ListItem","position":2,"name":"Tag der offenen T\u00fcr &#8211; Open Day &#8211; Journ\u00e9e portes ouvertes an der Europ\u00e4ischen Schule Karlsruhe am 14. M\u00e4rz 2020"}]},{"@type":"WebSite","@id":"http:\/\/www.pamina-business.com\/de\/#website","url":"http:\/\/www.pamina-business.com\/de\/","name":"PAMINA Business Club","description":"Un site utilisant WordPress","potentialAction":[{"@type":"SearchAction","target":{"@type":"EntryPoint","urlTemplate":"http:\/\/www.pamina-business.com\/de\/?s={search_term_string}"},"query-input":{"@type":"PropertyValueSpecification","valueRequired":true,"valueName":"search_term_string"}}],"inLanguage":"de"},{"@type":"Person","@id":"http:\/\/www.pamina-business.com\/de\/#\/schema\/person\/9ab02536dbdbc5e3ef40bbc3452c8c69","name":"Monique STUTZMANN","image":{"@type":"ImageObject","inLanguage":"de","@id":"http:\/\/www.pamina-business.com\/de\/#\/schema\/person\/image\/","url":"https:\/\/secure.gravatar.com\/avatar\/cc1c3adf9a9f6e969d3da7b6b34ec66f5f4a6844dfc9145380a75e42cd91882e?s=96&d=mm&r=g","contentUrl":"https:\/\/secure.gravatar.com\/avatar\/cc1c3adf9a9f6e969d3da7b6b34ec66f5f4a6844dfc9145380a75e42cd91882e?s=96&d=mm&r=g","caption":"Monique STUTZMANN"},"url":"http:\/\/www.pamina-business.com\/de\/author\/monique\/"}]}},"_links":{"self":[{"href":"http:\/\/www.pamina-business.com\/de\/wp-json\/wp\/v2\/posts\/4491","targetHints":{"allow":["GET"]}}],"collection":[{"href":"http:\/\/www.pamina-business.com\/de\/wp-json\/wp\/v2\/posts"}],"about":[{"href":"http:\/\/www.pamina-business.com\/de\/wp-json\/wp\/v2\/types\/post"}],"author":[{"embeddable":true,"href":"http:\/\/www.pamina-business.com\/de\/wp-json\/wp\/v2\/users\/3"}],"replies":[{"embeddable":true,"href":"http:\/\/www.pamina-business.com\/de\/wp-json\/wp\/v2\/comments?post=4491"}],"version-history":[{"count":1,"href":"http:\/\/www.pamina-business.com\/de\/wp-json\/wp\/v2\/posts\/4491\/revisions"}],"predecessor-version":[{"id":4492,"href":"http:\/\/www.pamina-business.com\/de\/wp-json\/wp\/v2\/posts\/4491\/revisions\/4492"}],"wp:attachment":[{"href":"http:\/\/www.pamina-business.com\/de\/wp-json\/wp\/v2\/media?parent=4491"}],"wp:term":[{"taxonomy":"category","embeddable":true,"href":"http:\/\/www.pamina-business.com\/de\/wp-json\/wp\/v2\/categories?post=4491"},{"taxonomy":"post_tag","embeddable":true,"href":"http:\/\/www.pamina-business.com\/de\/wp-json\/wp\/v2\/tags?post=4491"}],"curies":[{"name":"wp","href":"https:\/\/api.w.org\/{rel}","templated":true}]}}