{"id":4446,"date":"2020-01-31T15:43:53","date_gmt":"2020-01-31T15:43:53","guid":{"rendered":"http:\/\/www.pamina-business.com\/?p=4446"},"modified":"2020-01-28T15:46:39","modified_gmt":"2020-01-28T15:46:39","slug":"rabattierung-auf-teilnahmegebuehr-kongress-energieautonome-kommunen-2020","status":"publish","type":"post","link":"http:\/\/www.pamina-business.com\/de\/rabattierung-auf-teilnahmegebuehr-kongress-energieautonome-kommunen-2020\/","title":{"rendered":"Rabattierung auf Teilnahmegeb\u00fchr Kongress Energieautonome Kommunen 2020 \u00a0"},"content":{"rendered":"<p><strong>Freitickets zur Fachmesse Geb\u00e4ude.Energie.Technik, 14.16. Februar in Freiburg<\/strong><\/p>\n<p>Gemeinsam mit der Messe Freiburg l\u00e4dt<strong> TRION &#8211; climate e.V. <\/strong>als langj\u00e4hriger Kooperationspartner der GETEC seine Mitglieder zum begleitenden <a href=\"https:\/\/www.energieautonome-kommunen.de\/\"><strong>Kongress \u201eEnergieautonome Kommunen\u201c<\/strong><\/a> (EAK) am 13. und 14.Februar 2020 ein.<\/p>\n<p><strong>Mitglieder bei TRION-climate e.V.<\/strong> erhalten <strong>10 % Rabatt auf die Teilnahmegeb\u00fchren. <\/strong>Wenn Sie selbst oder Kollegen zum Kongress kommen m\u00f6chten, geben Sie bei der Online-Registrierung den Aktions-Code<strong> Trion_EAK2020 <\/strong>ein.<br \/>\n<strong>\u00a0<\/strong><br \/>\nDer Code kann auf <a href=\"https:\/\/www.energieautonome-kommunen.de\/tickets\/\">https:\/\/www.energieautonome-kommunen.de\/tickets\/<\/a> unter <em>\u201eHier klicken, um einen Promotioncode einzugeben\u201c<\/em> verwendet werden. Der Rabattcode verg\u00fcnstigt alle \u00fcblichen Ticketkategorien um 10%.<\/p>\n<p>Weitere Details sowie das vollst\u00e4ndige Programm finden Sie unter <a href=\"http:\/\/www.energieautonome-kommunen.de\/\">www.energieautonome-kommunen.de<\/a>.<\/p>\n<p>Weiterhin stellt<strong> TRION-Climate e.V. <\/strong>seinen Mitgliedern und interessierten Partnern ein <strong>Freiticket-Kontingent <\/strong>f\u00fcr die GETEC 2020 vom <strong>14. &#8211; 16. Februar 2020 in Freiburg<\/strong> zur Verf\u00fcgung. Die <a href=\"http:\/\/www.getec-freiburg.de\/\">Geb\u00e4ude.Energie.Technik<\/a> ist die f\u00fchrende Messe f\u00fcr gewerbliche, private und kommunale Bauherren, Immobilienbesitzer und Bautr\u00e4ger sowie Architekten, Planer, Fachhandwerker, Energieberater im S\u00fcdwesten. Wenn Sie die GETEC besuchen m\u00f6chten, erhalten Sie so freien Eintritt, und k\u00f6nnen sich unter folgendem Link maximal 2 Freitickets als print@home-Tickets bestellen und ausdrucken:<br \/>\n<a href=\"https:\/\/messefreiburgaussteller.reservix.de\/p\/reservix\/event\/1494923?discounts=S29vcGVyYXRpb25zcGFydG5lciBHRVRFQzIw\">Freiticketlink \u00fcber Reservix-Ticketshop der Geb\u00e4ude.Energie.Technik 2020<\/a><br \/>\n(Klartext-Link: <a href=\"https:\/\/bit.ly\/GETEC2020-KOOP\">https:\/\/bit.ly\/GETEC2020-KOOP<\/a> )<br \/>\nGutschein-Code: \u00a0\u00a0\u00a0\u00a0\u00a0\u00a0\u00a0\u00a0\u00a0\u00a0\u00a0 <strong>KOOP-GETEC2020<\/strong><br \/>\n<strong>\u00a0<\/strong><br \/>\nBitte beachten Sie, dass der Gutschein-Code nur f\u00fcr den Online-Vorverkauf g\u00fcltig ist.<br \/>\nIm Rahmenprogramm der GETEC finden sich auch interessante fachliche Side Events f\u00fcr Architekten und Planer, wie z.B. die Info-Veranstaltung aus der Veranstaltungsreihe <a href=\"https:\/\/www.holzbau-bruno-kaiser.de\/de\/veranstaltungen\/\">\u201eDER HOLZBAU KOMMT IN DIE STADT\u201c<\/a>. Weitere Side-Events finden Sie in der <a href=\"https:\/\/www.getec-freiburg.de\/fuer-besucher\/side-events.html\">\u00dcbersicht auf der Website<\/a> der GETEC.<\/p>\n<p><em>Quelle und Kontakt :\u00a0<\/em><\/p>\n<p><strong>Vulla Parasote<\/strong><br \/>\nGesch\u00e4ftsf\u00fchrerin TRION-climate e.V.<br \/>\nDirectrice g\u00e9n\u00e9rale de TRION-climate<\/p>\n<p>Netzwerk f\u00fcr Energie und Klima der Trinationalen Metropolregion Oberrhein<br \/>\nR\u00e9seau \u00e9nergie-climat, R\u00e9gion M\u00e9tropolitaine Trinationale du Rhin Sup\u00e9rieur<\/p>\n<p>TRION-climate e.V. \u00a0 \u00a0 \u00a0 \u00a0 \u00a0 \u00a0<strong>@Info Trion <\/strong><br \/>\nGesch\u00e4ftsstelle \u00a0 \u00a0 \u00a0 \u00a0 \u00a0 \u00a0 \u00a0 \u00a0 \u00a0 \u00a0 \u00a0<a href=\"http:\/\/www.trion-climate.net\/\">www.trion-climate.net<\/a><br \/>\nFabrikstra\u00dfe 12 \u00a0 \u00a0 \u00a0 \u00a0 \u00a0 \u00a0 \u00a0 \u00a0 Tel. 0049 (0)7851\/48 42 580<br \/>\nD-77694 Kehl \u00a0 \u00a0 \u00a0 \u00a0 \u00a0 \u00a0 \u00a0 \u00a0 \u00a0 \u00a0Fax 0049 (0)7851\/48 42 582<\/p>\n","protected":false},"excerpt":{"rendered":"<p>Freitickets zur Fachmesse Geb\u00e4ude.Energie.Technik, 14.16. Februar in Freiburg Gemeinsam mit der Messe Freiburg l\u00e4dt TRION &#8211; climate e.V. als langj\u00e4hriger Kooperationspartner der GETEC seine Mitglieder zum begleitenden Kongress \u201eEnergieautonome Kommunen\u201c (EAK) am 13. und 14.Februar 2020 ein. Mitglieder bei TRION-climate e.V. erhalten 10 % Rabatt auf die Teilnahmegeb\u00fchren. Wenn Sie selbst oder Kollegen zum Kongress [&hellip;]<\/p>\n","protected":false},"author":3,"featured_media":0,"comment_status":"open","ping_status":"open","sticky":false,"template":"","format":"standard","meta":{"_exactmetrics_skip_tracking":false,"_exactmetrics_sitenote_active":false,"_exactmetrics_sitenote_note":"","_exactmetrics_sitenote_category":0,"footnotes":""},"categories":[58,59,60,61],"tags":[],"class_list":["post-4446","post","type-post","status-publish","format-standard","hentry","category-energie-de","category-ereignisse-de","category-industrie-de","category-innovation-de"],"yoast_head":"<!-- This site is optimized with the Yoast SEO plugin v23.5 - https:\/\/yoast.com\/wordpress\/plugins\/seo\/ -->\n<title>Rabattierung auf Teilnahmegeb\u00fchr Kongress Energieautonome Kommunen 2020 \u00a0 - PAMINA Business Club<\/title>\n<meta name=\"robots\" content=\"index, follow, max-snippet:-1, max-image-preview:large, max-video-preview:-1\" \/>\n<link rel=\"canonical\" href=\"https:\/\/www.pamina-business.com\/de\/rabattierung-auf-teilnahmegebuehr-kongress-energieautonome-kommunen-2020\/\" \/>\n<meta property=\"og:locale\" content=\"de_DE\" \/>\n<meta property=\"og:type\" content=\"article\" \/>\n<meta property=\"og:title\" content=\"Rabattierung auf Teilnahmegeb\u00fchr Kongress Energieautonome Kommunen 2020 \u00a0 - PAMINA Business Club\" \/>\n<meta property=\"og:description\" content=\"Freitickets zur Fachmesse Geb\u00e4ude.Energie.Technik, 14.16. Februar in Freiburg Gemeinsam mit der Messe Freiburg l\u00e4dt TRION &#8211; climate e.V. als langj\u00e4hriger Kooperationspartner der GETEC seine Mitglieder zum begleitenden Kongress \u201eEnergieautonome Kommunen\u201c (EAK) am 13. und 14.Februar 2020 ein. Mitglieder bei TRION-climate e.V. erhalten 10 % Rabatt auf die Teilnahmegeb\u00fchren. Wenn Sie selbst oder Kollegen zum Kongress [&hellip;]\" \/>\n<meta property=\"og:url\" content=\"https:\/\/www.pamina-business.com\/de\/rabattierung-auf-teilnahmegebuehr-kongress-energieautonome-kommunen-2020\/\" \/>\n<meta property=\"og:site_name\" content=\"PAMINA Business Club\" \/>\n<meta property=\"article:published_time\" content=\"2020-01-31T15:43:53+00:00\" \/>\n<meta property=\"article:modified_time\" content=\"2020-01-28T15:46:39+00:00\" \/>\n<meta name=\"author\" content=\"Monique STUTZMANN\" \/>\n<meta name=\"twitter:card\" content=\"summary_large_image\" \/>\n<meta name=\"twitter:label1\" content=\"Verfasst von\" \/>\n\t<meta name=\"twitter:data1\" content=\"Monique STUTZMANN\" \/>\n\t<meta name=\"twitter:label2\" content=\"Gesch\u00e4tzte Lesezeit\" \/>\n\t<meta name=\"twitter:data2\" content=\"2\u00a0Minuten\" \/>\n<script type=\"application\/ld+json\" class=\"yoast-schema-graph\">{\"@context\":\"https:\/\/schema.org\",\"@graph\":[{\"@type\":\"WebPage\",\"@id\":\"https:\/\/www.pamina-business.com\/de\/rabattierung-auf-teilnahmegebuehr-kongress-energieautonome-kommunen-2020\/\",\"url\":\"https:\/\/www.pamina-business.com\/de\/rabattierung-auf-teilnahmegebuehr-kongress-energieautonome-kommunen-2020\/\",\"name\":\"Rabattierung auf Teilnahmegeb\u00fchr Kongress Energieautonome Kommunen 2020 \u00a0 - PAMINA Business Club\",\"isPartOf\":{\"@id\":\"http:\/\/www.pamina-business.com\/de\/#website\"},\"datePublished\":\"2020-01-31T15:43:53+00:00\",\"dateModified\":\"2020-01-28T15:46:39+00:00\",\"author\":{\"@id\":\"http:\/\/www.pamina-business.com\/de\/#\/schema\/person\/9ab02536dbdbc5e3ef40bbc3452c8c69\"},\"breadcrumb\":{\"@id\":\"https:\/\/www.pamina-business.com\/de\/rabattierung-auf-teilnahmegebuehr-kongress-energieautonome-kommunen-2020\/#breadcrumb\"},\"inLanguage\":\"de\",\"potentialAction\":[{\"@type\":\"ReadAction\",\"target\":[\"https:\/\/www.pamina-business.com\/de\/rabattierung-auf-teilnahmegebuehr-kongress-energieautonome-kommunen-2020\/\"]}]},{\"@type\":\"BreadcrumbList\",\"@id\":\"https:\/\/www.pamina-business.com\/de\/rabattierung-auf-teilnahmegebuehr-kongress-energieautonome-kommunen-2020\/#breadcrumb\",\"itemListElement\":[{\"@type\":\"ListItem\",\"position\":1,\"name\":\"Accueil\",\"item\":\"http:\/\/www.pamina-business.com\/de\/\"},{\"@type\":\"ListItem\",\"position\":2,\"name\":\"Rabattierung auf Teilnahmegeb\u00fchr Kongress Energieautonome Kommunen 2020 \u00a0\"}]},{\"@type\":\"WebSite\",\"@id\":\"http:\/\/www.pamina-business.com\/de\/#website\",\"url\":\"http:\/\/www.pamina-business.com\/de\/\",\"name\":\"PAMINA Business Club\",\"description\":\"Un site utilisant WordPress\",\"potentialAction\":[{\"@type\":\"SearchAction\",\"target\":{\"@type\":\"EntryPoint\",\"urlTemplate\":\"http:\/\/www.pamina-business.com\/de\/?s={search_term_string}\"},\"query-input\":{\"@type\":\"PropertyValueSpecification\",\"valueRequired\":true,\"valueName\":\"search_term_string\"}}],\"inLanguage\":\"de\"},{\"@type\":\"Person\",\"@id\":\"http:\/\/www.pamina-business.com\/de\/#\/schema\/person\/9ab02536dbdbc5e3ef40bbc3452c8c69\",\"name\":\"Monique STUTZMANN\",\"image\":{\"@type\":\"ImageObject\",\"inLanguage\":\"de\",\"@id\":\"http:\/\/www.pamina-business.com\/de\/#\/schema\/person\/image\/\",\"url\":\"https:\/\/secure.gravatar.com\/avatar\/cc1c3adf9a9f6e969d3da7b6b34ec66f5f4a6844dfc9145380a75e42cd91882e?s=96&d=mm&r=g\",\"contentUrl\":\"https:\/\/secure.gravatar.com\/avatar\/cc1c3adf9a9f6e969d3da7b6b34ec66f5f4a6844dfc9145380a75e42cd91882e?s=96&d=mm&r=g\",\"caption\":\"Monique STUTZMANN\"},\"url\":\"http:\/\/www.pamina-business.com\/de\/author\/monique\/\"}]}<\/script>\n<!-- \/ Yoast SEO plugin. -->","yoast_head_json":{"title":"Rabattierung auf Teilnahmegeb\u00fchr Kongress Energieautonome Kommunen 2020 \u00a0 - PAMINA Business Club","robots":{"index":"index","follow":"follow","max-snippet":"max-snippet:-1","max-image-preview":"max-image-preview:large","max-video-preview":"max-video-preview:-1"},"canonical":"https:\/\/www.pamina-business.com\/de\/rabattierung-auf-teilnahmegebuehr-kongress-energieautonome-kommunen-2020\/","og_locale":"de_DE","og_type":"article","og_title":"Rabattierung auf Teilnahmegeb\u00fchr Kongress Energieautonome Kommunen 2020 \u00a0 - PAMINA Business Club","og_description":"Freitickets zur Fachmesse Geb\u00e4ude.Energie.Technik, 14.16. Februar in Freiburg Gemeinsam mit der Messe Freiburg l\u00e4dt TRION &#8211; climate e.V. als langj\u00e4hriger Kooperationspartner der GETEC seine Mitglieder zum begleitenden Kongress \u201eEnergieautonome Kommunen\u201c (EAK) am 13. und 14.Februar 2020 ein. Mitglieder bei TRION-climate e.V. erhalten 10 % Rabatt auf die Teilnahmegeb\u00fchren. Wenn Sie selbst oder Kollegen zum Kongress [&hellip;]","og_url":"https:\/\/www.pamina-business.com\/de\/rabattierung-auf-teilnahmegebuehr-kongress-energieautonome-kommunen-2020\/","og_site_name":"PAMINA Business Club","article_published_time":"2020-01-31T15:43:53+00:00","article_modified_time":"2020-01-28T15:46:39+00:00","author":"Monique STUTZMANN","twitter_card":"summary_large_image","twitter_misc":{"Verfasst von":"Monique STUTZMANN","Gesch\u00e4tzte Lesezeit":"2\u00a0Minuten"},"schema":{"@context":"https:\/\/schema.org","@graph":[{"@type":"WebPage","@id":"https:\/\/www.pamina-business.com\/de\/rabattierung-auf-teilnahmegebuehr-kongress-energieautonome-kommunen-2020\/","url":"https:\/\/www.pamina-business.com\/de\/rabattierung-auf-teilnahmegebuehr-kongress-energieautonome-kommunen-2020\/","name":"Rabattierung auf Teilnahmegeb\u00fchr Kongress Energieautonome Kommunen 2020 \u00a0 - PAMINA Business Club","isPartOf":{"@id":"http:\/\/www.pamina-business.com\/de\/#website"},"datePublished":"2020-01-31T15:43:53+00:00","dateModified":"2020-01-28T15:46:39+00:00","author":{"@id":"http:\/\/www.pamina-business.com\/de\/#\/schema\/person\/9ab02536dbdbc5e3ef40bbc3452c8c69"},"breadcrumb":{"@id":"https:\/\/www.pamina-business.com\/de\/rabattierung-auf-teilnahmegebuehr-kongress-energieautonome-kommunen-2020\/#breadcrumb"},"inLanguage":"de","potentialAction":[{"@type":"ReadAction","target":["https:\/\/www.pamina-business.com\/de\/rabattierung-auf-teilnahmegebuehr-kongress-energieautonome-kommunen-2020\/"]}]},{"@type":"BreadcrumbList","@id":"https:\/\/www.pamina-business.com\/de\/rabattierung-auf-teilnahmegebuehr-kongress-energieautonome-kommunen-2020\/#breadcrumb","itemListElement":[{"@type":"ListItem","position":1,"name":"Accueil","item":"http:\/\/www.pamina-business.com\/de\/"},{"@type":"ListItem","position":2,"name":"Rabattierung auf Teilnahmegeb\u00fchr Kongress Energieautonome Kommunen 2020 \u00a0"}]},{"@type":"WebSite","@id":"http:\/\/www.pamina-business.com\/de\/#website","url":"http:\/\/www.pamina-business.com\/de\/","name":"PAMINA Business Club","description":"Un site utilisant WordPress","potentialAction":[{"@type":"SearchAction","target":{"@type":"EntryPoint","urlTemplate":"http:\/\/www.pamina-business.com\/de\/?s={search_term_string}"},"query-input":{"@type":"PropertyValueSpecification","valueRequired":true,"valueName":"search_term_string"}}],"inLanguage":"de"},{"@type":"Person","@id":"http:\/\/www.pamina-business.com\/de\/#\/schema\/person\/9ab02536dbdbc5e3ef40bbc3452c8c69","name":"Monique STUTZMANN","image":{"@type":"ImageObject","inLanguage":"de","@id":"http:\/\/www.pamina-business.com\/de\/#\/schema\/person\/image\/","url":"https:\/\/secure.gravatar.com\/avatar\/cc1c3adf9a9f6e969d3da7b6b34ec66f5f4a6844dfc9145380a75e42cd91882e?s=96&d=mm&r=g","contentUrl":"https:\/\/secure.gravatar.com\/avatar\/cc1c3adf9a9f6e969d3da7b6b34ec66f5f4a6844dfc9145380a75e42cd91882e?s=96&d=mm&r=g","caption":"Monique STUTZMANN"},"url":"http:\/\/www.pamina-business.com\/de\/author\/monique\/"}]}},"_links":{"self":[{"href":"http:\/\/www.pamina-business.com\/de\/wp-json\/wp\/v2\/posts\/4446","targetHints":{"allow":["GET"]}}],"collection":[{"href":"http:\/\/www.pamina-business.com\/de\/wp-json\/wp\/v2\/posts"}],"about":[{"href":"http:\/\/www.pamina-business.com\/de\/wp-json\/wp\/v2\/types\/post"}],"author":[{"embeddable":true,"href":"http:\/\/www.pamina-business.com\/de\/wp-json\/wp\/v2\/users\/3"}],"replies":[{"embeddable":true,"href":"http:\/\/www.pamina-business.com\/de\/wp-json\/wp\/v2\/comments?post=4446"}],"version-history":[{"count":1,"href":"http:\/\/www.pamina-business.com\/de\/wp-json\/wp\/v2\/posts\/4446\/revisions"}],"predecessor-version":[{"id":4447,"href":"http:\/\/www.pamina-business.com\/de\/wp-json\/wp\/v2\/posts\/4446\/revisions\/4447"}],"wp:attachment":[{"href":"http:\/\/www.pamina-business.com\/de\/wp-json\/wp\/v2\/media?parent=4446"}],"wp:term":[{"taxonomy":"category","embeddable":true,"href":"http:\/\/www.pamina-business.com\/de\/wp-json\/wp\/v2\/categories?post=4446"},{"taxonomy":"post_tag","embeddable":true,"href":"http:\/\/www.pamina-business.com\/de\/wp-json\/wp\/v2\/tags?post=4446"}],"curies":[{"name":"wp","href":"https:\/\/api.w.org\/{rel}","templated":true}]}}