{"id":4415,"date":"2019-12-23T07:45:28","date_gmt":"2019-12-23T07:45:28","guid":{"rendered":"http:\/\/www.pamina-business.com\/?p=4415"},"modified":"2019-12-17T07:47:04","modified_gmt":"2019-12-17T07:47:04","slug":"der-pamina-ferienkalender-ist-erschienen","status":"publish","type":"post","link":"http:\/\/www.pamina-business.com\/de\/der-pamina-ferienkalender-ist-erschienen\/","title":{"rendered":"Der PAMINA Ferienkalender ist erschienen"},"content":{"rendered":"<section id=\"mainSection\">\n<div class=\"fmodele fmodeleScroll tpl_fiche\">\n<div class=\"agendas-fiche\">\n<article class=\"media\">\n<div class=\"media-object\"><img decoding=\"async\" src=\"https:\/\/www.eurodistrict-pamina.eu\/globalflexit\/images\/img_base\/agendas\/835_556_1_calendrier1.jpg\" alt=\"PAMINA Ferienkalender\" \/><\/div>\n<div class=\"media-body\">\n<h1 class=\"media-heading\"><\/h1>\n<div class=\"date\"><\/div>\n<div class=\"contenu\">Sie m\u00f6chten gern einen deutsch-franz\u00f6sischen Austausch organisieren und fragen sich wann daf\u00fcr der beste Zeitpunkt w\u00e4re?<\/p>\n<p>Zur Erleichterung Ihrer Planung haben wir im PAMINA-Ferienkalender die Schulferien von Baden-W\u00fcrttemberg, Rheinland-Pfalz und dem Elsass \u00fcbersichtlich in einem einzigen Kalender f\u00fcr Sie zusammengestellt.<\/p>\n<p><a class=\"flexit_ico_file\" href=\"https:\/\/www.eurodistrict-pamina.eu\/UserFiles\/File\/calendrier\/kalender-2020.pdf\" target=\"_blank\" rel=\"noopener noreferrer\">Kalender 2020<\/a><\/div>\n<\/div>\n<div><em>Quelle<\/em> : <a href=\"http:\/\/www.eurodistrict-pamina.eu\">www.eurodistrict-pamina.eu<\/a><\/div>\n<div><\/div>\n<\/article>\n<\/div>\n<\/div>\n<\/section>\n","protected":false},"excerpt":{"rendered":"<p>Sie m\u00f6chten gern einen deutsch-franz\u00f6sischen Austausch organisieren und fragen sich wann daf\u00fcr der beste Zeitpunkt w\u00e4re? Zur Erleichterung Ihrer Planung haben wir im PAMINA-Ferienkalender die Schulferien von Baden-W\u00fcrttemberg, Rheinland-Pfalz und dem Elsass \u00fcbersichtlich in einem einzigen Kalender f\u00fcr Sie zusammengestellt. Kalender 2020 Quelle : www.eurodistrict-pamina.eu<\/p>\n","protected":false},"author":3,"featured_media":0,"comment_status":"open","ping_status":"open","sticky":false,"template":"","format":"standard","meta":{"_exactmetrics_skip_tracking":false,"_exactmetrics_sitenote_active":false,"_exactmetrics_sitenote_note":"","_exactmetrics_sitenote_category":0,"footnotes":""},"categories":[57],"tags":[],"class_list":["post-4415","post","type-post","status-publish","format-standard","hentry","category-berufsbildung-de"],"yoast_head":"<!-- This site is optimized with the Yoast SEO plugin v23.5 - https:\/\/yoast.com\/wordpress\/plugins\/seo\/ -->\n<title>Der PAMINA Ferienkalender ist erschienen - PAMINA Business Club<\/title>\n<meta name=\"robots\" content=\"index, follow, max-snippet:-1, max-image-preview:large, max-video-preview:-1\" \/>\n<link rel=\"canonical\" href=\"http:\/\/www.pamina-business.com\/de\/der-pamina-ferienkalender-ist-erschienen\/\" \/>\n<meta property=\"og:locale\" content=\"de_DE\" \/>\n<meta property=\"og:type\" content=\"article\" \/>\n<meta property=\"og:title\" content=\"Der PAMINA Ferienkalender ist erschienen - PAMINA Business Club\" \/>\n<meta property=\"og:description\" content=\"Sie m\u00f6chten gern einen deutsch-franz\u00f6sischen Austausch organisieren und fragen sich wann daf\u00fcr der beste Zeitpunkt w\u00e4re? Zur Erleichterung Ihrer Planung haben wir im PAMINA-Ferienkalender die Schulferien von Baden-W\u00fcrttemberg, Rheinland-Pfalz und dem Elsass \u00fcbersichtlich in einem einzigen Kalender f\u00fcr Sie zusammengestellt. Kalender 2020 Quelle : www.eurodistrict-pamina.eu\" \/>\n<meta property=\"og:url\" content=\"http:\/\/www.pamina-business.com\/de\/der-pamina-ferienkalender-ist-erschienen\/\" \/>\n<meta property=\"og:site_name\" content=\"PAMINA Business Club\" \/>\n<meta property=\"article:published_time\" content=\"2019-12-23T07:45:28+00:00\" \/>\n<meta property=\"article:modified_time\" content=\"2019-12-17T07:47:04+00:00\" \/>\n<meta property=\"og:image\" content=\"https:\/\/www.eurodistrict-pamina.eu\/globalflexit\/images\/img_base\/agendas\/835_556_1_calendrier1.jpg\" \/>\n<meta name=\"author\" content=\"Monique STUTZMANN\" \/>\n<meta name=\"twitter:card\" content=\"summary_large_image\" \/>\n<meta name=\"twitter:label1\" content=\"Verfasst von\" \/>\n\t<meta name=\"twitter:data1\" content=\"Monique STUTZMANN\" \/>\n<script type=\"application\/ld+json\" class=\"yoast-schema-graph\">{\"@context\":\"https:\/\/schema.org\",\"@graph\":[{\"@type\":\"WebPage\",\"@id\":\"http:\/\/www.pamina-business.com\/de\/der-pamina-ferienkalender-ist-erschienen\/\",\"url\":\"http:\/\/www.pamina-business.com\/de\/der-pamina-ferienkalender-ist-erschienen\/\",\"name\":\"Der PAMINA Ferienkalender ist erschienen - PAMINA Business Club\",\"isPartOf\":{\"@id\":\"http:\/\/www.pamina-business.com\/de\/#website\"},\"primaryImageOfPage\":{\"@id\":\"http:\/\/www.pamina-business.com\/de\/der-pamina-ferienkalender-ist-erschienen\/#primaryimage\"},\"image\":{\"@id\":\"http:\/\/www.pamina-business.com\/de\/der-pamina-ferienkalender-ist-erschienen\/#primaryimage\"},\"thumbnailUrl\":\"https:\/\/www.eurodistrict-pamina.eu\/globalflexit\/images\/img_base\/agendas\/835_556_1_calendrier1.jpg\",\"datePublished\":\"2019-12-23T07:45:28+00:00\",\"dateModified\":\"2019-12-17T07:47:04+00:00\",\"author\":{\"@id\":\"http:\/\/www.pamina-business.com\/de\/#\/schema\/person\/9ab02536dbdbc5e3ef40bbc3452c8c69\"},\"breadcrumb\":{\"@id\":\"http:\/\/www.pamina-business.com\/de\/der-pamina-ferienkalender-ist-erschienen\/#breadcrumb\"},\"inLanguage\":\"de\",\"potentialAction\":[{\"@type\":\"ReadAction\",\"target\":[\"http:\/\/www.pamina-business.com\/de\/der-pamina-ferienkalender-ist-erschienen\/\"]}]},{\"@type\":\"ImageObject\",\"inLanguage\":\"de\",\"@id\":\"http:\/\/www.pamina-business.com\/de\/der-pamina-ferienkalender-ist-erschienen\/#primaryimage\",\"url\":\"https:\/\/www.eurodistrict-pamina.eu\/globalflexit\/images\/img_base\/agendas\/835_556_1_calendrier1.jpg\",\"contentUrl\":\"https:\/\/www.eurodistrict-pamina.eu\/globalflexit\/images\/img_base\/agendas\/835_556_1_calendrier1.jpg\"},{\"@type\":\"BreadcrumbList\",\"@id\":\"http:\/\/www.pamina-business.com\/de\/der-pamina-ferienkalender-ist-erschienen\/#breadcrumb\",\"itemListElement\":[{\"@type\":\"ListItem\",\"position\":1,\"name\":\"Accueil\",\"item\":\"http:\/\/www.pamina-business.com\/de\/\"},{\"@type\":\"ListItem\",\"position\":2,\"name\":\"Der PAMINA Ferienkalender ist erschienen\"}]},{\"@type\":\"WebSite\",\"@id\":\"http:\/\/www.pamina-business.com\/de\/#website\",\"url\":\"http:\/\/www.pamina-business.com\/de\/\",\"name\":\"PAMINA Business Club\",\"description\":\"Un site utilisant WordPress\",\"potentialAction\":[{\"@type\":\"SearchAction\",\"target\":{\"@type\":\"EntryPoint\",\"urlTemplate\":\"http:\/\/www.pamina-business.com\/de\/?s={search_term_string}\"},\"query-input\":{\"@type\":\"PropertyValueSpecification\",\"valueRequired\":true,\"valueName\":\"search_term_string\"}}],\"inLanguage\":\"de\"},{\"@type\":\"Person\",\"@id\":\"http:\/\/www.pamina-business.com\/de\/#\/schema\/person\/9ab02536dbdbc5e3ef40bbc3452c8c69\",\"name\":\"Monique STUTZMANN\",\"image\":{\"@type\":\"ImageObject\",\"inLanguage\":\"de\",\"@id\":\"http:\/\/www.pamina-business.com\/de\/#\/schema\/person\/image\/\",\"url\":\"https:\/\/secure.gravatar.com\/avatar\/cc1c3adf9a9f6e969d3da7b6b34ec66f5f4a6844dfc9145380a75e42cd91882e?s=96&d=mm&r=g\",\"contentUrl\":\"https:\/\/secure.gravatar.com\/avatar\/cc1c3adf9a9f6e969d3da7b6b34ec66f5f4a6844dfc9145380a75e42cd91882e?s=96&d=mm&r=g\",\"caption\":\"Monique STUTZMANN\"},\"url\":\"http:\/\/www.pamina-business.com\/de\/author\/monique\/\"}]}<\/script>\n<!-- \/ Yoast SEO plugin. -->","yoast_head_json":{"title":"Der PAMINA Ferienkalender ist erschienen - PAMINA Business Club","robots":{"index":"index","follow":"follow","max-snippet":"max-snippet:-1","max-image-preview":"max-image-preview:large","max-video-preview":"max-video-preview:-1"},"canonical":"http:\/\/www.pamina-business.com\/de\/der-pamina-ferienkalender-ist-erschienen\/","og_locale":"de_DE","og_type":"article","og_title":"Der PAMINA Ferienkalender ist erschienen - PAMINA Business Club","og_description":"Sie m\u00f6chten gern einen deutsch-franz\u00f6sischen Austausch organisieren und fragen sich wann daf\u00fcr der beste Zeitpunkt w\u00e4re? Zur Erleichterung Ihrer Planung haben wir im PAMINA-Ferienkalender die Schulferien von Baden-W\u00fcrttemberg, Rheinland-Pfalz und dem Elsass \u00fcbersichtlich in einem einzigen Kalender f\u00fcr Sie zusammengestellt. Kalender 2020 Quelle : www.eurodistrict-pamina.eu","og_url":"http:\/\/www.pamina-business.com\/de\/der-pamina-ferienkalender-ist-erschienen\/","og_site_name":"PAMINA Business Club","article_published_time":"2019-12-23T07:45:28+00:00","article_modified_time":"2019-12-17T07:47:04+00:00","og_image":[{"url":"https:\/\/www.eurodistrict-pamina.eu\/globalflexit\/images\/img_base\/agendas\/835_556_1_calendrier1.jpg"}],"author":"Monique STUTZMANN","twitter_card":"summary_large_image","twitter_misc":{"Verfasst von":"Monique STUTZMANN"},"schema":{"@context":"https:\/\/schema.org","@graph":[{"@type":"WebPage","@id":"http:\/\/www.pamina-business.com\/de\/der-pamina-ferienkalender-ist-erschienen\/","url":"http:\/\/www.pamina-business.com\/de\/der-pamina-ferienkalender-ist-erschienen\/","name":"Der PAMINA Ferienkalender ist erschienen - PAMINA Business Club","isPartOf":{"@id":"http:\/\/www.pamina-business.com\/de\/#website"},"primaryImageOfPage":{"@id":"http:\/\/www.pamina-business.com\/de\/der-pamina-ferienkalender-ist-erschienen\/#primaryimage"},"image":{"@id":"http:\/\/www.pamina-business.com\/de\/der-pamina-ferienkalender-ist-erschienen\/#primaryimage"},"thumbnailUrl":"https:\/\/www.eurodistrict-pamina.eu\/globalflexit\/images\/img_base\/agendas\/835_556_1_calendrier1.jpg","datePublished":"2019-12-23T07:45:28+00:00","dateModified":"2019-12-17T07:47:04+00:00","author":{"@id":"http:\/\/www.pamina-business.com\/de\/#\/schema\/person\/9ab02536dbdbc5e3ef40bbc3452c8c69"},"breadcrumb":{"@id":"http:\/\/www.pamina-business.com\/de\/der-pamina-ferienkalender-ist-erschienen\/#breadcrumb"},"inLanguage":"de","potentialAction":[{"@type":"ReadAction","target":["http:\/\/www.pamina-business.com\/de\/der-pamina-ferienkalender-ist-erschienen\/"]}]},{"@type":"ImageObject","inLanguage":"de","@id":"http:\/\/www.pamina-business.com\/de\/der-pamina-ferienkalender-ist-erschienen\/#primaryimage","url":"https:\/\/www.eurodistrict-pamina.eu\/globalflexit\/images\/img_base\/agendas\/835_556_1_calendrier1.jpg","contentUrl":"https:\/\/www.eurodistrict-pamina.eu\/globalflexit\/images\/img_base\/agendas\/835_556_1_calendrier1.jpg"},{"@type":"BreadcrumbList","@id":"http:\/\/www.pamina-business.com\/de\/der-pamina-ferienkalender-ist-erschienen\/#breadcrumb","itemListElement":[{"@type":"ListItem","position":1,"name":"Accueil","item":"http:\/\/www.pamina-business.com\/de\/"},{"@type":"ListItem","position":2,"name":"Der PAMINA Ferienkalender ist erschienen"}]},{"@type":"WebSite","@id":"http:\/\/www.pamina-business.com\/de\/#website","url":"http:\/\/www.pamina-business.com\/de\/","name":"PAMINA Business Club","description":"Un site utilisant WordPress","potentialAction":[{"@type":"SearchAction","target":{"@type":"EntryPoint","urlTemplate":"http:\/\/www.pamina-business.com\/de\/?s={search_term_string}"},"query-input":{"@type":"PropertyValueSpecification","valueRequired":true,"valueName":"search_term_string"}}],"inLanguage":"de"},{"@type":"Person","@id":"http:\/\/www.pamina-business.com\/de\/#\/schema\/person\/9ab02536dbdbc5e3ef40bbc3452c8c69","name":"Monique STUTZMANN","image":{"@type":"ImageObject","inLanguage":"de","@id":"http:\/\/www.pamina-business.com\/de\/#\/schema\/person\/image\/","url":"https:\/\/secure.gravatar.com\/avatar\/cc1c3adf9a9f6e969d3da7b6b34ec66f5f4a6844dfc9145380a75e42cd91882e?s=96&d=mm&r=g","contentUrl":"https:\/\/secure.gravatar.com\/avatar\/cc1c3adf9a9f6e969d3da7b6b34ec66f5f4a6844dfc9145380a75e42cd91882e?s=96&d=mm&r=g","caption":"Monique STUTZMANN"},"url":"http:\/\/www.pamina-business.com\/de\/author\/monique\/"}]}},"_links":{"self":[{"href":"http:\/\/www.pamina-business.com\/de\/wp-json\/wp\/v2\/posts\/4415","targetHints":{"allow":["GET"]}}],"collection":[{"href":"http:\/\/www.pamina-business.com\/de\/wp-json\/wp\/v2\/posts"}],"about":[{"href":"http:\/\/www.pamina-business.com\/de\/wp-json\/wp\/v2\/types\/post"}],"author":[{"embeddable":true,"href":"http:\/\/www.pamina-business.com\/de\/wp-json\/wp\/v2\/users\/3"}],"replies":[{"embeddable":true,"href":"http:\/\/www.pamina-business.com\/de\/wp-json\/wp\/v2\/comments?post=4415"}],"version-history":[{"count":1,"href":"http:\/\/www.pamina-business.com\/de\/wp-json\/wp\/v2\/posts\/4415\/revisions"}],"predecessor-version":[{"id":4416,"href":"http:\/\/www.pamina-business.com\/de\/wp-json\/wp\/v2\/posts\/4415\/revisions\/4416"}],"wp:attachment":[{"href":"http:\/\/www.pamina-business.com\/de\/wp-json\/wp\/v2\/media?parent=4415"}],"wp:term":[{"taxonomy":"category","embeddable":true,"href":"http:\/\/www.pamina-business.com\/de\/wp-json\/wp\/v2\/categories?post=4415"},{"taxonomy":"post_tag","embeddable":true,"href":"http:\/\/www.pamina-business.com\/de\/wp-json\/wp\/v2\/tags?post=4415"}],"curies":[{"name":"wp","href":"https:\/\/api.w.org\/{rel}","templated":true}]}}