{"id":439,"date":"2015-03-25T10:41:44","date_gmt":"2015-03-25T10:41:44","guid":{"rendered":"http:\/\/www.pamina-business.com\/?p=439"},"modified":"2015-03-25T10:44:37","modified_gmt":"2015-03-25T10:44:37","slug":"veranstaltungsreihe-comedy-macht-schule-mit-osman-citir-im-landkreis-gemersheim","status":"publish","type":"post","link":"http:\/\/www.pamina-business.com\/de\/veranstaltungsreihe-comedy-macht-schule-mit-osman-citir-im-landkreis-gemersheim\/","title":{"rendered":"Veranstaltungsreihe \u201eComedy macht Schule\u201c mit Osman Citir im Landkreis Gemersheim"},"content":{"rendered":"<p><strong>\u201eComedy macht Schule\u201c ein voller Erfolg<br \/>\nMotivations-Kick f\u00fcr Berufswahl bei \u00fcber 1.000 Achtkl\u00e4sslern: Niemals aufgeben!<\/strong><\/p>\n<p>\u201eEr hat mir Mut gemacht\u201c, sagt Pascal, Sch\u00fcler der Richard-von-Weizs\u00e4cker-Realschule Plus, nach der Show vergangene Woche in Germersheim. Er ist einer von knapp \u00fcber 1.000 Sch\u00fclern im Landkreis Germersheim, die im M\u00e4rz das Programm von Comedian und Motivator Osman Citir gesehen haben. \u201eDer tosende Applaus in Bellheim, Germersheim und Kandel sowie die Trauben von Sch\u00fclern um den Star der Show bei der anschlie\u00dfenden Autogrammstunde beweisen, dass seine Botschaften angekommen sind\u201c, so Wirtschaftsf\u00f6rderin Maria Farrenkopf, gleichzeitig Leiterin des Arbeitskreises Schule-Wirtschaft, die die Veranstaltungsreihe initiiert hat.<\/p>\n<p>Die Stand-up-Comedy, die Citir dabei aus dem \u00c4rmel sch\u00fcttelt, bildet nur das Warming-up mit den jeweils 360 Achtkl\u00e4sslern. Im wesentlich ernsteren Teil seines Programms erz\u00e4hlt er ganz authentisch seine eigene Lebensgeschichte und appelliert an seine Zuh\u00f6rer, pers\u00f6nliche Ziele zu finden, sie zu verfolgen und niemals aufzugeben. Seine eigenen Misserfolge in der Schule, unklare Ziele, erste kleine schulische und berufliche Erfolge gepaart mit gro\u00dfen Sorgen in der eigenen Familie lassen die jungen Zuh\u00f6rer aufmerksam zuh\u00f6ren, mitf\u00fchlen, mit hoffen und manchmal auch sich selbst erkennen. Citir spricht dabei die Sprache der Jugendlichen. \u201eDie Verbindung, die Osman Citir zu den Sch\u00fclern aufbaut, sp\u00fcrt man sehr\u201c, so Farrenkopf, \u201eDaher kommen seine Botschaften auch bei jedem einzelnen direkt an und wirken noch lange nach.\u201c<\/p>\n<p>Diese besondere Berufsorientierung wurde m\u00f6glich durch die Kooperation der Wirtschaftsf\u00f6rderung im Kreis mit der Sparkasse Germersheim-Kandel sowie der AOK Rheinland-Pfalz\/Saarland. \u201eOsman Citir hat die Sch\u00fcler aufger\u00fcttelt und sie motiviert, mit einer positiven Einstellung und Zuversicht ihren beruflichen Weg einzuschlagen. Das war unser Ziel, weshalb wir diese Motivations-Show in den Kreis geholt haben. Die Sch\u00fcler von heute sind die Fachkr\u00e4fte von morgen und keiner sollte uns dabei `verloren gehen\u00b4\u201c, so Landrat Brechtel.<\/p>\n<p><a href=\"http:\/\/www.pamina-business.com\/wp-content\/uploads\/2015\/03\/Comedian-Cetir-Gruppe-e1427280180796.jpg\"><img loading=\"lazy\" decoding=\"async\" class=\"aligncenter wp-image-440 size-full\" src=\"http:\/\/www.pamina-business.com\/wp-content\/uploads\/2015\/03\/Comedian-Cetir-Gruppe-e1427280180796.jpg\" alt=\"Comedian Cetir-Gruppe\" width=\"600\" height=\"360\" \/><\/a><\/p>\n<p>Quelle: Wirtschaftsf\u00f6rderungsgesellschaft Landkreis Germersheim mbH<\/p>\n<p>&nbsp;<\/p>\n","protected":false},"excerpt":{"rendered":"<p>\u201eComedy macht Schule\u201c ein voller Erfolg Motivations-Kick f\u00fcr Berufswahl bei \u00fcber 1.000 Achtkl\u00e4sslern: Niemals aufgeben! \u201eEr hat mir Mut gemacht\u201c, sagt Pascal, Sch\u00fcler der Richard-von-Weizs\u00e4cker-Realschule Plus, nach der Show vergangene Woche in Germersheim. Er ist einer von knapp \u00fcber 1.000 Sch\u00fclern im Landkreis Germersheim, die im M\u00e4rz das Programm von Comedian und Motivator Osman Citir [&hellip;]<\/p>\n","protected":false},"author":2,"featured_media":0,"comment_status":"open","ping_status":"open","sticky":false,"template":"","format":"standard","meta":{"_exactmetrics_skip_tracking":false,"_exactmetrics_sitenote_active":false,"_exactmetrics_sitenote_note":"","_exactmetrics_sitenote_category":0,"footnotes":""},"categories":[57],"tags":[],"class_list":["post-439","post","type-post","status-publish","format-standard","hentry","category-berufsbildung-de"],"yoast_head":"<!-- This site is optimized with the Yoast SEO plugin v23.5 - https:\/\/yoast.com\/wordpress\/plugins\/seo\/ -->\n<title>Veranstaltungsreihe \u201eComedy macht Schule\u201c mit Osman Citir im Landkreis Gemersheim - PAMINA Business Club<\/title>\n<meta name=\"robots\" content=\"index, follow, max-snippet:-1, max-image-preview:large, max-video-preview:-1\" \/>\n<link rel=\"canonical\" href=\"http:\/\/www.pamina-business.com\/de\/veranstaltungsreihe-comedy-macht-schule-mit-osman-citir-im-landkreis-gemersheim\/\" \/>\n<meta property=\"og:locale\" content=\"de_DE\" \/>\n<meta property=\"og:type\" content=\"article\" \/>\n<meta property=\"og:title\" content=\"Veranstaltungsreihe \u201eComedy macht Schule\u201c mit Osman Citir im Landkreis Gemersheim - PAMINA Business Club\" \/>\n<meta property=\"og:description\" content=\"\u201eComedy macht Schule\u201c ein voller Erfolg Motivations-Kick f\u00fcr Berufswahl bei \u00fcber 1.000 Achtkl\u00e4sslern: Niemals aufgeben! \u201eEr hat mir Mut gemacht\u201c, sagt Pascal, Sch\u00fcler der Richard-von-Weizs\u00e4cker-Realschule Plus, nach der Show vergangene Woche in Germersheim. Er ist einer von knapp \u00fcber 1.000 Sch\u00fclern im Landkreis Germersheim, die im M\u00e4rz das Programm von Comedian und Motivator Osman Citir [&hellip;]\" \/>\n<meta property=\"og:url\" content=\"http:\/\/www.pamina-business.com\/de\/veranstaltungsreihe-comedy-macht-schule-mit-osman-citir-im-landkreis-gemersheim\/\" \/>\n<meta property=\"og:site_name\" content=\"PAMINA Business Club\" \/>\n<meta property=\"article:published_time\" content=\"2015-03-25T10:41:44+00:00\" \/>\n<meta property=\"article:modified_time\" content=\"2015-03-25T10:44:37+00:00\" \/>\n<meta property=\"og:image\" content=\"http:\/\/www.pamina-business.com\/wp-content\/uploads\/2015\/03\/Comedian-Cetir-Gruppe-e1427280180796.jpg\" \/>\n<meta name=\"author\" content=\"Mathilde Lafaye\" \/>\n<meta name=\"twitter:card\" content=\"summary_large_image\" \/>\n<meta name=\"twitter:label1\" content=\"Verfasst von\" \/>\n\t<meta name=\"twitter:data1\" content=\"Mathilde Lafaye\" \/>\n\t<meta name=\"twitter:label2\" content=\"Gesch\u00e4tzte Lesezeit\" \/>\n\t<meta name=\"twitter:data2\" content=\"2\u00a0Minuten\" \/>\n<script type=\"application\/ld+json\" class=\"yoast-schema-graph\">{\"@context\":\"https:\/\/schema.org\",\"@graph\":[{\"@type\":\"WebPage\",\"@id\":\"http:\/\/www.pamina-business.com\/de\/veranstaltungsreihe-comedy-macht-schule-mit-osman-citir-im-landkreis-gemersheim\/\",\"url\":\"http:\/\/www.pamina-business.com\/de\/veranstaltungsreihe-comedy-macht-schule-mit-osman-citir-im-landkreis-gemersheim\/\",\"name\":\"Veranstaltungsreihe \u201eComedy macht Schule\u201c mit Osman Citir im Landkreis Gemersheim - PAMINA Business Club\",\"isPartOf\":{\"@id\":\"http:\/\/www.pamina-business.com\/de\/#website\"},\"primaryImageOfPage\":{\"@id\":\"http:\/\/www.pamina-business.com\/de\/veranstaltungsreihe-comedy-macht-schule-mit-osman-citir-im-landkreis-gemersheim\/#primaryimage\"},\"image\":{\"@id\":\"http:\/\/www.pamina-business.com\/de\/veranstaltungsreihe-comedy-macht-schule-mit-osman-citir-im-landkreis-gemersheim\/#primaryimage\"},\"thumbnailUrl\":\"http:\/\/www.pamina-business.com\/wp-content\/uploads\/2015\/03\/Comedian-Cetir-Gruppe-e1427280180796.jpg\",\"datePublished\":\"2015-03-25T10:41:44+00:00\",\"dateModified\":\"2015-03-25T10:44:37+00:00\",\"author\":{\"@id\":\"http:\/\/www.pamina-business.com\/de\/#\/schema\/person\/184feea9fbad808d50c1eefebdbcd9be\"},\"breadcrumb\":{\"@id\":\"http:\/\/www.pamina-business.com\/de\/veranstaltungsreihe-comedy-macht-schule-mit-osman-citir-im-landkreis-gemersheim\/#breadcrumb\"},\"inLanguage\":\"de\",\"potentialAction\":[{\"@type\":\"ReadAction\",\"target\":[\"http:\/\/www.pamina-business.com\/de\/veranstaltungsreihe-comedy-macht-schule-mit-osman-citir-im-landkreis-gemersheim\/\"]}]},{\"@type\":\"ImageObject\",\"inLanguage\":\"de\",\"@id\":\"http:\/\/www.pamina-business.com\/de\/veranstaltungsreihe-comedy-macht-schule-mit-osman-citir-im-landkreis-gemersheim\/#primaryimage\",\"url\":\"http:\/\/www.pamina-business.com\/wp-content\/uploads\/2015\/03\/Comedian-Cetir-Gruppe-e1427280180796.jpg\",\"contentUrl\":\"http:\/\/www.pamina-business.com\/wp-content\/uploads\/2015\/03\/Comedian-Cetir-Gruppe-e1427280180796.jpg\"},{\"@type\":\"BreadcrumbList\",\"@id\":\"http:\/\/www.pamina-business.com\/de\/veranstaltungsreihe-comedy-macht-schule-mit-osman-citir-im-landkreis-gemersheim\/#breadcrumb\",\"itemListElement\":[{\"@type\":\"ListItem\",\"position\":1,\"name\":\"Accueil\",\"item\":\"http:\/\/www.pamina-business.com\/de\/\"},{\"@type\":\"ListItem\",\"position\":2,\"name\":\"Veranstaltungsreihe \u201eComedy macht Schule\u201c mit Osman Citir im Landkreis Gemersheim\"}]},{\"@type\":\"WebSite\",\"@id\":\"http:\/\/www.pamina-business.com\/de\/#website\",\"url\":\"http:\/\/www.pamina-business.com\/de\/\",\"name\":\"PAMINA Business Club\",\"description\":\"Un site utilisant WordPress\",\"potentialAction\":[{\"@type\":\"SearchAction\",\"target\":{\"@type\":\"EntryPoint\",\"urlTemplate\":\"http:\/\/www.pamina-business.com\/de\/?s={search_term_string}\"},\"query-input\":{\"@type\":\"PropertyValueSpecification\",\"valueRequired\":true,\"valueName\":\"search_term_string\"}}],\"inLanguage\":\"de\"},{\"@type\":\"Person\",\"@id\":\"http:\/\/www.pamina-business.com\/de\/#\/schema\/person\/184feea9fbad808d50c1eefebdbcd9be\",\"name\":\"Mathilde Lafaye\",\"image\":{\"@type\":\"ImageObject\",\"inLanguage\":\"de\",\"@id\":\"http:\/\/www.pamina-business.com\/de\/#\/schema\/person\/image\/\",\"url\":\"https:\/\/secure.gravatar.com\/avatar\/8c9e676580786e01744d1678a355283bc36b914e4f9ee0d99e4ba2f24b738831?s=96&d=mm&r=g\",\"contentUrl\":\"https:\/\/secure.gravatar.com\/avatar\/8c9e676580786e01744d1678a355283bc36b914e4f9ee0d99e4ba2f24b738831?s=96&d=mm&r=g\",\"caption\":\"Mathilde Lafaye\"},\"url\":\"http:\/\/www.pamina-business.com\/de\/author\/mathilde\/\"}]}<\/script>\n<!-- \/ Yoast SEO plugin. -->","yoast_head_json":{"title":"Veranstaltungsreihe \u201eComedy macht Schule\u201c mit Osman Citir im Landkreis Gemersheim - PAMINA Business Club","robots":{"index":"index","follow":"follow","max-snippet":"max-snippet:-1","max-image-preview":"max-image-preview:large","max-video-preview":"max-video-preview:-1"},"canonical":"http:\/\/www.pamina-business.com\/de\/veranstaltungsreihe-comedy-macht-schule-mit-osman-citir-im-landkreis-gemersheim\/","og_locale":"de_DE","og_type":"article","og_title":"Veranstaltungsreihe \u201eComedy macht Schule\u201c mit Osman Citir im Landkreis Gemersheim - PAMINA Business Club","og_description":"\u201eComedy macht Schule\u201c ein voller Erfolg Motivations-Kick f\u00fcr Berufswahl bei \u00fcber 1.000 Achtkl\u00e4sslern: Niemals aufgeben! \u201eEr hat mir Mut gemacht\u201c, sagt Pascal, Sch\u00fcler der Richard-von-Weizs\u00e4cker-Realschule Plus, nach der Show vergangene Woche in Germersheim. Er ist einer von knapp \u00fcber 1.000 Sch\u00fclern im Landkreis Germersheim, die im M\u00e4rz das Programm von Comedian und Motivator Osman Citir [&hellip;]","og_url":"http:\/\/www.pamina-business.com\/de\/veranstaltungsreihe-comedy-macht-schule-mit-osman-citir-im-landkreis-gemersheim\/","og_site_name":"PAMINA Business Club","article_published_time":"2015-03-25T10:41:44+00:00","article_modified_time":"2015-03-25T10:44:37+00:00","og_image":[{"url":"http:\/\/www.pamina-business.com\/wp-content\/uploads\/2015\/03\/Comedian-Cetir-Gruppe-e1427280180796.jpg"}],"author":"Mathilde Lafaye","twitter_card":"summary_large_image","twitter_misc":{"Verfasst von":"Mathilde Lafaye","Gesch\u00e4tzte Lesezeit":"2\u00a0Minuten"},"schema":{"@context":"https:\/\/schema.org","@graph":[{"@type":"WebPage","@id":"http:\/\/www.pamina-business.com\/de\/veranstaltungsreihe-comedy-macht-schule-mit-osman-citir-im-landkreis-gemersheim\/","url":"http:\/\/www.pamina-business.com\/de\/veranstaltungsreihe-comedy-macht-schule-mit-osman-citir-im-landkreis-gemersheim\/","name":"Veranstaltungsreihe \u201eComedy macht Schule\u201c mit Osman Citir im Landkreis Gemersheim - PAMINA Business Club","isPartOf":{"@id":"http:\/\/www.pamina-business.com\/de\/#website"},"primaryImageOfPage":{"@id":"http:\/\/www.pamina-business.com\/de\/veranstaltungsreihe-comedy-macht-schule-mit-osman-citir-im-landkreis-gemersheim\/#primaryimage"},"image":{"@id":"http:\/\/www.pamina-business.com\/de\/veranstaltungsreihe-comedy-macht-schule-mit-osman-citir-im-landkreis-gemersheim\/#primaryimage"},"thumbnailUrl":"http:\/\/www.pamina-business.com\/wp-content\/uploads\/2015\/03\/Comedian-Cetir-Gruppe-e1427280180796.jpg","datePublished":"2015-03-25T10:41:44+00:00","dateModified":"2015-03-25T10:44:37+00:00","author":{"@id":"http:\/\/www.pamina-business.com\/de\/#\/schema\/person\/184feea9fbad808d50c1eefebdbcd9be"},"breadcrumb":{"@id":"http:\/\/www.pamina-business.com\/de\/veranstaltungsreihe-comedy-macht-schule-mit-osman-citir-im-landkreis-gemersheim\/#breadcrumb"},"inLanguage":"de","potentialAction":[{"@type":"ReadAction","target":["http:\/\/www.pamina-business.com\/de\/veranstaltungsreihe-comedy-macht-schule-mit-osman-citir-im-landkreis-gemersheim\/"]}]},{"@type":"ImageObject","inLanguage":"de","@id":"http:\/\/www.pamina-business.com\/de\/veranstaltungsreihe-comedy-macht-schule-mit-osman-citir-im-landkreis-gemersheim\/#primaryimage","url":"http:\/\/www.pamina-business.com\/wp-content\/uploads\/2015\/03\/Comedian-Cetir-Gruppe-e1427280180796.jpg","contentUrl":"http:\/\/www.pamina-business.com\/wp-content\/uploads\/2015\/03\/Comedian-Cetir-Gruppe-e1427280180796.jpg"},{"@type":"BreadcrumbList","@id":"http:\/\/www.pamina-business.com\/de\/veranstaltungsreihe-comedy-macht-schule-mit-osman-citir-im-landkreis-gemersheim\/#breadcrumb","itemListElement":[{"@type":"ListItem","position":1,"name":"Accueil","item":"http:\/\/www.pamina-business.com\/de\/"},{"@type":"ListItem","position":2,"name":"Veranstaltungsreihe \u201eComedy macht Schule\u201c mit Osman Citir im Landkreis Gemersheim"}]},{"@type":"WebSite","@id":"http:\/\/www.pamina-business.com\/de\/#website","url":"http:\/\/www.pamina-business.com\/de\/","name":"PAMINA Business Club","description":"Un site utilisant WordPress","potentialAction":[{"@type":"SearchAction","target":{"@type":"EntryPoint","urlTemplate":"http:\/\/www.pamina-business.com\/de\/?s={search_term_string}"},"query-input":{"@type":"PropertyValueSpecification","valueRequired":true,"valueName":"search_term_string"}}],"inLanguage":"de"},{"@type":"Person","@id":"http:\/\/www.pamina-business.com\/de\/#\/schema\/person\/184feea9fbad808d50c1eefebdbcd9be","name":"Mathilde Lafaye","image":{"@type":"ImageObject","inLanguage":"de","@id":"http:\/\/www.pamina-business.com\/de\/#\/schema\/person\/image\/","url":"https:\/\/secure.gravatar.com\/avatar\/8c9e676580786e01744d1678a355283bc36b914e4f9ee0d99e4ba2f24b738831?s=96&d=mm&r=g","contentUrl":"https:\/\/secure.gravatar.com\/avatar\/8c9e676580786e01744d1678a355283bc36b914e4f9ee0d99e4ba2f24b738831?s=96&d=mm&r=g","caption":"Mathilde Lafaye"},"url":"http:\/\/www.pamina-business.com\/de\/author\/mathilde\/"}]}},"_links":{"self":[{"href":"http:\/\/www.pamina-business.com\/de\/wp-json\/wp\/v2\/posts\/439","targetHints":{"allow":["GET"]}}],"collection":[{"href":"http:\/\/www.pamina-business.com\/de\/wp-json\/wp\/v2\/posts"}],"about":[{"href":"http:\/\/www.pamina-business.com\/de\/wp-json\/wp\/v2\/types\/post"}],"author":[{"embeddable":true,"href":"http:\/\/www.pamina-business.com\/de\/wp-json\/wp\/v2\/users\/2"}],"replies":[{"embeddable":true,"href":"http:\/\/www.pamina-business.com\/de\/wp-json\/wp\/v2\/comments?post=439"}],"version-history":[{"count":4,"href":"http:\/\/www.pamina-business.com\/de\/wp-json\/wp\/v2\/posts\/439\/revisions"}],"predecessor-version":[{"id":444,"href":"http:\/\/www.pamina-business.com\/de\/wp-json\/wp\/v2\/posts\/439\/revisions\/444"}],"wp:attachment":[{"href":"http:\/\/www.pamina-business.com\/de\/wp-json\/wp\/v2\/media?parent=439"}],"wp:term":[{"taxonomy":"category","embeddable":true,"href":"http:\/\/www.pamina-business.com\/de\/wp-json\/wp\/v2\/categories?post=439"},{"taxonomy":"post_tag","embeddable":true,"href":"http:\/\/www.pamina-business.com\/de\/wp-json\/wp\/v2\/tags?post=439"}],"curies":[{"name":"wp","href":"https:\/\/api.w.org\/{rel}","templated":true}]}}