{"id":4341,"date":"2019-12-13T07:27:56","date_gmt":"2019-12-13T07:27:56","guid":{"rendered":"http:\/\/www.pamina-business.com\/?p=4341"},"modified":"2019-12-03T07:30:01","modified_gmt":"2019-12-03T07:30:01","slug":"deutsch-franzoesicher-tag-im-ccfa-am-6-februar-2020","status":"publish","type":"post","link":"http:\/\/www.pamina-business.com\/de\/deutsch-franzoesicher-tag-im-ccfa-am-6-februar-2020\/","title":{"rendered":"Deutsch-Franz\u00f6sicher Tag im CCFA am 6. Februar 2020"},"content":{"rendered":"<nav id=\"breadcrumb\" class=\"detail\">\n<div class=\"row\">\n<div class=\"col-xs-12 col-lg-6 col-lg-pull-6\">\n<h2 class=\"nomPage\">Bildung &amp; Zweisprachigkeit<\/h2>\n<\/div>\n<\/div>\n<\/nav>\n<section id=\"mainSection\">\n<div class=\"fmodele fmodeleScroll tpl_fiche\">\n<div class=\"agendas-fiche\">\n<article class=\"media\">\n<div class=\"media-object\"><img decoding=\"async\" src=\"https:\/\/www.eurodistrict-pamina.eu\/globalflexit\/images\/img_base\/agendas\/835_556_1_kopie-von-logo-jumelles-gd2-1024x768.jpg\" alt=\"Journ\u00e9e franco-allemande au CCFA\" \/><\/div>\n<div class=\"media-body\">\n<div class=\"date\"><\/div>\n<div class=\"contenu\">Der EVTZ Eurodistrikt PAMINA nimmt am Deutsch-franz\u00f6sischen Tag der Stiftung Centre Culturel Franco-Allemand (CCFA) in Karlsruhe teil. Das Programm richtet sich an Sch\u00fclerInnen, Studierende, LehrerInnen, Eltern sowie alle Frankreichinteressierten.<\/p>\n<p>Neben Infoveranstaltungen und -st\u00e4nden u.a. zu den Themen Austauschprogramme, deutsch-franz\u00f6sische Studieng\u00e4nge, Praktika, kulturelle Unterschiede zwischen den beiden Nachbarl\u00e4ndern und Angeboten im Netzwerk des CCFA \u00a0stehen auch Workshops und spielerische Aktivit\u00e4ten im Vordergrund.<\/p>\n<p>Der EVTZ Eurodistrikt PAMINA organisiert bei dieser Gelegenheit einen Stand sowie ein Kennenlernangebot zum seinem Projekt des Onlinespiels \u201e<a class=\"fDefault\" href=\"https:\/\/www.eurodistrict-pamina.eu\/de\/bildung-zweisprachigkeit\/onlinespiel-der-weltenbummler_-d.html#.WmYPX7zibcs\">Weltenbummler \u2013 Passe-Partout<\/a>\u201c.<\/p>\n<p>Regierungspr\u00e4sidium Karlsruhe am Rondellplatz, Karl-Friedrich-Stra\u00dfe 17, 76133 Karlsruhe.<\/p>\n<p><strong>Beginn: 8 Uhr. Eintritt frei.<\/strong><\/p>\n<p><a class=\"flexit_ico_file\" href=\"https:\/\/www.eurodistrict-pamina.eu\/UserFiles\/File\/aktivitaten\/2019-11-20-dft-programm-rz-bogen-003.pdf\" target=\"_blank\" rel=\"noopener noreferrer\">Programm<\/a><\/p>\n<p><span class=\"legende\"><em>Photo<\/em> : \u00a9 Tomi Ungerer<\/span><\/div>\n<div><em>Quelle<\/em> : <a href=\"http:\/\/www.eurodistrict-pamina.eu\">www.eurodistrict-pamina.eu<\/a><\/div>\n<div><em>Kontakt<\/em> : <a href=\"m&#97;&#105;&#x6c;&#x74;o:&#105;&#110;&#x66;&#x6f;&#64;e&#117;&#114;&#x6f;&#x64;is&#116;&#x72;&#x69;&#x63;t&#45;&#112;&#x61;&#x6d;&#x69;n&#97;&#46;&#x65;&#x75;\">&#105;&#x6e;&#102;&#x6f;&#64;&#x65;&#117;&#x72;&#111;&#x64;&#105;&#x73;&#116;&#x72;&#105;&#x63;&#116;&#x2d;&#112;&#x61;&#109;&#x69;&#110;&#x61;&#46;&#x65;u<\/a><\/div>\n<\/div>\n<\/article>\n<\/div>\n<\/div>\n<\/section>\n","protected":false},"excerpt":{"rendered":"<p>Bildung &amp; Zweisprachigkeit Der EVTZ Eurodistrikt PAMINA nimmt am Deutsch-franz\u00f6sischen Tag der Stiftung Centre Culturel Franco-Allemand (CCFA) in Karlsruhe teil. Das Programm richtet sich an Sch\u00fclerInnen, Studierende, LehrerInnen, Eltern sowie alle Frankreichinteressierten. Neben Infoveranstaltungen und -st\u00e4nden u.a. zu den Themen Austauschprogramme, deutsch-franz\u00f6sische Studieng\u00e4nge, Praktika, kulturelle Unterschiede zwischen den beiden Nachbarl\u00e4ndern und Angeboten im Netzwerk des [&hellip;]<\/p>\n","protected":false},"author":3,"featured_media":0,"comment_status":"open","ping_status":"open","sticky":false,"template":"","format":"standard","meta":{"_exactmetrics_skip_tracking":false,"_exactmetrics_sitenote_active":false,"_exactmetrics_sitenote_note":"","_exactmetrics_sitenote_category":0,"footnotes":""},"categories":[57,59],"tags":[],"class_list":["post-4341","post","type-post","status-publish","format-standard","hentry","category-berufsbildung-de","category-ereignisse-de"],"yoast_head":"<!-- This site is optimized with the Yoast SEO plugin v23.5 - https:\/\/yoast.com\/wordpress\/plugins\/seo\/ -->\n<title>Deutsch-Franz\u00f6sicher Tag im CCFA am 6. Februar 2020 - PAMINA Business Club<\/title>\n<meta name=\"robots\" content=\"index, follow, max-snippet:-1, max-image-preview:large, max-video-preview:-1\" \/>\n<link rel=\"canonical\" href=\"http:\/\/www.pamina-business.com\/de\/deutsch-franzoesicher-tag-im-ccfa-am-6-februar-2020\/\" \/>\n<meta property=\"og:locale\" content=\"de_DE\" \/>\n<meta property=\"og:type\" content=\"article\" \/>\n<meta property=\"og:title\" content=\"Deutsch-Franz\u00f6sicher Tag im CCFA am 6. Februar 2020 - PAMINA Business Club\" \/>\n<meta property=\"og:description\" content=\"Bildung &amp; Zweisprachigkeit Der EVTZ Eurodistrikt PAMINA nimmt am Deutsch-franz\u00f6sischen Tag der Stiftung Centre Culturel Franco-Allemand (CCFA) in Karlsruhe teil. Das Programm richtet sich an Sch\u00fclerInnen, Studierende, LehrerInnen, Eltern sowie alle Frankreichinteressierten. Neben Infoveranstaltungen und -st\u00e4nden u.a. zu den Themen Austauschprogramme, deutsch-franz\u00f6sische Studieng\u00e4nge, Praktika, kulturelle Unterschiede zwischen den beiden Nachbarl\u00e4ndern und Angeboten im Netzwerk des [&hellip;]\" \/>\n<meta property=\"og:url\" content=\"http:\/\/www.pamina-business.com\/de\/deutsch-franzoesicher-tag-im-ccfa-am-6-februar-2020\/\" \/>\n<meta property=\"og:site_name\" content=\"PAMINA Business Club\" \/>\n<meta property=\"article:published_time\" content=\"2019-12-13T07:27:56+00:00\" \/>\n<meta property=\"article:modified_time\" content=\"2019-12-03T07:30:01+00:00\" \/>\n<meta property=\"og:image\" content=\"https:\/\/www.eurodistrict-pamina.eu\/globalflexit\/images\/img_base\/agendas\/835_556_1_kopie-von-logo-jumelles-gd2-1024x768.jpg\" \/>\n<meta name=\"author\" content=\"Monique STUTZMANN\" \/>\n<meta name=\"twitter:card\" content=\"summary_large_image\" \/>\n<meta name=\"twitter:label1\" content=\"Verfasst von\" \/>\n\t<meta name=\"twitter:data1\" content=\"Monique STUTZMANN\" \/>\n\t<meta name=\"twitter:label2\" content=\"Gesch\u00e4tzte Lesezeit\" \/>\n\t<meta name=\"twitter:data2\" content=\"1\u00a0Minute\" \/>\n<script type=\"application\/ld+json\" class=\"yoast-schema-graph\">{\"@context\":\"https:\/\/schema.org\",\"@graph\":[{\"@type\":\"WebPage\",\"@id\":\"http:\/\/www.pamina-business.com\/de\/deutsch-franzoesicher-tag-im-ccfa-am-6-februar-2020\/\",\"url\":\"http:\/\/www.pamina-business.com\/de\/deutsch-franzoesicher-tag-im-ccfa-am-6-februar-2020\/\",\"name\":\"Deutsch-Franz\u00f6sicher Tag im CCFA am 6. Februar 2020 - PAMINA Business Club\",\"isPartOf\":{\"@id\":\"http:\/\/www.pamina-business.com\/de\/#website\"},\"primaryImageOfPage\":{\"@id\":\"http:\/\/www.pamina-business.com\/de\/deutsch-franzoesicher-tag-im-ccfa-am-6-februar-2020\/#primaryimage\"},\"image\":{\"@id\":\"http:\/\/www.pamina-business.com\/de\/deutsch-franzoesicher-tag-im-ccfa-am-6-februar-2020\/#primaryimage\"},\"thumbnailUrl\":\"https:\/\/www.eurodistrict-pamina.eu\/globalflexit\/images\/img_base\/agendas\/835_556_1_kopie-von-logo-jumelles-gd2-1024x768.jpg\",\"datePublished\":\"2019-12-13T07:27:56+00:00\",\"dateModified\":\"2019-12-03T07:30:01+00:00\",\"author\":{\"@id\":\"http:\/\/www.pamina-business.com\/de\/#\/schema\/person\/9ab02536dbdbc5e3ef40bbc3452c8c69\"},\"breadcrumb\":{\"@id\":\"http:\/\/www.pamina-business.com\/de\/deutsch-franzoesicher-tag-im-ccfa-am-6-februar-2020\/#breadcrumb\"},\"inLanguage\":\"de\",\"potentialAction\":[{\"@type\":\"ReadAction\",\"target\":[\"http:\/\/www.pamina-business.com\/de\/deutsch-franzoesicher-tag-im-ccfa-am-6-februar-2020\/\"]}]},{\"@type\":\"ImageObject\",\"inLanguage\":\"de\",\"@id\":\"http:\/\/www.pamina-business.com\/de\/deutsch-franzoesicher-tag-im-ccfa-am-6-februar-2020\/#primaryimage\",\"url\":\"https:\/\/www.eurodistrict-pamina.eu\/globalflexit\/images\/img_base\/agendas\/835_556_1_kopie-von-logo-jumelles-gd2-1024x768.jpg\",\"contentUrl\":\"https:\/\/www.eurodistrict-pamina.eu\/globalflexit\/images\/img_base\/agendas\/835_556_1_kopie-von-logo-jumelles-gd2-1024x768.jpg\"},{\"@type\":\"BreadcrumbList\",\"@id\":\"http:\/\/www.pamina-business.com\/de\/deutsch-franzoesicher-tag-im-ccfa-am-6-februar-2020\/#breadcrumb\",\"itemListElement\":[{\"@type\":\"ListItem\",\"position\":1,\"name\":\"Accueil\",\"item\":\"http:\/\/www.pamina-business.com\/de\/\"},{\"@type\":\"ListItem\",\"position\":2,\"name\":\"Deutsch-Franz\u00f6sicher Tag im CCFA am 6. Februar 2020\"}]},{\"@type\":\"WebSite\",\"@id\":\"http:\/\/www.pamina-business.com\/de\/#website\",\"url\":\"http:\/\/www.pamina-business.com\/de\/\",\"name\":\"PAMINA Business Club\",\"description\":\"Un site utilisant WordPress\",\"potentialAction\":[{\"@type\":\"SearchAction\",\"target\":{\"@type\":\"EntryPoint\",\"urlTemplate\":\"http:\/\/www.pamina-business.com\/de\/?s={search_term_string}\"},\"query-input\":{\"@type\":\"PropertyValueSpecification\",\"valueRequired\":true,\"valueName\":\"search_term_string\"}}],\"inLanguage\":\"de\"},{\"@type\":\"Person\",\"@id\":\"http:\/\/www.pamina-business.com\/de\/#\/schema\/person\/9ab02536dbdbc5e3ef40bbc3452c8c69\",\"name\":\"Monique STUTZMANN\",\"image\":{\"@type\":\"ImageObject\",\"inLanguage\":\"de\",\"@id\":\"http:\/\/www.pamina-business.com\/de\/#\/schema\/person\/image\/\",\"url\":\"https:\/\/secure.gravatar.com\/avatar\/cc1c3adf9a9f6e969d3da7b6b34ec66f5f4a6844dfc9145380a75e42cd91882e?s=96&d=mm&r=g\",\"contentUrl\":\"https:\/\/secure.gravatar.com\/avatar\/cc1c3adf9a9f6e969d3da7b6b34ec66f5f4a6844dfc9145380a75e42cd91882e?s=96&d=mm&r=g\",\"caption\":\"Monique STUTZMANN\"},\"url\":\"http:\/\/www.pamina-business.com\/de\/author\/monique\/\"}]}<\/script>\n<!-- \/ Yoast SEO plugin. -->","yoast_head_json":{"title":"Deutsch-Franz\u00f6sicher Tag im CCFA am 6. Februar 2020 - PAMINA Business Club","robots":{"index":"index","follow":"follow","max-snippet":"max-snippet:-1","max-image-preview":"max-image-preview:large","max-video-preview":"max-video-preview:-1"},"canonical":"http:\/\/www.pamina-business.com\/de\/deutsch-franzoesicher-tag-im-ccfa-am-6-februar-2020\/","og_locale":"de_DE","og_type":"article","og_title":"Deutsch-Franz\u00f6sicher Tag im CCFA am 6. Februar 2020 - PAMINA Business Club","og_description":"Bildung &amp; Zweisprachigkeit Der EVTZ Eurodistrikt PAMINA nimmt am Deutsch-franz\u00f6sischen Tag der Stiftung Centre Culturel Franco-Allemand (CCFA) in Karlsruhe teil. Das Programm richtet sich an Sch\u00fclerInnen, Studierende, LehrerInnen, Eltern sowie alle Frankreichinteressierten. Neben Infoveranstaltungen und -st\u00e4nden u.a. zu den Themen Austauschprogramme, deutsch-franz\u00f6sische Studieng\u00e4nge, Praktika, kulturelle Unterschiede zwischen den beiden Nachbarl\u00e4ndern und Angeboten im Netzwerk des [&hellip;]","og_url":"http:\/\/www.pamina-business.com\/de\/deutsch-franzoesicher-tag-im-ccfa-am-6-februar-2020\/","og_site_name":"PAMINA Business Club","article_published_time":"2019-12-13T07:27:56+00:00","article_modified_time":"2019-12-03T07:30:01+00:00","og_image":[{"url":"https:\/\/www.eurodistrict-pamina.eu\/globalflexit\/images\/img_base\/agendas\/835_556_1_kopie-von-logo-jumelles-gd2-1024x768.jpg"}],"author":"Monique STUTZMANN","twitter_card":"summary_large_image","twitter_misc":{"Verfasst von":"Monique STUTZMANN","Gesch\u00e4tzte Lesezeit":"1\u00a0Minute"},"schema":{"@context":"https:\/\/schema.org","@graph":[{"@type":"WebPage","@id":"http:\/\/www.pamina-business.com\/de\/deutsch-franzoesicher-tag-im-ccfa-am-6-februar-2020\/","url":"http:\/\/www.pamina-business.com\/de\/deutsch-franzoesicher-tag-im-ccfa-am-6-februar-2020\/","name":"Deutsch-Franz\u00f6sicher Tag im CCFA am 6. Februar 2020 - PAMINA Business Club","isPartOf":{"@id":"http:\/\/www.pamina-business.com\/de\/#website"},"primaryImageOfPage":{"@id":"http:\/\/www.pamina-business.com\/de\/deutsch-franzoesicher-tag-im-ccfa-am-6-februar-2020\/#primaryimage"},"image":{"@id":"http:\/\/www.pamina-business.com\/de\/deutsch-franzoesicher-tag-im-ccfa-am-6-februar-2020\/#primaryimage"},"thumbnailUrl":"https:\/\/www.eurodistrict-pamina.eu\/globalflexit\/images\/img_base\/agendas\/835_556_1_kopie-von-logo-jumelles-gd2-1024x768.jpg","datePublished":"2019-12-13T07:27:56+00:00","dateModified":"2019-12-03T07:30:01+00:00","author":{"@id":"http:\/\/www.pamina-business.com\/de\/#\/schema\/person\/9ab02536dbdbc5e3ef40bbc3452c8c69"},"breadcrumb":{"@id":"http:\/\/www.pamina-business.com\/de\/deutsch-franzoesicher-tag-im-ccfa-am-6-februar-2020\/#breadcrumb"},"inLanguage":"de","potentialAction":[{"@type":"ReadAction","target":["http:\/\/www.pamina-business.com\/de\/deutsch-franzoesicher-tag-im-ccfa-am-6-februar-2020\/"]}]},{"@type":"ImageObject","inLanguage":"de","@id":"http:\/\/www.pamina-business.com\/de\/deutsch-franzoesicher-tag-im-ccfa-am-6-februar-2020\/#primaryimage","url":"https:\/\/www.eurodistrict-pamina.eu\/globalflexit\/images\/img_base\/agendas\/835_556_1_kopie-von-logo-jumelles-gd2-1024x768.jpg","contentUrl":"https:\/\/www.eurodistrict-pamina.eu\/globalflexit\/images\/img_base\/agendas\/835_556_1_kopie-von-logo-jumelles-gd2-1024x768.jpg"},{"@type":"BreadcrumbList","@id":"http:\/\/www.pamina-business.com\/de\/deutsch-franzoesicher-tag-im-ccfa-am-6-februar-2020\/#breadcrumb","itemListElement":[{"@type":"ListItem","position":1,"name":"Accueil","item":"http:\/\/www.pamina-business.com\/de\/"},{"@type":"ListItem","position":2,"name":"Deutsch-Franz\u00f6sicher Tag im CCFA am 6. Februar 2020"}]},{"@type":"WebSite","@id":"http:\/\/www.pamina-business.com\/de\/#website","url":"http:\/\/www.pamina-business.com\/de\/","name":"PAMINA Business Club","description":"Un site utilisant WordPress","potentialAction":[{"@type":"SearchAction","target":{"@type":"EntryPoint","urlTemplate":"http:\/\/www.pamina-business.com\/de\/?s={search_term_string}"},"query-input":{"@type":"PropertyValueSpecification","valueRequired":true,"valueName":"search_term_string"}}],"inLanguage":"de"},{"@type":"Person","@id":"http:\/\/www.pamina-business.com\/de\/#\/schema\/person\/9ab02536dbdbc5e3ef40bbc3452c8c69","name":"Monique STUTZMANN","image":{"@type":"ImageObject","inLanguage":"de","@id":"http:\/\/www.pamina-business.com\/de\/#\/schema\/person\/image\/","url":"https:\/\/secure.gravatar.com\/avatar\/cc1c3adf9a9f6e969d3da7b6b34ec66f5f4a6844dfc9145380a75e42cd91882e?s=96&d=mm&r=g","contentUrl":"https:\/\/secure.gravatar.com\/avatar\/cc1c3adf9a9f6e969d3da7b6b34ec66f5f4a6844dfc9145380a75e42cd91882e?s=96&d=mm&r=g","caption":"Monique STUTZMANN"},"url":"http:\/\/www.pamina-business.com\/de\/author\/monique\/"}]}},"_links":{"self":[{"href":"http:\/\/www.pamina-business.com\/de\/wp-json\/wp\/v2\/posts\/4341","targetHints":{"allow":["GET"]}}],"collection":[{"href":"http:\/\/www.pamina-business.com\/de\/wp-json\/wp\/v2\/posts"}],"about":[{"href":"http:\/\/www.pamina-business.com\/de\/wp-json\/wp\/v2\/types\/post"}],"author":[{"embeddable":true,"href":"http:\/\/www.pamina-business.com\/de\/wp-json\/wp\/v2\/users\/3"}],"replies":[{"embeddable":true,"href":"http:\/\/www.pamina-business.com\/de\/wp-json\/wp\/v2\/comments?post=4341"}],"version-history":[{"count":1,"href":"http:\/\/www.pamina-business.com\/de\/wp-json\/wp\/v2\/posts\/4341\/revisions"}],"predecessor-version":[{"id":4342,"href":"http:\/\/www.pamina-business.com\/de\/wp-json\/wp\/v2\/posts\/4341\/revisions\/4342"}],"wp:attachment":[{"href":"http:\/\/www.pamina-business.com\/de\/wp-json\/wp\/v2\/media?parent=4341"}],"wp:term":[{"taxonomy":"category","embeddable":true,"href":"http:\/\/www.pamina-business.com\/de\/wp-json\/wp\/v2\/categories?post=4341"},{"taxonomy":"post_tag","embeddable":true,"href":"http:\/\/www.pamina-business.com\/de\/wp-json\/wp\/v2\/tags?post=4341"}],"curies":[{"name":"wp","href":"https:\/\/api.w.org\/{rel}","templated":true}]}}