{"id":432,"date":"2015-03-27T14:58:57","date_gmt":"2015-03-27T14:58:57","guid":{"rendered":"http:\/\/www.pamina-business.com\/?p=432"},"modified":"2015-03-24T10:57:08","modified_gmt":"2015-03-24T10:57:08","slug":"european-cluster-days-au-parlement-europeen-a-strasbourg","status":"publish","type":"post","link":"http:\/\/www.pamina-business.com\/de\/european-cluster-days-au-parlement-europeen-a-strasbourg\/","title":{"rendered":"European Cluster Days au Parlement Europ\u00e9en \u00e0 Strasbourg"},"content":{"rendered":"<p>Un forum Europ\u00e9en des Clusters s&#8217;est d\u00e9roul\u00e9 les 18 et 19 mars derniers au Parlement Europ\u00e9en \u00e0 Strasbourg.\u00a0 La rencontre a r\u00e9uni environ 360 participants, issu des domaines des clusters, des entreprises, de l&#8217;enseignement et des chercheurs.<\/p>\n<p>Sont notamment intervenus lors des pr\u00e9sentations :<\/p>\n<p>&#8211; Jean-Luc Ansel, Pr\u00e9sident du r\u00e9seau France Cluster,<\/p>\n<p>&#8211; Guido Rebstock, du Minist\u00e8re de l&#8217;Economie et des Finances du Bade-Wurtemberg,<\/p>\n<p>&#8211; Marc- Etienne Pinaudt, du Commmissariat G\u00e9n\u00e9ral \u00e0 l&#8217;\u00e9galit\u00e9 des territoires.<\/p>\n<p><em>Source<\/em> : Derni\u00e8res Nouvelles d&#8217;Alsace du 19\/03\/2015<\/p>\n<p><em>Informations<\/em> : <a href=\"http:\/\/franceclusters.fr\" target=\"_blank\">www.franceclusters.fr<\/a><\/p>\n<p><a href=\"http:\/\/europeanclusterdays.eu\" target=\"_blank\">www.euroepanclustersdays.eu<\/a><\/p>\n<p><a href=\"http:\/\/research-clustermanagement.org\" target=\"_blank\">www.research-clustermanagement.org<\/a><\/p>\n<p>&nbsp;<\/p>\n<p>&nbsp;<\/p>\n","protected":false},"excerpt":{"rendered":"<p>Un forum Europ\u00e9en des Clusters s&#8217;est d\u00e9roul\u00e9 les 18 et 19 mars derniers au Parlement Europ\u00e9en \u00e0 Strasbourg.\u00a0 La rencontre a r\u00e9uni environ 360 participants, issu des domaines des clusters, des entreprises, de l&#8217;enseignement et des chercheurs. Sont notamment intervenus lors des pr\u00e9sentations : &#8211; Jean-Luc Ansel, Pr\u00e9sident du r\u00e9seau France Cluster, &#8211; Guido Rebstock, [&hellip;]<\/p>\n","protected":false},"author":3,"featured_media":0,"comment_status":"open","ping_status":"open","sticky":false,"template":"","format":"standard","meta":{"_exactmetrics_skip_tracking":false,"_exactmetrics_sitenote_active":false,"_exactmetrics_sitenote_note":"","_exactmetrics_sitenote_category":0,"footnotes":""},"categories":[7],"tags":[],"class_list":["post-432","post","type-post","status-publish","format-standard","hentry","category-evenements-fr"],"yoast_head":"<!-- This site is optimized with the Yoast SEO plugin v23.5 - https:\/\/yoast.com\/wordpress\/plugins\/seo\/ -->\n<title>European Cluster Days au Parlement Europ\u00e9en \u00e0 Strasbourg - PAMINA Business Club<\/title>\n<meta name=\"robots\" content=\"index, follow, max-snippet:-1, max-image-preview:large, max-video-preview:-1\" \/>\n<link rel=\"canonical\" href=\"http:\/\/www.pamina-business.com\/de\/european-cluster-days-au-parlement-europeen-a-strasbourg\/\" \/>\n<meta property=\"og:locale\" content=\"de_DE\" \/>\n<meta property=\"og:type\" content=\"article\" \/>\n<meta property=\"og:title\" content=\"European Cluster Days au Parlement Europ\u00e9en \u00e0 Strasbourg - PAMINA Business Club\" \/>\n<meta property=\"og:description\" content=\"Un forum Europ\u00e9en des Clusters s&#8217;est d\u00e9roul\u00e9 les 18 et 19 mars derniers au Parlement Europ\u00e9en \u00e0 Strasbourg.\u00a0 La rencontre a r\u00e9uni environ 360 participants, issu des domaines des clusters, des entreprises, de l&#8217;enseignement et des chercheurs. Sont notamment intervenus lors des pr\u00e9sentations : &#8211; Jean-Luc Ansel, Pr\u00e9sident du r\u00e9seau France Cluster, &#8211; Guido Rebstock, [&hellip;]\" \/>\n<meta property=\"og:url\" content=\"http:\/\/www.pamina-business.com\/de\/european-cluster-days-au-parlement-europeen-a-strasbourg\/\" \/>\n<meta property=\"og:site_name\" content=\"PAMINA Business Club\" \/>\n<meta property=\"article:published_time\" content=\"2015-03-27T14:58:57+00:00\" \/>\n<meta property=\"article:modified_time\" content=\"2015-03-24T10:57:08+00:00\" \/>\n<meta name=\"author\" content=\"Monique STUTZMANN\" \/>\n<meta name=\"twitter:card\" content=\"summary_large_image\" \/>\n<meta name=\"twitter:label1\" content=\"Verfasst von\" \/>\n\t<meta name=\"twitter:data1\" content=\"Monique STUTZMANN\" \/>\n<script type=\"application\/ld+json\" class=\"yoast-schema-graph\">{\"@context\":\"https:\/\/schema.org\",\"@graph\":[{\"@type\":\"WebPage\",\"@id\":\"http:\/\/www.pamina-business.com\/de\/european-cluster-days-au-parlement-europeen-a-strasbourg\/\",\"url\":\"http:\/\/www.pamina-business.com\/de\/european-cluster-days-au-parlement-europeen-a-strasbourg\/\",\"name\":\"European Cluster Days au Parlement Europ\u00e9en \u00e0 Strasbourg - PAMINA Business Club\",\"isPartOf\":{\"@id\":\"http:\/\/www.pamina-business.com\/de\/#website\"},\"datePublished\":\"2015-03-27T14:58:57+00:00\",\"dateModified\":\"2015-03-24T10:57:08+00:00\",\"author\":{\"@id\":\"http:\/\/www.pamina-business.com\/de\/#\/schema\/person\/9ab02536dbdbc5e3ef40bbc3452c8c69\"},\"breadcrumb\":{\"@id\":\"http:\/\/www.pamina-business.com\/de\/european-cluster-days-au-parlement-europeen-a-strasbourg\/#breadcrumb\"},\"inLanguage\":\"de\",\"potentialAction\":[{\"@type\":\"ReadAction\",\"target\":[\"http:\/\/www.pamina-business.com\/de\/european-cluster-days-au-parlement-europeen-a-strasbourg\/\"]}]},{\"@type\":\"BreadcrumbList\",\"@id\":\"http:\/\/www.pamina-business.com\/de\/european-cluster-days-au-parlement-europeen-a-strasbourg\/#breadcrumb\",\"itemListElement\":[{\"@type\":\"ListItem\",\"position\":1,\"name\":\"Accueil\",\"item\":\"http:\/\/www.pamina-business.com\/de\/\"},{\"@type\":\"ListItem\",\"position\":2,\"name\":\"European Cluster Days au Parlement Europ\u00e9en \u00e0 Strasbourg\"}]},{\"@type\":\"WebSite\",\"@id\":\"http:\/\/www.pamina-business.com\/de\/#website\",\"url\":\"http:\/\/www.pamina-business.com\/de\/\",\"name\":\"PAMINA Business Club\",\"description\":\"Un site utilisant WordPress\",\"potentialAction\":[{\"@type\":\"SearchAction\",\"target\":{\"@type\":\"EntryPoint\",\"urlTemplate\":\"http:\/\/www.pamina-business.com\/de\/?s={search_term_string}\"},\"query-input\":{\"@type\":\"PropertyValueSpecification\",\"valueRequired\":true,\"valueName\":\"search_term_string\"}}],\"inLanguage\":\"de\"},{\"@type\":\"Person\",\"@id\":\"http:\/\/www.pamina-business.com\/de\/#\/schema\/person\/9ab02536dbdbc5e3ef40bbc3452c8c69\",\"name\":\"Monique STUTZMANN\",\"image\":{\"@type\":\"ImageObject\",\"inLanguage\":\"de\",\"@id\":\"http:\/\/www.pamina-business.com\/de\/#\/schema\/person\/image\/\",\"url\":\"https:\/\/secure.gravatar.com\/avatar\/cc1c3adf9a9f6e969d3da7b6b34ec66f5f4a6844dfc9145380a75e42cd91882e?s=96&d=mm&r=g\",\"contentUrl\":\"https:\/\/secure.gravatar.com\/avatar\/cc1c3adf9a9f6e969d3da7b6b34ec66f5f4a6844dfc9145380a75e42cd91882e?s=96&d=mm&r=g\",\"caption\":\"Monique STUTZMANN\"},\"url\":\"http:\/\/www.pamina-business.com\/de\/author\/monique\/\"}]}<\/script>\n<!-- \/ Yoast SEO plugin. -->","yoast_head_json":{"title":"European Cluster Days au Parlement Europ\u00e9en \u00e0 Strasbourg - PAMINA Business Club","robots":{"index":"index","follow":"follow","max-snippet":"max-snippet:-1","max-image-preview":"max-image-preview:large","max-video-preview":"max-video-preview:-1"},"canonical":"http:\/\/www.pamina-business.com\/de\/european-cluster-days-au-parlement-europeen-a-strasbourg\/","og_locale":"de_DE","og_type":"article","og_title":"European Cluster Days au Parlement Europ\u00e9en \u00e0 Strasbourg - PAMINA Business Club","og_description":"Un forum Europ\u00e9en des Clusters s&#8217;est d\u00e9roul\u00e9 les 18 et 19 mars derniers au Parlement Europ\u00e9en \u00e0 Strasbourg.\u00a0 La rencontre a r\u00e9uni environ 360 participants, issu des domaines des clusters, des entreprises, de l&#8217;enseignement et des chercheurs. Sont notamment intervenus lors des pr\u00e9sentations : &#8211; Jean-Luc Ansel, Pr\u00e9sident du r\u00e9seau France Cluster, &#8211; Guido Rebstock, [&hellip;]","og_url":"http:\/\/www.pamina-business.com\/de\/european-cluster-days-au-parlement-europeen-a-strasbourg\/","og_site_name":"PAMINA Business Club","article_published_time":"2015-03-27T14:58:57+00:00","article_modified_time":"2015-03-24T10:57:08+00:00","author":"Monique STUTZMANN","twitter_card":"summary_large_image","twitter_misc":{"Verfasst von":"Monique STUTZMANN"},"schema":{"@context":"https:\/\/schema.org","@graph":[{"@type":"WebPage","@id":"http:\/\/www.pamina-business.com\/de\/european-cluster-days-au-parlement-europeen-a-strasbourg\/","url":"http:\/\/www.pamina-business.com\/de\/european-cluster-days-au-parlement-europeen-a-strasbourg\/","name":"European Cluster Days au Parlement Europ\u00e9en \u00e0 Strasbourg - PAMINA Business Club","isPartOf":{"@id":"http:\/\/www.pamina-business.com\/de\/#website"},"datePublished":"2015-03-27T14:58:57+00:00","dateModified":"2015-03-24T10:57:08+00:00","author":{"@id":"http:\/\/www.pamina-business.com\/de\/#\/schema\/person\/9ab02536dbdbc5e3ef40bbc3452c8c69"},"breadcrumb":{"@id":"http:\/\/www.pamina-business.com\/de\/european-cluster-days-au-parlement-europeen-a-strasbourg\/#breadcrumb"},"inLanguage":"de","potentialAction":[{"@type":"ReadAction","target":["http:\/\/www.pamina-business.com\/de\/european-cluster-days-au-parlement-europeen-a-strasbourg\/"]}]},{"@type":"BreadcrumbList","@id":"http:\/\/www.pamina-business.com\/de\/european-cluster-days-au-parlement-europeen-a-strasbourg\/#breadcrumb","itemListElement":[{"@type":"ListItem","position":1,"name":"Accueil","item":"http:\/\/www.pamina-business.com\/de\/"},{"@type":"ListItem","position":2,"name":"European Cluster Days au Parlement Europ\u00e9en \u00e0 Strasbourg"}]},{"@type":"WebSite","@id":"http:\/\/www.pamina-business.com\/de\/#website","url":"http:\/\/www.pamina-business.com\/de\/","name":"PAMINA Business Club","description":"Un site utilisant WordPress","potentialAction":[{"@type":"SearchAction","target":{"@type":"EntryPoint","urlTemplate":"http:\/\/www.pamina-business.com\/de\/?s={search_term_string}"},"query-input":{"@type":"PropertyValueSpecification","valueRequired":true,"valueName":"search_term_string"}}],"inLanguage":"de"},{"@type":"Person","@id":"http:\/\/www.pamina-business.com\/de\/#\/schema\/person\/9ab02536dbdbc5e3ef40bbc3452c8c69","name":"Monique STUTZMANN","image":{"@type":"ImageObject","inLanguage":"de","@id":"http:\/\/www.pamina-business.com\/de\/#\/schema\/person\/image\/","url":"https:\/\/secure.gravatar.com\/avatar\/cc1c3adf9a9f6e969d3da7b6b34ec66f5f4a6844dfc9145380a75e42cd91882e?s=96&d=mm&r=g","contentUrl":"https:\/\/secure.gravatar.com\/avatar\/cc1c3adf9a9f6e969d3da7b6b34ec66f5f4a6844dfc9145380a75e42cd91882e?s=96&d=mm&r=g","caption":"Monique STUTZMANN"},"url":"http:\/\/www.pamina-business.com\/de\/author\/monique\/"}]}},"_links":{"self":[{"href":"http:\/\/www.pamina-business.com\/de\/wp-json\/wp\/v2\/posts\/432","targetHints":{"allow":["GET"]}}],"collection":[{"href":"http:\/\/www.pamina-business.com\/de\/wp-json\/wp\/v2\/posts"}],"about":[{"href":"http:\/\/www.pamina-business.com\/de\/wp-json\/wp\/v2\/types\/post"}],"author":[{"embeddable":true,"href":"http:\/\/www.pamina-business.com\/de\/wp-json\/wp\/v2\/users\/3"}],"replies":[{"embeddable":true,"href":"http:\/\/www.pamina-business.com\/de\/wp-json\/wp\/v2\/comments?post=432"}],"version-history":[{"count":3,"href":"http:\/\/www.pamina-business.com\/de\/wp-json\/wp\/v2\/posts\/432\/revisions"}],"predecessor-version":[{"id":436,"href":"http:\/\/www.pamina-business.com\/de\/wp-json\/wp\/v2\/posts\/432\/revisions\/436"}],"wp:attachment":[{"href":"http:\/\/www.pamina-business.com\/de\/wp-json\/wp\/v2\/media?parent=432"}],"wp:term":[{"taxonomy":"category","embeddable":true,"href":"http:\/\/www.pamina-business.com\/de\/wp-json\/wp\/v2\/categories?post=432"},{"taxonomy":"post_tag","embeddable":true,"href":"http:\/\/www.pamina-business.com\/de\/wp-json\/wp\/v2\/tags?post=432"}],"curies":[{"name":"wp","href":"https:\/\/api.w.org\/{rel}","templated":true}]}}