{"id":4300,"date":"2019-11-27T07:35:20","date_gmt":"2019-11-27T07:35:20","guid":{"rendered":"http:\/\/www.pamina-business.com\/?p=4300"},"modified":"2019-11-26T07:38:45","modified_gmt":"2019-11-26T07:38:45","slug":"tag-der-offenen-tur-am-19-januar-2020-in-lauterbourg","status":"publish","type":"post","link":"http:\/\/www.pamina-business.com\/de\/tag-der-offenen-tur-am-19-januar-2020-in-lauterbourg\/","title":{"rendered":"Tag der offenen T\u00fcr am 19 Januar 2020 in Lauterbourg"},"content":{"rendered":"<section id=\"mainSection\">\n<div class=\"fmodele fmodeleScroll tpl_fiche\">\n<div class=\"agendas-fiche\">\n<article class=\"media\">\n<div class=\"media-object\"><img decoding=\"async\" src=\"https:\/\/www.eurodistrict-pamina.eu\/globalflexit\/images\/img_base\/agendas\/835_556_1_entwurf-message1.jpg\" alt=\"Tag der offenen T\u00fcr\" \/><\/div>\n<div class=\"media-body\">\n<div class=\"date\"><\/div>\n<div class=\"contenu\">Der n\u00e4chste<strong> Tag der offenen T\u00fcr\u00a0im Alten Zollhaus in Lauterbourg<\/strong> findet statt am<\/p>\n<div class=\"colorBox1\"><strong>Sonntag, den 19. Januar 2020 <\/strong><br \/>\n<strong>von 11:00 bis 17:00 Uhr<\/strong>.<\/div>\n<div><\/div>\n<div>\nDer Eurodistrikt PAMINA, die INFOBEST PAMINA und die Touristik-Gemeinschaft Vis-\u00e0-Vis laden die \u00d6ffentlichkeit herzlich in das Alte Zollhaus nach Lauterbourg ein, um\u00a0in Pamina-famili\u00e4rer Atmosph\u00e4re eine\u00a0b\u00fcrgernahe Auswahl aus der\u00a0vielf\u00e4ltigen Informations-, Service- und Produktpalette des PAMINA-Raumes zu entdecken.<\/div>\n<div><\/div>\n<div>F\u00fcr Verpflegung ist bestens gesorgt.<\/div>\n<\/div>\n<\/div>\n<\/article>\n<\/div>\n<\/div>\n<\/section>\n<div id=\"innerType\">\n<div class=\"container\">\n<div class=\"row\">\n<div class=\"col-xs-12 col-sm-9\">\n<div class=\"col-right\">\n<section id=\"mainSection\">\n<div class=\"btn-ico-wrapper\"><a class=\"btn-ico btn-ico-downloadpdf\" title=\"Seite im PDF-Format herunterladen\" href=\"https:\/\/www.eurodistrict-pamina.eu\/de\/aktivitaeten\/tag-der-offenen-tur_-d.html?downloadpdf=1\" target=\"_blank\" rel=\"nofollow noopener noreferrer\">PDF<\/a> <a class=\"btn-ico btn-ico-print\" title=\"Seite drucken\">Print<\/a><\/div>\n<\/section>\n<\/div>\n<\/div>\n<\/div>\n<\/div>\n<\/div>\n<footer id=\"mainFooter\">\n<div class=\"container\">\n<div class=\"row\">\n<div class=\"col-xs-12 col-sm-8\"><a class=\"contacts \" title=\"Kontakt\" href=\"https:\/\/www.eurodistrict-pamina.eu\/de\/kontakt.html\" data-equalize=\"col-footer\"><span class=\"line-1\">Sie m\u00f6chten uns<\/span><span class=\"line-2\">kontaktieren<\/span><span class=\"line-3\">hier klicken<\/span><\/a><\/div>\n<div class=\"col-xs-12 col-sm-4\"><a class=\"videos\" title=\"Videos\" href=\"https:\/\/www.eurodistrict-pamina.eu\/de\/videos.html\" data-equalize=\"col-footer\"><span class=\"line-1\">Videos<\/span><span class=\"line-2\">Entdecken Sie alle unsere Videos<\/span><\/a><\/div>\n<\/div>\n<div class=\"logoMenu noflexitsearch\">\n<ul class=\" logoMenu_ul_niv_0\">\n<li class=\"logoMenu_li_niv_0 logoMenu_li_niv_0_start logoMenu_li_niv_0_a\" data-id-page=\"30\"><a class=\"logoMenu_a_niv_0 page-30\" title=\"INFOBEST PAMINA\" data-id-page=\"30\"><span class=\"logo\"><img decoding=\"async\" src=\"https:\/\/www.eurodistrict-pamina.eu\/UserFiles\/Image\/infobest\/logo-infobest-web.jpg\" alt=\"INFOBEST PAMINA\" \/><\/span><\/a><\/li>\n<li class=\"logoMenu_li_niv_0 logoMenu_li_niv_0_b\" data-id-page=\"31\"><a class=\"logoMenu_a_niv_0 page-31\" title=\"Vis-\u00e0-Vis\" data-id-page=\"31\"><span class=\"logo\"><img decoding=\"async\" src=\"https:\/\/www.eurodistrict-pamina.eu\/UserFiles\/Image\/logos\/vis-a-vis.gif\" alt=\"Vis-\u00e0-Vis\" \/><\/span><\/a><\/li>\n<li class=\"logoMenu_li_niv_0 logoMenu_li_niv_0_a\" data-id-page=\"32\"><a class=\"logoMenu_a_niv_0 page-32\" title=\"Trinationale Metropolregion Oberrhein\" data-id-page=\"32\"><span class=\"logo\"><img decoding=\"async\" src=\"https:\/\/www.eurodistrict-pamina.eu\/UserFiles\/Image\/logos\/region-metropolitaine-trinationale.gif\" alt=\"Trinationale Metropolregion Oberrhein\" \/><\/span><\/a><\/li>\n<li class=\"logoMenu_li_niv_0 logoMenu_li_niv_0_b\" data-id-page=\"33\"><a class=\"logoMenu_a_niv_0 page-33\" title=\"INTERREG Oberrhein\" data-id-page=\"33\"><span class=\"logo\"><img decoding=\"async\" src=\"https:\/\/www.eurodistrict-pamina.eu\/UserFiles\/Image\/logos\/interreg.gif\" alt=\"INTERREG Oberrhein\" \/><\/span><\/a><\/li>\n<\/ul>\n<p><em>Quelle<\/em> : <a href=\"http:\/\/www.eurodistrict-pamina.eu\">www.eurodistrict-pamina.eu<\/a><\/p>\n<\/div>\n<\/div>\n<\/footer>\n","protected":false},"excerpt":{"rendered":"<p>Der n\u00e4chste Tag der offenen T\u00fcr\u00a0im Alten Zollhaus in Lauterbourg findet statt am Sonntag, den 19. Januar 2020 von 11:00 bis 17:00 Uhr. Der Eurodistrikt PAMINA, die INFOBEST PAMINA und die Touristik-Gemeinschaft Vis-\u00e0-Vis laden die \u00d6ffentlichkeit herzlich in das Alte Zollhaus nach Lauterbourg ein, um\u00a0in Pamina-famili\u00e4rer Atmosph\u00e4re eine\u00a0b\u00fcrgernahe Auswahl aus der\u00a0vielf\u00e4ltigen Informations-, Service- und Produktpalette [&hellip;]<\/p>\n","protected":false},"author":3,"featured_media":0,"comment_status":"open","ping_status":"open","sticky":false,"template":"","format":"standard","meta":{"_exactmetrics_skip_tracking":false,"_exactmetrics_sitenote_active":false,"_exactmetrics_sitenote_note":"","_exactmetrics_sitenote_category":0,"footnotes":""},"categories":[59,1],"tags":[],"class_list":["post-4300","post","type-post","status-publish","format-standard","hentry","category-ereignisse-de","category-non-classe"],"yoast_head":"<!-- This site is optimized with the Yoast SEO plugin v23.5 - https:\/\/yoast.com\/wordpress\/plugins\/seo\/ -->\n<title>Tag der offenen T\u00fcr am 19 Januar 2020 in Lauterbourg - PAMINA Business Club<\/title>\n<meta name=\"robots\" content=\"index, follow, max-snippet:-1, max-image-preview:large, max-video-preview:-1\" \/>\n<link rel=\"canonical\" href=\"http:\/\/www.pamina-business.com\/de\/tag-der-offenen-tur-am-19-januar-2020-in-lauterbourg\/\" \/>\n<meta property=\"og:locale\" content=\"de_DE\" \/>\n<meta property=\"og:type\" content=\"article\" \/>\n<meta property=\"og:title\" content=\"Tag der offenen T\u00fcr am 19 Januar 2020 in Lauterbourg - PAMINA Business Club\" \/>\n<meta property=\"og:description\" content=\"Der n\u00e4chste Tag der offenen T\u00fcr\u00a0im Alten Zollhaus in Lauterbourg findet statt am Sonntag, den 19. Januar 2020 von 11:00 bis 17:00 Uhr. Der Eurodistrikt PAMINA, die INFOBEST PAMINA und die Touristik-Gemeinschaft Vis-\u00e0-Vis laden die \u00d6ffentlichkeit herzlich in das Alte Zollhaus nach Lauterbourg ein, um\u00a0in Pamina-famili\u00e4rer Atmosph\u00e4re eine\u00a0b\u00fcrgernahe Auswahl aus der\u00a0vielf\u00e4ltigen Informations-, Service- und Produktpalette [&hellip;]\" \/>\n<meta property=\"og:url\" content=\"http:\/\/www.pamina-business.com\/de\/tag-der-offenen-tur-am-19-januar-2020-in-lauterbourg\/\" \/>\n<meta property=\"og:site_name\" content=\"PAMINA Business Club\" \/>\n<meta property=\"article:published_time\" content=\"2019-11-27T07:35:20+00:00\" \/>\n<meta property=\"article:modified_time\" content=\"2019-11-26T07:38:45+00:00\" \/>\n<meta property=\"og:image\" content=\"https:\/\/www.eurodistrict-pamina.eu\/globalflexit\/images\/img_base\/agendas\/835_556_1_entwurf-message1.jpg\" \/>\n<meta name=\"author\" content=\"Monique STUTZMANN\" \/>\n<meta name=\"twitter:card\" content=\"summary_large_image\" \/>\n<meta name=\"twitter:label1\" content=\"Verfasst von\" \/>\n\t<meta name=\"twitter:data1\" content=\"Monique STUTZMANN\" \/>\n<script type=\"application\/ld+json\" class=\"yoast-schema-graph\">{\"@context\":\"https:\/\/schema.org\",\"@graph\":[{\"@type\":\"WebPage\",\"@id\":\"http:\/\/www.pamina-business.com\/de\/tag-der-offenen-tur-am-19-januar-2020-in-lauterbourg\/\",\"url\":\"http:\/\/www.pamina-business.com\/de\/tag-der-offenen-tur-am-19-januar-2020-in-lauterbourg\/\",\"name\":\"Tag der offenen T\u00fcr am 19 Januar 2020 in Lauterbourg - PAMINA Business Club\",\"isPartOf\":{\"@id\":\"http:\/\/www.pamina-business.com\/de\/#website\"},\"primaryImageOfPage\":{\"@id\":\"http:\/\/www.pamina-business.com\/de\/tag-der-offenen-tur-am-19-januar-2020-in-lauterbourg\/#primaryimage\"},\"image\":{\"@id\":\"http:\/\/www.pamina-business.com\/de\/tag-der-offenen-tur-am-19-januar-2020-in-lauterbourg\/#primaryimage\"},\"thumbnailUrl\":\"https:\/\/www.eurodistrict-pamina.eu\/globalflexit\/images\/img_base\/agendas\/835_556_1_entwurf-message1.jpg\",\"datePublished\":\"2019-11-27T07:35:20+00:00\",\"dateModified\":\"2019-11-26T07:38:45+00:00\",\"author\":{\"@id\":\"http:\/\/www.pamina-business.com\/de\/#\/schema\/person\/9ab02536dbdbc5e3ef40bbc3452c8c69\"},\"breadcrumb\":{\"@id\":\"http:\/\/www.pamina-business.com\/de\/tag-der-offenen-tur-am-19-januar-2020-in-lauterbourg\/#breadcrumb\"},\"inLanguage\":\"de\",\"potentialAction\":[{\"@type\":\"ReadAction\",\"target\":[\"http:\/\/www.pamina-business.com\/de\/tag-der-offenen-tur-am-19-januar-2020-in-lauterbourg\/\"]}]},{\"@type\":\"ImageObject\",\"inLanguage\":\"de\",\"@id\":\"http:\/\/www.pamina-business.com\/de\/tag-der-offenen-tur-am-19-januar-2020-in-lauterbourg\/#primaryimage\",\"url\":\"https:\/\/www.eurodistrict-pamina.eu\/globalflexit\/images\/img_base\/agendas\/835_556_1_entwurf-message1.jpg\",\"contentUrl\":\"https:\/\/www.eurodistrict-pamina.eu\/globalflexit\/images\/img_base\/agendas\/835_556_1_entwurf-message1.jpg\"},{\"@type\":\"BreadcrumbList\",\"@id\":\"http:\/\/www.pamina-business.com\/de\/tag-der-offenen-tur-am-19-januar-2020-in-lauterbourg\/#breadcrumb\",\"itemListElement\":[{\"@type\":\"ListItem\",\"position\":1,\"name\":\"Accueil\",\"item\":\"http:\/\/www.pamina-business.com\/de\/\"},{\"@type\":\"ListItem\",\"position\":2,\"name\":\"Tag der offenen T\u00fcr am 19 Januar 2020 in Lauterbourg\"}]},{\"@type\":\"WebSite\",\"@id\":\"http:\/\/www.pamina-business.com\/de\/#website\",\"url\":\"http:\/\/www.pamina-business.com\/de\/\",\"name\":\"PAMINA Business Club\",\"description\":\"Un site utilisant WordPress\",\"potentialAction\":[{\"@type\":\"SearchAction\",\"target\":{\"@type\":\"EntryPoint\",\"urlTemplate\":\"http:\/\/www.pamina-business.com\/de\/?s={search_term_string}\"},\"query-input\":{\"@type\":\"PropertyValueSpecification\",\"valueRequired\":true,\"valueName\":\"search_term_string\"}}],\"inLanguage\":\"de\"},{\"@type\":\"Person\",\"@id\":\"http:\/\/www.pamina-business.com\/de\/#\/schema\/person\/9ab02536dbdbc5e3ef40bbc3452c8c69\",\"name\":\"Monique STUTZMANN\",\"image\":{\"@type\":\"ImageObject\",\"inLanguage\":\"de\",\"@id\":\"http:\/\/www.pamina-business.com\/de\/#\/schema\/person\/image\/\",\"url\":\"https:\/\/secure.gravatar.com\/avatar\/cc1c3adf9a9f6e969d3da7b6b34ec66f5f4a6844dfc9145380a75e42cd91882e?s=96&d=mm&r=g\",\"contentUrl\":\"https:\/\/secure.gravatar.com\/avatar\/cc1c3adf9a9f6e969d3da7b6b34ec66f5f4a6844dfc9145380a75e42cd91882e?s=96&d=mm&r=g\",\"caption\":\"Monique STUTZMANN\"},\"url\":\"http:\/\/www.pamina-business.com\/de\/author\/monique\/\"}]}<\/script>\n<!-- \/ Yoast SEO plugin. -->","yoast_head_json":{"title":"Tag der offenen T\u00fcr am 19 Januar 2020 in Lauterbourg - PAMINA Business Club","robots":{"index":"index","follow":"follow","max-snippet":"max-snippet:-1","max-image-preview":"max-image-preview:large","max-video-preview":"max-video-preview:-1"},"canonical":"http:\/\/www.pamina-business.com\/de\/tag-der-offenen-tur-am-19-januar-2020-in-lauterbourg\/","og_locale":"de_DE","og_type":"article","og_title":"Tag der offenen T\u00fcr am 19 Januar 2020 in Lauterbourg - PAMINA Business Club","og_description":"Der n\u00e4chste Tag der offenen T\u00fcr\u00a0im Alten Zollhaus in Lauterbourg findet statt am Sonntag, den 19. Januar 2020 von 11:00 bis 17:00 Uhr. Der Eurodistrikt PAMINA, die INFOBEST PAMINA und die Touristik-Gemeinschaft Vis-\u00e0-Vis laden die \u00d6ffentlichkeit herzlich in das Alte Zollhaus nach Lauterbourg ein, um\u00a0in Pamina-famili\u00e4rer Atmosph\u00e4re eine\u00a0b\u00fcrgernahe Auswahl aus der\u00a0vielf\u00e4ltigen Informations-, Service- und Produktpalette [&hellip;]","og_url":"http:\/\/www.pamina-business.com\/de\/tag-der-offenen-tur-am-19-januar-2020-in-lauterbourg\/","og_site_name":"PAMINA Business Club","article_published_time":"2019-11-27T07:35:20+00:00","article_modified_time":"2019-11-26T07:38:45+00:00","og_image":[{"url":"https:\/\/www.eurodistrict-pamina.eu\/globalflexit\/images\/img_base\/agendas\/835_556_1_entwurf-message1.jpg"}],"author":"Monique STUTZMANN","twitter_card":"summary_large_image","twitter_misc":{"Verfasst von":"Monique STUTZMANN"},"schema":{"@context":"https:\/\/schema.org","@graph":[{"@type":"WebPage","@id":"http:\/\/www.pamina-business.com\/de\/tag-der-offenen-tur-am-19-januar-2020-in-lauterbourg\/","url":"http:\/\/www.pamina-business.com\/de\/tag-der-offenen-tur-am-19-januar-2020-in-lauterbourg\/","name":"Tag der offenen T\u00fcr am 19 Januar 2020 in Lauterbourg - PAMINA Business Club","isPartOf":{"@id":"http:\/\/www.pamina-business.com\/de\/#website"},"primaryImageOfPage":{"@id":"http:\/\/www.pamina-business.com\/de\/tag-der-offenen-tur-am-19-januar-2020-in-lauterbourg\/#primaryimage"},"image":{"@id":"http:\/\/www.pamina-business.com\/de\/tag-der-offenen-tur-am-19-januar-2020-in-lauterbourg\/#primaryimage"},"thumbnailUrl":"https:\/\/www.eurodistrict-pamina.eu\/globalflexit\/images\/img_base\/agendas\/835_556_1_entwurf-message1.jpg","datePublished":"2019-11-27T07:35:20+00:00","dateModified":"2019-11-26T07:38:45+00:00","author":{"@id":"http:\/\/www.pamina-business.com\/de\/#\/schema\/person\/9ab02536dbdbc5e3ef40bbc3452c8c69"},"breadcrumb":{"@id":"http:\/\/www.pamina-business.com\/de\/tag-der-offenen-tur-am-19-januar-2020-in-lauterbourg\/#breadcrumb"},"inLanguage":"de","potentialAction":[{"@type":"ReadAction","target":["http:\/\/www.pamina-business.com\/de\/tag-der-offenen-tur-am-19-januar-2020-in-lauterbourg\/"]}]},{"@type":"ImageObject","inLanguage":"de","@id":"http:\/\/www.pamina-business.com\/de\/tag-der-offenen-tur-am-19-januar-2020-in-lauterbourg\/#primaryimage","url":"https:\/\/www.eurodistrict-pamina.eu\/globalflexit\/images\/img_base\/agendas\/835_556_1_entwurf-message1.jpg","contentUrl":"https:\/\/www.eurodistrict-pamina.eu\/globalflexit\/images\/img_base\/agendas\/835_556_1_entwurf-message1.jpg"},{"@type":"BreadcrumbList","@id":"http:\/\/www.pamina-business.com\/de\/tag-der-offenen-tur-am-19-januar-2020-in-lauterbourg\/#breadcrumb","itemListElement":[{"@type":"ListItem","position":1,"name":"Accueil","item":"http:\/\/www.pamina-business.com\/de\/"},{"@type":"ListItem","position":2,"name":"Tag der offenen T\u00fcr am 19 Januar 2020 in Lauterbourg"}]},{"@type":"WebSite","@id":"http:\/\/www.pamina-business.com\/de\/#website","url":"http:\/\/www.pamina-business.com\/de\/","name":"PAMINA Business Club","description":"Un site utilisant WordPress","potentialAction":[{"@type":"SearchAction","target":{"@type":"EntryPoint","urlTemplate":"http:\/\/www.pamina-business.com\/de\/?s={search_term_string}"},"query-input":{"@type":"PropertyValueSpecification","valueRequired":true,"valueName":"search_term_string"}}],"inLanguage":"de"},{"@type":"Person","@id":"http:\/\/www.pamina-business.com\/de\/#\/schema\/person\/9ab02536dbdbc5e3ef40bbc3452c8c69","name":"Monique STUTZMANN","image":{"@type":"ImageObject","inLanguage":"de","@id":"http:\/\/www.pamina-business.com\/de\/#\/schema\/person\/image\/","url":"https:\/\/secure.gravatar.com\/avatar\/cc1c3adf9a9f6e969d3da7b6b34ec66f5f4a6844dfc9145380a75e42cd91882e?s=96&d=mm&r=g","contentUrl":"https:\/\/secure.gravatar.com\/avatar\/cc1c3adf9a9f6e969d3da7b6b34ec66f5f4a6844dfc9145380a75e42cd91882e?s=96&d=mm&r=g","caption":"Monique STUTZMANN"},"url":"http:\/\/www.pamina-business.com\/de\/author\/monique\/"}]}},"_links":{"self":[{"href":"http:\/\/www.pamina-business.com\/de\/wp-json\/wp\/v2\/posts\/4300","targetHints":{"allow":["GET"]}}],"collection":[{"href":"http:\/\/www.pamina-business.com\/de\/wp-json\/wp\/v2\/posts"}],"about":[{"href":"http:\/\/www.pamina-business.com\/de\/wp-json\/wp\/v2\/types\/post"}],"author":[{"embeddable":true,"href":"http:\/\/www.pamina-business.com\/de\/wp-json\/wp\/v2\/users\/3"}],"replies":[{"embeddable":true,"href":"http:\/\/www.pamina-business.com\/de\/wp-json\/wp\/v2\/comments?post=4300"}],"version-history":[{"count":1,"href":"http:\/\/www.pamina-business.com\/de\/wp-json\/wp\/v2\/posts\/4300\/revisions"}],"predecessor-version":[{"id":4301,"href":"http:\/\/www.pamina-business.com\/de\/wp-json\/wp\/v2\/posts\/4300\/revisions\/4301"}],"wp:attachment":[{"href":"http:\/\/www.pamina-business.com\/de\/wp-json\/wp\/v2\/media?parent=4300"}],"wp:term":[{"taxonomy":"category","embeddable":true,"href":"http:\/\/www.pamina-business.com\/de\/wp-json\/wp\/v2\/categories?post=4300"},{"taxonomy":"post_tag","embeddable":true,"href":"http:\/\/www.pamina-business.com\/de\/wp-json\/wp\/v2\/tags?post=4300"}],"curies":[{"name":"wp","href":"https:\/\/api.w.org\/{rel}","templated":true}]}}