{"id":4194,"date":"2019-10-24T08:54:07","date_gmt":"2019-10-24T08:54:07","guid":{"rendered":"http:\/\/www.pamina-business.com\/?p=4194"},"modified":"2019-10-22T08:56:08","modified_gmt":"2019-10-22T08:56:08","slug":"journee-daction-pamina-2019-le-13-novembre-2019","status":"publish","type":"post","link":"http:\/\/www.pamina-business.com\/de\/journee-daction-pamina-2019-le-13-novembre-2019\/","title":{"rendered":"Journ\u00e9e d&#8217;Action PAMINA 2019 le 13 Novembre 2019"},"content":{"rendered":"<section id=\"mainSection\">\n<div class=\"fmodele fmodeleScroll tpl_fiche\">\n<div class=\"agendas-fiche\">\n<article class=\"media\">\n<div class=\"media-object\"><img decoding=\"async\" src=\"https:\/\/www.eurodistrict-pamina.eu\/globalflexit\/images\/img_base\/agendas\/835_556_1_bild-at-2016.JPG\" alt=\"Journ\u00e9e d'Action PAMINA 2019\" \/><\/div>\n<div class=\"media-body\"><br class=\"media-heading\" \/><\/p>\n<div class=\"contenu\">La <b>7<sup>\u00e8me<\/sup> Journ\u00e9e d&#8217;Action PAMINA du R\u00e9seau-Jeunesse-PAMINA <\/b>aura lieu le mercredi 13 novembre 2019 de 10h\u00a0\u00e0 16h30 au NaturErlebnisZentrum Wappenschmiede \u00e0 Fischbach bei Dahn. Cette manifestation sera ax\u00e9e sur la th\u00e9matique de <b>l&#8217;environnement<\/b> et s&#8217;adresse non seulement aux <strong>acteurs de l&#8217;animation enfance et jeunesse d&#8217;Alsace, du pays de Bade et du Palatinat, mais aussi \u00e0 toutes les structures d&#8217;\u00e9ducation \u00e0 l&#8217;environnement<\/strong>. Par ailleurs, elle est organis\u00e9e en coop\u00e9ration avec le\u00a0R\u00e9seau Education Nature Rhin sup\u00e9rieur.<\/p>\n<p>La Journ\u00e9e d&#8217;Action PAMINA 2019 sera l&#8217;occasion de tisser des <strong>partenariats transfrontaliers<\/strong> et pourra \u00eatre le point de d\u00e9part de projets \u00e0 dimension interculturelle. Dans un cadre convivial, les participants auront l&#8217;occasion d&#8217;apprendre \u00e0 conna\u00eetre les <strong>projets environnementaux<\/strong> de leurs coll\u00e8gues fran\u00e7ais et allemands et d&#8217;\u00e9changer sur les m\u00e9thodes \u00e9prouv\u00e9es.<\/p>\n<p>Des ateliers pratiques permettront par ailleurs de reprendre les besoins exprim\u00e9s par les jeunes au sujet de l&#8217;environnement. <b>Pour cela, tous les participants sont pri\u00e9s de poser les questions suivantes aux jeunes qui fr\u00e9quent leurs structures\u00a0et d&#8217;enregistrer ces t\u00e9moignages en vid\u00e9o (ou audio)\u00a0:<\/b><\/p>\n<ul>\n<li>Dans quel nouveau projet environnemental souhaites-tu t\u2018engager ?<\/li>\n<li>Que devraient proposer les animateurs \/ acteurs jeunesse dans le domaine de l\u2018environnement ?<\/li>\n<\/ul>\n<p>Ces<b> <\/b>vid\u00e9os serviront d&#8217;impulsion pour discuter en ateliers des id\u00e9es de projets concr\u00e8tes.<\/p>\n<p><a class=\"flexit_ico_file\" href=\"https:\/\/www.eurodistrict-pamina.eu\/UserFiles\/File\/jeunesse\/131119-pamina-umwelt-environnement.pdf\" target=\"_blank\">Programme<\/a><\/p>\n<hr \/>\n<h5 class=\"fDefault\"><strong><span class=\"chapeau\">Informations pratiques\u00a0:<\/span><\/strong><\/h5>\n<p><strong>Quand :<\/strong> Le mercredi 13 novembre 2019 de 9h45 \u00e0 16h<\/p>\n<p><strong>O\u00f9 :\u00a0<\/strong>NaturErlebnisZentrum Wappenschmiede,\u00a0Am K\u00f6nigsbruch 2, 66996 Fischbach bei Dahn<\/p>\n<p><b>Traduction<\/b>\u00a0: Des traducteurs seront disponibles sur place pour aider dans la communication.<\/p>\n<p><b>Inscription<\/b>\u00a0: avant le 30 octobre 2019 via le formulaire en bas<\/p>\n<p><b>Frais d&#8217;inscription<\/b>\u00a0: 16\u20ac \/ personne (repas de midi inclus)<\/p>\n<h5 class=\"fDefault\">INSCRIPTION<\/h5>\n<form class=\"flexitform flexitform-bootstrap\" action=\"javascript:void(0);\" method=\"post\" name=\"formulaire_7\">\n<div class=\"row ffLineStart\">\n<div class=\"col-xs-4\"><label for=\"formulaire_7[2]\"><span class=\"ffRequired\">Nom<\/span><\/label><\/div>\n<div class=\"col-xs-8\">\n<div class=\"form-group\"><input id=\"formulaire_7[2]\" class=\"ffRequired form-control\" name=\"formulaire_7[2]\" type=\"text\" value=\"\" \/><\/div>\n<\/div>\n<\/div>\n<div class=\"row\">\n<div class=\"col-xs-4\"><label for=\"formulaire_7[13]\"><span class=\"ffRequired\">Institution<\/span><\/label><\/div>\n<div class=\"col-xs-8\">\n<div class=\"form-group\"><input id=\"formulaire_7[13]\" class=\"ffRequired form-control\" name=\"formulaire_7[13]\" type=\"text\" value=\"\" \/><\/div>\n<\/div>\n<\/div>\n<div class=\"row\">\n<div class=\"col-xs-4\"><label for=\"formulaire_7[32]\">Nom(s) d&#8217;autres coll\u00e8gues participants le cas \u00e9ch\u00e9ant<\/label><\/div>\n<div class=\"col-xs-8\">\n<div class=\"form-group\"><input id=\"formulaire_7[32]\" class=\"form-control\" name=\"formulaire_7[32]\" type=\"text\" value=\"\" \/><\/div>\n<\/div>\n<\/div>\n<div class=\"row\">\n<div class=\"col-xs-4\"><label for=\"formulaire_7[4]\">Adresse<\/label><\/div>\n<div class=\"col-xs-8\">\n<div class=\"form-group\"><textarea id=\"formulaire_7[4]\" class=\"form-control\" name=\"formulaire_7[4]\"><\/textarea><\/div>\n<\/div>\n<\/div>\n<div class=\"row\">\n<div class=\"col-xs-4\"><label for=\"formulaire_7[5]\"><span class=\"ffRequired\">Pays<\/span><\/label><\/div>\n<div class=\"col-xs-8\"><\/div>\n<\/div>\n<\/form>\n<\/div>\n<\/div>\n<\/article>\n<\/div>\n<\/div>\n<\/section>\n<div class=\"row\">\n<div class=\"col-xs-4\"><label for=\"formulaire_7[14]\">T\u00e9l\u00e9phone<\/label><\/div>\n<div class=\"col-xs-8\">\n<div class=\"form-group\"><input id=\"formulaire_7[14]\" class=\"form-control\" name=\"formulaire_7[14]\" type=\"text\" value=\"\" \/><\/div>\n<\/div>\n<\/div>\n<div class=\"row\">\n<div class=\"col-xs-4\"><label for=\"formulaire_7[12]\"><span class=\"ffRequired\">Email<\/span><\/label><\/div>\n<div class=\"col-xs-8\">\n<div class=\"form-group\"><input id=\"formulaire_7[12]\" class=\"ffRequired form-control\" name=\"formulaire_7[12]\" type=\"text\" value=\"\" \/><\/div>\n<\/div>\n<\/div>\n<div class=\"row\">\n<div class=\"col-xs-4\"><label for=\"formulaire_7[21]\"><span class=\"ffRequired\">J&#8217;ai un projet pour enfants, jeunes ou jeunes adultes dans la th\u00e9matique environnement que je pourrais pr\u00e9senter<\/span><\/label><\/div>\n<div class=\"col-xs-8\"><\/div>\n<\/div>\n<div class=\"row\">\n<div class=\"col-xs-4\"><label for=\"formulaire_7[22]\">Si oui, veuillez d\u00e9crire bri\u00e8vement votre projet<\/label><\/div>\n<div class=\"col-xs-8\">\n<div class=\"form-group\"><input id=\"formulaire_7[22]\" class=\"form-control\" name=\"formulaire_7[22]\" type=\"text\" value=\"\" \/><\/div>\n<\/div>\n<\/div>\n<div class=\"row\">\n<div class=\"col-xs-4\"><label>Je travaille avec un public<\/label><\/div>\n<div class=\"col-xs-8\">\n<div class=\"form-group\">\n<table class=\"flexitFormTableSelect\" border=\"0\" cellspacing=\"0\" cellpadding=\"0\">\n<tbody>\n<tr>\n<td><input id=\"formulaire_7[11]_1\" name=\"formulaire_7[11][]\" type=\"checkbox\" value=\"enfants\" \/><\/td>\n<td><label for=\"formulaire_7[11]_1\">enfants<\/label><\/td>\n<\/tr>\n<tr>\n<td><input id=\"formulaire_7[11]_2\" name=\"formulaire_7[11][]\" type=\"checkbox\" value=\"jeunes\" \/><\/td>\n<td><label for=\"formulaire_7[11]_2\">jeunes<\/label><\/td>\n<\/tr>\n<tr>\n<td><input id=\"formulaire_7[11]_3\" name=\"formulaire_7[11][]\" type=\"checkbox\" value=\"jeunesadultes\" \/><\/td>\n<td><label for=\"formulaire_7[11]_3\">jeunes adultes<\/label><\/td>\n<\/tr>\n<\/tbody>\n<\/table>\n<\/div>\n<\/div>\n<\/div>\n<div class=\"row\">\n<div class=\"col-xs-4\"><label for=\"formulaire_7[24]\"><span class=\"ffRequired\">Je souhaite pr\u00e9senter mon institution \u00e0 un stand<\/span><\/label><\/div>\n<div class=\"col-xs-8\"><\/div>\n<\/div>\n<div class=\"row\">\n<div class=\"col-xs-4\"><label for=\"formulaire_7[25]\">Si oui, combien de tables et chaises?<\/label><\/div>\n<div class=\"col-xs-8\">\n<div class=\"form-group\"><input id=\"formulaire_7[25]\" class=\"form-control\" name=\"formulaire_7[25]\" type=\"text\" value=\"\" \/><\/div>\n<\/div>\n<\/div>\n<div class=\"row\">\n<div class=\"col-xs-4\"><label for=\"formulaire_7[30]\">Upload vid\u00e9o \/ audio (id\u00e9es des jeunes)<\/label><\/div>\n<div class=\"col-xs-8\">\n<div class=\"form-group\">\n<div class=\"fancyupload1\">\n<div class=\"fineupload\"><\/div>\n<ul id=\"formulaire_7[30]_liste\"><\/ul>\n<p><span id=\"formulaire_7[30]\" class=\"ffFieldupload\"><a id=\"formulaire_7[30]_btn\" class=\"btnupload\"><\/a>Ajouter un fichier<input name=\"file\" type=\"file\" \/> <\/span><\/div>\n<\/div>\n<\/div>\n<\/div>\n<div class=\"row\">\n<div class=\"col-xs-4\"><label for=\"formulaire_7[26]\"><span class=\"ffRequired\">Je participe au repas<\/span><\/label><\/div>\n<div class=\"col-xs-8\"><\/div>\n<\/div>\n<div class=\"row\">\n<div class=\"col-xs-4\"><label>Je suis int\u00e9ress\u00e9 par un covoiturage<\/label><\/div>\n<div class=\"col-xs-8\">\n<div class=\"form-group\">\n<table class=\"flexitFormTableSelect\" border=\"0\" cellspacing=\"0\" cellpadding=\"0\">\n<tbody>\n<tr>\n<td><input id=\"formulaire_7[27]_1\" name=\"formulaire_7[27][]\" type=\"checkbox\" value=\"entantqueconducteur\" \/><\/td>\n<td><label for=\"formulaire_7[27]_1\">en tant que conducteur<\/label><\/td>\n<\/tr>\n<tr>\n<td><input id=\"formulaire_7[27]_2\" name=\"formulaire_7[27][]\" type=\"checkbox\" value=\"entantquepassager\" \/><\/td>\n<td><label for=\"formulaire_7[27]_2\">en tant que passager<\/label><\/td>\n<\/tr>\n<\/tbody>\n<\/table>\n<\/div>\n<\/div>\n<\/div>\n<div class=\"row\">\n<div class=\"col-xs-4\"><label for=\"formulaire_7[29]\">A partir de quel endroit ?<\/label><\/div>\n<div class=\"col-xs-8\">\n<div class=\"form-group\"><input id=\"formulaire_7[29]\" class=\"form-control\" name=\"formulaire_7[29]\" type=\"text\" value=\"\" \/><\/div>\n<\/div>\n<\/div>\n<div class=\"row\">\n<div class=\"col-xs-4\"><label>Je parle les langues suivantes<\/label><\/div>\n<div class=\"col-xs-8\">\n<div class=\"form-group\">\n<table class=\"flexitFormTableSelect\" border=\"0\" cellspacing=\"0\" cellpadding=\"0\">\n<tbody>\n<tr>\n<td><input id=\"formulaire_7[31]_1\" name=\"formulaire_7[31][]\" type=\"checkbox\" value=\"francais\" \/><\/td>\n<td><label for=\"formulaire_7[31]_1\">Francais<\/label><\/td>\n<\/tr>\n<tr>\n<td><input id=\"formulaire_7[31]_2\" name=\"formulaire_7[31][]\" type=\"checkbox\" value=\"allemand\" \/><\/td>\n<td><label for=\"formulaire_7[31]_2\">Allemand<\/label><\/td>\n<\/tr>\n<\/tbody>\n<\/table>\n<\/div>\n<\/div>\n<\/div>\n<div class=\"row\">\n<div class=\"col-xs-4\"><\/div>\n<div class=\"col-xs-8\">\n<div class=\"form-group\">\n<div class=\"g-recaptcha\" data-sitekey=\"6Lfm-hUUAAAAAK-IGnUER8sM4aYBO5kGKrURhUJV\">\n<div>\n<div><iframe loading=\"lazy\" src=\"https:\/\/www.google.com\/recaptcha\/api2\/anchor?ar=1&amp;k=6Lfm-hUUAAAAAK-IGnUER8sM4aYBO5kGKrURhUJV&amp;co=aHR0cHM6Ly93d3cuZXVyb2Rpc3RyaWN0LXBhbWluYS5ldTo0NDM.&amp;hl=fr&amp;v=EQY1At-f1G9OIivZUYX73fK0&amp;size=normal&amp;cb=h6i1uzf7ffq3\" name=\"a-12hjko72tn61\" width=\"304\" height=\"78\" frameborder=\"0\" scrolling=\"no\" sandbox=\"allow-forms allow-popups allow-same-origin allow-scripts allow-top-navigation allow-modals allow-popups-to-escape-sandbox allow-storage-access-by-user-activation\" data-mce-fragment=\"1\"><\/iframe><\/div>\n<\/div>\n<\/div>\n<\/div>\n<\/div>\n<\/div>\n<div class=\"row\">\n<div class=\"col-xs-4\"><label><span class=\"ffRequired\">Confidentialit\u00e9 et cr\u00e9dit photo<\/span><\/label><\/div>\n<div class=\"col-xs-8\">\n<div class=\"form-group\">\n<table class=\"flexitFormTableSelect\" border=\"0\" cellspacing=\"0\" cellpadding=\"0\">\n<tbody>\n<tr>\n<td><input id=\"formulaire_7[20]_1\" class=\"ffRequired\" name=\"formulaire_7[20][]\" type=\"checkbox\" value=\"ensoumettantceformulairejeconsensautraitementdemesdonneesconformementauxdirectivesrelativesalaprotectiondesdonneesenoutrejautoriselapublicationdemesnomprenomstructureetadresseemailsurlalistedesparticipantsquiseraafficheeetenvoyeeauxparticipantsdelevenementainsiquelaprisedephotospendantlevenementquipourrontetreutiliseesulterieurement\" \/><\/td>\n<td><label for=\"formulaire_7[20]_1\">En soumettant ce formulaire, je consens au traitement de mes donn\u00e9es conform\u00e9ment aux directives relatives \u00e0 la protection des donn\u00e9es. En outre, j&#8217;autorise la publication de mes nom, pr\u00e9nom, structure et adresse e-mail sur la liste des participants, qui sera affich\u00e9e et envoy\u00e9e aux participants de l&#8217;\u00e9v\u00e9nement, ainsi que la prise de photos pendant l&#8217;\u00e9v\u00e9nement, qui pourront \u00eatre utilis\u00e9es ult\u00e9rieurement<\/label><\/td>\n<\/tr>\n<\/tbody>\n<\/table>\n<\/div>\n<\/div>\n<\/div>\n<div class=\"row ffLineEnd\"><\/div>\n<div class=\"row ffLineEnd\"><em>Source<\/em> : <a href=\"http:\/\/www.eurodistrict-pamina.eu\">www.eurodistrict-pamina.eu <\/a><\/div>\n","protected":false},"excerpt":{"rendered":"<p>La 7\u00e8me Journ\u00e9e d&#8217;Action PAMINA du R\u00e9seau-Jeunesse-PAMINA aura lieu le mercredi 13 novembre 2019 de 10h\u00a0\u00e0 16h30 au NaturErlebnisZentrum Wappenschmiede \u00e0 Fischbach bei Dahn. Cette manifestation sera ax\u00e9e sur la th\u00e9matique de l&#8217;environnement et s&#8217;adresse non seulement aux acteurs de l&#8217;animation enfance et jeunesse d&#8217;Alsace, du pays de Bade et du Palatinat, mais aussi \u00e0 [&hellip;]<\/p>\n","protected":false},"author":3,"featured_media":0,"comment_status":"open","ping_status":"open","sticky":false,"template":"","format":"standard","meta":{"_exactmetrics_skip_tracking":false,"_exactmetrics_sitenote_active":false,"_exactmetrics_sitenote_note":"","_exactmetrics_sitenote_category":0,"footnotes":""},"categories":[4,7],"tags":[],"class_list":["post-4194","post","type-post","status-publish","format-standard","hentry","category-education-fr","category-evenements-fr"],"yoast_head":"<!-- This site is optimized with the Yoast SEO plugin v23.5 - https:\/\/yoast.com\/wordpress\/plugins\/seo\/ -->\n<title>Journ\u00e9e d&#039;Action PAMINA 2019 le 13 Novembre 2019 - PAMINA Business Club<\/title>\n<meta name=\"robots\" content=\"index, follow, max-snippet:-1, max-image-preview:large, max-video-preview:-1\" \/>\n<link rel=\"canonical\" href=\"https:\/\/www.pamina-business.com\/journee-daction-pamina-2019-le-13-novembre-2019\/\" \/>\n<meta property=\"og:locale\" content=\"de_DE\" \/>\n<meta property=\"og:type\" content=\"article\" \/>\n<meta property=\"og:title\" content=\"Journ\u00e9e d&#039;Action PAMINA 2019 le 13 Novembre 2019 - PAMINA Business Club\" \/>\n<meta property=\"og:description\" content=\"La 7\u00e8me Journ\u00e9e d&#8217;Action PAMINA du R\u00e9seau-Jeunesse-PAMINA aura lieu le mercredi 13 novembre 2019 de 10h\u00a0\u00e0 16h30 au NaturErlebnisZentrum Wappenschmiede \u00e0 Fischbach bei Dahn. Cette manifestation sera ax\u00e9e sur la th\u00e9matique de l&#8217;environnement et s&#8217;adresse non seulement aux acteurs de l&#8217;animation enfance et jeunesse d&#8217;Alsace, du pays de Bade et du Palatinat, mais aussi \u00e0 [&hellip;]\" \/>\n<meta property=\"og:url\" content=\"https:\/\/www.pamina-business.com\/journee-daction-pamina-2019-le-13-novembre-2019\/\" \/>\n<meta property=\"og:site_name\" content=\"PAMINA Business Club\" \/>\n<meta property=\"article:published_time\" content=\"2019-10-24T08:54:07+00:00\" \/>\n<meta property=\"article:modified_time\" content=\"2019-10-22T08:56:08+00:00\" \/>\n<meta property=\"og:image\" content=\"https:\/\/www.eurodistrict-pamina.eu\/globalflexit\/images\/img_base\/agendas\/835_556_1_bild-at-2016.JPG\" \/>\n<meta name=\"author\" content=\"Monique STUTZMANN\" \/>\n<meta name=\"twitter:card\" content=\"summary_large_image\" \/>\n<meta name=\"twitter:label1\" content=\"Verfasst von\" \/>\n\t<meta name=\"twitter:data1\" content=\"Monique STUTZMANN\" \/>\n\t<meta name=\"twitter:label2\" content=\"Gesch\u00e4tzte Lesezeit\" \/>\n\t<meta name=\"twitter:data2\" content=\"2\u00a0Minuten\" \/>\n<script type=\"application\/ld+json\" class=\"yoast-schema-graph\">{\"@context\":\"https:\/\/schema.org\",\"@graph\":[{\"@type\":\"WebPage\",\"@id\":\"https:\/\/www.pamina-business.com\/journee-daction-pamina-2019-le-13-novembre-2019\/\",\"url\":\"https:\/\/www.pamina-business.com\/journee-daction-pamina-2019-le-13-novembre-2019\/\",\"name\":\"Journ\u00e9e d'Action PAMINA 2019 le 13 Novembre 2019 - PAMINA Business Club\",\"isPartOf\":{\"@id\":\"https:\/\/www.pamina-business.com\/de\/#website\"},\"primaryImageOfPage\":{\"@id\":\"https:\/\/www.pamina-business.com\/journee-daction-pamina-2019-le-13-novembre-2019\/#primaryimage\"},\"image\":{\"@id\":\"https:\/\/www.pamina-business.com\/journee-daction-pamina-2019-le-13-novembre-2019\/#primaryimage\"},\"thumbnailUrl\":\"https:\/\/www.eurodistrict-pamina.eu\/globalflexit\/images\/img_base\/agendas\/835_556_1_bild-at-2016.JPG\",\"datePublished\":\"2019-10-24T08:54:07+00:00\",\"dateModified\":\"2019-10-22T08:56:08+00:00\",\"author\":{\"@id\":\"https:\/\/www.pamina-business.com\/de\/#\/schema\/person\/9ab02536dbdbc5e3ef40bbc3452c8c69\"},\"breadcrumb\":{\"@id\":\"https:\/\/www.pamina-business.com\/journee-daction-pamina-2019-le-13-novembre-2019\/#breadcrumb\"},\"inLanguage\":\"de\",\"potentialAction\":[{\"@type\":\"ReadAction\",\"target\":[\"https:\/\/www.pamina-business.com\/journee-daction-pamina-2019-le-13-novembre-2019\/\"]}]},{\"@type\":\"ImageObject\",\"inLanguage\":\"de\",\"@id\":\"https:\/\/www.pamina-business.com\/journee-daction-pamina-2019-le-13-novembre-2019\/#primaryimage\",\"url\":\"https:\/\/www.eurodistrict-pamina.eu\/globalflexit\/images\/img_base\/agendas\/835_556_1_bild-at-2016.JPG\",\"contentUrl\":\"https:\/\/www.eurodistrict-pamina.eu\/globalflexit\/images\/img_base\/agendas\/835_556_1_bild-at-2016.JPG\"},{\"@type\":\"BreadcrumbList\",\"@id\":\"https:\/\/www.pamina-business.com\/journee-daction-pamina-2019-le-13-novembre-2019\/#breadcrumb\",\"itemListElement\":[{\"@type\":\"ListItem\",\"position\":1,\"name\":\"Accueil\",\"item\":\"https:\/\/www.pamina-business.com\/de\/\"},{\"@type\":\"ListItem\",\"position\":2,\"name\":\"Journ\u00e9e d&rsquo;Action PAMINA 2019 le 13 Novembre 2019\"}]},{\"@type\":\"WebSite\",\"@id\":\"https:\/\/www.pamina-business.com\/de\/#website\",\"url\":\"https:\/\/www.pamina-business.com\/de\/\",\"name\":\"PAMINA Business Club\",\"description\":\"Un site utilisant WordPress\",\"potentialAction\":[{\"@type\":\"SearchAction\",\"target\":{\"@type\":\"EntryPoint\",\"urlTemplate\":\"https:\/\/www.pamina-business.com\/de\/?s={search_term_string}\"},\"query-input\":{\"@type\":\"PropertyValueSpecification\",\"valueRequired\":true,\"valueName\":\"search_term_string\"}}],\"inLanguage\":\"de\"},{\"@type\":\"Person\",\"@id\":\"https:\/\/www.pamina-business.com\/de\/#\/schema\/person\/9ab02536dbdbc5e3ef40bbc3452c8c69\",\"name\":\"Monique STUTZMANN\",\"image\":{\"@type\":\"ImageObject\",\"inLanguage\":\"de\",\"@id\":\"https:\/\/www.pamina-business.com\/de\/#\/schema\/person\/image\/\",\"url\":\"https:\/\/secure.gravatar.com\/avatar\/cc1c3adf9a9f6e969d3da7b6b34ec66f5f4a6844dfc9145380a75e42cd91882e?s=96&d=mm&r=g\",\"contentUrl\":\"https:\/\/secure.gravatar.com\/avatar\/cc1c3adf9a9f6e969d3da7b6b34ec66f5f4a6844dfc9145380a75e42cd91882e?s=96&d=mm&r=g\",\"caption\":\"Monique STUTZMANN\"},\"url\":\"http:\/\/www.pamina-business.com\/de\/author\/monique\/\"}]}<\/script>\n<!-- \/ Yoast SEO plugin. -->","yoast_head_json":{"title":"Journ\u00e9e d'Action PAMINA 2019 le 13 Novembre 2019 - PAMINA Business Club","robots":{"index":"index","follow":"follow","max-snippet":"max-snippet:-1","max-image-preview":"max-image-preview:large","max-video-preview":"max-video-preview:-1"},"canonical":"https:\/\/www.pamina-business.com\/journee-daction-pamina-2019-le-13-novembre-2019\/","og_locale":"de_DE","og_type":"article","og_title":"Journ\u00e9e d'Action PAMINA 2019 le 13 Novembre 2019 - PAMINA Business Club","og_description":"La 7\u00e8me Journ\u00e9e d&#8217;Action PAMINA du R\u00e9seau-Jeunesse-PAMINA aura lieu le mercredi 13 novembre 2019 de 10h\u00a0\u00e0 16h30 au NaturErlebnisZentrum Wappenschmiede \u00e0 Fischbach bei Dahn. Cette manifestation sera ax\u00e9e sur la th\u00e9matique de l&#8217;environnement et s&#8217;adresse non seulement aux acteurs de l&#8217;animation enfance et jeunesse d&#8217;Alsace, du pays de Bade et du Palatinat, mais aussi \u00e0 [&hellip;]","og_url":"https:\/\/www.pamina-business.com\/journee-daction-pamina-2019-le-13-novembre-2019\/","og_site_name":"PAMINA Business Club","article_published_time":"2019-10-24T08:54:07+00:00","article_modified_time":"2019-10-22T08:56:08+00:00","og_image":[{"url":"https:\/\/www.eurodistrict-pamina.eu\/globalflexit\/images\/img_base\/agendas\/835_556_1_bild-at-2016.JPG"}],"author":"Monique STUTZMANN","twitter_card":"summary_large_image","twitter_misc":{"Verfasst von":"Monique STUTZMANN","Gesch\u00e4tzte Lesezeit":"2\u00a0Minuten"},"schema":{"@context":"https:\/\/schema.org","@graph":[{"@type":"WebPage","@id":"https:\/\/www.pamina-business.com\/journee-daction-pamina-2019-le-13-novembre-2019\/","url":"https:\/\/www.pamina-business.com\/journee-daction-pamina-2019-le-13-novembre-2019\/","name":"Journ\u00e9e d'Action PAMINA 2019 le 13 Novembre 2019 - PAMINA Business Club","isPartOf":{"@id":"https:\/\/www.pamina-business.com\/de\/#website"},"primaryImageOfPage":{"@id":"https:\/\/www.pamina-business.com\/journee-daction-pamina-2019-le-13-novembre-2019\/#primaryimage"},"image":{"@id":"https:\/\/www.pamina-business.com\/journee-daction-pamina-2019-le-13-novembre-2019\/#primaryimage"},"thumbnailUrl":"https:\/\/www.eurodistrict-pamina.eu\/globalflexit\/images\/img_base\/agendas\/835_556_1_bild-at-2016.JPG","datePublished":"2019-10-24T08:54:07+00:00","dateModified":"2019-10-22T08:56:08+00:00","author":{"@id":"https:\/\/www.pamina-business.com\/de\/#\/schema\/person\/9ab02536dbdbc5e3ef40bbc3452c8c69"},"breadcrumb":{"@id":"https:\/\/www.pamina-business.com\/journee-daction-pamina-2019-le-13-novembre-2019\/#breadcrumb"},"inLanguage":"de","potentialAction":[{"@type":"ReadAction","target":["https:\/\/www.pamina-business.com\/journee-daction-pamina-2019-le-13-novembre-2019\/"]}]},{"@type":"ImageObject","inLanguage":"de","@id":"https:\/\/www.pamina-business.com\/journee-daction-pamina-2019-le-13-novembre-2019\/#primaryimage","url":"https:\/\/www.eurodistrict-pamina.eu\/globalflexit\/images\/img_base\/agendas\/835_556_1_bild-at-2016.JPG","contentUrl":"https:\/\/www.eurodistrict-pamina.eu\/globalflexit\/images\/img_base\/agendas\/835_556_1_bild-at-2016.JPG"},{"@type":"BreadcrumbList","@id":"https:\/\/www.pamina-business.com\/journee-daction-pamina-2019-le-13-novembre-2019\/#breadcrumb","itemListElement":[{"@type":"ListItem","position":1,"name":"Accueil","item":"https:\/\/www.pamina-business.com\/de\/"},{"@type":"ListItem","position":2,"name":"Journ\u00e9e d&rsquo;Action PAMINA 2019 le 13 Novembre 2019"}]},{"@type":"WebSite","@id":"https:\/\/www.pamina-business.com\/de\/#website","url":"https:\/\/www.pamina-business.com\/de\/","name":"PAMINA Business Club","description":"Un site utilisant WordPress","potentialAction":[{"@type":"SearchAction","target":{"@type":"EntryPoint","urlTemplate":"https:\/\/www.pamina-business.com\/de\/?s={search_term_string}"},"query-input":{"@type":"PropertyValueSpecification","valueRequired":true,"valueName":"search_term_string"}}],"inLanguage":"de"},{"@type":"Person","@id":"https:\/\/www.pamina-business.com\/de\/#\/schema\/person\/9ab02536dbdbc5e3ef40bbc3452c8c69","name":"Monique STUTZMANN","image":{"@type":"ImageObject","inLanguage":"de","@id":"https:\/\/www.pamina-business.com\/de\/#\/schema\/person\/image\/","url":"https:\/\/secure.gravatar.com\/avatar\/cc1c3adf9a9f6e969d3da7b6b34ec66f5f4a6844dfc9145380a75e42cd91882e?s=96&d=mm&r=g","contentUrl":"https:\/\/secure.gravatar.com\/avatar\/cc1c3adf9a9f6e969d3da7b6b34ec66f5f4a6844dfc9145380a75e42cd91882e?s=96&d=mm&r=g","caption":"Monique STUTZMANN"},"url":"http:\/\/www.pamina-business.com\/de\/author\/monique\/"}]}},"_links":{"self":[{"href":"http:\/\/www.pamina-business.com\/de\/wp-json\/wp\/v2\/posts\/4194","targetHints":{"allow":["GET"]}}],"collection":[{"href":"http:\/\/www.pamina-business.com\/de\/wp-json\/wp\/v2\/posts"}],"about":[{"href":"http:\/\/www.pamina-business.com\/de\/wp-json\/wp\/v2\/types\/post"}],"author":[{"embeddable":true,"href":"http:\/\/www.pamina-business.com\/de\/wp-json\/wp\/v2\/users\/3"}],"replies":[{"embeddable":true,"href":"http:\/\/www.pamina-business.com\/de\/wp-json\/wp\/v2\/comments?post=4194"}],"version-history":[{"count":1,"href":"http:\/\/www.pamina-business.com\/de\/wp-json\/wp\/v2\/posts\/4194\/revisions"}],"predecessor-version":[{"id":4195,"href":"http:\/\/www.pamina-business.com\/de\/wp-json\/wp\/v2\/posts\/4194\/revisions\/4195"}],"wp:attachment":[{"href":"http:\/\/www.pamina-business.com\/de\/wp-json\/wp\/v2\/media?parent=4194"}],"wp:term":[{"taxonomy":"category","embeddable":true,"href":"http:\/\/www.pamina-business.com\/de\/wp-json\/wp\/v2\/categories?post=4194"},{"taxonomy":"post_tag","embeddable":true,"href":"http:\/\/www.pamina-business.com\/de\/wp-json\/wp\/v2\/tags?post=4194"}],"curies":[{"name":"wp","href":"https:\/\/api.w.org\/{rel}","templated":true}]}}