{"id":4190,"date":"2019-10-18T08:00:10","date_gmt":"2019-10-18T08:00:10","guid":{"rendered":"http:\/\/www.pamina-business.com\/?p=4190"},"modified":"2019-10-15T08:02:06","modified_gmt":"2019-10-15T08:02:06","slug":"grenzuberschreitende-infoborse-gesundheits-und-sozialbereich-am-22-oktober-2019-in-lauterbourg","status":"publish","type":"post","link":"http:\/\/www.pamina-business.com\/de\/grenzuberschreitende-infoborse-gesundheits-und-sozialbereich-am-22-oktober-2019-in-lauterbourg\/","title":{"rendered":"Grenz\u00fcberschreitende Infob\u00f6rse Gesundheits- und Sozialbereich, am 22. Oktober 2019 in Lauterbourg"},"content":{"rendered":"<section id=\"mainSection\">\n<div class=\"fmodele fmodeleScroll tpl_fiche\">\n<div class=\"agendas-fiche\">\n<article class=\"media\">\n<div class=\"media-object\"><img decoding=\"async\" src=\"https:\/\/www.eurodistrict-pamina.eu\/globalflexit\/images\/img_base\/agendas\/835_556_1_adorable-boy-child-695948.jpg\" alt=\"Grenz\u00fcberschreitende Infob\u00f6rse Gesundheits- und Sozialbereich, Dienstag den 22. Oktober 2019\" \/><\/div>\n<div class=\"media-body\">\n<h1 class=\"media-heading\"><\/h1>\n<div class=\"date\"><\/div>\n<div class=\"contenu\">\n<div class=\"colorBox3\"><strong>Am 22. Oktober 2019, von 10.30 bis 17.00 Uhr<\/strong>, haben Arbeitssuchende mit Wohnsitz im Nordelsass in den R\u00e4umlichkeiten des Eurodistrikts PAMINA in Lauterburg die M\u00f6glichkeit, deutsche Partner und Institutionen aus der S\u00fcdpfalz und der Region Mittlerer Oberrhein sowie Vertreter des Grenzarbeitsdienstes der Bundesagentur f\u00fcr Arbeit und P\u00f4le Emploi in diesen beiden Grenzgebieten zu treffen. Das Projekt ist Teil einer der drei S\u00e4ulen des INTERREG V-Projekts &#8222;Fachkr\u00e4fteallianz PAMINA&#8220;.<\/div>\n<p>&nbsp;<br \/>\n<b>Es ist f\u00fcr Sie, wenn&#8230;&#8230;..<\/b><\/p>\n<p>Sie auf der Suche nach Informations-, Besch\u00e4ftigungs-, Ausbildungs- oder Anerkennungsverfahren im grenz\u00fcberschreitenden Raum im Gesundheits- und Sozialbereich sind und wenn Sie flie\u00dfend Deutsch und Franz\u00f6sisch sprechen.<\/p>\n<p>Um pers\u00f6nliche Gespr\u00e4che mit Partnern und Institutionen, sowie mit EURES-T-Beratern und dem Grenzarbeitsdienst von P\u00f4le Emploi und der Agentur f\u00fcr Arbeit zu f\u00fchren.<\/p>\n<p>Berufsbeispiele (m\/w\/d):<b> <\/b><b>Altenpfleger\/in, Pflegehelfer\/in, Krankenpfleger\/in und Erzieher\/in.<\/b><\/p>\n<div class=\"colorBox4\"><b>*<\/b><b>10h30-13h : <\/b>Infob\u00f6rse (mit Voranmeldung)<\/p>\n<p><strong>*14-17 Uhr: <\/strong>Europ\u00e4isches Filmfestival der Generationen, Film &amp; Debatte &#8222;Visages, Villages&#8220; von Agn\u00e8s Varda (im Rahmen der verf\u00fcgbaren Pl\u00e4tze)<\/div>\n<div><\/div>\n<div><\/div>\n<form class=\"flexitform flexitform-bootstrap\" action=\"javascript:void(0);\" method=\"post\" name=\"formulaire_8\">\n<div class=\"row ffLineStart\">\n<div class=\"col-xs-4\"><label for=\"formulaire_8[1]\"><span class=\"ffRequired\">Vorname<\/span><\/label><\/div>\n<div class=\"col-xs-8\">\n<div class=\"form-group\"><input id=\"formulaire_8[1]\" class=\"ffRequired form-control\" name=\"formulaire_8[1]\" type=\"text\" value=\"\" \/><\/div>\n<\/div>\n<\/div>\n<div class=\"row\">\n<div class=\"col-xs-4\"><label for=\"formulaire_8[2]\"><span class=\"ffRequired\">Name<\/span><\/label><\/div>\n<div class=\"col-xs-8\">\n<div class=\"form-group\"><input id=\"formulaire_8[2]\" class=\"ffRequired form-control\" name=\"formulaire_8[2]\" type=\"text\" value=\"\" \/><\/div>\n<\/div>\n<\/div>\n<div class=\"row\">\n<div class=\"col-xs-4\"><label for=\"formulaire_8[4]\"><span class=\"ffRequired\">Adresse<\/span><\/label><\/div>\n<div class=\"col-xs-8\">\n<div class=\"form-group\"><textarea id=\"formulaire_8[4]\" class=\"ffRequired form-control\" name=\"formulaire_8[4]\"><\/textarea><\/div>\n<\/div>\n<\/div>\n<div class=\"row\">\n<div class=\"col-xs-4\"><label for=\"formulaire_8[21]\"><span class=\"ffRequired\">CP Ville<\/span><\/label><\/div>\n<div class=\"col-xs-8\">\n<div class=\"form-group\"><textarea id=\"formulaire_8[21]\" class=\"ffRequired form-control\" name=\"formulaire_8[21]\"><\/textarea><\/div>\n<\/div>\n<\/div>\n<div class=\"row\">\n<div class=\"col-xs-4\"><label for=\"formulaire_8[5]\"><span class=\"ffRequired\">Land<\/span><\/label><\/div>\n<div class=\"col-xs-8\"><\/div>\n<\/div>\n<\/form>\n<\/div>\n<\/div>\n<\/article>\n<\/div>\n<\/div>\n<\/section>\n<div class=\"row\">\n<div class=\"col-xs-4\"><label for=\"formulaire_8[14]\">Telefon<\/label><\/div>\n<div class=\"col-xs-8\">\n<div class=\"form-group\"><input id=\"formulaire_8[14]\" class=\"form-control\" name=\"formulaire_8[14]\" type=\"text\" value=\"\" \/><\/div>\n<\/div>\n<\/div>\n<div class=\"row\">\n<div class=\"col-xs-4\"><label for=\"formulaire_8[12]\"><span class=\"ffRequired\">E-Mail<\/span><\/label><\/div>\n<div class=\"col-xs-8\">\n<div class=\"form-group\"><input id=\"formulaire_8[12]\" class=\"ffRequired form-control\" name=\"formulaire_8[12]\" type=\"text\" value=\"\" \/><\/div>\n<\/div>\n<\/div>\n<div class=\"row\">\n<div class=\"col-xs-4\"><\/div>\n<div class=\"col-xs-8\">\n<div class=\"form-group\">\n<div class=\"g-recaptcha\" data-sitekey=\"6Lfm-hUUAAAAAK-IGnUER8sM4aYBO5kGKrURhUJV\">\n<div>\n<div><iframe loading=\"lazy\" src=\"https:\/\/www.google.com\/recaptcha\/api2\/anchor?ar=1&amp;k=6Lfm-hUUAAAAAK-IGnUER8sM4aYBO5kGKrURhUJV&amp;co=aHR0cHM6Ly93d3cuZXVyb2Rpc3RyaWN0LXBhbWluYS5ldTo0NDM.&amp;hl=de&amp;v=xw1jR43fRSpRG88iDviKn3qM&amp;size=normal&amp;cb=b05e01rs77sn\" name=\"a-t9t0qq9gx4jv\" width=\"304\" height=\"78\" frameborder=\"0\" scrolling=\"no\" sandbox=\"allow-forms allow-popups allow-same-origin allow-scripts allow-top-navigation allow-modals allow-popups-to-escape-sandbox allow-storage-access-by-user-activation\" data-mce-fragment=\"1\"><\/iframe><\/div>\n<\/div>\n<\/div>\n<\/div>\n<\/div>\n<\/div>\n<div class=\"row\">\n<div class=\"col-xs-4\"><label><span class=\"ffRequired\">Vertraulichkeit und Bildrecht<\/span><\/label><\/div>\n<div class=\"col-xs-8\">\n<div class=\"form-group\">\n<table class=\"flexitFormTableSelect\" border=\"0\" cellspacing=\"0\" cellpadding=\"0\">\n<tbody>\n<tr>\n<td><input id=\"formulaire_8[20]_1\" class=\"ffRequired\" name=\"formulaire_8[20][]\" type=\"checkbox\" value=\"ensoumettantceformulairejeconsensautraitementdemesdonneesconformementauxdirectivesrelativesalaprotectiondesdonneesenoutrejautoriselapublicationdemesnomprenomstructureetadresseemailsurlalistedesparticipantsquiseraafficheeetenvoyeeauxparticipantsdelevenementainsiquelaprisedephotospendantlevenementquipourrontetreutiliseesulterieurement\" \/><\/td>\n<td><label for=\"formulaire_8[20]_1\">Mit der \u00dcbermittlung des Formulars stimme ich der Verarbeitung meiner Daten gem\u00e4\u00df den Datenschutzrichtlinien zu. Weiterhin stimme ich der Ver\u00f6ffentlichung meines Namens, Vornamens, Einrichtung und E-Mailadresse auf der Teilnehmerliste, die im Rahmen der Veranstaltung ausgelegt und den Teilnehmern zugeschickt wird, sowie der Aufnahme von Fotos im Rahmen der Veranstaltung, die im Anschluss verwendet werden k\u00f6nnen, zu.<\/label><\/td>\n<\/tr>\n<\/tbody>\n<\/table>\n<\/div>\n<\/div>\n<\/div>\n<div class=\"row ffLineEnd\"><\/div>\n<div class=\"contenu\">\n<span class=\"legende\">Guthaben Lizenzfreies Foto<\/span>\n<\/div>\n<div id=\"innerType\">\n<div class=\"container\">\n<div class=\"row\">\n<div class=\"col-xs-12 col-sm-9\">\n<div class=\"col-right\">\n<section id=\"mainSection\">\n<div class=\"btn-ico-wrapper\"><a class=\"btn-ico btn-ico-downloadpdf\" title=\"Seite im PDF-Format herunterladen\" href=\"https:\/\/www.eurodistrict-pamina.eu\/de\/fachkraefteallianz-pamina\/grenzuberschreitende-infoborse-gesundheits-und-sozialbereich-dienstag-den-22-oktober-2019_-d.html?downloadpdf=1\" target=\"_blank\" rel=\"nofollow\">PDF<\/a> <a class=\"btn-ico btn-ico-print\" title=\"Seite drucken\">Print<\/a><\/div>\n<\/section>\n<\/div>\n<\/div>\n<\/div>\n<\/div>\n<\/div>\n<footer id=\"mainFooter\">\n<div class=\"container\">\n<div class=\"row\">\n<div class=\"col-xs-12 col-sm-8\"><a class=\"contacts \" title=\"Kontakt\" href=\"https:\/\/www.eurodistrict-pamina.eu\/de\/kontakt.html\" data-equalize=\"col-footer\"><span class=\"line-1\">Sie m\u00f6chten uns<\/span><span class=\"line-2\">kontaktieren<\/span><span class=\"line-3\">hier klicken<\/span><\/a><\/div>\n<\/div>\n<div class=\"col-xs-12 col-sm-8\">Quelle und Information : <a href=\"http:\/\/www.eurodistrict-pamina.eu\">www.eurodistrict-pamina.eu<\/a><\/div>\n<\/div>\n<\/footer>\n","protected":false},"excerpt":{"rendered":"<p>Am 22. Oktober 2019, von 10.30 bis 17.00 Uhr, haben Arbeitssuchende mit Wohnsitz im Nordelsass in den R\u00e4umlichkeiten des Eurodistrikts PAMINA in Lauterburg die M\u00f6glichkeit, deutsche Partner und Institutionen aus der S\u00fcdpfalz und der Region Mittlerer Oberrhein sowie Vertreter des Grenzarbeitsdienstes der Bundesagentur f\u00fcr Arbeit und P\u00f4le Emploi in diesen beiden Grenzgebieten zu treffen. Das [&hellip;]<\/p>\n","protected":false},"author":3,"featured_media":0,"comment_status":"open","ping_status":"open","sticky":false,"template":"","format":"standard","meta":{"_exactmetrics_skip_tracking":false,"_exactmetrics_sitenote_active":false,"_exactmetrics_sitenote_note":"","_exactmetrics_sitenote_category":0,"footnotes":""},"categories":[57,59],"tags":[],"class_list":["post-4190","post","type-post","status-publish","format-standard","hentry","category-berufsbildung-de","category-ereignisse-de"],"yoast_head":"<!-- This site is optimized with the Yoast SEO plugin v23.5 - https:\/\/yoast.com\/wordpress\/plugins\/seo\/ -->\n<title>Grenz\u00fcberschreitende Infob\u00f6rse Gesundheits- und Sozialbereich, am 22. Oktober 2019 in Lauterbourg - PAMINA Business Club<\/title>\n<meta name=\"robots\" content=\"index, follow, max-snippet:-1, max-image-preview:large, max-video-preview:-1\" \/>\n<link rel=\"canonical\" href=\"http:\/\/www.pamina-business.com\/de\/grenzuberschreitende-infoborse-gesundheits-und-sozialbereich-am-22-oktober-2019-in-lauterbourg\/\" \/>\n<meta property=\"og:locale\" content=\"de_DE\" \/>\n<meta property=\"og:type\" content=\"article\" \/>\n<meta property=\"og:title\" content=\"Grenz\u00fcberschreitende Infob\u00f6rse Gesundheits- und Sozialbereich, am 22. Oktober 2019 in Lauterbourg - PAMINA Business Club\" \/>\n<meta property=\"og:description\" content=\"Am 22. Oktober 2019, von 10.30 bis 17.00 Uhr, haben Arbeitssuchende mit Wohnsitz im Nordelsass in den R\u00e4umlichkeiten des Eurodistrikts PAMINA in Lauterburg die M\u00f6glichkeit, deutsche Partner und Institutionen aus der S\u00fcdpfalz und der Region Mittlerer Oberrhein sowie Vertreter des Grenzarbeitsdienstes der Bundesagentur f\u00fcr Arbeit und P\u00f4le Emploi in diesen beiden Grenzgebieten zu treffen. Das [&hellip;]\" \/>\n<meta property=\"og:url\" content=\"http:\/\/www.pamina-business.com\/de\/grenzuberschreitende-infoborse-gesundheits-und-sozialbereich-am-22-oktober-2019-in-lauterbourg\/\" \/>\n<meta property=\"og:site_name\" content=\"PAMINA Business Club\" \/>\n<meta property=\"article:published_time\" content=\"2019-10-18T08:00:10+00:00\" \/>\n<meta property=\"article:modified_time\" content=\"2019-10-15T08:02:06+00:00\" \/>\n<meta property=\"og:image\" content=\"https:\/\/www.eurodistrict-pamina.eu\/globalflexit\/images\/img_base\/agendas\/835_556_1_adorable-boy-child-695948.jpg\" \/>\n<meta name=\"author\" content=\"Monique STUTZMANN\" \/>\n<meta name=\"twitter:card\" content=\"summary_large_image\" \/>\n<meta name=\"twitter:label1\" content=\"Verfasst von\" \/>\n\t<meta name=\"twitter:data1\" content=\"Monique STUTZMANN\" \/>\n\t<meta name=\"twitter:label2\" content=\"Gesch\u00e4tzte Lesezeit\" \/>\n\t<meta name=\"twitter:data2\" content=\"1\u00a0Minute\" \/>\n<script type=\"application\/ld+json\" class=\"yoast-schema-graph\">{\"@context\":\"https:\/\/schema.org\",\"@graph\":[{\"@type\":\"WebPage\",\"@id\":\"http:\/\/www.pamina-business.com\/de\/grenzuberschreitende-infoborse-gesundheits-und-sozialbereich-am-22-oktober-2019-in-lauterbourg\/\",\"url\":\"http:\/\/www.pamina-business.com\/de\/grenzuberschreitende-infoborse-gesundheits-und-sozialbereich-am-22-oktober-2019-in-lauterbourg\/\",\"name\":\"Grenz\u00fcberschreitende Infob\u00f6rse Gesundheits- und Sozialbereich, am 22. Oktober 2019 in Lauterbourg - PAMINA Business Club\",\"isPartOf\":{\"@id\":\"http:\/\/www.pamina-business.com\/de\/#website\"},\"primaryImageOfPage\":{\"@id\":\"http:\/\/www.pamina-business.com\/de\/grenzuberschreitende-infoborse-gesundheits-und-sozialbereich-am-22-oktober-2019-in-lauterbourg\/#primaryimage\"},\"image\":{\"@id\":\"http:\/\/www.pamina-business.com\/de\/grenzuberschreitende-infoborse-gesundheits-und-sozialbereich-am-22-oktober-2019-in-lauterbourg\/#primaryimage\"},\"thumbnailUrl\":\"https:\/\/www.eurodistrict-pamina.eu\/globalflexit\/images\/img_base\/agendas\/835_556_1_adorable-boy-child-695948.jpg\",\"datePublished\":\"2019-10-18T08:00:10+00:00\",\"dateModified\":\"2019-10-15T08:02:06+00:00\",\"author\":{\"@id\":\"http:\/\/www.pamina-business.com\/de\/#\/schema\/person\/9ab02536dbdbc5e3ef40bbc3452c8c69\"},\"breadcrumb\":{\"@id\":\"http:\/\/www.pamina-business.com\/de\/grenzuberschreitende-infoborse-gesundheits-und-sozialbereich-am-22-oktober-2019-in-lauterbourg\/#breadcrumb\"},\"inLanguage\":\"de\",\"potentialAction\":[{\"@type\":\"ReadAction\",\"target\":[\"http:\/\/www.pamina-business.com\/de\/grenzuberschreitende-infoborse-gesundheits-und-sozialbereich-am-22-oktober-2019-in-lauterbourg\/\"]}]},{\"@type\":\"ImageObject\",\"inLanguage\":\"de\",\"@id\":\"http:\/\/www.pamina-business.com\/de\/grenzuberschreitende-infoborse-gesundheits-und-sozialbereich-am-22-oktober-2019-in-lauterbourg\/#primaryimage\",\"url\":\"https:\/\/www.eurodistrict-pamina.eu\/globalflexit\/images\/img_base\/agendas\/835_556_1_adorable-boy-child-695948.jpg\",\"contentUrl\":\"https:\/\/www.eurodistrict-pamina.eu\/globalflexit\/images\/img_base\/agendas\/835_556_1_adorable-boy-child-695948.jpg\"},{\"@type\":\"BreadcrumbList\",\"@id\":\"http:\/\/www.pamina-business.com\/de\/grenzuberschreitende-infoborse-gesundheits-und-sozialbereich-am-22-oktober-2019-in-lauterbourg\/#breadcrumb\",\"itemListElement\":[{\"@type\":\"ListItem\",\"position\":1,\"name\":\"Accueil\",\"item\":\"http:\/\/www.pamina-business.com\/de\/\"},{\"@type\":\"ListItem\",\"position\":2,\"name\":\"Grenz\u00fcberschreitende Infob\u00f6rse Gesundheits- und Sozialbereich, am 22. Oktober 2019 in Lauterbourg\"}]},{\"@type\":\"WebSite\",\"@id\":\"http:\/\/www.pamina-business.com\/de\/#website\",\"url\":\"http:\/\/www.pamina-business.com\/de\/\",\"name\":\"PAMINA Business Club\",\"description\":\"Un site utilisant WordPress\",\"potentialAction\":[{\"@type\":\"SearchAction\",\"target\":{\"@type\":\"EntryPoint\",\"urlTemplate\":\"http:\/\/www.pamina-business.com\/de\/?s={search_term_string}\"},\"query-input\":{\"@type\":\"PropertyValueSpecification\",\"valueRequired\":true,\"valueName\":\"search_term_string\"}}],\"inLanguage\":\"de\"},{\"@type\":\"Person\",\"@id\":\"http:\/\/www.pamina-business.com\/de\/#\/schema\/person\/9ab02536dbdbc5e3ef40bbc3452c8c69\",\"name\":\"Monique STUTZMANN\",\"image\":{\"@type\":\"ImageObject\",\"inLanguage\":\"de\",\"@id\":\"http:\/\/www.pamina-business.com\/de\/#\/schema\/person\/image\/\",\"url\":\"https:\/\/secure.gravatar.com\/avatar\/cc1c3adf9a9f6e969d3da7b6b34ec66f5f4a6844dfc9145380a75e42cd91882e?s=96&d=mm&r=g\",\"contentUrl\":\"https:\/\/secure.gravatar.com\/avatar\/cc1c3adf9a9f6e969d3da7b6b34ec66f5f4a6844dfc9145380a75e42cd91882e?s=96&d=mm&r=g\",\"caption\":\"Monique STUTZMANN\"},\"url\":\"http:\/\/www.pamina-business.com\/de\/author\/monique\/\"}]}<\/script>\n<!-- \/ Yoast SEO plugin. -->","yoast_head_json":{"title":"Grenz\u00fcberschreitende Infob\u00f6rse Gesundheits- und Sozialbereich, am 22. Oktober 2019 in Lauterbourg - PAMINA Business Club","robots":{"index":"index","follow":"follow","max-snippet":"max-snippet:-1","max-image-preview":"max-image-preview:large","max-video-preview":"max-video-preview:-1"},"canonical":"http:\/\/www.pamina-business.com\/de\/grenzuberschreitende-infoborse-gesundheits-und-sozialbereich-am-22-oktober-2019-in-lauterbourg\/","og_locale":"de_DE","og_type":"article","og_title":"Grenz\u00fcberschreitende Infob\u00f6rse Gesundheits- und Sozialbereich, am 22. Oktober 2019 in Lauterbourg - PAMINA Business Club","og_description":"Am 22. Oktober 2019, von 10.30 bis 17.00 Uhr, haben Arbeitssuchende mit Wohnsitz im Nordelsass in den R\u00e4umlichkeiten des Eurodistrikts PAMINA in Lauterburg die M\u00f6glichkeit, deutsche Partner und Institutionen aus der S\u00fcdpfalz und der Region Mittlerer Oberrhein sowie Vertreter des Grenzarbeitsdienstes der Bundesagentur f\u00fcr Arbeit und P\u00f4le Emploi in diesen beiden Grenzgebieten zu treffen. Das [&hellip;]","og_url":"http:\/\/www.pamina-business.com\/de\/grenzuberschreitende-infoborse-gesundheits-und-sozialbereich-am-22-oktober-2019-in-lauterbourg\/","og_site_name":"PAMINA Business Club","article_published_time":"2019-10-18T08:00:10+00:00","article_modified_time":"2019-10-15T08:02:06+00:00","og_image":[{"url":"https:\/\/www.eurodistrict-pamina.eu\/globalflexit\/images\/img_base\/agendas\/835_556_1_adorable-boy-child-695948.jpg"}],"author":"Monique STUTZMANN","twitter_card":"summary_large_image","twitter_misc":{"Verfasst von":"Monique STUTZMANN","Gesch\u00e4tzte Lesezeit":"1\u00a0Minute"},"schema":{"@context":"https:\/\/schema.org","@graph":[{"@type":"WebPage","@id":"http:\/\/www.pamina-business.com\/de\/grenzuberschreitende-infoborse-gesundheits-und-sozialbereich-am-22-oktober-2019-in-lauterbourg\/","url":"http:\/\/www.pamina-business.com\/de\/grenzuberschreitende-infoborse-gesundheits-und-sozialbereich-am-22-oktober-2019-in-lauterbourg\/","name":"Grenz\u00fcberschreitende Infob\u00f6rse Gesundheits- und Sozialbereich, am 22. Oktober 2019 in Lauterbourg - PAMINA Business Club","isPartOf":{"@id":"http:\/\/www.pamina-business.com\/de\/#website"},"primaryImageOfPage":{"@id":"http:\/\/www.pamina-business.com\/de\/grenzuberschreitende-infoborse-gesundheits-und-sozialbereich-am-22-oktober-2019-in-lauterbourg\/#primaryimage"},"image":{"@id":"http:\/\/www.pamina-business.com\/de\/grenzuberschreitende-infoborse-gesundheits-und-sozialbereich-am-22-oktober-2019-in-lauterbourg\/#primaryimage"},"thumbnailUrl":"https:\/\/www.eurodistrict-pamina.eu\/globalflexit\/images\/img_base\/agendas\/835_556_1_adorable-boy-child-695948.jpg","datePublished":"2019-10-18T08:00:10+00:00","dateModified":"2019-10-15T08:02:06+00:00","author":{"@id":"http:\/\/www.pamina-business.com\/de\/#\/schema\/person\/9ab02536dbdbc5e3ef40bbc3452c8c69"},"breadcrumb":{"@id":"http:\/\/www.pamina-business.com\/de\/grenzuberschreitende-infoborse-gesundheits-und-sozialbereich-am-22-oktober-2019-in-lauterbourg\/#breadcrumb"},"inLanguage":"de","potentialAction":[{"@type":"ReadAction","target":["http:\/\/www.pamina-business.com\/de\/grenzuberschreitende-infoborse-gesundheits-und-sozialbereich-am-22-oktober-2019-in-lauterbourg\/"]}]},{"@type":"ImageObject","inLanguage":"de","@id":"http:\/\/www.pamina-business.com\/de\/grenzuberschreitende-infoborse-gesundheits-und-sozialbereich-am-22-oktober-2019-in-lauterbourg\/#primaryimage","url":"https:\/\/www.eurodistrict-pamina.eu\/globalflexit\/images\/img_base\/agendas\/835_556_1_adorable-boy-child-695948.jpg","contentUrl":"https:\/\/www.eurodistrict-pamina.eu\/globalflexit\/images\/img_base\/agendas\/835_556_1_adorable-boy-child-695948.jpg"},{"@type":"BreadcrumbList","@id":"http:\/\/www.pamina-business.com\/de\/grenzuberschreitende-infoborse-gesundheits-und-sozialbereich-am-22-oktober-2019-in-lauterbourg\/#breadcrumb","itemListElement":[{"@type":"ListItem","position":1,"name":"Accueil","item":"http:\/\/www.pamina-business.com\/de\/"},{"@type":"ListItem","position":2,"name":"Grenz\u00fcberschreitende Infob\u00f6rse Gesundheits- und Sozialbereich, am 22. Oktober 2019 in Lauterbourg"}]},{"@type":"WebSite","@id":"http:\/\/www.pamina-business.com\/de\/#website","url":"http:\/\/www.pamina-business.com\/de\/","name":"PAMINA Business Club","description":"Un site utilisant WordPress","potentialAction":[{"@type":"SearchAction","target":{"@type":"EntryPoint","urlTemplate":"http:\/\/www.pamina-business.com\/de\/?s={search_term_string}"},"query-input":{"@type":"PropertyValueSpecification","valueRequired":true,"valueName":"search_term_string"}}],"inLanguage":"de"},{"@type":"Person","@id":"http:\/\/www.pamina-business.com\/de\/#\/schema\/person\/9ab02536dbdbc5e3ef40bbc3452c8c69","name":"Monique STUTZMANN","image":{"@type":"ImageObject","inLanguage":"de","@id":"http:\/\/www.pamina-business.com\/de\/#\/schema\/person\/image\/","url":"https:\/\/secure.gravatar.com\/avatar\/cc1c3adf9a9f6e969d3da7b6b34ec66f5f4a6844dfc9145380a75e42cd91882e?s=96&d=mm&r=g","contentUrl":"https:\/\/secure.gravatar.com\/avatar\/cc1c3adf9a9f6e969d3da7b6b34ec66f5f4a6844dfc9145380a75e42cd91882e?s=96&d=mm&r=g","caption":"Monique STUTZMANN"},"url":"http:\/\/www.pamina-business.com\/de\/author\/monique\/"}]}},"_links":{"self":[{"href":"http:\/\/www.pamina-business.com\/de\/wp-json\/wp\/v2\/posts\/4190","targetHints":{"allow":["GET"]}}],"collection":[{"href":"http:\/\/www.pamina-business.com\/de\/wp-json\/wp\/v2\/posts"}],"about":[{"href":"http:\/\/www.pamina-business.com\/de\/wp-json\/wp\/v2\/types\/post"}],"author":[{"embeddable":true,"href":"http:\/\/www.pamina-business.com\/de\/wp-json\/wp\/v2\/users\/3"}],"replies":[{"embeddable":true,"href":"http:\/\/www.pamina-business.com\/de\/wp-json\/wp\/v2\/comments?post=4190"}],"version-history":[{"count":1,"href":"http:\/\/www.pamina-business.com\/de\/wp-json\/wp\/v2\/posts\/4190\/revisions"}],"predecessor-version":[{"id":4191,"href":"http:\/\/www.pamina-business.com\/de\/wp-json\/wp\/v2\/posts\/4190\/revisions\/4191"}],"wp:attachment":[{"href":"http:\/\/www.pamina-business.com\/de\/wp-json\/wp\/v2\/media?parent=4190"}],"wp:term":[{"taxonomy":"category","embeddable":true,"href":"http:\/\/www.pamina-business.com\/de\/wp-json\/wp\/v2\/categories?post=4190"},{"taxonomy":"post_tag","embeddable":true,"href":"http:\/\/www.pamina-business.com\/de\/wp-json\/wp\/v2\/tags?post=4190"}],"curies":[{"name":"wp","href":"https:\/\/api.w.org\/{rel}","templated":true}]}}