{"id":4176,"date":"2019-10-14T13:26:48","date_gmt":"2019-10-14T13:26:48","guid":{"rendered":"http:\/\/www.pamina-business.com\/?p=4176"},"modified":"2019-10-08T07:40:30","modified_gmt":"2019-10-08T07:40:30","slug":"pamina-smart-production-treffen-auf-dem-deutsch-franzosischen-ki-kongress-in-karlsruhe-am-01-10-2019","status":"publish","type":"post","link":"http:\/\/www.pamina-business.com\/de\/pamina-smart-production-treffen-auf-dem-deutsch-franzosischen-ki-kongress-in-karlsruhe-am-01-10-2019\/","title":{"rendered":"PAMINA Smart Production Treffen auf dem deutsch-franz\u00f6sischen KI-Kongress in Karlsruhe am 01.10.2019"},"content":{"rendered":"<p>Auf Initiative des PAMINA Business Clubs trafen sich am Rande des \u201eAIxIA\u201c-Kongresses f\u00fcr K\u00fcnstliche Intelligenz im Zentrum f\u00fcr Kunst und Medien (ZKM) die Netzwerke der S\u00fcdpfalz, Bruchsal, B\u00fchl, Karlsruhe und Haguenau zum Austausch Ihrer Aktivit\u00e4ten im Thema Smart Production\/Smart Engineering.<\/p>\n<p>Die nun gestartete Initiative der Bundesregierung und Frankreich zur Vernetzung in den Grenzr\u00e4umen \u00fcber innovative Ans\u00e4tze bietet Chancen, die Impulse f\u00fcr neue Arbeitspl\u00e4tze, neue Gesch\u00e4ftsmodelle und insbesondere zum Technologietransfer f\u00fcr etablierte Produktionsunternehmen in der Region PAMINA zu verst\u00e4rken.<\/p>\n<p>Zun\u00e4chst wurde der steige Austausch zu den jeweiligen Aktivit\u00e4ten in den bestehenden Netzwerken beschlossen, desweiteren weitere Mitglieder des PAMINA Business Clubs f\u00fcr die jetzt gestartete Initiative zu gewinnen und Projektideen an die politischen Entscheidungstr\u00e4ger zu formulieren. Eine Finanzierung von personellen Ressourcen erscheint f\u00fcr die nachhaltige Sicherstellung dieser deutsch-franz\u00f6sischen Kooperation unbedingt erforderlich.<\/p>\n<p><a href=\"http:\/\/www.pamina-business.com\/wp-content\/uploads\/2019\/10\/PADOS.A.DE20191001152002__DSD5686.jpg\"><img loading=\"lazy\" decoding=\"async\" class=\"alignnone size-medium wp-image-4183\" src=\"http:\/\/www.pamina-business.com\/wp-content\/uploads\/2019\/10\/PADOS.A.DE20191001152002__DSD5686-300x200.jpg\" alt=\"PADOS.A.DE20191001152002__DSD5686\" width=\"300\" height=\"200\" srcset=\"http:\/\/www.pamina-business.com\/wp-content\/uploads\/2019\/10\/PADOS.A.DE20191001152002__DSD5686-300x200.jpg 300w, http:\/\/www.pamina-business.com\/wp-content\/uploads\/2019\/10\/PADOS.A.DE20191001152002__DSD5686-768x511.jpg 768w, http:\/\/www.pamina-business.com\/wp-content\/uploads\/2019\/10\/PADOS.A.DE20191001152002__DSD5686-1024x682.jpg 1024w\" sizes=\"auto, (max-width: 300px) 100vw, 300px\" \/><\/a><\/p>\n<p><em>Bild<\/em> : Bj\u00f6rn Pados, PADOS.DE<\/p>\n<p>N\u00e4chste Meilensteine des PAMINA Business Clubs sind die PAMINA on Tour Delegationsreise nach M\u00fcnchen mit Schwerpunkt Smart Production und das Treffen der Wirtschaftsf\u00f6rderungen und Kammern aus der Grenzregion PAMINA am 29. November 2019.<\/p>\n<p>Der PAMINA Business Club (PBC) ist ein freiwilliger Zusammenschluss der Wirtschaftsf\u00f6rderungen, der Handels- und Handwerkskammern im Grenzraum PAMINA (S\u00fcdpfalz, Region Mittlerer Oberrhein, Nordelsass). Er ist Impulsgeber und Vernetzer der Akteure aus Wirtschaft und Forschung.<\/p>\n<p>Ansprechpartner der Initiative: Ralf Eichhorn, Wirtschaftsf\u00f6rderung Karlsruhe, und Jean-Michel Staerle, Wirtschaftsf\u00f6rderung ADIRA Strasbourg.<\/p>\n<p><a href=\"http:\/\/www.pamina-business.com\">www.pamina-business.com<\/a><\/p>\n<p><a href=\"http:\/\/www.pamina-business.com\/wp-content\/uploads\/2019\/10\/PADOS.B.DE20191001154453__DSD5716.jpg\"><img loading=\"lazy\" decoding=\"async\" class=\"alignnone size-medium wp-image-4184\" src=\"http:\/\/www.pamina-business.com\/wp-content\/uploads\/2019\/10\/PADOS.B.DE20191001154453__DSD5716-300x200.jpg\" alt=\"PADOS.B.DE20191001154453__DSD5716\" width=\"300\" height=\"200\" srcset=\"http:\/\/www.pamina-business.com\/wp-content\/uploads\/2019\/10\/PADOS.B.DE20191001154453__DSD5716-300x200.jpg 300w, http:\/\/www.pamina-business.com\/wp-content\/uploads\/2019\/10\/PADOS.B.DE20191001154453__DSD5716-768x511.jpg 768w, http:\/\/www.pamina-business.com\/wp-content\/uploads\/2019\/10\/PADOS.B.DE20191001154453__DSD5716-1024x682.jpg 1024w\" sizes=\"auto, (max-width: 300px) 100vw, 300px\" \/><\/a><\/p>\n<p><em>Bild:<\/em> Bj\u00f6rn Pados, PADOS.DE<\/p>\n<p><em>Quelle und Information :<\/em><\/p>\n<p>Ralf Eichhorn<\/p>\n<p>Wirtschaftsf\u00f6rderung Karlsruhe<\/p>\n<p>Tel.: +49 (0)721-133-7340<\/p>\n<p>E-Mail: <a href=\"&#x6d;&#x61;&#x69;&#x6c;&#x74;&#x6f;&#x3a;&#x72;&#x61;&#x6c;&#x66;&#x2e;&#x65;&#x69;&#x63;&#x68;&#x68;&#x6f;&#x72;&#x6e;&#x40;&#x77;&#x69;&#x66;&#x6f;&#x65;&#x2e;&#x6b;&#x61;&#x72;&#x6c;&#x73;&#x72;&#x75;&#x68;&#x65;&#x2e;&#x64;&#x65;\">&#x72;&#x61;&#x6c;&#x66;&#x2e;&#x65;&#x69;&#x63;&#x68;&#x68;&#x6f;&#x72;&#x6e;&#x40;&#x77;&#x69;&#x66;&#x6f;&#x65;&#x2e;&#x6b;&#x61;&#x72;&#x6c;&#x73;&#x72;&#x75;&#x68;&#x65;&#x2e;&#x64;&#x65;<\/a><\/p>\n","protected":false},"excerpt":{"rendered":"<p>Auf Initiative des PAMINA Business Clubs trafen sich am Rande des \u201eAIxIA\u201c-Kongresses f\u00fcr K\u00fcnstliche Intelligenz im Zentrum f\u00fcr Kunst und Medien (ZKM) die Netzwerke der S\u00fcdpfalz, Bruchsal, B\u00fchl, Karlsruhe und Haguenau zum Austausch Ihrer Aktivit\u00e4ten im Thema Smart Production\/Smart Engineering. Die nun gestartete Initiative der Bundesregierung und Frankreich zur Vernetzung in den Grenzr\u00e4umen \u00fcber innovative [&hellip;]<\/p>\n","protected":false},"author":3,"featured_media":0,"comment_status":"open","ping_status":"open","sticky":false,"template":"","format":"standard","meta":{"_exactmetrics_skip_tracking":false,"_exactmetrics_sitenote_active":false,"_exactmetrics_sitenote_note":"","_exactmetrics_sitenote_category":0,"footnotes":""},"categories":[59,61],"tags":[],"class_list":["post-4176","post","type-post","status-publish","format-standard","hentry","category-ereignisse-de","category-innovation-de"],"yoast_head":"<!-- This site is optimized with the Yoast SEO plugin v23.5 - https:\/\/yoast.com\/wordpress\/plugins\/seo\/ -->\n<title>PAMINA Smart Production Treffen auf dem deutsch-franz\u00f6sischen KI-Kongress in Karlsruhe am 01.10.2019 - PAMINA Business Club<\/title>\n<meta name=\"robots\" content=\"index, follow, max-snippet:-1, max-image-preview:large, max-video-preview:-1\" \/>\n<link rel=\"canonical\" href=\"http:\/\/www.pamina-business.com\/de\/pamina-smart-production-treffen-auf-dem-deutsch-franzosischen-ki-kongress-in-karlsruhe-am-01-10-2019\/\" \/>\n<meta property=\"og:locale\" content=\"de_DE\" \/>\n<meta property=\"og:type\" content=\"article\" \/>\n<meta property=\"og:title\" content=\"PAMINA Smart Production Treffen auf dem deutsch-franz\u00f6sischen KI-Kongress in Karlsruhe am 01.10.2019 - PAMINA Business Club\" \/>\n<meta property=\"og:description\" content=\"Auf Initiative des PAMINA Business Clubs trafen sich am Rande des \u201eAIxIA\u201c-Kongresses f\u00fcr K\u00fcnstliche Intelligenz im Zentrum f\u00fcr Kunst und Medien (ZKM) die Netzwerke der S\u00fcdpfalz, Bruchsal, B\u00fchl, Karlsruhe und Haguenau zum Austausch Ihrer Aktivit\u00e4ten im Thema Smart Production\/Smart Engineering. Die nun gestartete Initiative der Bundesregierung und Frankreich zur Vernetzung in den Grenzr\u00e4umen \u00fcber innovative [&hellip;]\" \/>\n<meta property=\"og:url\" content=\"http:\/\/www.pamina-business.com\/de\/pamina-smart-production-treffen-auf-dem-deutsch-franzosischen-ki-kongress-in-karlsruhe-am-01-10-2019\/\" \/>\n<meta property=\"og:site_name\" content=\"PAMINA Business Club\" \/>\n<meta property=\"article:published_time\" content=\"2019-10-14T13:26:48+00:00\" \/>\n<meta property=\"article:modified_time\" content=\"2019-10-08T07:40:30+00:00\" \/>\n<meta property=\"og:image\" content=\"http:\/\/www.pamina-business.com\/wp-content\/uploads\/2019\/10\/PADOS.A.DE20191001152002__DSD5686-300x200.jpg\" \/>\n<meta name=\"author\" content=\"Monique STUTZMANN\" \/>\n<meta name=\"twitter:card\" content=\"summary_large_image\" \/>\n<meta name=\"twitter:label1\" content=\"Verfasst von\" \/>\n\t<meta name=\"twitter:data1\" content=\"Monique STUTZMANN\" \/>\n\t<meta name=\"twitter:label2\" content=\"Gesch\u00e4tzte Lesezeit\" \/>\n\t<meta name=\"twitter:data2\" content=\"1\u00a0Minute\" \/>\n<script type=\"application\/ld+json\" class=\"yoast-schema-graph\">{\"@context\":\"https:\/\/schema.org\",\"@graph\":[{\"@type\":\"WebPage\",\"@id\":\"http:\/\/www.pamina-business.com\/de\/pamina-smart-production-treffen-auf-dem-deutsch-franzosischen-ki-kongress-in-karlsruhe-am-01-10-2019\/\",\"url\":\"http:\/\/www.pamina-business.com\/de\/pamina-smart-production-treffen-auf-dem-deutsch-franzosischen-ki-kongress-in-karlsruhe-am-01-10-2019\/\",\"name\":\"PAMINA Smart Production Treffen auf dem deutsch-franz\u00f6sischen KI-Kongress in Karlsruhe am 01.10.2019 - PAMINA Business Club\",\"isPartOf\":{\"@id\":\"http:\/\/www.pamina-business.com\/de\/#website\"},\"primaryImageOfPage\":{\"@id\":\"http:\/\/www.pamina-business.com\/de\/pamina-smart-production-treffen-auf-dem-deutsch-franzosischen-ki-kongress-in-karlsruhe-am-01-10-2019\/#primaryimage\"},\"image\":{\"@id\":\"http:\/\/www.pamina-business.com\/de\/pamina-smart-production-treffen-auf-dem-deutsch-franzosischen-ki-kongress-in-karlsruhe-am-01-10-2019\/#primaryimage\"},\"thumbnailUrl\":\"http:\/\/www.pamina-business.com\/wp-content\/uploads\/2019\/10\/PADOS.A.DE20191001152002__DSD5686-300x200.jpg\",\"datePublished\":\"2019-10-14T13:26:48+00:00\",\"dateModified\":\"2019-10-08T07:40:30+00:00\",\"author\":{\"@id\":\"http:\/\/www.pamina-business.com\/de\/#\/schema\/person\/9ab02536dbdbc5e3ef40bbc3452c8c69\"},\"breadcrumb\":{\"@id\":\"http:\/\/www.pamina-business.com\/de\/pamina-smart-production-treffen-auf-dem-deutsch-franzosischen-ki-kongress-in-karlsruhe-am-01-10-2019\/#breadcrumb\"},\"inLanguage\":\"de\",\"potentialAction\":[{\"@type\":\"ReadAction\",\"target\":[\"http:\/\/www.pamina-business.com\/de\/pamina-smart-production-treffen-auf-dem-deutsch-franzosischen-ki-kongress-in-karlsruhe-am-01-10-2019\/\"]}]},{\"@type\":\"ImageObject\",\"inLanguage\":\"de\",\"@id\":\"http:\/\/www.pamina-business.com\/de\/pamina-smart-production-treffen-auf-dem-deutsch-franzosischen-ki-kongress-in-karlsruhe-am-01-10-2019\/#primaryimage\",\"url\":\"http:\/\/www.pamina-business.com\/wp-content\/uploads\/2019\/10\/PADOS.A.DE20191001152002__DSD5686-300x200.jpg\",\"contentUrl\":\"http:\/\/www.pamina-business.com\/wp-content\/uploads\/2019\/10\/PADOS.A.DE20191001152002__DSD5686-300x200.jpg\"},{\"@type\":\"BreadcrumbList\",\"@id\":\"http:\/\/www.pamina-business.com\/de\/pamina-smart-production-treffen-auf-dem-deutsch-franzosischen-ki-kongress-in-karlsruhe-am-01-10-2019\/#breadcrumb\",\"itemListElement\":[{\"@type\":\"ListItem\",\"position\":1,\"name\":\"Accueil\",\"item\":\"http:\/\/www.pamina-business.com\/de\/\"},{\"@type\":\"ListItem\",\"position\":2,\"name\":\"PAMINA Smart Production Treffen auf dem deutsch-franz\u00f6sischen KI-Kongress in Karlsruhe am 01.10.2019\"}]},{\"@type\":\"WebSite\",\"@id\":\"http:\/\/www.pamina-business.com\/de\/#website\",\"url\":\"http:\/\/www.pamina-business.com\/de\/\",\"name\":\"PAMINA Business Club\",\"description\":\"Un site utilisant WordPress\",\"potentialAction\":[{\"@type\":\"SearchAction\",\"target\":{\"@type\":\"EntryPoint\",\"urlTemplate\":\"http:\/\/www.pamina-business.com\/de\/?s={search_term_string}\"},\"query-input\":{\"@type\":\"PropertyValueSpecification\",\"valueRequired\":true,\"valueName\":\"search_term_string\"}}],\"inLanguage\":\"de\"},{\"@type\":\"Person\",\"@id\":\"http:\/\/www.pamina-business.com\/de\/#\/schema\/person\/9ab02536dbdbc5e3ef40bbc3452c8c69\",\"name\":\"Monique STUTZMANN\",\"image\":{\"@type\":\"ImageObject\",\"inLanguage\":\"de\",\"@id\":\"http:\/\/www.pamina-business.com\/de\/#\/schema\/person\/image\/\",\"url\":\"https:\/\/secure.gravatar.com\/avatar\/cc1c3adf9a9f6e969d3da7b6b34ec66f5f4a6844dfc9145380a75e42cd91882e?s=96&d=mm&r=g\",\"contentUrl\":\"https:\/\/secure.gravatar.com\/avatar\/cc1c3adf9a9f6e969d3da7b6b34ec66f5f4a6844dfc9145380a75e42cd91882e?s=96&d=mm&r=g\",\"caption\":\"Monique STUTZMANN\"},\"url\":\"http:\/\/www.pamina-business.com\/de\/author\/monique\/\"}]}<\/script>\n<!-- \/ Yoast SEO plugin. -->","yoast_head_json":{"title":"PAMINA Smart Production Treffen auf dem deutsch-franz\u00f6sischen KI-Kongress in Karlsruhe am 01.10.2019 - PAMINA Business Club","robots":{"index":"index","follow":"follow","max-snippet":"max-snippet:-1","max-image-preview":"max-image-preview:large","max-video-preview":"max-video-preview:-1"},"canonical":"http:\/\/www.pamina-business.com\/de\/pamina-smart-production-treffen-auf-dem-deutsch-franzosischen-ki-kongress-in-karlsruhe-am-01-10-2019\/","og_locale":"de_DE","og_type":"article","og_title":"PAMINA Smart Production Treffen auf dem deutsch-franz\u00f6sischen KI-Kongress in Karlsruhe am 01.10.2019 - PAMINA Business Club","og_description":"Auf Initiative des PAMINA Business Clubs trafen sich am Rande des \u201eAIxIA\u201c-Kongresses f\u00fcr K\u00fcnstliche Intelligenz im Zentrum f\u00fcr Kunst und Medien (ZKM) die Netzwerke der S\u00fcdpfalz, Bruchsal, B\u00fchl, Karlsruhe und Haguenau zum Austausch Ihrer Aktivit\u00e4ten im Thema Smart Production\/Smart Engineering. Die nun gestartete Initiative der Bundesregierung und Frankreich zur Vernetzung in den Grenzr\u00e4umen \u00fcber innovative [&hellip;]","og_url":"http:\/\/www.pamina-business.com\/de\/pamina-smart-production-treffen-auf-dem-deutsch-franzosischen-ki-kongress-in-karlsruhe-am-01-10-2019\/","og_site_name":"PAMINA Business Club","article_published_time":"2019-10-14T13:26:48+00:00","article_modified_time":"2019-10-08T07:40:30+00:00","og_image":[{"url":"http:\/\/www.pamina-business.com\/wp-content\/uploads\/2019\/10\/PADOS.A.DE20191001152002__DSD5686-300x200.jpg"}],"author":"Monique STUTZMANN","twitter_card":"summary_large_image","twitter_misc":{"Verfasst von":"Monique STUTZMANN","Gesch\u00e4tzte Lesezeit":"1\u00a0Minute"},"schema":{"@context":"https:\/\/schema.org","@graph":[{"@type":"WebPage","@id":"http:\/\/www.pamina-business.com\/de\/pamina-smart-production-treffen-auf-dem-deutsch-franzosischen-ki-kongress-in-karlsruhe-am-01-10-2019\/","url":"http:\/\/www.pamina-business.com\/de\/pamina-smart-production-treffen-auf-dem-deutsch-franzosischen-ki-kongress-in-karlsruhe-am-01-10-2019\/","name":"PAMINA Smart Production Treffen auf dem deutsch-franz\u00f6sischen KI-Kongress in Karlsruhe am 01.10.2019 - PAMINA Business Club","isPartOf":{"@id":"http:\/\/www.pamina-business.com\/de\/#website"},"primaryImageOfPage":{"@id":"http:\/\/www.pamina-business.com\/de\/pamina-smart-production-treffen-auf-dem-deutsch-franzosischen-ki-kongress-in-karlsruhe-am-01-10-2019\/#primaryimage"},"image":{"@id":"http:\/\/www.pamina-business.com\/de\/pamina-smart-production-treffen-auf-dem-deutsch-franzosischen-ki-kongress-in-karlsruhe-am-01-10-2019\/#primaryimage"},"thumbnailUrl":"http:\/\/www.pamina-business.com\/wp-content\/uploads\/2019\/10\/PADOS.A.DE20191001152002__DSD5686-300x200.jpg","datePublished":"2019-10-14T13:26:48+00:00","dateModified":"2019-10-08T07:40:30+00:00","author":{"@id":"http:\/\/www.pamina-business.com\/de\/#\/schema\/person\/9ab02536dbdbc5e3ef40bbc3452c8c69"},"breadcrumb":{"@id":"http:\/\/www.pamina-business.com\/de\/pamina-smart-production-treffen-auf-dem-deutsch-franzosischen-ki-kongress-in-karlsruhe-am-01-10-2019\/#breadcrumb"},"inLanguage":"de","potentialAction":[{"@type":"ReadAction","target":["http:\/\/www.pamina-business.com\/de\/pamina-smart-production-treffen-auf-dem-deutsch-franzosischen-ki-kongress-in-karlsruhe-am-01-10-2019\/"]}]},{"@type":"ImageObject","inLanguage":"de","@id":"http:\/\/www.pamina-business.com\/de\/pamina-smart-production-treffen-auf-dem-deutsch-franzosischen-ki-kongress-in-karlsruhe-am-01-10-2019\/#primaryimage","url":"http:\/\/www.pamina-business.com\/wp-content\/uploads\/2019\/10\/PADOS.A.DE20191001152002__DSD5686-300x200.jpg","contentUrl":"http:\/\/www.pamina-business.com\/wp-content\/uploads\/2019\/10\/PADOS.A.DE20191001152002__DSD5686-300x200.jpg"},{"@type":"BreadcrumbList","@id":"http:\/\/www.pamina-business.com\/de\/pamina-smart-production-treffen-auf-dem-deutsch-franzosischen-ki-kongress-in-karlsruhe-am-01-10-2019\/#breadcrumb","itemListElement":[{"@type":"ListItem","position":1,"name":"Accueil","item":"http:\/\/www.pamina-business.com\/de\/"},{"@type":"ListItem","position":2,"name":"PAMINA Smart Production Treffen auf dem deutsch-franz\u00f6sischen KI-Kongress in Karlsruhe am 01.10.2019"}]},{"@type":"WebSite","@id":"http:\/\/www.pamina-business.com\/de\/#website","url":"http:\/\/www.pamina-business.com\/de\/","name":"PAMINA Business Club","description":"Un site utilisant WordPress","potentialAction":[{"@type":"SearchAction","target":{"@type":"EntryPoint","urlTemplate":"http:\/\/www.pamina-business.com\/de\/?s={search_term_string}"},"query-input":{"@type":"PropertyValueSpecification","valueRequired":true,"valueName":"search_term_string"}}],"inLanguage":"de"},{"@type":"Person","@id":"http:\/\/www.pamina-business.com\/de\/#\/schema\/person\/9ab02536dbdbc5e3ef40bbc3452c8c69","name":"Monique STUTZMANN","image":{"@type":"ImageObject","inLanguage":"de","@id":"http:\/\/www.pamina-business.com\/de\/#\/schema\/person\/image\/","url":"https:\/\/secure.gravatar.com\/avatar\/cc1c3adf9a9f6e969d3da7b6b34ec66f5f4a6844dfc9145380a75e42cd91882e?s=96&d=mm&r=g","contentUrl":"https:\/\/secure.gravatar.com\/avatar\/cc1c3adf9a9f6e969d3da7b6b34ec66f5f4a6844dfc9145380a75e42cd91882e?s=96&d=mm&r=g","caption":"Monique STUTZMANN"},"url":"http:\/\/www.pamina-business.com\/de\/author\/monique\/"}]}},"_links":{"self":[{"href":"http:\/\/www.pamina-business.com\/de\/wp-json\/wp\/v2\/posts\/4176","targetHints":{"allow":["GET"]}}],"collection":[{"href":"http:\/\/www.pamina-business.com\/de\/wp-json\/wp\/v2\/posts"}],"about":[{"href":"http:\/\/www.pamina-business.com\/de\/wp-json\/wp\/v2\/types\/post"}],"author":[{"embeddable":true,"href":"http:\/\/www.pamina-business.com\/de\/wp-json\/wp\/v2\/users\/3"}],"replies":[{"embeddable":true,"href":"http:\/\/www.pamina-business.com\/de\/wp-json\/wp\/v2\/comments?post=4176"}],"version-history":[{"count":4,"href":"http:\/\/www.pamina-business.com\/de\/wp-json\/wp\/v2\/posts\/4176\/revisions"}],"predecessor-version":[{"id":4185,"href":"http:\/\/www.pamina-business.com\/de\/wp-json\/wp\/v2\/posts\/4176\/revisions\/4185"}],"wp:attachment":[{"href":"http:\/\/www.pamina-business.com\/de\/wp-json\/wp\/v2\/media?parent=4176"}],"wp:term":[{"taxonomy":"category","embeddable":true,"href":"http:\/\/www.pamina-business.com\/de\/wp-json\/wp\/v2\/categories?post=4176"},{"taxonomy":"post_tag","embeddable":true,"href":"http:\/\/www.pamina-business.com\/de\/wp-json\/wp\/v2\/tags?post=4176"}],"curies":[{"name":"wp","href":"https:\/\/api.w.org\/{rel}","templated":true}]}}