{"id":4134,"date":"2019-09-25T14:26:06","date_gmt":"2019-09-25T14:26:06","guid":{"rendered":"http:\/\/www.pamina-business.com\/?p=4134"},"modified":"2019-09-24T14:29:55","modified_gmt":"2019-09-24T14:29:55","slug":"offre-demploi-a-linfobest-pamina-du-24-septembre-2019-au-21-octobre-2019","status":"publish","type":"post","link":"http:\/\/www.pamina-business.com\/de\/offre-demploi-a-linfobest-pamina-du-24-septembre-2019-au-21-octobre-2019\/","title":{"rendered":"Offre d\u2019emploi \u00e0 l\u2019INFOBEST PAMINA Du 24 Septembre 2019 au 21 Octobre 2019"},"content":{"rendered":"<div class=\"contenu\">\n<p>Le Conseil d\u00e9partemental du Bas-Rhin recrute pour l&#8216;<a class=\"fDefault\" title=\"Infobest - Infos pratiques - EURODISTRICT PAMINA\" href=\"https:\/\/www.eurodistrict-pamina.eu\/fr\/infobest.html\">INFOBEST PAMINA<\/a> un(e) Charg\u00e9(e) d&#8217;affaires \u00e0 temps plein.<\/p>\n<p>Les missions consistent, au sein d&#8217;une \u00e9quipe de trois personnes, \u00e0 exercer l&#8217;animation et le<br \/>\nsuivi de la mission INFOBEST (informations et conseils sur les questions transfrontali\u00e8res) pour la zone couverte par l&#8217;Eurodistrict PAMINA &#8211; PAlatinat du sud, MIttlerer Oberrhein, Nord Alsace.<\/p>\n<p>Les candidat(e)s sont cens\u00e9(e)s conna\u00eetre la coop\u00e9ration transfrontali\u00e8re ainsi que le fonctionnement des administrations fran\u00e7aises et allemandes. De tr\u00e8s bonnes connaissances de la langue allemande sont requises.<\/p>\n<p>Vous trouverez toutes les informations dans <a class=\"flexit_ico_file\" href=\"https:\/\/www.bas-rhin.fr\/mon-departement\/offres-d-emploi-departement-bas-rhin\/\" target=\"_blank\">l&#8217;offre d&#8217;emploi<\/a>.<\/p>\n<p>Date de cl\u00f4ture des candidatures : <strong>21 octobre 2019. <\/strong><\/p>\n<p>Votre dossier de candidature devra \u00eatre envoy\u00e9 par courrier \u00e9l\u00e9ctronique \u00e0 <a class=\"fDefault\" href=\"m&#97;&#x69;&#x6c;&#x74;o&#58;&#x61;&#x6e;&#x6e;e&#45;&#x63;&#x61;&#x74;h&#101;&#x72;&#x69;&#x6e;e&#46;&#x6c;&#x65;&#x72;c&#104;&#x40;&#x62;&#x61;s&#45;&#x72;&#x68;&#x69;n&#46;&#x66;&#x72;\">Anne-Catherine LERCH.<\/a><\/p>\n<p><span class=\"legende\">photo :\u00a0\u00a9 I vista\/ <a class=\"fDefault\" href=\"http:\/\/www.pixelio.de\" target=\"_blank\"><u><span style=\"color: #0066cc;\">PIXELIO<\/span><\/u><\/a><\/span><\/p>\n<\/div>\n<div class=\"contenu\"><\/div>\n<div class=\"contenu\"><span class=\"legende\"><em>Source<\/em> : <a href=\"http:\/\/www.eurodistrict-pamina.eu\">www.eurodistrict-pamina.eu <\/a><\/span><\/div>\n","protected":false},"excerpt":{"rendered":"<p>Le Conseil d\u00e9partemental du Bas-Rhin recrute pour l&#8216;INFOBEST PAMINA un(e) Charg\u00e9(e) d&#8217;affaires \u00e0 temps plein. Les missions consistent, au sein d&#8217;une \u00e9quipe de trois personnes, \u00e0 exercer l&#8217;animation et le suivi de la mission INFOBEST (informations et conseils sur les questions transfrontali\u00e8res) pour la zone couverte par l&#8217;Eurodistrict PAMINA &#8211; PAlatinat du sud, MIttlerer Oberrhein, [&hellip;]<\/p>\n","protected":false},"author":3,"featured_media":0,"comment_status":"open","ping_status":"open","sticky":false,"template":"","format":"standard","meta":{"_exactmetrics_skip_tracking":false,"_exactmetrics_sitenote_active":false,"_exactmetrics_sitenote_note":"","_exactmetrics_sitenote_category":0,"footnotes":""},"categories":[7],"tags":[],"class_list":["post-4134","post","type-post","status-publish","format-standard","hentry","category-evenements-fr"],"yoast_head":"<!-- This site is optimized with the Yoast SEO plugin v23.5 - https:\/\/yoast.com\/wordpress\/plugins\/seo\/ -->\n<title>Offre d\u2019emploi \u00e0 l\u2019INFOBEST PAMINA Du 24 Septembre 2019 au 21 Octobre 2019 - PAMINA Business Club<\/title>\n<meta name=\"robots\" content=\"index, follow, max-snippet:-1, max-image-preview:large, max-video-preview:-1\" \/>\n<link rel=\"canonical\" href=\"http:\/\/www.pamina-business.com\/en\/offre-demploi-a-linfobest-pamina-du-24-septembre-2019-au-21-octobre-2019\/\" \/>\n<meta property=\"og:locale\" content=\"de_DE\" \/>\n<meta property=\"og:type\" content=\"article\" \/>\n<meta property=\"og:title\" content=\"Offre d\u2019emploi \u00e0 l\u2019INFOBEST PAMINA Du 24 Septembre 2019 au 21 Octobre 2019 - PAMINA Business Club\" \/>\n<meta property=\"og:description\" content=\"Le Conseil d\u00e9partemental du Bas-Rhin recrute pour l&#8216;INFOBEST PAMINA un(e) Charg\u00e9(e) d&#8217;affaires \u00e0 temps plein. Les missions consistent, au sein d&#8217;une \u00e9quipe de trois personnes, \u00e0 exercer l&#8217;animation et le suivi de la mission INFOBEST (informations et conseils sur les questions transfrontali\u00e8res) pour la zone couverte par l&#8217;Eurodistrict PAMINA &#8211; PAlatinat du sud, MIttlerer Oberrhein, [&hellip;]\" \/>\n<meta property=\"og:url\" content=\"http:\/\/www.pamina-business.com\/en\/offre-demploi-a-linfobest-pamina-du-24-septembre-2019-au-21-octobre-2019\/\" \/>\n<meta property=\"og:site_name\" content=\"PAMINA Business Club\" \/>\n<meta property=\"article:published_time\" content=\"2019-09-25T14:26:06+00:00\" \/>\n<meta property=\"article:modified_time\" content=\"2019-09-24T14:29:55+00:00\" \/>\n<meta name=\"author\" content=\"Monique STUTZMANN\" \/>\n<meta name=\"twitter:card\" content=\"summary_large_image\" \/>\n<meta name=\"twitter:label1\" content=\"Verfasst von\" \/>\n\t<meta name=\"twitter:data1\" content=\"Monique STUTZMANN\" \/>\n\t<meta name=\"twitter:label2\" content=\"Gesch\u00e4tzte Lesezeit\" \/>\n\t<meta name=\"twitter:data2\" content=\"1\u00a0Minute\" \/>\n<script type=\"application\/ld+json\" class=\"yoast-schema-graph\">{\"@context\":\"https:\/\/schema.org\",\"@graph\":[{\"@type\":\"WebPage\",\"@id\":\"http:\/\/www.pamina-business.com\/en\/offre-demploi-a-linfobest-pamina-du-24-septembre-2019-au-21-octobre-2019\/\",\"url\":\"http:\/\/www.pamina-business.com\/en\/offre-demploi-a-linfobest-pamina-du-24-septembre-2019-au-21-octobre-2019\/\",\"name\":\"Offre d\u2019emploi \u00e0 l\u2019INFOBEST PAMINA Du 24 Septembre 2019 au 21 Octobre 2019 - PAMINA Business Club\",\"isPartOf\":{\"@id\":\"https:\/\/www.pamina-business.com\/de\/#website\"},\"datePublished\":\"2019-09-25T14:26:06+00:00\",\"dateModified\":\"2019-09-24T14:29:55+00:00\",\"author\":{\"@id\":\"https:\/\/www.pamina-business.com\/de\/#\/schema\/person\/9ab02536dbdbc5e3ef40bbc3452c8c69\"},\"breadcrumb\":{\"@id\":\"http:\/\/www.pamina-business.com\/en\/offre-demploi-a-linfobest-pamina-du-24-septembre-2019-au-21-octobre-2019\/#breadcrumb\"},\"inLanguage\":\"de\",\"potentialAction\":[{\"@type\":\"ReadAction\",\"target\":[\"http:\/\/www.pamina-business.com\/en\/offre-demploi-a-linfobest-pamina-du-24-septembre-2019-au-21-octobre-2019\/\"]}]},{\"@type\":\"BreadcrumbList\",\"@id\":\"http:\/\/www.pamina-business.com\/en\/offre-demploi-a-linfobest-pamina-du-24-septembre-2019-au-21-octobre-2019\/#breadcrumb\",\"itemListElement\":[{\"@type\":\"ListItem\",\"position\":1,\"name\":\"Accueil\",\"item\":\"https:\/\/www.pamina-business.com\/de\/\"},{\"@type\":\"ListItem\",\"position\":2,\"name\":\"Offre d\u2019emploi \u00e0 l\u2019INFOBEST PAMINA Du 24 Septembre 2019 au 21 Octobre 2019\"}]},{\"@type\":\"WebSite\",\"@id\":\"https:\/\/www.pamina-business.com\/de\/#website\",\"url\":\"https:\/\/www.pamina-business.com\/de\/\",\"name\":\"PAMINA Business Club\",\"description\":\"Un site utilisant WordPress\",\"potentialAction\":[{\"@type\":\"SearchAction\",\"target\":{\"@type\":\"EntryPoint\",\"urlTemplate\":\"https:\/\/www.pamina-business.com\/de\/?s={search_term_string}\"},\"query-input\":{\"@type\":\"PropertyValueSpecification\",\"valueRequired\":true,\"valueName\":\"search_term_string\"}}],\"inLanguage\":\"de\"},{\"@type\":\"Person\",\"@id\":\"https:\/\/www.pamina-business.com\/de\/#\/schema\/person\/9ab02536dbdbc5e3ef40bbc3452c8c69\",\"name\":\"Monique STUTZMANN\",\"image\":{\"@type\":\"ImageObject\",\"inLanguage\":\"de\",\"@id\":\"https:\/\/www.pamina-business.com\/de\/#\/schema\/person\/image\/\",\"url\":\"https:\/\/secure.gravatar.com\/avatar\/cc1c3adf9a9f6e969d3da7b6b34ec66f5f4a6844dfc9145380a75e42cd91882e?s=96&d=mm&r=g\",\"contentUrl\":\"https:\/\/secure.gravatar.com\/avatar\/cc1c3adf9a9f6e969d3da7b6b34ec66f5f4a6844dfc9145380a75e42cd91882e?s=96&d=mm&r=g\",\"caption\":\"Monique STUTZMANN\"},\"url\":\"http:\/\/www.pamina-business.com\/de\/author\/monique\/\"}]}<\/script>\n<!-- \/ Yoast SEO plugin. -->","yoast_head_json":{"title":"Offre d\u2019emploi \u00e0 l\u2019INFOBEST PAMINA Du 24 Septembre 2019 au 21 Octobre 2019 - PAMINA Business Club","robots":{"index":"index","follow":"follow","max-snippet":"max-snippet:-1","max-image-preview":"max-image-preview:large","max-video-preview":"max-video-preview:-1"},"canonical":"http:\/\/www.pamina-business.com\/en\/offre-demploi-a-linfobest-pamina-du-24-septembre-2019-au-21-octobre-2019\/","og_locale":"de_DE","og_type":"article","og_title":"Offre d\u2019emploi \u00e0 l\u2019INFOBEST PAMINA Du 24 Septembre 2019 au 21 Octobre 2019 - PAMINA Business Club","og_description":"Le Conseil d\u00e9partemental du Bas-Rhin recrute pour l&#8216;INFOBEST PAMINA un(e) Charg\u00e9(e) d&#8217;affaires \u00e0 temps plein. Les missions consistent, au sein d&#8217;une \u00e9quipe de trois personnes, \u00e0 exercer l&#8217;animation et le suivi de la mission INFOBEST (informations et conseils sur les questions transfrontali\u00e8res) pour la zone couverte par l&#8217;Eurodistrict PAMINA &#8211; PAlatinat du sud, MIttlerer Oberrhein, [&hellip;]","og_url":"http:\/\/www.pamina-business.com\/en\/offre-demploi-a-linfobest-pamina-du-24-septembre-2019-au-21-octobre-2019\/","og_site_name":"PAMINA Business Club","article_published_time":"2019-09-25T14:26:06+00:00","article_modified_time":"2019-09-24T14:29:55+00:00","author":"Monique STUTZMANN","twitter_card":"summary_large_image","twitter_misc":{"Verfasst von":"Monique STUTZMANN","Gesch\u00e4tzte Lesezeit":"1\u00a0Minute"},"schema":{"@context":"https:\/\/schema.org","@graph":[{"@type":"WebPage","@id":"http:\/\/www.pamina-business.com\/en\/offre-demploi-a-linfobest-pamina-du-24-septembre-2019-au-21-octobre-2019\/","url":"http:\/\/www.pamina-business.com\/en\/offre-demploi-a-linfobest-pamina-du-24-septembre-2019-au-21-octobre-2019\/","name":"Offre d\u2019emploi \u00e0 l\u2019INFOBEST PAMINA Du 24 Septembre 2019 au 21 Octobre 2019 - PAMINA Business Club","isPartOf":{"@id":"https:\/\/www.pamina-business.com\/de\/#website"},"datePublished":"2019-09-25T14:26:06+00:00","dateModified":"2019-09-24T14:29:55+00:00","author":{"@id":"https:\/\/www.pamina-business.com\/de\/#\/schema\/person\/9ab02536dbdbc5e3ef40bbc3452c8c69"},"breadcrumb":{"@id":"http:\/\/www.pamina-business.com\/en\/offre-demploi-a-linfobest-pamina-du-24-septembre-2019-au-21-octobre-2019\/#breadcrumb"},"inLanguage":"de","potentialAction":[{"@type":"ReadAction","target":["http:\/\/www.pamina-business.com\/en\/offre-demploi-a-linfobest-pamina-du-24-septembre-2019-au-21-octobre-2019\/"]}]},{"@type":"BreadcrumbList","@id":"http:\/\/www.pamina-business.com\/en\/offre-demploi-a-linfobest-pamina-du-24-septembre-2019-au-21-octobre-2019\/#breadcrumb","itemListElement":[{"@type":"ListItem","position":1,"name":"Accueil","item":"https:\/\/www.pamina-business.com\/de\/"},{"@type":"ListItem","position":2,"name":"Offre d\u2019emploi \u00e0 l\u2019INFOBEST PAMINA Du 24 Septembre 2019 au 21 Octobre 2019"}]},{"@type":"WebSite","@id":"https:\/\/www.pamina-business.com\/de\/#website","url":"https:\/\/www.pamina-business.com\/de\/","name":"PAMINA Business Club","description":"Un site utilisant WordPress","potentialAction":[{"@type":"SearchAction","target":{"@type":"EntryPoint","urlTemplate":"https:\/\/www.pamina-business.com\/de\/?s={search_term_string}"},"query-input":{"@type":"PropertyValueSpecification","valueRequired":true,"valueName":"search_term_string"}}],"inLanguage":"de"},{"@type":"Person","@id":"https:\/\/www.pamina-business.com\/de\/#\/schema\/person\/9ab02536dbdbc5e3ef40bbc3452c8c69","name":"Monique STUTZMANN","image":{"@type":"ImageObject","inLanguage":"de","@id":"https:\/\/www.pamina-business.com\/de\/#\/schema\/person\/image\/","url":"https:\/\/secure.gravatar.com\/avatar\/cc1c3adf9a9f6e969d3da7b6b34ec66f5f4a6844dfc9145380a75e42cd91882e?s=96&d=mm&r=g","contentUrl":"https:\/\/secure.gravatar.com\/avatar\/cc1c3adf9a9f6e969d3da7b6b34ec66f5f4a6844dfc9145380a75e42cd91882e?s=96&d=mm&r=g","caption":"Monique STUTZMANN"},"url":"http:\/\/www.pamina-business.com\/de\/author\/monique\/"}]}},"_links":{"self":[{"href":"http:\/\/www.pamina-business.com\/de\/wp-json\/wp\/v2\/posts\/4134","targetHints":{"allow":["GET"]}}],"collection":[{"href":"http:\/\/www.pamina-business.com\/de\/wp-json\/wp\/v2\/posts"}],"about":[{"href":"http:\/\/www.pamina-business.com\/de\/wp-json\/wp\/v2\/types\/post"}],"author":[{"embeddable":true,"href":"http:\/\/www.pamina-business.com\/de\/wp-json\/wp\/v2\/users\/3"}],"replies":[{"embeddable":true,"href":"http:\/\/www.pamina-business.com\/de\/wp-json\/wp\/v2\/comments?post=4134"}],"version-history":[{"count":2,"href":"http:\/\/www.pamina-business.com\/de\/wp-json\/wp\/v2\/posts\/4134\/revisions"}],"predecessor-version":[{"id":4137,"href":"http:\/\/www.pamina-business.com\/de\/wp-json\/wp\/v2\/posts\/4134\/revisions\/4137"}],"wp:attachment":[{"href":"http:\/\/www.pamina-business.com\/de\/wp-json\/wp\/v2\/media?parent=4134"}],"wp:term":[{"taxonomy":"category","embeddable":true,"href":"http:\/\/www.pamina-business.com\/de\/wp-json\/wp\/v2\/categories?post=4134"},{"taxonomy":"post_tag","embeddable":true,"href":"http:\/\/www.pamina-business.com\/de\/wp-json\/wp\/v2\/tags?post=4134"}],"curies":[{"name":"wp","href":"https:\/\/api.w.org\/{rel}","templated":true}]}}