{"id":4115,"date":"2019-10-02T07:00:57","date_gmt":"2019-10-02T07:00:57","guid":{"rendered":"http:\/\/www.pamina-business.com\/?p=4115"},"modified":"2019-09-24T14:35:01","modified_gmt":"2019-09-24T14:35:01","slug":"europaische-woche-der-stadte-und-regionen-workshop-zur-mehrsprachigkeit-in-grenzregionen-vom-7-bis-10-oktober-2019","status":"publish","type":"post","link":"http:\/\/www.pamina-business.com\/de\/europaische-woche-der-stadte-und-regionen-workshop-zur-mehrsprachigkeit-in-grenzregionen-vom-7-bis-10-oktober-2019\/","title":{"rendered":"Europ\u00e4ische Woche der St\u00e4dte und Regionen: Workshop zur Mehrsprachigkeit in Grenzregionen vom 7. bis 10. Oktober 2019"},"content":{"rendered":"<nav id=\"breadcrumb\" class=\"detail\">\n<div class=\"row\">\n<div class=\"col-xs-12 col-lg-6 col-lg-pull-6\">\n<h2 class=\"nomPage\">Bildung &amp; Zweisprachigkeit<\/h2>\n<\/div>\n<\/div>\n<\/nav>\n<section id=\"mainSection\">\n<div class=\"fmodele fmodeleScroll tpl_fiche\">\n<div class=\"agendas-fiche\">\n<article class=\"media\">\n<div class=\"media-object\"><img decoding=\"async\" src=\"https:\/\/www.eurodistrict-pamina.eu\/globalflexit\/images\/img_base\/agendas\/835_556_1_euregionsweek-2019-branding-image-page-001.jpg\" alt=\"Europ\u00e4ische Woche der St\u00e4dte und Regionen: Workshop zur Mehrsprachigkeit in Grenzregionen\" \/><\/div>\n<div class=\"media-body\">\n<h1 class=\"media-heading\"><\/h1>\n<div class=\"date\"><\/div>\n<div class=\"contenu\">\n<p>Zweisprachigkeit ist die Voraussetzung f\u00fcr grenz\u00fcberschreitende Zusammenarbeit in allen Bereichen, weswegen sich der EVTZ Eurodistrikt PAMINA f\u00fcr die F\u00f6rderung der Sprachkompetenzen in der jeweiligen Nachbarsprache einsetzt \u2013 auch auf europ\u00e4ischer Ebene. In diesem Rahmen organisiert er am 9. Oktober 2019 in der Europ\u00e4ischen Woche der St\u00e4dte und Regionen in Br\u00fcssel zusammen mit der EVTZ Plattform des Ausschuss der Regionen (AdR) einen <strong>Workshop zur Zweisprachigkeit und kultureller Zusammenarbeit in Grenzregionen<\/strong>.<\/p>\n<p>Dieser Workshop bietet die Gelegenheit, das Konzept des p\u00e4dagogischen Onlinespiels \u201e<a class=\"fDefault\" title=\"Weltenbummler - passe-partout - Bildung &amp; zweisprachigkeit - \" href=\"https:\/\/www.eurodistrict-pamina.eu\/de\/weltenbummler-passe-partout.html\">Weltenbummler \u2013 Passe-Partout<\/a>\u201c auf europ\u00e4ischer Ebene vorzustellen, das Sch\u00fclerinnen und Sch\u00fcler ab dem Grundschulalter in einer grenz\u00fcberschreitenden Entdeckungsreise des Oberrheingebietes an die Nachbarsprache heranf\u00fchrt.<\/p>\n<p>Neben dem Weltenbummler werden im Workshop auch <strong>Projekte aus anderen europ\u00e4ischen Grenzregionen<\/strong> vorgestellt, insbesondere von der s\u00e4chsischen Landesstelle f\u00fcr fr\u00fche nachbarsprachige\u00a0Bildung und dem EVTZ Amphictyony.<\/p>\n<p>Mehr Informationen und Anmeldung: <a href=\"https:\/\/europa.eu\/regions-and-cities\/programme\/sessions\/369_en\" target=\"_blank\">https:\/\/europa.eu\/regions-and-cities\/programme\/sessions\/369_en<\/a><\/p>\n<table border=\"0\" cellspacing=\"1\" cellpadding=\"1\">\n<tbody>\n<tr>\n<td colspan=\"3\" rowspan=\"1\">Das Projekt\u00a0Weltenbummler &#8211; Passe-Partout\u00a0wird im Rahmen des INTERREG V A Oberrhein Projektes von der Europ\u00e4ischen Union kofinanziert (EFRE).<\/td>\n<td colspan=\"3\" rowspan=\"1\"><img decoding=\"async\" src=\"https:\/\/www.eurodistrict-pamina.eu\/globalflexit\/images\/UserFiles\/Image\/jeu-passe-partout\/150_150_1_logo-passe-partout.png\" \/><\/td>\n<td colspan=\"3\" rowspan=\"1\"><img decoding=\"async\" src=\"https:\/\/www.eurodistrict-pamina.eu\/globalflexit\/images\/UserFiles\/Image\/interreg\/150_100_1_drapeau-ue.jpg\" \/><\/td>\n<td colspan=\"3\" rowspan=\"1\"><img decoding=\"async\" src=\"https:\/\/www.eurodistrict-pamina.eu\/globalflexit\/images\/UserFiles\/Image\/interreg\/150_106_1_int-quadri-en-tete.jpg\" \/><\/td>\n<\/tr>\n<\/tbody>\n<\/table>\n<p><em>Quelle<\/em> : Eurodistrict Pamina<\/p>\n<p><a href=\"http:\/\/www.eurodistrict-pamina;eu\">www.eurodistrict-pamina.eu<\/a><\/p>\n<\/div>\n<\/div>\n<\/article>\n<\/div>\n<\/div>\n<\/section>\n","protected":false},"excerpt":{"rendered":"<p>Bildung &amp; Zweisprachigkeit Zweisprachigkeit ist die Voraussetzung f\u00fcr grenz\u00fcberschreitende Zusammenarbeit in allen Bereichen, weswegen sich der EVTZ Eurodistrikt PAMINA f\u00fcr die F\u00f6rderung der Sprachkompetenzen in der jeweiligen Nachbarsprache einsetzt \u2013 auch auf europ\u00e4ischer Ebene. In diesem Rahmen organisiert er am 9. Oktober 2019 in der Europ\u00e4ischen Woche der St\u00e4dte und Regionen in Br\u00fcssel zusammen mit [&hellip;]<\/p>\n","protected":false},"author":3,"featured_media":0,"comment_status":"open","ping_status":"open","sticky":false,"template":"","format":"standard","meta":{"_exactmetrics_skip_tracking":false,"_exactmetrics_sitenote_active":false,"_exactmetrics_sitenote_note":"","_exactmetrics_sitenote_category":0,"footnotes":""},"categories":[57,59],"tags":[],"class_list":["post-4115","post","type-post","status-publish","format-standard","hentry","category-berufsbildung-de","category-ereignisse-de"],"yoast_head":"<!-- This site is optimized with the Yoast SEO plugin v23.5 - https:\/\/yoast.com\/wordpress\/plugins\/seo\/ -->\n<title>Europ\u00e4ische Woche der St\u00e4dte und Regionen: Workshop zur Mehrsprachigkeit in Grenzregionen vom 7. bis 10. Oktober 2019 - PAMINA Business Club<\/title>\n<meta name=\"robots\" content=\"index, follow, max-snippet:-1, max-image-preview:large, max-video-preview:-1\" \/>\n<link rel=\"canonical\" href=\"https:\/\/www.pamina-business.com\/de\/europaische-woche-der-stadte-und-regionen-workshop-zur-mehrsprachigkeit-in-grenzregionen-vom-7-bis-10-oktober-2019\/\" \/>\n<meta property=\"og:locale\" content=\"de_DE\" \/>\n<meta property=\"og:type\" content=\"article\" \/>\n<meta property=\"og:title\" content=\"Europ\u00e4ische Woche der St\u00e4dte und Regionen: Workshop zur Mehrsprachigkeit in Grenzregionen vom 7. bis 10. Oktober 2019 - PAMINA Business Club\" \/>\n<meta property=\"og:description\" content=\"Bildung &amp; Zweisprachigkeit Zweisprachigkeit ist die Voraussetzung f\u00fcr grenz\u00fcberschreitende Zusammenarbeit in allen Bereichen, weswegen sich der EVTZ Eurodistrikt PAMINA f\u00fcr die F\u00f6rderung der Sprachkompetenzen in der jeweiligen Nachbarsprache einsetzt \u2013 auch auf europ\u00e4ischer Ebene. In diesem Rahmen organisiert er am 9. Oktober 2019 in der Europ\u00e4ischen Woche der St\u00e4dte und Regionen in Br\u00fcssel zusammen mit [&hellip;]\" \/>\n<meta property=\"og:url\" content=\"https:\/\/www.pamina-business.com\/de\/europaische-woche-der-stadte-und-regionen-workshop-zur-mehrsprachigkeit-in-grenzregionen-vom-7-bis-10-oktober-2019\/\" \/>\n<meta property=\"og:site_name\" content=\"PAMINA Business Club\" \/>\n<meta property=\"article:published_time\" content=\"2019-10-02T07:00:57+00:00\" \/>\n<meta property=\"article:modified_time\" content=\"2019-09-24T14:35:01+00:00\" \/>\n<meta property=\"og:image\" content=\"https:\/\/www.eurodistrict-pamina.eu\/globalflexit\/images\/img_base\/agendas\/835_556_1_euregionsweek-2019-branding-image-page-001.jpg\" \/>\n<meta name=\"author\" content=\"Monique STUTZMANN\" \/>\n<meta name=\"twitter:card\" content=\"summary_large_image\" \/>\n<meta name=\"twitter:label1\" content=\"Verfasst von\" \/>\n\t<meta name=\"twitter:data1\" content=\"Monique STUTZMANN\" \/>\n\t<meta name=\"twitter:label2\" content=\"Gesch\u00e4tzte Lesezeit\" \/>\n\t<meta name=\"twitter:data2\" content=\"1\u00a0Minute\" \/>\n<script type=\"application\/ld+json\" class=\"yoast-schema-graph\">{\"@context\":\"https:\/\/schema.org\",\"@graph\":[{\"@type\":\"WebPage\",\"@id\":\"https:\/\/www.pamina-business.com\/de\/europaische-woche-der-stadte-und-regionen-workshop-zur-mehrsprachigkeit-in-grenzregionen-vom-7-bis-10-oktober-2019\/\",\"url\":\"https:\/\/www.pamina-business.com\/de\/europaische-woche-der-stadte-und-regionen-workshop-zur-mehrsprachigkeit-in-grenzregionen-vom-7-bis-10-oktober-2019\/\",\"name\":\"Europ\u00e4ische Woche der St\u00e4dte und Regionen: Workshop zur Mehrsprachigkeit in Grenzregionen vom 7. bis 10. Oktober 2019 - PAMINA Business Club\",\"isPartOf\":{\"@id\":\"http:\/\/www.pamina-business.com\/de\/#website\"},\"primaryImageOfPage\":{\"@id\":\"https:\/\/www.pamina-business.com\/de\/europaische-woche-der-stadte-und-regionen-workshop-zur-mehrsprachigkeit-in-grenzregionen-vom-7-bis-10-oktober-2019\/#primaryimage\"},\"image\":{\"@id\":\"https:\/\/www.pamina-business.com\/de\/europaische-woche-der-stadte-und-regionen-workshop-zur-mehrsprachigkeit-in-grenzregionen-vom-7-bis-10-oktober-2019\/#primaryimage\"},\"thumbnailUrl\":\"https:\/\/www.eurodistrict-pamina.eu\/globalflexit\/images\/img_base\/agendas\/835_556_1_euregionsweek-2019-branding-image-page-001.jpg\",\"datePublished\":\"2019-10-02T07:00:57+00:00\",\"dateModified\":\"2019-09-24T14:35:01+00:00\",\"author\":{\"@id\":\"http:\/\/www.pamina-business.com\/de\/#\/schema\/person\/9ab02536dbdbc5e3ef40bbc3452c8c69\"},\"breadcrumb\":{\"@id\":\"https:\/\/www.pamina-business.com\/de\/europaische-woche-der-stadte-und-regionen-workshop-zur-mehrsprachigkeit-in-grenzregionen-vom-7-bis-10-oktober-2019\/#breadcrumb\"},\"inLanguage\":\"de\",\"potentialAction\":[{\"@type\":\"ReadAction\",\"target\":[\"https:\/\/www.pamina-business.com\/de\/europaische-woche-der-stadte-und-regionen-workshop-zur-mehrsprachigkeit-in-grenzregionen-vom-7-bis-10-oktober-2019\/\"]}]},{\"@type\":\"ImageObject\",\"inLanguage\":\"de\",\"@id\":\"https:\/\/www.pamina-business.com\/de\/europaische-woche-der-stadte-und-regionen-workshop-zur-mehrsprachigkeit-in-grenzregionen-vom-7-bis-10-oktober-2019\/#primaryimage\",\"url\":\"https:\/\/www.eurodistrict-pamina.eu\/globalflexit\/images\/img_base\/agendas\/835_556_1_euregionsweek-2019-branding-image-page-001.jpg\",\"contentUrl\":\"https:\/\/www.eurodistrict-pamina.eu\/globalflexit\/images\/img_base\/agendas\/835_556_1_euregionsweek-2019-branding-image-page-001.jpg\"},{\"@type\":\"BreadcrumbList\",\"@id\":\"https:\/\/www.pamina-business.com\/de\/europaische-woche-der-stadte-und-regionen-workshop-zur-mehrsprachigkeit-in-grenzregionen-vom-7-bis-10-oktober-2019\/#breadcrumb\",\"itemListElement\":[{\"@type\":\"ListItem\",\"position\":1,\"name\":\"Accueil\",\"item\":\"http:\/\/www.pamina-business.com\/de\/\"},{\"@type\":\"ListItem\",\"position\":2,\"name\":\"Europ\u00e4ische Woche der St\u00e4dte und Regionen: Workshop zur Mehrsprachigkeit in Grenzregionen vom 7. bis 10. Oktober 2019\"}]},{\"@type\":\"WebSite\",\"@id\":\"http:\/\/www.pamina-business.com\/de\/#website\",\"url\":\"http:\/\/www.pamina-business.com\/de\/\",\"name\":\"PAMINA Business Club\",\"description\":\"Un site utilisant WordPress\",\"potentialAction\":[{\"@type\":\"SearchAction\",\"target\":{\"@type\":\"EntryPoint\",\"urlTemplate\":\"http:\/\/www.pamina-business.com\/de\/?s={search_term_string}\"},\"query-input\":{\"@type\":\"PropertyValueSpecification\",\"valueRequired\":true,\"valueName\":\"search_term_string\"}}],\"inLanguage\":\"de\"},{\"@type\":\"Person\",\"@id\":\"http:\/\/www.pamina-business.com\/de\/#\/schema\/person\/9ab02536dbdbc5e3ef40bbc3452c8c69\",\"name\":\"Monique STUTZMANN\",\"image\":{\"@type\":\"ImageObject\",\"inLanguage\":\"de\",\"@id\":\"http:\/\/www.pamina-business.com\/de\/#\/schema\/person\/image\/\",\"url\":\"https:\/\/secure.gravatar.com\/avatar\/cc1c3adf9a9f6e969d3da7b6b34ec66f5f4a6844dfc9145380a75e42cd91882e?s=96&d=mm&r=g\",\"contentUrl\":\"https:\/\/secure.gravatar.com\/avatar\/cc1c3adf9a9f6e969d3da7b6b34ec66f5f4a6844dfc9145380a75e42cd91882e?s=96&d=mm&r=g\",\"caption\":\"Monique STUTZMANN\"},\"url\":\"http:\/\/www.pamina-business.com\/de\/author\/monique\/\"}]}<\/script>\n<!-- \/ Yoast SEO plugin. -->","yoast_head_json":{"title":"Europ\u00e4ische Woche der St\u00e4dte und Regionen: Workshop zur Mehrsprachigkeit in Grenzregionen vom 7. bis 10. Oktober 2019 - PAMINA Business Club","robots":{"index":"index","follow":"follow","max-snippet":"max-snippet:-1","max-image-preview":"max-image-preview:large","max-video-preview":"max-video-preview:-1"},"canonical":"https:\/\/www.pamina-business.com\/de\/europaische-woche-der-stadte-und-regionen-workshop-zur-mehrsprachigkeit-in-grenzregionen-vom-7-bis-10-oktober-2019\/","og_locale":"de_DE","og_type":"article","og_title":"Europ\u00e4ische Woche der St\u00e4dte und Regionen: Workshop zur Mehrsprachigkeit in Grenzregionen vom 7. bis 10. Oktober 2019 - PAMINA Business Club","og_description":"Bildung &amp; Zweisprachigkeit Zweisprachigkeit ist die Voraussetzung f\u00fcr grenz\u00fcberschreitende Zusammenarbeit in allen Bereichen, weswegen sich der EVTZ Eurodistrikt PAMINA f\u00fcr die F\u00f6rderung der Sprachkompetenzen in der jeweiligen Nachbarsprache einsetzt \u2013 auch auf europ\u00e4ischer Ebene. In diesem Rahmen organisiert er am 9. Oktober 2019 in der Europ\u00e4ischen Woche der St\u00e4dte und Regionen in Br\u00fcssel zusammen mit [&hellip;]","og_url":"https:\/\/www.pamina-business.com\/de\/europaische-woche-der-stadte-und-regionen-workshop-zur-mehrsprachigkeit-in-grenzregionen-vom-7-bis-10-oktober-2019\/","og_site_name":"PAMINA Business Club","article_published_time":"2019-10-02T07:00:57+00:00","article_modified_time":"2019-09-24T14:35:01+00:00","og_image":[{"url":"https:\/\/www.eurodistrict-pamina.eu\/globalflexit\/images\/img_base\/agendas\/835_556_1_euregionsweek-2019-branding-image-page-001.jpg"}],"author":"Monique STUTZMANN","twitter_card":"summary_large_image","twitter_misc":{"Verfasst von":"Monique STUTZMANN","Gesch\u00e4tzte Lesezeit":"1\u00a0Minute"},"schema":{"@context":"https:\/\/schema.org","@graph":[{"@type":"WebPage","@id":"https:\/\/www.pamina-business.com\/de\/europaische-woche-der-stadte-und-regionen-workshop-zur-mehrsprachigkeit-in-grenzregionen-vom-7-bis-10-oktober-2019\/","url":"https:\/\/www.pamina-business.com\/de\/europaische-woche-der-stadte-und-regionen-workshop-zur-mehrsprachigkeit-in-grenzregionen-vom-7-bis-10-oktober-2019\/","name":"Europ\u00e4ische Woche der St\u00e4dte und Regionen: Workshop zur Mehrsprachigkeit in Grenzregionen vom 7. bis 10. Oktober 2019 - PAMINA Business Club","isPartOf":{"@id":"http:\/\/www.pamina-business.com\/de\/#website"},"primaryImageOfPage":{"@id":"https:\/\/www.pamina-business.com\/de\/europaische-woche-der-stadte-und-regionen-workshop-zur-mehrsprachigkeit-in-grenzregionen-vom-7-bis-10-oktober-2019\/#primaryimage"},"image":{"@id":"https:\/\/www.pamina-business.com\/de\/europaische-woche-der-stadte-und-regionen-workshop-zur-mehrsprachigkeit-in-grenzregionen-vom-7-bis-10-oktober-2019\/#primaryimage"},"thumbnailUrl":"https:\/\/www.eurodistrict-pamina.eu\/globalflexit\/images\/img_base\/agendas\/835_556_1_euregionsweek-2019-branding-image-page-001.jpg","datePublished":"2019-10-02T07:00:57+00:00","dateModified":"2019-09-24T14:35:01+00:00","author":{"@id":"http:\/\/www.pamina-business.com\/de\/#\/schema\/person\/9ab02536dbdbc5e3ef40bbc3452c8c69"},"breadcrumb":{"@id":"https:\/\/www.pamina-business.com\/de\/europaische-woche-der-stadte-und-regionen-workshop-zur-mehrsprachigkeit-in-grenzregionen-vom-7-bis-10-oktober-2019\/#breadcrumb"},"inLanguage":"de","potentialAction":[{"@type":"ReadAction","target":["https:\/\/www.pamina-business.com\/de\/europaische-woche-der-stadte-und-regionen-workshop-zur-mehrsprachigkeit-in-grenzregionen-vom-7-bis-10-oktober-2019\/"]}]},{"@type":"ImageObject","inLanguage":"de","@id":"https:\/\/www.pamina-business.com\/de\/europaische-woche-der-stadte-und-regionen-workshop-zur-mehrsprachigkeit-in-grenzregionen-vom-7-bis-10-oktober-2019\/#primaryimage","url":"https:\/\/www.eurodistrict-pamina.eu\/globalflexit\/images\/img_base\/agendas\/835_556_1_euregionsweek-2019-branding-image-page-001.jpg","contentUrl":"https:\/\/www.eurodistrict-pamina.eu\/globalflexit\/images\/img_base\/agendas\/835_556_1_euregionsweek-2019-branding-image-page-001.jpg"},{"@type":"BreadcrumbList","@id":"https:\/\/www.pamina-business.com\/de\/europaische-woche-der-stadte-und-regionen-workshop-zur-mehrsprachigkeit-in-grenzregionen-vom-7-bis-10-oktober-2019\/#breadcrumb","itemListElement":[{"@type":"ListItem","position":1,"name":"Accueil","item":"http:\/\/www.pamina-business.com\/de\/"},{"@type":"ListItem","position":2,"name":"Europ\u00e4ische Woche der St\u00e4dte und Regionen: Workshop zur Mehrsprachigkeit in Grenzregionen vom 7. bis 10. Oktober 2019"}]},{"@type":"WebSite","@id":"http:\/\/www.pamina-business.com\/de\/#website","url":"http:\/\/www.pamina-business.com\/de\/","name":"PAMINA Business Club","description":"Un site utilisant WordPress","potentialAction":[{"@type":"SearchAction","target":{"@type":"EntryPoint","urlTemplate":"http:\/\/www.pamina-business.com\/de\/?s={search_term_string}"},"query-input":{"@type":"PropertyValueSpecification","valueRequired":true,"valueName":"search_term_string"}}],"inLanguage":"de"},{"@type":"Person","@id":"http:\/\/www.pamina-business.com\/de\/#\/schema\/person\/9ab02536dbdbc5e3ef40bbc3452c8c69","name":"Monique STUTZMANN","image":{"@type":"ImageObject","inLanguage":"de","@id":"http:\/\/www.pamina-business.com\/de\/#\/schema\/person\/image\/","url":"https:\/\/secure.gravatar.com\/avatar\/cc1c3adf9a9f6e969d3da7b6b34ec66f5f4a6844dfc9145380a75e42cd91882e?s=96&d=mm&r=g","contentUrl":"https:\/\/secure.gravatar.com\/avatar\/cc1c3adf9a9f6e969d3da7b6b34ec66f5f4a6844dfc9145380a75e42cd91882e?s=96&d=mm&r=g","caption":"Monique STUTZMANN"},"url":"http:\/\/www.pamina-business.com\/de\/author\/monique\/"}]}},"_links":{"self":[{"href":"http:\/\/www.pamina-business.com\/de\/wp-json\/wp\/v2\/posts\/4115","targetHints":{"allow":["GET"]}}],"collection":[{"href":"http:\/\/www.pamina-business.com\/de\/wp-json\/wp\/v2\/posts"}],"about":[{"href":"http:\/\/www.pamina-business.com\/de\/wp-json\/wp\/v2\/types\/post"}],"author":[{"embeddable":true,"href":"http:\/\/www.pamina-business.com\/de\/wp-json\/wp\/v2\/users\/3"}],"replies":[{"embeddable":true,"href":"http:\/\/www.pamina-business.com\/de\/wp-json\/wp\/v2\/comments?post=4115"}],"version-history":[{"count":3,"href":"http:\/\/www.pamina-business.com\/de\/wp-json\/wp\/v2\/posts\/4115\/revisions"}],"predecessor-version":[{"id":4142,"href":"http:\/\/www.pamina-business.com\/de\/wp-json\/wp\/v2\/posts\/4115\/revisions\/4142"}],"wp:attachment":[{"href":"http:\/\/www.pamina-business.com\/de\/wp-json\/wp\/v2\/media?parent=4115"}],"wp:term":[{"taxonomy":"category","embeddable":true,"href":"http:\/\/www.pamina-business.com\/de\/wp-json\/wp\/v2\/categories?post=4115"},{"taxonomy":"post_tag","embeddable":true,"href":"http:\/\/www.pamina-business.com\/de\/wp-json\/wp\/v2\/tags?post=4115"}],"curies":[{"name":"wp","href":"https:\/\/api.w.org\/{rel}","templated":true}]}}