{"id":4077,"date":"2019-09-11T12:48:35","date_gmt":"2019-09-11T12:48:35","guid":{"rendered":"http:\/\/www.pamina-business.com\/?p=4077"},"modified":"2019-08-26T12:52:08","modified_gmt":"2019-08-26T12:52:08","slug":"save-the-date-fachtag-sozialwirtschaft-international-am-08-november-2019-im-stadtischen-klinikum-karlsruhe","status":"publish","type":"post","link":"http:\/\/www.pamina-business.com\/de\/save-the-date-fachtag-sozialwirtschaft-international-am-08-november-2019-im-stadtischen-klinikum-karlsruhe\/","title":{"rendered":"Save the date: Fachtag Sozialwirtschaft International am 08. November 2019 im St\u00e4dtischen Klinikum Karlsruhe"},"content":{"rendered":"<div class=\" col-xs-12 col-lg-8 col-lg-push-2\">\n<div class=\"middle\">\n<div id=\"c6945\">\n<div class=\"ce-textpic ce-right ce-intext\">\n<div class=\"ce-gallery\" data-ce-columns=\"1\" data-ce-images=\"1\">\n<div class=\"ce-row\">\n<div class=\"ce-column\">\n<div class=\"ce-media\"><a class=\"lightbox\" href=\"https:\/\/technologieregion-karlsruhe.de\/fileadmin\/user_upload\/Logo_Welcome-Center_RGB.jpg\" rel=\"lightbox[1433]\"> <img loading=\"lazy\" decoding=\"async\" class=\"img-responsive col-xs-12 no-left-padding no-right-padding\" src=\"https:\/\/technologieregion-karlsruhe.de\/fileadmin\/_processed_\/6\/4\/csm_Logo_Welcome-Center_RGB_09201d005b.jpg\" alt=\"\" width=\"348\" height=\"83\" \/><\/a><\/p>\n<div class=\"icon-container\"><\/div>\n<\/div>\n<\/div>\n<\/div>\n<\/div>\n<div class=\"ce-bodytext\">\n<p>Das Welcome Center TRK, das Pflegeb\u00fcndnis TRK e.V. und das Welcome Center Sozialwirtschaft werden gemeinsam aktiv. Des Weiteren f\u00fchren wir diesen Fachtag zum Thema \u201eVielfalt nachhaltig gestalten\u201c mit dem Caritasverband f\u00fcr die Erzdi\u00f6zese Freiburg und dem Diakonischen Werk Baden durch.<\/p>\n<p>Die Veranstaltung richtet sich an F\u00fchrungskr\u00e4fte in Pflegeeinrichtungen, Krankenh\u00e4usern und sozialen Diensten, die Interesse an der Gewinnung und Integration internationaler Pflegefachkr\u00e4fte haben. Anhand von Beispielen guter Praxis wird im Rahmen des Fachtags aufgezeigt, wie die Gewinnung von internationalen Fachkr\u00e4ften gelingen kann und welche Herausforderungen diese mit sich bringt. Des Weiteren werden wir Raum f\u00fcr Ihren wertvollen Erfahrungsaustausch bieten.<\/p>\n<p>Anmeldungen bitte an: <a href=\"&#109;&#x61;&#x69;&#108;&#x74;&#x6f;:&#x53;&#x50;o&#104;&#x6c;&#64;&#100;&#x69;a&#107;&#x6f;n&#105;&#x65;-&#98;&#x61;&#x64;&#101;&#x6e;&#x2e;&#100;&#x65;\">&#83;P&#111;h&#108;&#64;&#x64;i&#x61;k&#x6f;n&#x69;e&#x2d;b&#x61;d&#x65;n&#x2e;d&#x65;<\/a><br \/>\nAnmeldeschluss ist der 25.10.2019 das Anmeldeformular finden Sie <a class=\"download\" href=\"https:\/\/technologieregion-karlsruhe.de\/fileadmin\/PDF\/Welcome_Center\/191108_Anmeldeformular_Fachtag_Sozialwirtschaft_International.pdf\" target=\"_blank\">hier<\/a><\/p>\n<p>Das Programm finden Sie <a class=\"download\" href=\"https:\/\/technologieregion-karlsruhe.de\/fileadmin\/PDF\/Welcome_Center\/191108_Programm_Fachtag_Sozialwirtschaft_International.pdf\" target=\"_blank\">hier\u00a0<\/a><\/p>\n<p><em>Quelle<\/em> : Newsletter Nr. 7, Juli\/ August 2019 Technologieregion Karlsruhe<\/p>\n<p><a href=\"http:\/\/www.technologieregion-karlsruhe.de\">www.technologieregion-karlsruhe.de<\/a><\/p>\n<p><em>Kontakt<\/em> : <a href=\"&#x6d;&#97;i&#x6c;&#x74;&#111;:&#x70;&#x72;&#101;s&#x73;&#101;&#64;&#x74;&#x65;&#99;h&#x6e;&#x6f;&#108;o&#x67;&#105;&#101;&#x72;&#x65;&#103;i&#x6f;&#x6e;&#107;a&#x72;&#108;&#115;r&#x75;&#104;e&#x2e;&#x64;&#101;\">&#x70;&#114;&#x65;&#x73;&#115;&#x65;&#64;t&#x65;&#99;h&#x6e;&#111;l&#x6f;&#103;i&#x65;&#114;&#x65;&#x67;&#105;&#x6f;&#x6e;&#107;&#x61;&#114;l&#x73;&#114;u&#x68;&#101;&#46;&#x64;&#101;<\/a><\/p>\n<p>&nbsp;<\/p>\n<\/div>\n<\/div>\n<\/div>\n<\/div>\n<\/div>\n","protected":false},"excerpt":{"rendered":"<p>Das Welcome Center TRK, das Pflegeb\u00fcndnis TRK e.V. und das Welcome Center Sozialwirtschaft werden gemeinsam aktiv. Des Weiteren f\u00fchren wir diesen Fachtag zum Thema \u201eVielfalt nachhaltig gestalten\u201c mit dem Caritasverband f\u00fcr die Erzdi\u00f6zese Freiburg und dem Diakonischen Werk Baden durch. Die Veranstaltung richtet sich an F\u00fchrungskr\u00e4fte in Pflegeeinrichtungen, Krankenh\u00e4usern und sozialen Diensten, die Interesse an [&hellip;]<\/p>\n","protected":false},"author":3,"featured_media":0,"comment_status":"open","ping_status":"open","sticky":false,"template":"","format":"standard","meta":{"_exactmetrics_skip_tracking":false,"_exactmetrics_sitenote_active":false,"_exactmetrics_sitenote_note":"","_exactmetrics_sitenote_category":0,"footnotes":""},"categories":[59],"tags":[],"class_list":["post-4077","post","type-post","status-publish","format-standard","hentry","category-ereignisse-de"],"yoast_head":"<!-- This site is optimized with the Yoast SEO plugin v23.5 - https:\/\/yoast.com\/wordpress\/plugins\/seo\/ -->\n<title>Save the date: Fachtag Sozialwirtschaft International am 08. November 2019 im St\u00e4dtischen Klinikum Karlsruhe - PAMINA Business Club<\/title>\n<meta name=\"robots\" content=\"index, follow, max-snippet:-1, max-image-preview:large, max-video-preview:-1\" \/>\n<link rel=\"canonical\" href=\"http:\/\/www.pamina-business.com\/de\/save-the-date-fachtag-sozialwirtschaft-international-am-08-november-2019-im-stadtischen-klinikum-karlsruhe\/\" \/>\n<meta property=\"og:locale\" content=\"de_DE\" \/>\n<meta property=\"og:type\" content=\"article\" \/>\n<meta property=\"og:title\" content=\"Save the date: Fachtag Sozialwirtschaft International am 08. November 2019 im St\u00e4dtischen Klinikum Karlsruhe - PAMINA Business Club\" \/>\n<meta property=\"og:description\" content=\"Das Welcome Center TRK, das Pflegeb\u00fcndnis TRK e.V. und das Welcome Center Sozialwirtschaft werden gemeinsam aktiv. Des Weiteren f\u00fchren wir diesen Fachtag zum Thema \u201eVielfalt nachhaltig gestalten\u201c mit dem Caritasverband f\u00fcr die Erzdi\u00f6zese Freiburg und dem Diakonischen Werk Baden durch. Die Veranstaltung richtet sich an F\u00fchrungskr\u00e4fte in Pflegeeinrichtungen, Krankenh\u00e4usern und sozialen Diensten, die Interesse an [&hellip;]\" \/>\n<meta property=\"og:url\" content=\"http:\/\/www.pamina-business.com\/de\/save-the-date-fachtag-sozialwirtschaft-international-am-08-november-2019-im-stadtischen-klinikum-karlsruhe\/\" \/>\n<meta property=\"og:site_name\" content=\"PAMINA Business Club\" \/>\n<meta property=\"article:published_time\" content=\"2019-09-11T12:48:35+00:00\" \/>\n<meta property=\"article:modified_time\" content=\"2019-08-26T12:52:08+00:00\" \/>\n<meta property=\"og:image\" content=\"https:\/\/technologieregion-karlsruhe.de\/fileadmin\/_processed_\/6\/4\/csm_Logo_Welcome-Center_RGB_09201d005b.jpg\" \/>\n<meta name=\"author\" content=\"Monique STUTZMANN\" \/>\n<meta name=\"twitter:card\" content=\"summary_large_image\" \/>\n<meta name=\"twitter:label1\" content=\"Verfasst von\" \/>\n\t<meta name=\"twitter:data1\" content=\"Monique STUTZMANN\" \/>\n\t<meta name=\"twitter:label2\" content=\"Gesch\u00e4tzte Lesezeit\" \/>\n\t<meta name=\"twitter:data2\" content=\"1\u00a0Minute\" \/>\n<script type=\"application\/ld+json\" class=\"yoast-schema-graph\">{\"@context\":\"https:\/\/schema.org\",\"@graph\":[{\"@type\":\"WebPage\",\"@id\":\"http:\/\/www.pamina-business.com\/de\/save-the-date-fachtag-sozialwirtschaft-international-am-08-november-2019-im-stadtischen-klinikum-karlsruhe\/\",\"url\":\"http:\/\/www.pamina-business.com\/de\/save-the-date-fachtag-sozialwirtschaft-international-am-08-november-2019-im-stadtischen-klinikum-karlsruhe\/\",\"name\":\"Save the date: Fachtag Sozialwirtschaft International am 08. November 2019 im St\u00e4dtischen Klinikum Karlsruhe - PAMINA Business Club\",\"isPartOf\":{\"@id\":\"http:\/\/www.pamina-business.com\/de\/#website\"},\"primaryImageOfPage\":{\"@id\":\"http:\/\/www.pamina-business.com\/de\/save-the-date-fachtag-sozialwirtschaft-international-am-08-november-2019-im-stadtischen-klinikum-karlsruhe\/#primaryimage\"},\"image\":{\"@id\":\"http:\/\/www.pamina-business.com\/de\/save-the-date-fachtag-sozialwirtschaft-international-am-08-november-2019-im-stadtischen-klinikum-karlsruhe\/#primaryimage\"},\"thumbnailUrl\":\"https:\/\/technologieregion-karlsruhe.de\/fileadmin\/_processed_\/6\/4\/csm_Logo_Welcome-Center_RGB_09201d005b.jpg\",\"datePublished\":\"2019-09-11T12:48:35+00:00\",\"dateModified\":\"2019-08-26T12:52:08+00:00\",\"author\":{\"@id\":\"http:\/\/www.pamina-business.com\/de\/#\/schema\/person\/9ab02536dbdbc5e3ef40bbc3452c8c69\"},\"breadcrumb\":{\"@id\":\"http:\/\/www.pamina-business.com\/de\/save-the-date-fachtag-sozialwirtschaft-international-am-08-november-2019-im-stadtischen-klinikum-karlsruhe\/#breadcrumb\"},\"inLanguage\":\"de\",\"potentialAction\":[{\"@type\":\"ReadAction\",\"target\":[\"http:\/\/www.pamina-business.com\/de\/save-the-date-fachtag-sozialwirtschaft-international-am-08-november-2019-im-stadtischen-klinikum-karlsruhe\/\"]}]},{\"@type\":\"ImageObject\",\"inLanguage\":\"de\",\"@id\":\"http:\/\/www.pamina-business.com\/de\/save-the-date-fachtag-sozialwirtschaft-international-am-08-november-2019-im-stadtischen-klinikum-karlsruhe\/#primaryimage\",\"url\":\"https:\/\/technologieregion-karlsruhe.de\/fileadmin\/_processed_\/6\/4\/csm_Logo_Welcome-Center_RGB_09201d005b.jpg\",\"contentUrl\":\"https:\/\/technologieregion-karlsruhe.de\/fileadmin\/_processed_\/6\/4\/csm_Logo_Welcome-Center_RGB_09201d005b.jpg\"},{\"@type\":\"BreadcrumbList\",\"@id\":\"http:\/\/www.pamina-business.com\/de\/save-the-date-fachtag-sozialwirtschaft-international-am-08-november-2019-im-stadtischen-klinikum-karlsruhe\/#breadcrumb\",\"itemListElement\":[{\"@type\":\"ListItem\",\"position\":1,\"name\":\"Accueil\",\"item\":\"http:\/\/www.pamina-business.com\/de\/\"},{\"@type\":\"ListItem\",\"position\":2,\"name\":\"Save the date: Fachtag Sozialwirtschaft International am 08. November 2019 im St\u00e4dtischen Klinikum Karlsruhe\"}]},{\"@type\":\"WebSite\",\"@id\":\"http:\/\/www.pamina-business.com\/de\/#website\",\"url\":\"http:\/\/www.pamina-business.com\/de\/\",\"name\":\"PAMINA Business Club\",\"description\":\"Un site utilisant WordPress\",\"potentialAction\":[{\"@type\":\"SearchAction\",\"target\":{\"@type\":\"EntryPoint\",\"urlTemplate\":\"http:\/\/www.pamina-business.com\/de\/?s={search_term_string}\"},\"query-input\":{\"@type\":\"PropertyValueSpecification\",\"valueRequired\":true,\"valueName\":\"search_term_string\"}}],\"inLanguage\":\"de\"},{\"@type\":\"Person\",\"@id\":\"http:\/\/www.pamina-business.com\/de\/#\/schema\/person\/9ab02536dbdbc5e3ef40bbc3452c8c69\",\"name\":\"Monique STUTZMANN\",\"image\":{\"@type\":\"ImageObject\",\"inLanguage\":\"de\",\"@id\":\"http:\/\/www.pamina-business.com\/de\/#\/schema\/person\/image\/\",\"url\":\"https:\/\/secure.gravatar.com\/avatar\/cc1c3adf9a9f6e969d3da7b6b34ec66f5f4a6844dfc9145380a75e42cd91882e?s=96&d=mm&r=g\",\"contentUrl\":\"https:\/\/secure.gravatar.com\/avatar\/cc1c3adf9a9f6e969d3da7b6b34ec66f5f4a6844dfc9145380a75e42cd91882e?s=96&d=mm&r=g\",\"caption\":\"Monique STUTZMANN\"},\"url\":\"http:\/\/www.pamina-business.com\/de\/author\/monique\/\"}]}<\/script>\n<!-- \/ Yoast SEO plugin. -->","yoast_head_json":{"title":"Save the date: Fachtag Sozialwirtschaft International am 08. November 2019 im St\u00e4dtischen Klinikum Karlsruhe - PAMINA Business Club","robots":{"index":"index","follow":"follow","max-snippet":"max-snippet:-1","max-image-preview":"max-image-preview:large","max-video-preview":"max-video-preview:-1"},"canonical":"http:\/\/www.pamina-business.com\/de\/save-the-date-fachtag-sozialwirtschaft-international-am-08-november-2019-im-stadtischen-klinikum-karlsruhe\/","og_locale":"de_DE","og_type":"article","og_title":"Save the date: Fachtag Sozialwirtschaft International am 08. November 2019 im St\u00e4dtischen Klinikum Karlsruhe - PAMINA Business Club","og_description":"Das Welcome Center TRK, das Pflegeb\u00fcndnis TRK e.V. und das Welcome Center Sozialwirtschaft werden gemeinsam aktiv. Des Weiteren f\u00fchren wir diesen Fachtag zum Thema \u201eVielfalt nachhaltig gestalten\u201c mit dem Caritasverband f\u00fcr die Erzdi\u00f6zese Freiburg und dem Diakonischen Werk Baden durch. Die Veranstaltung richtet sich an F\u00fchrungskr\u00e4fte in Pflegeeinrichtungen, Krankenh\u00e4usern und sozialen Diensten, die Interesse an [&hellip;]","og_url":"http:\/\/www.pamina-business.com\/de\/save-the-date-fachtag-sozialwirtschaft-international-am-08-november-2019-im-stadtischen-klinikum-karlsruhe\/","og_site_name":"PAMINA Business Club","article_published_time":"2019-09-11T12:48:35+00:00","article_modified_time":"2019-08-26T12:52:08+00:00","og_image":[{"url":"https:\/\/technologieregion-karlsruhe.de\/fileadmin\/_processed_\/6\/4\/csm_Logo_Welcome-Center_RGB_09201d005b.jpg"}],"author":"Monique STUTZMANN","twitter_card":"summary_large_image","twitter_misc":{"Verfasst von":"Monique STUTZMANN","Gesch\u00e4tzte Lesezeit":"1\u00a0Minute"},"schema":{"@context":"https:\/\/schema.org","@graph":[{"@type":"WebPage","@id":"http:\/\/www.pamina-business.com\/de\/save-the-date-fachtag-sozialwirtschaft-international-am-08-november-2019-im-stadtischen-klinikum-karlsruhe\/","url":"http:\/\/www.pamina-business.com\/de\/save-the-date-fachtag-sozialwirtschaft-international-am-08-november-2019-im-stadtischen-klinikum-karlsruhe\/","name":"Save the date: Fachtag Sozialwirtschaft International am 08. November 2019 im St\u00e4dtischen Klinikum Karlsruhe - PAMINA Business Club","isPartOf":{"@id":"http:\/\/www.pamina-business.com\/de\/#website"},"primaryImageOfPage":{"@id":"http:\/\/www.pamina-business.com\/de\/save-the-date-fachtag-sozialwirtschaft-international-am-08-november-2019-im-stadtischen-klinikum-karlsruhe\/#primaryimage"},"image":{"@id":"http:\/\/www.pamina-business.com\/de\/save-the-date-fachtag-sozialwirtschaft-international-am-08-november-2019-im-stadtischen-klinikum-karlsruhe\/#primaryimage"},"thumbnailUrl":"https:\/\/technologieregion-karlsruhe.de\/fileadmin\/_processed_\/6\/4\/csm_Logo_Welcome-Center_RGB_09201d005b.jpg","datePublished":"2019-09-11T12:48:35+00:00","dateModified":"2019-08-26T12:52:08+00:00","author":{"@id":"http:\/\/www.pamina-business.com\/de\/#\/schema\/person\/9ab02536dbdbc5e3ef40bbc3452c8c69"},"breadcrumb":{"@id":"http:\/\/www.pamina-business.com\/de\/save-the-date-fachtag-sozialwirtschaft-international-am-08-november-2019-im-stadtischen-klinikum-karlsruhe\/#breadcrumb"},"inLanguage":"de","potentialAction":[{"@type":"ReadAction","target":["http:\/\/www.pamina-business.com\/de\/save-the-date-fachtag-sozialwirtschaft-international-am-08-november-2019-im-stadtischen-klinikum-karlsruhe\/"]}]},{"@type":"ImageObject","inLanguage":"de","@id":"http:\/\/www.pamina-business.com\/de\/save-the-date-fachtag-sozialwirtschaft-international-am-08-november-2019-im-stadtischen-klinikum-karlsruhe\/#primaryimage","url":"https:\/\/technologieregion-karlsruhe.de\/fileadmin\/_processed_\/6\/4\/csm_Logo_Welcome-Center_RGB_09201d005b.jpg","contentUrl":"https:\/\/technologieregion-karlsruhe.de\/fileadmin\/_processed_\/6\/4\/csm_Logo_Welcome-Center_RGB_09201d005b.jpg"},{"@type":"BreadcrumbList","@id":"http:\/\/www.pamina-business.com\/de\/save-the-date-fachtag-sozialwirtschaft-international-am-08-november-2019-im-stadtischen-klinikum-karlsruhe\/#breadcrumb","itemListElement":[{"@type":"ListItem","position":1,"name":"Accueil","item":"http:\/\/www.pamina-business.com\/de\/"},{"@type":"ListItem","position":2,"name":"Save the date: Fachtag Sozialwirtschaft International am 08. November 2019 im St\u00e4dtischen Klinikum Karlsruhe"}]},{"@type":"WebSite","@id":"http:\/\/www.pamina-business.com\/de\/#website","url":"http:\/\/www.pamina-business.com\/de\/","name":"PAMINA Business Club","description":"Un site utilisant WordPress","potentialAction":[{"@type":"SearchAction","target":{"@type":"EntryPoint","urlTemplate":"http:\/\/www.pamina-business.com\/de\/?s={search_term_string}"},"query-input":{"@type":"PropertyValueSpecification","valueRequired":true,"valueName":"search_term_string"}}],"inLanguage":"de"},{"@type":"Person","@id":"http:\/\/www.pamina-business.com\/de\/#\/schema\/person\/9ab02536dbdbc5e3ef40bbc3452c8c69","name":"Monique STUTZMANN","image":{"@type":"ImageObject","inLanguage":"de","@id":"http:\/\/www.pamina-business.com\/de\/#\/schema\/person\/image\/","url":"https:\/\/secure.gravatar.com\/avatar\/cc1c3adf9a9f6e969d3da7b6b34ec66f5f4a6844dfc9145380a75e42cd91882e?s=96&d=mm&r=g","contentUrl":"https:\/\/secure.gravatar.com\/avatar\/cc1c3adf9a9f6e969d3da7b6b34ec66f5f4a6844dfc9145380a75e42cd91882e?s=96&d=mm&r=g","caption":"Monique STUTZMANN"},"url":"http:\/\/www.pamina-business.com\/de\/author\/monique\/"}]}},"_links":{"self":[{"href":"http:\/\/www.pamina-business.com\/de\/wp-json\/wp\/v2\/posts\/4077","targetHints":{"allow":["GET"]}}],"collection":[{"href":"http:\/\/www.pamina-business.com\/de\/wp-json\/wp\/v2\/posts"}],"about":[{"href":"http:\/\/www.pamina-business.com\/de\/wp-json\/wp\/v2\/types\/post"}],"author":[{"embeddable":true,"href":"http:\/\/www.pamina-business.com\/de\/wp-json\/wp\/v2\/users\/3"}],"replies":[{"embeddable":true,"href":"http:\/\/www.pamina-business.com\/de\/wp-json\/wp\/v2\/comments?post=4077"}],"version-history":[{"count":1,"href":"http:\/\/www.pamina-business.com\/de\/wp-json\/wp\/v2\/posts\/4077\/revisions"}],"predecessor-version":[{"id":4078,"href":"http:\/\/www.pamina-business.com\/de\/wp-json\/wp\/v2\/posts\/4077\/revisions\/4078"}],"wp:attachment":[{"href":"http:\/\/www.pamina-business.com\/de\/wp-json\/wp\/v2\/media?parent=4077"}],"wp:term":[{"taxonomy":"category","embeddable":true,"href":"http:\/\/www.pamina-business.com\/de\/wp-json\/wp\/v2\/categories?post=4077"},{"taxonomy":"post_tag","embeddable":true,"href":"http:\/\/www.pamina-business.com\/de\/wp-json\/wp\/v2\/tags?post=4077"}],"curies":[{"name":"wp","href":"https:\/\/api.w.org\/{rel}","templated":true}]}}