{"id":3976,"date":"2019-07-25T09:58:12","date_gmt":"2019-07-25T09:58:12","guid":{"rendered":"http:\/\/www.pamina-business.com\/?p=3976"},"modified":"2019-07-08T10:19:00","modified_gmt":"2019-07-08T10:19:00","slug":"azubi-bacpro-zertifikatsverleihung","status":"publish","type":"post","link":"http:\/\/www.pamina-business.com\/de\/azubi-bacpro-zertifikatsverleihung\/","title":{"rendered":"Azubi-BAcPro-Zertifikatsverleihung"},"content":{"rendered":"<p>Zum zweiten Mal seit Beginn des grenz\u00fcberschreitendes Projektes Azubi-BacPro im Jahre 2015 konnten heute an unsere Sch\u00fcler aus dem dritten Ausbildungsjahr im Beruf Elektroniker Fachrichtung Energie- und Geb\u00e4udetechnikers und ihren franz\u00f6sischen Kollegen das Azubi-BacPro-Zertifikat \u00fcberreicht werden. Dazu bot das Alte Zollhaus in Lauterbourg, in dem der Eurodistrict Pamina seine Gesch\u00e4ftsstelle hat, einen w\u00fcrdigen Rahmen. Unser kommissarischer Schulleiter Herr H\u00f6rner und Monsieur Halftermayer, der Schulleiter des Lyc\u00e9e Polyvalent Stanislas de Wissembourg, freuten sich beide, neben den Sch\u00fclern aus beiden Schulen und den Kolleginnen und Kollegen, auch Frau Isabelle Wolf von der Acad\u00e9mie des Strasbourg und Frau Christiane Spies vom Zentrum f\u00fcr Schulqualit\u00e4t und Lehrerbildung Baden-W\u00fcrttemberg, begr\u00fc\u00dfen zu d\u00fcrfen. Beide Schulleiter betonten, wie wichtig der interkulturelle Austausch und das freundschaftliche Verh\u00e4ltnis zwischen den Schulen beiderseits des Rheins sei und welche gro\u00dfen Chancen sich aus dem Projekt f\u00fcr die Absolventen b\u00f6ten.<\/p>\n<p>Frau Wolf und Frau Spies betonten ihrerseits ihre Freude dar\u00fcber, dass sich die Auszubildenden aus den beiden L\u00e4ndern auf den Weg gemacht h\u00e4tten und nicht nur eine Partnerschaft zwischen zwei Schulen entstanden sei, sondern auch eine Freundschaft zwischen Sch\u00fclern. Gemeinsam mit Herrn H\u00f6rner und Herrn Halftermayer \u00fcbernahmen sie die Zertifikatsverleihung an die Sch\u00fclerin und die Sch\u00fcler.<\/p>\n<p><a href=\"http:\/\/www.pamina-business.com\/wp-content\/uploads\/2019\/07\/Gruppenbild.jpg\"><img loading=\"lazy\" decoding=\"async\" class=\"alignnone size-medium wp-image-3979\" src=\"http:\/\/www.pamina-business.com\/wp-content\/uploads\/2019\/07\/Gruppenbild-300x225.jpg\" alt=\"Gruppenbild\" width=\"300\" height=\"225\" srcset=\"http:\/\/www.pamina-business.com\/wp-content\/uploads\/2019\/07\/Gruppenbild-300x225.jpg 300w, http:\/\/www.pamina-business.com\/wp-content\/uploads\/2019\/07\/Gruppenbild.jpg 640w\" sizes=\"auto, (max-width: 300px) 100vw, 300px\" \/><\/a><\/p>\n<p>Musikalisch eingerahmt wurde die Feier durch die Gruppe \u201cEndless Second\u201d, die mit ruhigen und rockigen Liedern f\u00fcr gute Stimmung sorgte. Bedanken m\u00f6chten wir uns an dieser Stelle auch bei der Wirtschaftsf\u00f6rderung Karlsruhe, die durch Herrn Ralf Eichhorn vertreten war. Diese hat durch ihre Unterst\u00fctzung die Feier im Alten Zollhaus m\u00f6glich gemacht. Ein letzter Dank gilt unseren Kollegen Reimar Toepell und Roland Ahlers und allen Kolleginnen und Kollegen, die sich an dem Projekt tatkr\u00e4ftig beteiligt haben sowie der Wirtschaftsf\u00f6rderung Karlsruhe, dem deutsch-franz\u00f6sische PAMINA Business Club gemeinsam mit dem Regionalverband PAMINA, die das Projekt unterst\u00fctz haben.<\/p>\n<p><em>Quelle<\/em> : Stadt Karlsruhe<\/p>\n<p><a href=\"http:\/\/www.karlsruhe.de\">www.karlsruhe.de<\/a><\/p>\n<p><em>Kontakt<\/em> : Nico Metzner<\/p>\n<p><a href=\"&#x6d;&#97;&#x69;&#x6c;t&#x6f;&#58;n&#x69;&#99;o&#x2e;&#109;&#x65;&#x74;z&#x6e;&#101;r&#x40;&#119;i&#x66;&#111;&#x65;&#x2e;&#107;&#x61;&#x72;l&#x73;&#114;u&#x68;&#101;&#46;&#x64;&#101;\">&#110;&#x69;c&#x6f;&#x2e;&#109;&#x65;t&#122;&#x6e;&#101;&#x72;&#64;&#119;&#x69;f&#x6f;e&#46;&#x6b;a&#x72;&#x6c;&#115;&#x72;u&#104;&#x65;&#46;&#x64;e<\/a><\/p>\n<p><\/script><\/p>\n<p><\/script><\/script><\/p>\n","protected":false},"excerpt":{"rendered":"<p>Zum zweiten Mal seit Beginn des grenz\u00fcberschreitendes Projektes Azubi-BacPro im Jahre 2015 konnten heute an unsere Sch\u00fcler aus dem dritten Ausbildungsjahr im Beruf Elektroniker Fachrichtung Energie- und Geb\u00e4udetechnikers und ihren franz\u00f6sischen Kollegen das Azubi-BacPro-Zertifikat \u00fcberreicht werden. Dazu bot das Alte Zollhaus in Lauterbourg, in dem der Eurodistrict Pamina seine Gesch\u00e4ftsstelle hat, einen w\u00fcrdigen Rahmen. Unser [&hellip;]<\/p>\n","protected":false},"author":3,"featured_media":0,"comment_status":"open","ping_status":"open","sticky":false,"template":"","format":"standard","meta":{"_exactmetrics_skip_tracking":false,"_exactmetrics_sitenote_active":false,"_exactmetrics_sitenote_note":"","_exactmetrics_sitenote_category":0,"footnotes":""},"categories":[57,59],"tags":[],"class_list":["post-3976","post","type-post","status-publish","format-standard","hentry","category-berufsbildung-de","category-ereignisse-de"],"yoast_head":"<!-- This site is optimized with the Yoast SEO plugin v23.5 - https:\/\/yoast.com\/wordpress\/plugins\/seo\/ -->\n<title>Azubi-BAcPro-Zertifikatsverleihung - PAMINA Business Club<\/title>\n<meta name=\"robots\" content=\"index, follow, max-snippet:-1, max-image-preview:large, max-video-preview:-1\" \/>\n<link rel=\"canonical\" href=\"http:\/\/www.pamina-business.com\/de\/azubi-bacpro-zertifikatsverleihung\/\" \/>\n<meta property=\"og:locale\" content=\"de_DE\" \/>\n<meta property=\"og:type\" content=\"article\" \/>\n<meta property=\"og:title\" content=\"Azubi-BAcPro-Zertifikatsverleihung - PAMINA Business Club\" \/>\n<meta property=\"og:description\" content=\"Zum zweiten Mal seit Beginn des grenz\u00fcberschreitendes Projektes Azubi-BacPro im Jahre 2015 konnten heute an unsere Sch\u00fcler aus dem dritten Ausbildungsjahr im Beruf Elektroniker Fachrichtung Energie- und Geb\u00e4udetechnikers und ihren franz\u00f6sischen Kollegen das Azubi-BacPro-Zertifikat \u00fcberreicht werden. Dazu bot das Alte Zollhaus in Lauterbourg, in dem der Eurodistrict Pamina seine Gesch\u00e4ftsstelle hat, einen w\u00fcrdigen Rahmen. Unser [&hellip;]\" \/>\n<meta property=\"og:url\" content=\"http:\/\/www.pamina-business.com\/de\/azubi-bacpro-zertifikatsverleihung\/\" \/>\n<meta property=\"og:site_name\" content=\"PAMINA Business Club\" \/>\n<meta property=\"article:published_time\" content=\"2019-07-25T09:58:12+00:00\" \/>\n<meta property=\"article:modified_time\" content=\"2019-07-08T10:19:00+00:00\" \/>\n<meta property=\"og:image\" content=\"http:\/\/www.pamina-business.com\/wp-content\/uploads\/2019\/07\/Gruppenbild-300x225.jpg\" \/>\n<meta name=\"author\" content=\"Monique STUTZMANN\" \/>\n<meta name=\"twitter:card\" content=\"summary_large_image\" \/>\n<meta name=\"twitter:label1\" content=\"Verfasst von\" \/>\n\t<meta name=\"twitter:data1\" content=\"Monique STUTZMANN\" \/>\n\t<meta name=\"twitter:label2\" content=\"Gesch\u00e4tzte Lesezeit\" \/>\n\t<meta name=\"twitter:data2\" content=\"2\u00a0Minuten\" \/>\n<script type=\"application\/ld+json\" class=\"yoast-schema-graph\">{\"@context\":\"https:\/\/schema.org\",\"@graph\":[{\"@type\":\"WebPage\",\"@id\":\"http:\/\/www.pamina-business.com\/de\/azubi-bacpro-zertifikatsverleihung\/\",\"url\":\"http:\/\/www.pamina-business.com\/de\/azubi-bacpro-zertifikatsverleihung\/\",\"name\":\"Azubi-BAcPro-Zertifikatsverleihung - PAMINA Business Club\",\"isPartOf\":{\"@id\":\"http:\/\/www.pamina-business.com\/de\/#website\"},\"primaryImageOfPage\":{\"@id\":\"http:\/\/www.pamina-business.com\/de\/azubi-bacpro-zertifikatsverleihung\/#primaryimage\"},\"image\":{\"@id\":\"http:\/\/www.pamina-business.com\/de\/azubi-bacpro-zertifikatsverleihung\/#primaryimage\"},\"thumbnailUrl\":\"http:\/\/www.pamina-business.com\/wp-content\/uploads\/2019\/07\/Gruppenbild-300x225.jpg\",\"datePublished\":\"2019-07-25T09:58:12+00:00\",\"dateModified\":\"2019-07-08T10:19:00+00:00\",\"author\":{\"@id\":\"http:\/\/www.pamina-business.com\/de\/#\/schema\/person\/9ab02536dbdbc5e3ef40bbc3452c8c69\"},\"breadcrumb\":{\"@id\":\"http:\/\/www.pamina-business.com\/de\/azubi-bacpro-zertifikatsverleihung\/#breadcrumb\"},\"inLanguage\":\"de\",\"potentialAction\":[{\"@type\":\"ReadAction\",\"target\":[\"http:\/\/www.pamina-business.com\/de\/azubi-bacpro-zertifikatsverleihung\/\"]}]},{\"@type\":\"ImageObject\",\"inLanguage\":\"de\",\"@id\":\"http:\/\/www.pamina-business.com\/de\/azubi-bacpro-zertifikatsverleihung\/#primaryimage\",\"url\":\"http:\/\/www.pamina-business.com\/wp-content\/uploads\/2019\/07\/Gruppenbild-300x225.jpg\",\"contentUrl\":\"http:\/\/www.pamina-business.com\/wp-content\/uploads\/2019\/07\/Gruppenbild-300x225.jpg\"},{\"@type\":\"BreadcrumbList\",\"@id\":\"http:\/\/www.pamina-business.com\/de\/azubi-bacpro-zertifikatsverleihung\/#breadcrumb\",\"itemListElement\":[{\"@type\":\"ListItem\",\"position\":1,\"name\":\"Accueil\",\"item\":\"http:\/\/www.pamina-business.com\/de\/\"},{\"@type\":\"ListItem\",\"position\":2,\"name\":\"Azubi-BAcPro-Zertifikatsverleihung\"}]},{\"@type\":\"WebSite\",\"@id\":\"http:\/\/www.pamina-business.com\/de\/#website\",\"url\":\"http:\/\/www.pamina-business.com\/de\/\",\"name\":\"PAMINA Business Club\",\"description\":\"Un site utilisant WordPress\",\"potentialAction\":[{\"@type\":\"SearchAction\",\"target\":{\"@type\":\"EntryPoint\",\"urlTemplate\":\"http:\/\/www.pamina-business.com\/de\/?s={search_term_string}\"},\"query-input\":{\"@type\":\"PropertyValueSpecification\",\"valueRequired\":true,\"valueName\":\"search_term_string\"}}],\"inLanguage\":\"de\"},{\"@type\":\"Person\",\"@id\":\"http:\/\/www.pamina-business.com\/de\/#\/schema\/person\/9ab02536dbdbc5e3ef40bbc3452c8c69\",\"name\":\"Monique STUTZMANN\",\"image\":{\"@type\":\"ImageObject\",\"inLanguage\":\"de\",\"@id\":\"http:\/\/www.pamina-business.com\/de\/#\/schema\/person\/image\/\",\"url\":\"https:\/\/secure.gravatar.com\/avatar\/cc1c3adf9a9f6e969d3da7b6b34ec66f5f4a6844dfc9145380a75e42cd91882e?s=96&d=mm&r=g\",\"contentUrl\":\"https:\/\/secure.gravatar.com\/avatar\/cc1c3adf9a9f6e969d3da7b6b34ec66f5f4a6844dfc9145380a75e42cd91882e?s=96&d=mm&r=g\",\"caption\":\"Monique STUTZMANN\"},\"url\":\"http:\/\/www.pamina-business.com\/de\/author\/monique\/\"}]}<\/script>\n<!-- \/ Yoast SEO plugin. -->","yoast_head_json":{"title":"Azubi-BAcPro-Zertifikatsverleihung - PAMINA Business Club","robots":{"index":"index","follow":"follow","max-snippet":"max-snippet:-1","max-image-preview":"max-image-preview:large","max-video-preview":"max-video-preview:-1"},"canonical":"http:\/\/www.pamina-business.com\/de\/azubi-bacpro-zertifikatsverleihung\/","og_locale":"de_DE","og_type":"article","og_title":"Azubi-BAcPro-Zertifikatsverleihung - PAMINA Business Club","og_description":"Zum zweiten Mal seit Beginn des grenz\u00fcberschreitendes Projektes Azubi-BacPro im Jahre 2015 konnten heute an unsere Sch\u00fcler aus dem dritten Ausbildungsjahr im Beruf Elektroniker Fachrichtung Energie- und Geb\u00e4udetechnikers und ihren franz\u00f6sischen Kollegen das Azubi-BacPro-Zertifikat \u00fcberreicht werden. Dazu bot das Alte Zollhaus in Lauterbourg, in dem der Eurodistrict Pamina seine Gesch\u00e4ftsstelle hat, einen w\u00fcrdigen Rahmen. Unser [&hellip;]","og_url":"http:\/\/www.pamina-business.com\/de\/azubi-bacpro-zertifikatsverleihung\/","og_site_name":"PAMINA Business Club","article_published_time":"2019-07-25T09:58:12+00:00","article_modified_time":"2019-07-08T10:19:00+00:00","og_image":[{"url":"http:\/\/www.pamina-business.com\/wp-content\/uploads\/2019\/07\/Gruppenbild-300x225.jpg"}],"author":"Monique STUTZMANN","twitter_card":"summary_large_image","twitter_misc":{"Verfasst von":"Monique STUTZMANN","Gesch\u00e4tzte Lesezeit":"2\u00a0Minuten"},"schema":{"@context":"https:\/\/schema.org","@graph":[{"@type":"WebPage","@id":"http:\/\/www.pamina-business.com\/de\/azubi-bacpro-zertifikatsverleihung\/","url":"http:\/\/www.pamina-business.com\/de\/azubi-bacpro-zertifikatsverleihung\/","name":"Azubi-BAcPro-Zertifikatsverleihung - PAMINA Business Club","isPartOf":{"@id":"http:\/\/www.pamina-business.com\/de\/#website"},"primaryImageOfPage":{"@id":"http:\/\/www.pamina-business.com\/de\/azubi-bacpro-zertifikatsverleihung\/#primaryimage"},"image":{"@id":"http:\/\/www.pamina-business.com\/de\/azubi-bacpro-zertifikatsverleihung\/#primaryimage"},"thumbnailUrl":"http:\/\/www.pamina-business.com\/wp-content\/uploads\/2019\/07\/Gruppenbild-300x225.jpg","datePublished":"2019-07-25T09:58:12+00:00","dateModified":"2019-07-08T10:19:00+00:00","author":{"@id":"http:\/\/www.pamina-business.com\/de\/#\/schema\/person\/9ab02536dbdbc5e3ef40bbc3452c8c69"},"breadcrumb":{"@id":"http:\/\/www.pamina-business.com\/de\/azubi-bacpro-zertifikatsverleihung\/#breadcrumb"},"inLanguage":"de","potentialAction":[{"@type":"ReadAction","target":["http:\/\/www.pamina-business.com\/de\/azubi-bacpro-zertifikatsverleihung\/"]}]},{"@type":"ImageObject","inLanguage":"de","@id":"http:\/\/www.pamina-business.com\/de\/azubi-bacpro-zertifikatsverleihung\/#primaryimage","url":"http:\/\/www.pamina-business.com\/wp-content\/uploads\/2019\/07\/Gruppenbild-300x225.jpg","contentUrl":"http:\/\/www.pamina-business.com\/wp-content\/uploads\/2019\/07\/Gruppenbild-300x225.jpg"},{"@type":"BreadcrumbList","@id":"http:\/\/www.pamina-business.com\/de\/azubi-bacpro-zertifikatsverleihung\/#breadcrumb","itemListElement":[{"@type":"ListItem","position":1,"name":"Accueil","item":"http:\/\/www.pamina-business.com\/de\/"},{"@type":"ListItem","position":2,"name":"Azubi-BAcPro-Zertifikatsverleihung"}]},{"@type":"WebSite","@id":"http:\/\/www.pamina-business.com\/de\/#website","url":"http:\/\/www.pamina-business.com\/de\/","name":"PAMINA Business Club","description":"Un site utilisant WordPress","potentialAction":[{"@type":"SearchAction","target":{"@type":"EntryPoint","urlTemplate":"http:\/\/www.pamina-business.com\/de\/?s={search_term_string}"},"query-input":{"@type":"PropertyValueSpecification","valueRequired":true,"valueName":"search_term_string"}}],"inLanguage":"de"},{"@type":"Person","@id":"http:\/\/www.pamina-business.com\/de\/#\/schema\/person\/9ab02536dbdbc5e3ef40bbc3452c8c69","name":"Monique STUTZMANN","image":{"@type":"ImageObject","inLanguage":"de","@id":"http:\/\/www.pamina-business.com\/de\/#\/schema\/person\/image\/","url":"https:\/\/secure.gravatar.com\/avatar\/cc1c3adf9a9f6e969d3da7b6b34ec66f5f4a6844dfc9145380a75e42cd91882e?s=96&d=mm&r=g","contentUrl":"https:\/\/secure.gravatar.com\/avatar\/cc1c3adf9a9f6e969d3da7b6b34ec66f5f4a6844dfc9145380a75e42cd91882e?s=96&d=mm&r=g","caption":"Monique STUTZMANN"},"url":"http:\/\/www.pamina-business.com\/de\/author\/monique\/"}]}},"_links":{"self":[{"href":"http:\/\/www.pamina-business.com\/de\/wp-json\/wp\/v2\/posts\/3976","targetHints":{"allow":["GET"]}}],"collection":[{"href":"http:\/\/www.pamina-business.com\/de\/wp-json\/wp\/v2\/posts"}],"about":[{"href":"http:\/\/www.pamina-business.com\/de\/wp-json\/wp\/v2\/types\/post"}],"author":[{"embeddable":true,"href":"http:\/\/www.pamina-business.com\/de\/wp-json\/wp\/v2\/users\/3"}],"replies":[{"embeddable":true,"href":"http:\/\/www.pamina-business.com\/de\/wp-json\/wp\/v2\/comments?post=3976"}],"version-history":[{"count":3,"href":"http:\/\/www.pamina-business.com\/de\/wp-json\/wp\/v2\/posts\/3976\/revisions"}],"predecessor-version":[{"id":3980,"href":"http:\/\/www.pamina-business.com\/de\/wp-json\/wp\/v2\/posts\/3976\/revisions\/3980"}],"wp:attachment":[{"href":"http:\/\/www.pamina-business.com\/de\/wp-json\/wp\/v2\/media?parent=3976"}],"wp:term":[{"taxonomy":"category","embeddable":true,"href":"http:\/\/www.pamina-business.com\/de\/wp-json\/wp\/v2\/categories?post=3976"},{"taxonomy":"post_tag","embeddable":true,"href":"http:\/\/www.pamina-business.com\/de\/wp-json\/wp\/v2\/tags?post=3976"}],"curies":[{"name":"wp","href":"https:\/\/api.w.org\/{rel}","templated":true}]}}