{"id":3953,"date":"2019-07-12T13:27:28","date_gmt":"2019-07-12T13:27:28","guid":{"rendered":"http:\/\/www.pamina-business.com\/?p=3953"},"modified":"2019-07-01T14:09:16","modified_gmt":"2019-07-01T14:09:16","slug":"norcan-inaugure-sa-nouvelle-unite-de-fabrication-a-haguenau","status":"publish","type":"post","link":"http:\/\/www.pamina-business.com\/de\/norcan-inaugure-sa-nouvelle-unite-de-fabrication-a-haguenau\/","title":{"rendered":"NORCAN inaugure sa nouvelle unit\u00e9 de fabrication \u00e0 Haguenau"},"content":{"rendered":"<div class=\"title\">\n<div>\n<div class=\"small_content\">\n<h1 class=\"nosub\"><span class=\"blue_gradient\">\u00a0<\/span><\/h1>\n<\/div>\n<\/div>\n<\/div>\n<section class=\"content greybg\">\n<div>\n<div class=\"extra_small_content\">\n<div id=\"slider_img\" class=\"carousel slide\" data-ride=\"carousel\">\n<div class=\"carousel-inner has_legend\">\n<div class=\"carousel-item active\">\n<p><img decoding=\"async\" src=\"https:\/\/www.adira.com\/wp-content\/uploads\/norcan-tribune-sherpa-800x400.jpg\" srcset=\"https:\/\/www.adira.com\/wp-content\/uploads\/norcan-tribune-sherpa-1600x800.jpg 2x\" alt=\"Norcan\" \/><\/p>\n<div class=\"credit\"><\/div>\n<\/div>\n<\/div>\n<\/div>\n<div class=\"mgtbb\">\n<p><strong><a href=\"https:\/\/www.mynorcan.com\/\" target=\"_blank\" rel=\"noopener noreferrer\">NORCAN<\/a> emploie 130 salari\u00e9s \u00e0 Haguenau et est leader fran\u00e7ais des \u00e9quipements industriels sur mesure. L\u2019entreprise a inaugur\u00e9 au mois de juin sa nouvelle unit\u00e9 de fabrication du Sherpa, son robot collaboratif d\u2019assistance \u00e0 la manutention et \u00e0 la pr\u00e9paration de commandes. L\u2019ADIRA soutient St\u00e9phane Fauth, dirigeant de NORCAN, depuis de nombreuses ann\u00e9es. Elle l\u2019accompagne notamment sur ses r\u00e9flexions fonci\u00e8res, sur la recherche de fournisseurs locaux et sur diverses mises en r\u00e9seau. NORCAN est membre du r\u00e9seau RESILIAN*.<\/strong><\/p>\n<p>Devant 300 invit\u00e9s, regroupant un grand nombre d\u2019industriels, clients, financeurs et institutionnels locaux, une d\u00e9monstration \u00ab en live \u00bb du robot a \u00e9t\u00e9 r\u00e9alis\u00e9e. Ce chariot du futur peut, au choix, suivre un pr\u00e9parateur de commandes ou se d\u00e9placer de mani\u00e8re autonome selon un parcours d\u00e9termin\u00e9, en \u00e9vitant les obstacles statiques ou mobiles sur son passage. Il peut porter une charge allant jusqu\u2019\u00e0 100 kg ou tracter une charge de 200 kg.<\/p>\n<p>Les avantages du robot sont triples :<\/p>\n<ul>\n<li>supprimer les manutentions manuelles inutiles (comme pousser un chariot) afin de lib\u00e9rer les mains des op\u00e9rateurs,<\/li>\n<li>r\u00e9duire les distances qu\u2019ils parcourent,<\/li>\n<li>gagner en productivit\u00e9.<\/li>\n<\/ul>\n<p>Cette activit\u00e9 robotique est compl\u00e9mentaire \u00e0 la l\u2019activit\u00e9 traditionnelle de l\u2019entreprise, qui construit des chariots et convoyeurs modulaires en aluminium pour l\u2019industrie automobile, ferroviaire ou a\u00e9ronautique.<\/p>\n<p>Avec un nouveau site de production, NORCAN va pouvoir commercialiser le Sherpa \u00e0 plus grande \u00e9chelle et r\u00e9pondre aux nombreuses demandes qui lui parviennent. De nouveaux mod\u00e8les de robots seront \u00e9galement \u00e0 l\u2019\u00e9tude. \u00c0 ce jour, le projet a d\u00e9j\u00e0 cr\u00e9\u00e9 15 emplois d\u2019ing\u00e9nieurs, de techniciens et d\u2019ouvriers. Et d\u2019ici 2021, le site de Haguenau, o\u00f9 travaillent 115 salari\u00e9s, pr\u00e9voit une vingtaine d\u2019embauches. De gros d\u00e9veloppements sont pr\u00e9vus \u00e0 l\u2019export, notamment avec des implantations en Asie et aux Etats-Unis.<\/p>\n<p>&nbsp;<\/p>\n<p><em>*RESILIAN, R\u00e9seau d\u2019Industriels Innovants d\u2019Alsace du Nord a \u00e9t\u00e9 initi\u00e9 par l\u2019ADIRA et est financ\u00e9 par la Communaut\u00e9 d\u2019agglom\u00e9ration de Haguenau, la R\u00e9gion Grand Est et un fonds de revitalisation. Il regroupe des industriels, collectivit\u00e9s, l\u2019universit\u00e9 et des partenaires de l\u2019ADIRA (UIMM, SEMIA, BPI, Grand E-Nov) pour faire progresser les entreprises du territoire.\u00a0<\/em><\/p>\n<p>&nbsp;<\/p>\n<figure id=\"attachment_3732\" class=\"wp-caption aligncenter\"><img loading=\"lazy\" decoding=\"async\" class=\"wp-image-3732 size-large\" src=\"https:\/\/www.adira.com\/wp-content\/uploads\/norcan-pres-sherpa-764x1024.jpg\" sizes=\"auto, (max-width: 640px) 100vw, 640px\" srcset=\"https:\/\/www.adira.com\/wp-content\/uploads\/norcan-pres-sherpa-764x1024.jpg 764w, https:\/\/www.adira.com\/wp-content\/uploads\/norcan-pres-sherpa-224x300.jpg 224w, https:\/\/www.adira.com\/wp-content\/uploads\/norcan-pres-sherpa-768x1029.jpg 768w, https:\/\/www.adira.com\/wp-content\/uploads\/norcan-pres-sherpa.jpg 1504w\" alt=\"\" width=\"640\" height=\"858\" \/><figcaption id=\"caption-attachment-3732\" class=\"wp-caption-text\">St\u00e9phane Fauth, NORCAN<\/figcaption><\/figure>\n<p>&nbsp;<\/p>\n<figure id=\"attachment_3731\" class=\"wp-caption aligncenter\"><img loading=\"lazy\" decoding=\"async\" class=\"wp-image-3731 size-large\" src=\"https:\/\/www.adira.com\/wp-content\/uploads\/norcan-inaug-hall-1024x768.jpg\" sizes=\"auto, (max-width: 640px) 100vw, 640px\" srcset=\"https:\/\/www.adira.com\/wp-content\/uploads\/norcan-inaug-hall-1024x768.jpg 1024w, https:\/\/www.adira.com\/wp-content\/uploads\/norcan-inaug-hall-300x225.jpg 300w, https:\/\/www.adira.com\/wp-content\/uploads\/norcan-inaug-hall-768x576.jpg 768w\" alt=\"\" width=\"640\" height=\"480\" \/><figcaption id=\"caption-attachment-3731\" class=\"wp-caption-text\">St\u00e9phane Fauth, NORCAN<\/figcaption><\/figure>\n<p><em>Source<\/em> : ADIRA, agence de d\u00e9veloppement d&#8217;Alsace*<\/p>\n<p><a href=\"http:\/\/www.adira.com\">www.adira.com<\/a><\/p>\n<p><em>Contact<\/em> : Alexandre Michiels, ADIRA<\/p>\n<p><a href=\"&#109;&#x61;&#105;&#x6c;t&#x6f;:&#97;&#x6c;&#101;&#x78;&#97;&#x6e;d&#x72;e&#46;&#x6d;&#105;&#x63;h&#x69;e&#x6c;&#x73;&#64;&#x61;&#100;&#x69;r&#x61;&#46;&#99;&#x6f;&#109;\">&#x61;l&#x65;&#120;a&#x6e;&#100;&#x72;&#101;&#46;&#x6d;&#105;&#x63;&#104;i&#x65;&#108;&#x73;&#x40;a&#x64;&#105;r&#x61;&#46;&#x63;&#111;m <\/a><\/p>\n<\/div>\n<\/div>\n<\/div>\n<\/section>\n<p><\/script><\/script><\/p>\n<p><\/script><\/p>\n<p><\/script><\/script><\/script><\/script><\/p>\n","protected":false},"excerpt":{"rendered":"<p>\u00a0 NORCAN emploie 130 salari\u00e9s \u00e0 Haguenau et est leader fran\u00e7ais des \u00e9quipements industriels sur mesure. L\u2019entreprise a inaugur\u00e9 au mois de juin sa nouvelle unit\u00e9 de fabrication du Sherpa, son robot collaboratif d\u2019assistance \u00e0 la manutention et \u00e0 la pr\u00e9paration de commandes. L\u2019ADIRA soutient St\u00e9phane Fauth, dirigeant de NORCAN, depuis de nombreuses ann\u00e9es. Elle [&hellip;]<\/p>\n","protected":false},"author":3,"featured_media":0,"comment_status":"open","ping_status":"open","sticky":false,"template":"","format":"standard","meta":{"_exactmetrics_skip_tracking":false,"_exactmetrics_sitenote_active":false,"_exactmetrics_sitenote_note":"","_exactmetrics_sitenote_category":0,"footnotes":""},"categories":[7,47],"tags":[],"class_list":["post-3953","post","type-post","status-publish","format-standard","hentry","category-evenements-fr","category-industrie-fr"],"yoast_head":"<!-- This site is optimized with the Yoast SEO plugin v23.5 - https:\/\/yoast.com\/wordpress\/plugins\/seo\/ -->\n<title>NORCAN inaugure sa nouvelle unit\u00e9 de fabrication \u00e0 Haguenau - PAMINA Business Club<\/title>\n<meta name=\"robots\" content=\"index, follow, max-snippet:-1, max-image-preview:large, max-video-preview:-1\" \/>\n<link rel=\"canonical\" href=\"https:\/\/www.pamina-business.com\/en\/norcan-inaugure-sa-nouvelle-unite-de-fabrication-a-haguenau\/\" \/>\n<meta property=\"og:locale\" content=\"de_DE\" \/>\n<meta property=\"og:type\" content=\"article\" \/>\n<meta property=\"og:title\" content=\"NORCAN inaugure sa nouvelle unit\u00e9 de fabrication \u00e0 Haguenau - PAMINA Business Club\" \/>\n<meta property=\"og:description\" content=\"\u00a0 NORCAN emploie 130 salari\u00e9s \u00e0 Haguenau et est leader fran\u00e7ais des \u00e9quipements industriels sur mesure. L\u2019entreprise a inaugur\u00e9 au mois de juin sa nouvelle unit\u00e9 de fabrication du Sherpa, son robot collaboratif d\u2019assistance \u00e0 la manutention et \u00e0 la pr\u00e9paration de commandes. L\u2019ADIRA soutient St\u00e9phane Fauth, dirigeant de NORCAN, depuis de nombreuses ann\u00e9es. Elle [&hellip;]\" \/>\n<meta property=\"og:url\" content=\"https:\/\/www.pamina-business.com\/en\/norcan-inaugure-sa-nouvelle-unite-de-fabrication-a-haguenau\/\" \/>\n<meta property=\"og:site_name\" content=\"PAMINA Business Club\" \/>\n<meta property=\"article:published_time\" content=\"2019-07-12T13:27:28+00:00\" \/>\n<meta property=\"article:modified_time\" content=\"2019-07-01T14:09:16+00:00\" \/>\n<meta property=\"og:image\" content=\"https:\/\/www.adira.com\/wp-content\/uploads\/norcan-tribune-sherpa-800x400.jpg\" \/>\n<meta name=\"author\" content=\"Monique STUTZMANN\" \/>\n<meta name=\"twitter:card\" content=\"summary_large_image\" \/>\n<meta name=\"twitter:label1\" content=\"Verfasst von\" \/>\n\t<meta name=\"twitter:data1\" content=\"Monique STUTZMANN\" \/>\n\t<meta name=\"twitter:label2\" content=\"Gesch\u00e4tzte Lesezeit\" \/>\n\t<meta name=\"twitter:data2\" content=\"2\u00a0Minuten\" \/>\n<script type=\"application\/ld+json\" class=\"yoast-schema-graph\">{\"@context\":\"https:\/\/schema.org\",\"@graph\":[{\"@type\":\"WebPage\",\"@id\":\"https:\/\/www.pamina-business.com\/en\/norcan-inaugure-sa-nouvelle-unite-de-fabrication-a-haguenau\/\",\"url\":\"https:\/\/www.pamina-business.com\/en\/norcan-inaugure-sa-nouvelle-unite-de-fabrication-a-haguenau\/\",\"name\":\"NORCAN inaugure sa nouvelle unit\u00e9 de fabrication \u00e0 Haguenau - PAMINA Business Club\",\"isPartOf\":{\"@id\":\"https:\/\/www.pamina-business.com\/de\/#website\"},\"primaryImageOfPage\":{\"@id\":\"https:\/\/www.pamina-business.com\/en\/norcan-inaugure-sa-nouvelle-unite-de-fabrication-a-haguenau\/#primaryimage\"},\"image\":{\"@id\":\"https:\/\/www.pamina-business.com\/en\/norcan-inaugure-sa-nouvelle-unite-de-fabrication-a-haguenau\/#primaryimage\"},\"thumbnailUrl\":\"https:\/\/www.adira.com\/wp-content\/uploads\/norcan-tribune-sherpa-800x400.jpg\",\"datePublished\":\"2019-07-12T13:27:28+00:00\",\"dateModified\":\"2019-07-01T14:09:16+00:00\",\"author\":{\"@id\":\"https:\/\/www.pamina-business.com\/de\/#\/schema\/person\/9ab02536dbdbc5e3ef40bbc3452c8c69\"},\"breadcrumb\":{\"@id\":\"https:\/\/www.pamina-business.com\/en\/norcan-inaugure-sa-nouvelle-unite-de-fabrication-a-haguenau\/#breadcrumb\"},\"inLanguage\":\"de\",\"potentialAction\":[{\"@type\":\"ReadAction\",\"target\":[\"https:\/\/www.pamina-business.com\/en\/norcan-inaugure-sa-nouvelle-unite-de-fabrication-a-haguenau\/\"]}]},{\"@type\":\"ImageObject\",\"inLanguage\":\"de\",\"@id\":\"https:\/\/www.pamina-business.com\/en\/norcan-inaugure-sa-nouvelle-unite-de-fabrication-a-haguenau\/#primaryimage\",\"url\":\"https:\/\/www.adira.com\/wp-content\/uploads\/norcan-tribune-sherpa-800x400.jpg\",\"contentUrl\":\"https:\/\/www.adira.com\/wp-content\/uploads\/norcan-tribune-sherpa-800x400.jpg\"},{\"@type\":\"BreadcrumbList\",\"@id\":\"https:\/\/www.pamina-business.com\/en\/norcan-inaugure-sa-nouvelle-unite-de-fabrication-a-haguenau\/#breadcrumb\",\"itemListElement\":[{\"@type\":\"ListItem\",\"position\":1,\"name\":\"Accueil\",\"item\":\"https:\/\/www.pamina-business.com\/de\/\"},{\"@type\":\"ListItem\",\"position\":2,\"name\":\"NORCAN inaugure sa nouvelle unit\u00e9 de fabrication \u00e0 Haguenau\"}]},{\"@type\":\"WebSite\",\"@id\":\"https:\/\/www.pamina-business.com\/de\/#website\",\"url\":\"https:\/\/www.pamina-business.com\/de\/\",\"name\":\"PAMINA Business Club\",\"description\":\"Un site utilisant WordPress\",\"potentialAction\":[{\"@type\":\"SearchAction\",\"target\":{\"@type\":\"EntryPoint\",\"urlTemplate\":\"https:\/\/www.pamina-business.com\/de\/?s={search_term_string}\"},\"query-input\":{\"@type\":\"PropertyValueSpecification\",\"valueRequired\":true,\"valueName\":\"search_term_string\"}}],\"inLanguage\":\"de\"},{\"@type\":\"Person\",\"@id\":\"https:\/\/www.pamina-business.com\/de\/#\/schema\/person\/9ab02536dbdbc5e3ef40bbc3452c8c69\",\"name\":\"Monique STUTZMANN\",\"image\":{\"@type\":\"ImageObject\",\"inLanguage\":\"de\",\"@id\":\"https:\/\/www.pamina-business.com\/de\/#\/schema\/person\/image\/\",\"url\":\"https:\/\/secure.gravatar.com\/avatar\/cc1c3adf9a9f6e969d3da7b6b34ec66f5f4a6844dfc9145380a75e42cd91882e?s=96&d=mm&r=g\",\"contentUrl\":\"https:\/\/secure.gravatar.com\/avatar\/cc1c3adf9a9f6e969d3da7b6b34ec66f5f4a6844dfc9145380a75e42cd91882e?s=96&d=mm&r=g\",\"caption\":\"Monique STUTZMANN\"},\"url\":\"http:\/\/www.pamina-business.com\/de\/author\/monique\/\"}]}<\/script>\n<!-- \/ Yoast SEO plugin. -->","yoast_head_json":{"title":"NORCAN inaugure sa nouvelle unit\u00e9 de fabrication \u00e0 Haguenau - PAMINA Business Club","robots":{"index":"index","follow":"follow","max-snippet":"max-snippet:-1","max-image-preview":"max-image-preview:large","max-video-preview":"max-video-preview:-1"},"canonical":"https:\/\/www.pamina-business.com\/en\/norcan-inaugure-sa-nouvelle-unite-de-fabrication-a-haguenau\/","og_locale":"de_DE","og_type":"article","og_title":"NORCAN inaugure sa nouvelle unit\u00e9 de fabrication \u00e0 Haguenau - PAMINA Business Club","og_description":"\u00a0 NORCAN emploie 130 salari\u00e9s \u00e0 Haguenau et est leader fran\u00e7ais des \u00e9quipements industriels sur mesure. L\u2019entreprise a inaugur\u00e9 au mois de juin sa nouvelle unit\u00e9 de fabrication du Sherpa, son robot collaboratif d\u2019assistance \u00e0 la manutention et \u00e0 la pr\u00e9paration de commandes. L\u2019ADIRA soutient St\u00e9phane Fauth, dirigeant de NORCAN, depuis de nombreuses ann\u00e9es. Elle [&hellip;]","og_url":"https:\/\/www.pamina-business.com\/en\/norcan-inaugure-sa-nouvelle-unite-de-fabrication-a-haguenau\/","og_site_name":"PAMINA Business Club","article_published_time":"2019-07-12T13:27:28+00:00","article_modified_time":"2019-07-01T14:09:16+00:00","og_image":[{"url":"https:\/\/www.adira.com\/wp-content\/uploads\/norcan-tribune-sherpa-800x400.jpg"}],"author":"Monique STUTZMANN","twitter_card":"summary_large_image","twitter_misc":{"Verfasst von":"Monique STUTZMANN","Gesch\u00e4tzte Lesezeit":"2\u00a0Minuten"},"schema":{"@context":"https:\/\/schema.org","@graph":[{"@type":"WebPage","@id":"https:\/\/www.pamina-business.com\/en\/norcan-inaugure-sa-nouvelle-unite-de-fabrication-a-haguenau\/","url":"https:\/\/www.pamina-business.com\/en\/norcan-inaugure-sa-nouvelle-unite-de-fabrication-a-haguenau\/","name":"NORCAN inaugure sa nouvelle unit\u00e9 de fabrication \u00e0 Haguenau - PAMINA Business Club","isPartOf":{"@id":"https:\/\/www.pamina-business.com\/de\/#website"},"primaryImageOfPage":{"@id":"https:\/\/www.pamina-business.com\/en\/norcan-inaugure-sa-nouvelle-unite-de-fabrication-a-haguenau\/#primaryimage"},"image":{"@id":"https:\/\/www.pamina-business.com\/en\/norcan-inaugure-sa-nouvelle-unite-de-fabrication-a-haguenau\/#primaryimage"},"thumbnailUrl":"https:\/\/www.adira.com\/wp-content\/uploads\/norcan-tribune-sherpa-800x400.jpg","datePublished":"2019-07-12T13:27:28+00:00","dateModified":"2019-07-01T14:09:16+00:00","author":{"@id":"https:\/\/www.pamina-business.com\/de\/#\/schema\/person\/9ab02536dbdbc5e3ef40bbc3452c8c69"},"breadcrumb":{"@id":"https:\/\/www.pamina-business.com\/en\/norcan-inaugure-sa-nouvelle-unite-de-fabrication-a-haguenau\/#breadcrumb"},"inLanguage":"de","potentialAction":[{"@type":"ReadAction","target":["https:\/\/www.pamina-business.com\/en\/norcan-inaugure-sa-nouvelle-unite-de-fabrication-a-haguenau\/"]}]},{"@type":"ImageObject","inLanguage":"de","@id":"https:\/\/www.pamina-business.com\/en\/norcan-inaugure-sa-nouvelle-unite-de-fabrication-a-haguenau\/#primaryimage","url":"https:\/\/www.adira.com\/wp-content\/uploads\/norcan-tribune-sherpa-800x400.jpg","contentUrl":"https:\/\/www.adira.com\/wp-content\/uploads\/norcan-tribune-sherpa-800x400.jpg"},{"@type":"BreadcrumbList","@id":"https:\/\/www.pamina-business.com\/en\/norcan-inaugure-sa-nouvelle-unite-de-fabrication-a-haguenau\/#breadcrumb","itemListElement":[{"@type":"ListItem","position":1,"name":"Accueil","item":"https:\/\/www.pamina-business.com\/de\/"},{"@type":"ListItem","position":2,"name":"NORCAN inaugure sa nouvelle unit\u00e9 de fabrication \u00e0 Haguenau"}]},{"@type":"WebSite","@id":"https:\/\/www.pamina-business.com\/de\/#website","url":"https:\/\/www.pamina-business.com\/de\/","name":"PAMINA Business Club","description":"Un site utilisant WordPress","potentialAction":[{"@type":"SearchAction","target":{"@type":"EntryPoint","urlTemplate":"https:\/\/www.pamina-business.com\/de\/?s={search_term_string}"},"query-input":{"@type":"PropertyValueSpecification","valueRequired":true,"valueName":"search_term_string"}}],"inLanguage":"de"},{"@type":"Person","@id":"https:\/\/www.pamina-business.com\/de\/#\/schema\/person\/9ab02536dbdbc5e3ef40bbc3452c8c69","name":"Monique STUTZMANN","image":{"@type":"ImageObject","inLanguage":"de","@id":"https:\/\/www.pamina-business.com\/de\/#\/schema\/person\/image\/","url":"https:\/\/secure.gravatar.com\/avatar\/cc1c3adf9a9f6e969d3da7b6b34ec66f5f4a6844dfc9145380a75e42cd91882e?s=96&d=mm&r=g","contentUrl":"https:\/\/secure.gravatar.com\/avatar\/cc1c3adf9a9f6e969d3da7b6b34ec66f5f4a6844dfc9145380a75e42cd91882e?s=96&d=mm&r=g","caption":"Monique STUTZMANN"},"url":"http:\/\/www.pamina-business.com\/de\/author\/monique\/"}]}},"_links":{"self":[{"href":"http:\/\/www.pamina-business.com\/de\/wp-json\/wp\/v2\/posts\/3953","targetHints":{"allow":["GET"]}}],"collection":[{"href":"http:\/\/www.pamina-business.com\/de\/wp-json\/wp\/v2\/posts"}],"about":[{"href":"http:\/\/www.pamina-business.com\/de\/wp-json\/wp\/v2\/types\/post"}],"author":[{"embeddable":true,"href":"http:\/\/www.pamina-business.com\/de\/wp-json\/wp\/v2\/users\/3"}],"replies":[{"embeddable":true,"href":"http:\/\/www.pamina-business.com\/de\/wp-json\/wp\/v2\/comments?post=3953"}],"version-history":[{"count":3,"href":"http:\/\/www.pamina-business.com\/de\/wp-json\/wp\/v2\/posts\/3953\/revisions"}],"predecessor-version":[{"id":3956,"href":"http:\/\/www.pamina-business.com\/de\/wp-json\/wp\/v2\/posts\/3953\/revisions\/3956"}],"wp:attachment":[{"href":"http:\/\/www.pamina-business.com\/de\/wp-json\/wp\/v2\/media?parent=3953"}],"wp:term":[{"taxonomy":"category","embeddable":true,"href":"http:\/\/www.pamina-business.com\/de\/wp-json\/wp\/v2\/categories?post=3953"},{"taxonomy":"post_tag","embeddable":true,"href":"http:\/\/www.pamina-business.com\/de\/wp-json\/wp\/v2\/tags?post=3953"}],"curies":[{"name":"wp","href":"https:\/\/api.w.org\/{rel}","templated":true}]}}