{"id":3948,"date":"2019-07-10T12:58:02","date_gmt":"2019-07-10T12:58:02","guid":{"rendered":"http:\/\/www.pamina-business.com\/?p=3948"},"modified":"2019-07-01T13:22:57","modified_gmt":"2019-07-01T13:22:57","slug":"travail-frontalier-une-etude-de-linsee","status":"publish","type":"post","link":"http:\/\/www.pamina-business.com\/de\/travail-frontalier-une-etude-de-linsee\/","title":{"rendered":"Travail frontalier : parution d&#8217;une \u00e9tude de l&#8217;INSEE"},"content":{"rendered":"<p>Une \u00e9tude INSEE vient de para\u00eetre le 4\/06\/19 consacr\u00e9e au travail frontalier.<\/p>\n<div class=\"chapeau\">\n<p class=\"paragraphe-chapeau   \">En 2015, plus de 360\u00a0000\u00a0habitants des zones frontali\u00e8res fran\u00e7aises travaillent dans un pays limitrophe, \u00e0 proximit\u00e9 de la fronti\u00e8re.<\/p>\n<p class=\"paragraphe-chapeau   \">Entre 2010 et 2015, dans les territoires frontaliers de l\u2019Hexagone, l\u2019emploi \u00e9volue de fa\u00e7on globalement plus favorable \u00e0 l\u2019\u00e9tranger qu\u2019en France, sauf en Espagne et en Italie.<\/p>\n<p class=\"paragraphe-chapeau   \">Le dynamisme \u00e9conomique des pays voisins tels que le Luxembourg, la Suisse et Monaco, ainsi que les salaires offerts, incitent les actifs r\u00e9sidant en France pr\u00e8s des fronti\u00e8res \u00e0 aller y\u00a0travailler. Dans ces pays, la part de frontaliers venant de France dans l\u2019emploi est \u00e9lev\u00e9e \u00e0 proximit\u00e9 des fronti\u00e8res (28\u00a0% dans le canton de Gen\u00e8ve par exemple).<\/p>\n<p class=\"paragraphe-chapeau   \">Malgr\u00e9 une croissance de l\u2019emploi en Allemagne et en Belgique, les flux de travailleurs frontaliers vers ces pays, davantage tourn\u00e9s vers les secteurs industriels, sont moins nombreux. Ils diminuent vers l\u2019outre-Rhin.<\/p>\n<p class=\"paragraphe-chapeau   \">Certaines zones frontali\u00e8res fran\u00e7aises attirent des r\u00e9sidents, gr\u00e2ce au possible travail frontalier. Mais elles b\u00e9n\u00e9ficient rarement de retomb\u00e9es positives sur l\u2019emploi, hormis celles situ\u00e9es autour du lac L\u00e9man.<\/p>\n<\/div>\n<p>Vous la trouverez sous :\u00a0 <a href=\"https:\/\/www.insee.fr\/fr\/statistiques\/4164642\">https:\/\/www.insee.fr\/fr\/statistiques\/4164642<\/a><\/p>\n<p><em>Source<\/em> : <a href=\"http:\/\/www.insee.fr\">www.insee.fr<\/a><\/p>\n<p><em>Contact<\/em> : Direction r\u00e9gionale Insee grand est<\/p>\n<p>Sophie Villaume et Elena Mironova<\/p>\n<p>&nbsp;<\/p>\n<p><\/script><\/p>\n<p><\/script><\/p>\n","protected":false},"excerpt":{"rendered":"<p>Une \u00e9tude INSEE vient de para\u00eetre le 4\/06\/19 consacr\u00e9e au travail frontalier. En 2015, plus de 360\u00a0000\u00a0habitants des zones frontali\u00e8res fran\u00e7aises travaillent dans un pays limitrophe, \u00e0 proximit\u00e9 de la fronti\u00e8re. Entre 2010 et 2015, dans les territoires frontaliers de l\u2019Hexagone, l\u2019emploi \u00e9volue de fa\u00e7on globalement plus favorable \u00e0 l\u2019\u00e9tranger qu\u2019en France, sauf en Espagne [&hellip;]<\/p>\n","protected":false},"author":3,"featured_media":0,"comment_status":"open","ping_status":"open","sticky":false,"template":"","format":"standard","meta":{"_exactmetrics_skip_tracking":false,"_exactmetrics_sitenote_active":false,"_exactmetrics_sitenote_note":"","_exactmetrics_sitenote_category":0,"footnotes":""},"categories":[65],"tags":[],"class_list":["post-3948","post","type-post","status-publish","format-standard","hentry","category-economie"],"yoast_head":"<!-- This site is optimized with the Yoast SEO plugin v23.5 - https:\/\/yoast.com\/wordpress\/plugins\/seo\/ -->\n<title>Travail frontalier : parution d&#039;une \u00e9tude de l&#039;INSEE - PAMINA Business Club<\/title>\n<meta name=\"robots\" content=\"index, follow, max-snippet:-1, max-image-preview:large, max-video-preview:-1\" \/>\n<link rel=\"canonical\" href=\"https:\/\/www.pamina-business.com\/travail-frontalier-une-etude-de-linsee\/\" \/>\n<meta property=\"og:locale\" content=\"de_DE\" \/>\n<meta property=\"og:type\" content=\"article\" \/>\n<meta property=\"og:title\" content=\"Travail frontalier : parution d&#039;une \u00e9tude de l&#039;INSEE - PAMINA Business Club\" \/>\n<meta property=\"og:description\" content=\"Une \u00e9tude INSEE vient de para\u00eetre le 4\/06\/19 consacr\u00e9e au travail frontalier. En 2015, plus de 360\u00a0000\u00a0habitants des zones frontali\u00e8res fran\u00e7aises travaillent dans un pays limitrophe, \u00e0 proximit\u00e9 de la fronti\u00e8re. Entre 2010 et 2015, dans les territoires frontaliers de l\u2019Hexagone, l\u2019emploi \u00e9volue de fa\u00e7on globalement plus favorable \u00e0 l\u2019\u00e9tranger qu\u2019en France, sauf en Espagne [&hellip;]\" \/>\n<meta property=\"og:url\" content=\"https:\/\/www.pamina-business.com\/travail-frontalier-une-etude-de-linsee\/\" \/>\n<meta property=\"og:site_name\" content=\"PAMINA Business Club\" \/>\n<meta property=\"article:published_time\" content=\"2019-07-10T12:58:02+00:00\" \/>\n<meta property=\"article:modified_time\" content=\"2019-07-01T13:22:57+00:00\" \/>\n<meta name=\"author\" content=\"Monique STUTZMANN\" \/>\n<meta name=\"twitter:card\" content=\"summary_large_image\" \/>\n<meta name=\"twitter:label1\" content=\"Verfasst von\" \/>\n\t<meta name=\"twitter:data1\" content=\"Monique STUTZMANN\" \/>\n\t<meta name=\"twitter:label2\" content=\"Gesch\u00e4tzte Lesezeit\" \/>\n\t<meta name=\"twitter:data2\" content=\"1\u00a0Minute\" \/>\n<script type=\"application\/ld+json\" class=\"yoast-schema-graph\">{\"@context\":\"https:\/\/schema.org\",\"@graph\":[{\"@type\":\"WebPage\",\"@id\":\"https:\/\/www.pamina-business.com\/travail-frontalier-une-etude-de-linsee\/\",\"url\":\"https:\/\/www.pamina-business.com\/travail-frontalier-une-etude-de-linsee\/\",\"name\":\"Travail frontalier : parution d'une \u00e9tude de l'INSEE - PAMINA Business Club\",\"isPartOf\":{\"@id\":\"https:\/\/www.pamina-business.com\/de\/#website\"},\"datePublished\":\"2019-07-10T12:58:02+00:00\",\"dateModified\":\"2019-07-01T13:22:57+00:00\",\"author\":{\"@id\":\"https:\/\/www.pamina-business.com\/de\/#\/schema\/person\/9ab02536dbdbc5e3ef40bbc3452c8c69\"},\"breadcrumb\":{\"@id\":\"https:\/\/www.pamina-business.com\/travail-frontalier-une-etude-de-linsee\/#breadcrumb\"},\"inLanguage\":\"de\",\"potentialAction\":[{\"@type\":\"ReadAction\",\"target\":[\"https:\/\/www.pamina-business.com\/travail-frontalier-une-etude-de-linsee\/\"]}]},{\"@type\":\"BreadcrumbList\",\"@id\":\"https:\/\/www.pamina-business.com\/travail-frontalier-une-etude-de-linsee\/#breadcrumb\",\"itemListElement\":[{\"@type\":\"ListItem\",\"position\":1,\"name\":\"Accueil\",\"item\":\"https:\/\/www.pamina-business.com\/de\/\"},{\"@type\":\"ListItem\",\"position\":2,\"name\":\"Travail frontalier : parution d&rsquo;une \u00e9tude de l&rsquo;INSEE\"}]},{\"@type\":\"WebSite\",\"@id\":\"https:\/\/www.pamina-business.com\/de\/#website\",\"url\":\"https:\/\/www.pamina-business.com\/de\/\",\"name\":\"PAMINA Business Club\",\"description\":\"Un site utilisant WordPress\",\"potentialAction\":[{\"@type\":\"SearchAction\",\"target\":{\"@type\":\"EntryPoint\",\"urlTemplate\":\"https:\/\/www.pamina-business.com\/de\/?s={search_term_string}\"},\"query-input\":{\"@type\":\"PropertyValueSpecification\",\"valueRequired\":true,\"valueName\":\"search_term_string\"}}],\"inLanguage\":\"de\"},{\"@type\":\"Person\",\"@id\":\"https:\/\/www.pamina-business.com\/de\/#\/schema\/person\/9ab02536dbdbc5e3ef40bbc3452c8c69\",\"name\":\"Monique STUTZMANN\",\"image\":{\"@type\":\"ImageObject\",\"inLanguage\":\"de\",\"@id\":\"https:\/\/www.pamina-business.com\/de\/#\/schema\/person\/image\/\",\"url\":\"https:\/\/secure.gravatar.com\/avatar\/cc1c3adf9a9f6e969d3da7b6b34ec66f5f4a6844dfc9145380a75e42cd91882e?s=96&d=mm&r=g\",\"contentUrl\":\"https:\/\/secure.gravatar.com\/avatar\/cc1c3adf9a9f6e969d3da7b6b34ec66f5f4a6844dfc9145380a75e42cd91882e?s=96&d=mm&r=g\",\"caption\":\"Monique STUTZMANN\"},\"url\":\"http:\/\/www.pamina-business.com\/de\/author\/monique\/\"}]}<\/script>\n<!-- \/ Yoast SEO plugin. -->","yoast_head_json":{"title":"Travail frontalier : parution d'une \u00e9tude de l'INSEE - PAMINA Business Club","robots":{"index":"index","follow":"follow","max-snippet":"max-snippet:-1","max-image-preview":"max-image-preview:large","max-video-preview":"max-video-preview:-1"},"canonical":"https:\/\/www.pamina-business.com\/travail-frontalier-une-etude-de-linsee\/","og_locale":"de_DE","og_type":"article","og_title":"Travail frontalier : parution d'une \u00e9tude de l'INSEE - PAMINA Business Club","og_description":"Une \u00e9tude INSEE vient de para\u00eetre le 4\/06\/19 consacr\u00e9e au travail frontalier. En 2015, plus de 360\u00a0000\u00a0habitants des zones frontali\u00e8res fran\u00e7aises travaillent dans un pays limitrophe, \u00e0 proximit\u00e9 de la fronti\u00e8re. Entre 2010 et 2015, dans les territoires frontaliers de l\u2019Hexagone, l\u2019emploi \u00e9volue de fa\u00e7on globalement plus favorable \u00e0 l\u2019\u00e9tranger qu\u2019en France, sauf en Espagne [&hellip;]","og_url":"https:\/\/www.pamina-business.com\/travail-frontalier-une-etude-de-linsee\/","og_site_name":"PAMINA Business Club","article_published_time":"2019-07-10T12:58:02+00:00","article_modified_time":"2019-07-01T13:22:57+00:00","author":"Monique STUTZMANN","twitter_card":"summary_large_image","twitter_misc":{"Verfasst von":"Monique STUTZMANN","Gesch\u00e4tzte Lesezeit":"1\u00a0Minute"},"schema":{"@context":"https:\/\/schema.org","@graph":[{"@type":"WebPage","@id":"https:\/\/www.pamina-business.com\/travail-frontalier-une-etude-de-linsee\/","url":"https:\/\/www.pamina-business.com\/travail-frontalier-une-etude-de-linsee\/","name":"Travail frontalier : parution d'une \u00e9tude de l'INSEE - PAMINA Business Club","isPartOf":{"@id":"https:\/\/www.pamina-business.com\/de\/#website"},"datePublished":"2019-07-10T12:58:02+00:00","dateModified":"2019-07-01T13:22:57+00:00","author":{"@id":"https:\/\/www.pamina-business.com\/de\/#\/schema\/person\/9ab02536dbdbc5e3ef40bbc3452c8c69"},"breadcrumb":{"@id":"https:\/\/www.pamina-business.com\/travail-frontalier-une-etude-de-linsee\/#breadcrumb"},"inLanguage":"de","potentialAction":[{"@type":"ReadAction","target":["https:\/\/www.pamina-business.com\/travail-frontalier-une-etude-de-linsee\/"]}]},{"@type":"BreadcrumbList","@id":"https:\/\/www.pamina-business.com\/travail-frontalier-une-etude-de-linsee\/#breadcrumb","itemListElement":[{"@type":"ListItem","position":1,"name":"Accueil","item":"https:\/\/www.pamina-business.com\/de\/"},{"@type":"ListItem","position":2,"name":"Travail frontalier : parution d&rsquo;une \u00e9tude de l&rsquo;INSEE"}]},{"@type":"WebSite","@id":"https:\/\/www.pamina-business.com\/de\/#website","url":"https:\/\/www.pamina-business.com\/de\/","name":"PAMINA Business Club","description":"Un site utilisant WordPress","potentialAction":[{"@type":"SearchAction","target":{"@type":"EntryPoint","urlTemplate":"https:\/\/www.pamina-business.com\/de\/?s={search_term_string}"},"query-input":{"@type":"PropertyValueSpecification","valueRequired":true,"valueName":"search_term_string"}}],"inLanguage":"de"},{"@type":"Person","@id":"https:\/\/www.pamina-business.com\/de\/#\/schema\/person\/9ab02536dbdbc5e3ef40bbc3452c8c69","name":"Monique STUTZMANN","image":{"@type":"ImageObject","inLanguage":"de","@id":"https:\/\/www.pamina-business.com\/de\/#\/schema\/person\/image\/","url":"https:\/\/secure.gravatar.com\/avatar\/cc1c3adf9a9f6e969d3da7b6b34ec66f5f4a6844dfc9145380a75e42cd91882e?s=96&d=mm&r=g","contentUrl":"https:\/\/secure.gravatar.com\/avatar\/cc1c3adf9a9f6e969d3da7b6b34ec66f5f4a6844dfc9145380a75e42cd91882e?s=96&d=mm&r=g","caption":"Monique STUTZMANN"},"url":"http:\/\/www.pamina-business.com\/de\/author\/monique\/"}]}},"_links":{"self":[{"href":"http:\/\/www.pamina-business.com\/de\/wp-json\/wp\/v2\/posts\/3948","targetHints":{"allow":["GET"]}}],"collection":[{"href":"http:\/\/www.pamina-business.com\/de\/wp-json\/wp\/v2\/posts"}],"about":[{"href":"http:\/\/www.pamina-business.com\/de\/wp-json\/wp\/v2\/types\/post"}],"author":[{"embeddable":true,"href":"http:\/\/www.pamina-business.com\/de\/wp-json\/wp\/v2\/users\/3"}],"replies":[{"embeddable":true,"href":"http:\/\/www.pamina-business.com\/de\/wp-json\/wp\/v2\/comments?post=3948"}],"version-history":[{"count":3,"href":"http:\/\/www.pamina-business.com\/de\/wp-json\/wp\/v2\/posts\/3948\/revisions"}],"predecessor-version":[{"id":3952,"href":"http:\/\/www.pamina-business.com\/de\/wp-json\/wp\/v2\/posts\/3948\/revisions\/3952"}],"wp:attachment":[{"href":"http:\/\/www.pamina-business.com\/de\/wp-json\/wp\/v2\/media?parent=3948"}],"wp:term":[{"taxonomy":"category","embeddable":true,"href":"http:\/\/www.pamina-business.com\/de\/wp-json\/wp\/v2\/categories?post=3948"},{"taxonomy":"post_tag","embeddable":true,"href":"http:\/\/www.pamina-business.com\/de\/wp-json\/wp\/v2\/tags?post=3948"}],"curies":[{"name":"wp","href":"https:\/\/api.w.org\/{rel}","templated":true}]}}