{"id":3904,"date":"2019-06-21T08:34:20","date_gmt":"2019-06-21T08:34:20","guid":{"rendered":"http:\/\/www.pamina-business.com\/?p=3904"},"modified":"2019-06-18T08:37:40","modified_gmt":"2019-06-18T08:37:40","slug":"seltz-und-leimersheim-fest-der-begegnung-vom-21-bis-23-juni-2019","status":"publish","type":"post","link":"http:\/\/www.pamina-business.com\/de\/seltz-und-leimersheim-fest-der-begegnung-vom-21-bis-23-juni-2019\/","title":{"rendered":"Seltz und Leimersheim Fest der Begegnung vom 21 bis 23 Juni 2019"},"content":{"rendered":"<section id=\"mainSection\">\n<div class=\"fmodele fmodeleScroll tpl_fiche\">\n<div class=\"agendas-fiche\">\n<article class=\"media\">\n<div class=\"media-object\"><img decoding=\"async\" src=\"https:\/\/www.eurodistrict-pamina.eu\/globalflexit\/images\/img_base\/agendas\/835_556_1_logo-leimersheim-feiert.png\" alt=\"Logo de la f\u00eate de la rencontre | Logo des Begegnungsfestes\" \/><\/div>\n<div class=\"media-body\">\n<p>&nbsp;<\/p>\n<div class=\"contenu\">\n<div>\n<section>\n<div>\n<div>\n<div>\n<section>\n<div>\n<div>\n<div>\n<section>\n<div>\n<div>\n<p>In Leimersheim wird es vom 21. bis 24. Juni 2019 ein Dorffest unter dem Motto: \u201eDeutsch-Franz\u00f6sisches Begegnungsfest\u201c geben.<\/p>\n<p>Partner ist die els\u00e4ssische Gemeinde Seltz mit welcher es auch schon in der Vergangenheit zahlreiche Kontakte gab. Als Festgel\u00e4nde werden die Fl\u00e4chen am Fischmal rund um die Sport- und Freizeithalle genutzt. Dort wird es ein abwechslungsreiches Musikprogramm geben, die Vereine des Kulturkreises werden vielf\u00e4ltige Speisen und Getr\u00e4nke aus der Pfalz und dem Elsass anbieten. Rund ein Dutzend Vereine hat sich bereit erkl\u00e4rt, bei dem Fest mitzuwirken. Zum Abschluss des Festwochenendes am 24. Juni ist ein gro\u00dfes Feuerwerk geplant.<\/p>\n<p>Flankiert wird das Fest von F\u00fchrungen, beispielsweise zu den Themen Rhein, Hochwasserschutz, Kiesabbau und die verbindende Geschichte beider Gemeinden. Im Vorfeld des Festes werden die Vereine von Leimersheim und Seltz gemeinsame Aktivit\u00e4ten durchf\u00fchren. Das lebendige Vereinsleben in beiden Gemeinden bietet zahlreiche M\u00f6glichkeiten. Die Aktivit\u00e4ten und Kontakte sollen der Beginn einer langfristigen Partnerschaft sein. Unterst\u00fctzt werden die Kontaktaufnahmen mit einer Vereinsbrosch\u00fcre mit den Ansprechpartnern in beiden Gemeinden.<\/p>\n<p>Das Festwochenende beginnt in Seltz und Leimersheim am 21. Juni parallel. In Frankreich wird diesem Tag die landesweite \u201eF\u00eate de la musique\u201c gefeiert, bei der eine Leimersheimer Musikgruppe auftreten wird. Die weiteren Festtage konzentrieren sich auf Leimersheim. Vorgesehen sind kostenlose Busshuttles, die die Gemeinden \u00fcber das Festwochenende verbinden. Erste Kontakte wurden bereits um das Schmugglerfest gekn\u00fcpft (ehemaliges PAMINA21-Kleinprojekt).<\/p>\n<\/div>\n<\/div>\n<\/section>\n<\/div>\n<p>(Quelle: <a class=\"fDefault\" href=\"http:\/\/www.leimersheim-feiert.de\/accueil.php\" target=\"_blank\">www.leimersheim-feiert.de<\/a>)<\/p>\n<\/div>\n<\/div>\n<\/section>\n<\/div>\n<p>Das Fest und die dazugeh\u00f6rigen Aktivit\u00e4ten werden als<a class=\"fDefault\" title=\"Kleinprojekte - Finanzierung - EURODISTRICT PAMINA\" href=\"https:\/\/www.eurodistrict-pamina.eu\/de\/kleinprojekte.html\"> Kleinprojekt<\/a> Rahmen des INTERREG V A Oberrhein Programms von der Europ\u00e4ischen Union kofinanziert.<\/p>\n<p><em>Quelle<\/em> : <a href=\"http:\/\/www.eurodistrict-pamina.eu\">www.eurodistrict-pamina.eu<\/a><\/p>\n<p><em>Kontakt<\/em> : <a href=\"&#109;a&#105;l&#116;o&#x3a;i&#x6e;f&#x6f;&#64;&#x65;u&#x72;o&#x64;i&#x73;t&#x72;i&#x63;t&#x2d;&#112;&#x61;&#109;&#x69;&#110;&#x61;&#46;&#x65;&#117;\">&#x69;&#x6e;&#102;o&#x40;&#x65;&#117;ro&#x64;&#x69;&#115;t&#x72;&#x69;&#99;&#116;-&#x70;&#x61;&#109;i&#x6e;&#x61;&#46;&#101;u<\/a><\/p>\n<\/div>\n<\/div>\n<\/section>\n<\/div>\n<\/div>\n<div class=\"contenu\">\n<table border=\"0\" cellspacing=\"1\" cellpadding=\"1\">\n<tbody>\n<tr>\n<td><img decoding=\"async\" src=\"https:\/\/www.eurodistrict-pamina.eu\/globalflexit\/images\/UserFiles\/Image\/europa\/150_102_1_europa-flag-2farbig.jpg\" \/><\/td>\n<td>Ce micro-projet est cofinanc\u00e9 par l&#8217;Union Europ\u00e9enne dans le cadre du programme INTERREG V A Rhin sup\u00e9rieur. Fonds europ\u00e9en de d\u00e9veloppement r\u00e9gional (FEDER).<br \/>\n<em>Dieses Kleinprojekt wird von der Europ\u00e4ischen Union im Rahmen des INTERREG V A Oberrhein Programms kofinanziert. Europ\u00e4ischer Fonds f\u00fcr regionale Entwicklung (EFRE)<\/em><\/td>\n<\/tr>\n<\/tbody>\n<\/table>\n<\/div>\n<\/div>\n<\/article>\n<\/div>\n<\/div>\n<\/section>\n<p><\/script><\/script><\/p>\n<p><\/script><\/p>\n","protected":false},"excerpt":{"rendered":"<p>&nbsp; In Leimersheim wird es vom 21. bis 24. Juni 2019 ein Dorffest unter dem Motto: \u201eDeutsch-Franz\u00f6sisches Begegnungsfest\u201c geben. Partner ist die els\u00e4ssische Gemeinde Seltz mit welcher es auch schon in der Vergangenheit zahlreiche Kontakte gab. Als Festgel\u00e4nde werden die Fl\u00e4chen am Fischmal rund um die Sport- und Freizeithalle genutzt. Dort wird es ein abwechslungsreiches [&hellip;]<\/p>\n","protected":false},"author":3,"featured_media":0,"comment_status":"open","ping_status":"open","sticky":false,"template":"","format":"standard","meta":{"_exactmetrics_skip_tracking":false,"_exactmetrics_sitenote_active":false,"_exactmetrics_sitenote_note":"","_exactmetrics_sitenote_category":0,"footnotes":""},"categories":[59,63],"tags":[],"class_list":["post-3904","post","type-post","status-publish","format-standard","hentry","category-ereignisse-de","category-tourismus-de"],"yoast_head":"<!-- This site is optimized with the Yoast SEO plugin v23.5 - https:\/\/yoast.com\/wordpress\/plugins\/seo\/ -->\n<title>Seltz und Leimersheim Fest der Begegnung vom 21 bis 23 Juni 2019 - PAMINA Business Club<\/title>\n<meta name=\"robots\" content=\"index, follow, max-snippet:-1, max-image-preview:large, max-video-preview:-1\" \/>\n<link rel=\"canonical\" href=\"http:\/\/www.pamina-business.com\/de\/seltz-und-leimersheim-fest-der-begegnung-vom-21-bis-23-juni-2019\/\" \/>\n<meta property=\"og:locale\" content=\"de_DE\" \/>\n<meta property=\"og:type\" content=\"article\" \/>\n<meta property=\"og:title\" content=\"Seltz und Leimersheim Fest der Begegnung vom 21 bis 23 Juni 2019 - PAMINA Business Club\" \/>\n<meta property=\"og:description\" content=\"&nbsp; In Leimersheim wird es vom 21. bis 24. Juni 2019 ein Dorffest unter dem Motto: \u201eDeutsch-Franz\u00f6sisches Begegnungsfest\u201c geben. Partner ist die els\u00e4ssische Gemeinde Seltz mit welcher es auch schon in der Vergangenheit zahlreiche Kontakte gab. Als Festgel\u00e4nde werden die Fl\u00e4chen am Fischmal rund um die Sport- und Freizeithalle genutzt. Dort wird es ein abwechslungsreiches [&hellip;]\" \/>\n<meta property=\"og:url\" content=\"http:\/\/www.pamina-business.com\/de\/seltz-und-leimersheim-fest-der-begegnung-vom-21-bis-23-juni-2019\/\" \/>\n<meta property=\"og:site_name\" content=\"PAMINA Business Club\" \/>\n<meta property=\"article:published_time\" content=\"2019-06-21T08:34:20+00:00\" \/>\n<meta property=\"article:modified_time\" content=\"2019-06-18T08:37:40+00:00\" \/>\n<meta property=\"og:image\" content=\"https:\/\/www.eurodistrict-pamina.eu\/globalflexit\/images\/img_base\/agendas\/835_556_1_logo-leimersheim-feiert.png\" \/>\n<meta name=\"author\" content=\"Monique STUTZMANN\" \/>\n<meta name=\"twitter:card\" content=\"summary_large_image\" \/>\n<meta name=\"twitter:label1\" content=\"Verfasst von\" \/>\n\t<meta name=\"twitter:data1\" content=\"Monique STUTZMANN\" \/>\n\t<meta name=\"twitter:label2\" content=\"Gesch\u00e4tzte Lesezeit\" \/>\n\t<meta name=\"twitter:data2\" content=\"2\u00a0Minuten\" \/>\n<script type=\"application\/ld+json\" class=\"yoast-schema-graph\">{\"@context\":\"https:\/\/schema.org\",\"@graph\":[{\"@type\":\"WebPage\",\"@id\":\"http:\/\/www.pamina-business.com\/de\/seltz-und-leimersheim-fest-der-begegnung-vom-21-bis-23-juni-2019\/\",\"url\":\"http:\/\/www.pamina-business.com\/de\/seltz-und-leimersheim-fest-der-begegnung-vom-21-bis-23-juni-2019\/\",\"name\":\"Seltz und Leimersheim Fest der Begegnung vom 21 bis 23 Juni 2019 - PAMINA Business Club\",\"isPartOf\":{\"@id\":\"http:\/\/www.pamina-business.com\/de\/#website\"},\"primaryImageOfPage\":{\"@id\":\"http:\/\/www.pamina-business.com\/de\/seltz-und-leimersheim-fest-der-begegnung-vom-21-bis-23-juni-2019\/#primaryimage\"},\"image\":{\"@id\":\"http:\/\/www.pamina-business.com\/de\/seltz-und-leimersheim-fest-der-begegnung-vom-21-bis-23-juni-2019\/#primaryimage\"},\"thumbnailUrl\":\"https:\/\/www.eurodistrict-pamina.eu\/globalflexit\/images\/img_base\/agendas\/835_556_1_logo-leimersheim-feiert.png\",\"datePublished\":\"2019-06-21T08:34:20+00:00\",\"dateModified\":\"2019-06-18T08:37:40+00:00\",\"author\":{\"@id\":\"http:\/\/www.pamina-business.com\/de\/#\/schema\/person\/9ab02536dbdbc5e3ef40bbc3452c8c69\"},\"breadcrumb\":{\"@id\":\"http:\/\/www.pamina-business.com\/de\/seltz-und-leimersheim-fest-der-begegnung-vom-21-bis-23-juni-2019\/#breadcrumb\"},\"inLanguage\":\"de\",\"potentialAction\":[{\"@type\":\"ReadAction\",\"target\":[\"http:\/\/www.pamina-business.com\/de\/seltz-und-leimersheim-fest-der-begegnung-vom-21-bis-23-juni-2019\/\"]}]},{\"@type\":\"ImageObject\",\"inLanguage\":\"de\",\"@id\":\"http:\/\/www.pamina-business.com\/de\/seltz-und-leimersheim-fest-der-begegnung-vom-21-bis-23-juni-2019\/#primaryimage\",\"url\":\"https:\/\/www.eurodistrict-pamina.eu\/globalflexit\/images\/img_base\/agendas\/835_556_1_logo-leimersheim-feiert.png\",\"contentUrl\":\"https:\/\/www.eurodistrict-pamina.eu\/globalflexit\/images\/img_base\/agendas\/835_556_1_logo-leimersheim-feiert.png\"},{\"@type\":\"BreadcrumbList\",\"@id\":\"http:\/\/www.pamina-business.com\/de\/seltz-und-leimersheim-fest-der-begegnung-vom-21-bis-23-juni-2019\/#breadcrumb\",\"itemListElement\":[{\"@type\":\"ListItem\",\"position\":1,\"name\":\"Accueil\",\"item\":\"http:\/\/www.pamina-business.com\/de\/\"},{\"@type\":\"ListItem\",\"position\":2,\"name\":\"Seltz und Leimersheim Fest der Begegnung vom 21 bis 23 Juni 2019\"}]},{\"@type\":\"WebSite\",\"@id\":\"http:\/\/www.pamina-business.com\/de\/#website\",\"url\":\"http:\/\/www.pamina-business.com\/de\/\",\"name\":\"PAMINA Business Club\",\"description\":\"Un site utilisant WordPress\",\"potentialAction\":[{\"@type\":\"SearchAction\",\"target\":{\"@type\":\"EntryPoint\",\"urlTemplate\":\"http:\/\/www.pamina-business.com\/de\/?s={search_term_string}\"},\"query-input\":{\"@type\":\"PropertyValueSpecification\",\"valueRequired\":true,\"valueName\":\"search_term_string\"}}],\"inLanguage\":\"de\"},{\"@type\":\"Person\",\"@id\":\"http:\/\/www.pamina-business.com\/de\/#\/schema\/person\/9ab02536dbdbc5e3ef40bbc3452c8c69\",\"name\":\"Monique STUTZMANN\",\"image\":{\"@type\":\"ImageObject\",\"inLanguage\":\"de\",\"@id\":\"http:\/\/www.pamina-business.com\/de\/#\/schema\/person\/image\/\",\"url\":\"https:\/\/secure.gravatar.com\/avatar\/cc1c3adf9a9f6e969d3da7b6b34ec66f5f4a6844dfc9145380a75e42cd91882e?s=96&d=mm&r=g\",\"contentUrl\":\"https:\/\/secure.gravatar.com\/avatar\/cc1c3adf9a9f6e969d3da7b6b34ec66f5f4a6844dfc9145380a75e42cd91882e?s=96&d=mm&r=g\",\"caption\":\"Monique STUTZMANN\"},\"url\":\"http:\/\/www.pamina-business.com\/de\/author\/monique\/\"}]}<\/script>\n<!-- \/ Yoast SEO plugin. -->","yoast_head_json":{"title":"Seltz und Leimersheim Fest der Begegnung vom 21 bis 23 Juni 2019 - PAMINA Business Club","robots":{"index":"index","follow":"follow","max-snippet":"max-snippet:-1","max-image-preview":"max-image-preview:large","max-video-preview":"max-video-preview:-1"},"canonical":"http:\/\/www.pamina-business.com\/de\/seltz-und-leimersheim-fest-der-begegnung-vom-21-bis-23-juni-2019\/","og_locale":"de_DE","og_type":"article","og_title":"Seltz und Leimersheim Fest der Begegnung vom 21 bis 23 Juni 2019 - PAMINA Business Club","og_description":"&nbsp; In Leimersheim wird es vom 21. bis 24. Juni 2019 ein Dorffest unter dem Motto: \u201eDeutsch-Franz\u00f6sisches Begegnungsfest\u201c geben. Partner ist die els\u00e4ssische Gemeinde Seltz mit welcher es auch schon in der Vergangenheit zahlreiche Kontakte gab. Als Festgel\u00e4nde werden die Fl\u00e4chen am Fischmal rund um die Sport- und Freizeithalle genutzt. Dort wird es ein abwechslungsreiches [&hellip;]","og_url":"http:\/\/www.pamina-business.com\/de\/seltz-und-leimersheim-fest-der-begegnung-vom-21-bis-23-juni-2019\/","og_site_name":"PAMINA Business Club","article_published_time":"2019-06-21T08:34:20+00:00","article_modified_time":"2019-06-18T08:37:40+00:00","og_image":[{"url":"https:\/\/www.eurodistrict-pamina.eu\/globalflexit\/images\/img_base\/agendas\/835_556_1_logo-leimersheim-feiert.png"}],"author":"Monique STUTZMANN","twitter_card":"summary_large_image","twitter_misc":{"Verfasst von":"Monique STUTZMANN","Gesch\u00e4tzte Lesezeit":"2\u00a0Minuten"},"schema":{"@context":"https:\/\/schema.org","@graph":[{"@type":"WebPage","@id":"http:\/\/www.pamina-business.com\/de\/seltz-und-leimersheim-fest-der-begegnung-vom-21-bis-23-juni-2019\/","url":"http:\/\/www.pamina-business.com\/de\/seltz-und-leimersheim-fest-der-begegnung-vom-21-bis-23-juni-2019\/","name":"Seltz und Leimersheim Fest der Begegnung vom 21 bis 23 Juni 2019 - PAMINA Business Club","isPartOf":{"@id":"http:\/\/www.pamina-business.com\/de\/#website"},"primaryImageOfPage":{"@id":"http:\/\/www.pamina-business.com\/de\/seltz-und-leimersheim-fest-der-begegnung-vom-21-bis-23-juni-2019\/#primaryimage"},"image":{"@id":"http:\/\/www.pamina-business.com\/de\/seltz-und-leimersheim-fest-der-begegnung-vom-21-bis-23-juni-2019\/#primaryimage"},"thumbnailUrl":"https:\/\/www.eurodistrict-pamina.eu\/globalflexit\/images\/img_base\/agendas\/835_556_1_logo-leimersheim-feiert.png","datePublished":"2019-06-21T08:34:20+00:00","dateModified":"2019-06-18T08:37:40+00:00","author":{"@id":"http:\/\/www.pamina-business.com\/de\/#\/schema\/person\/9ab02536dbdbc5e3ef40bbc3452c8c69"},"breadcrumb":{"@id":"http:\/\/www.pamina-business.com\/de\/seltz-und-leimersheim-fest-der-begegnung-vom-21-bis-23-juni-2019\/#breadcrumb"},"inLanguage":"de","potentialAction":[{"@type":"ReadAction","target":["http:\/\/www.pamina-business.com\/de\/seltz-und-leimersheim-fest-der-begegnung-vom-21-bis-23-juni-2019\/"]}]},{"@type":"ImageObject","inLanguage":"de","@id":"http:\/\/www.pamina-business.com\/de\/seltz-und-leimersheim-fest-der-begegnung-vom-21-bis-23-juni-2019\/#primaryimage","url":"https:\/\/www.eurodistrict-pamina.eu\/globalflexit\/images\/img_base\/agendas\/835_556_1_logo-leimersheim-feiert.png","contentUrl":"https:\/\/www.eurodistrict-pamina.eu\/globalflexit\/images\/img_base\/agendas\/835_556_1_logo-leimersheim-feiert.png"},{"@type":"BreadcrumbList","@id":"http:\/\/www.pamina-business.com\/de\/seltz-und-leimersheim-fest-der-begegnung-vom-21-bis-23-juni-2019\/#breadcrumb","itemListElement":[{"@type":"ListItem","position":1,"name":"Accueil","item":"http:\/\/www.pamina-business.com\/de\/"},{"@type":"ListItem","position":2,"name":"Seltz und Leimersheim Fest der Begegnung vom 21 bis 23 Juni 2019"}]},{"@type":"WebSite","@id":"http:\/\/www.pamina-business.com\/de\/#website","url":"http:\/\/www.pamina-business.com\/de\/","name":"PAMINA Business Club","description":"Un site utilisant WordPress","potentialAction":[{"@type":"SearchAction","target":{"@type":"EntryPoint","urlTemplate":"http:\/\/www.pamina-business.com\/de\/?s={search_term_string}"},"query-input":{"@type":"PropertyValueSpecification","valueRequired":true,"valueName":"search_term_string"}}],"inLanguage":"de"},{"@type":"Person","@id":"http:\/\/www.pamina-business.com\/de\/#\/schema\/person\/9ab02536dbdbc5e3ef40bbc3452c8c69","name":"Monique STUTZMANN","image":{"@type":"ImageObject","inLanguage":"de","@id":"http:\/\/www.pamina-business.com\/de\/#\/schema\/person\/image\/","url":"https:\/\/secure.gravatar.com\/avatar\/cc1c3adf9a9f6e969d3da7b6b34ec66f5f4a6844dfc9145380a75e42cd91882e?s=96&d=mm&r=g","contentUrl":"https:\/\/secure.gravatar.com\/avatar\/cc1c3adf9a9f6e969d3da7b6b34ec66f5f4a6844dfc9145380a75e42cd91882e?s=96&d=mm&r=g","caption":"Monique STUTZMANN"},"url":"http:\/\/www.pamina-business.com\/de\/author\/monique\/"}]}},"_links":{"self":[{"href":"http:\/\/www.pamina-business.com\/de\/wp-json\/wp\/v2\/posts\/3904","targetHints":{"allow":["GET"]}}],"collection":[{"href":"http:\/\/www.pamina-business.com\/de\/wp-json\/wp\/v2\/posts"}],"about":[{"href":"http:\/\/www.pamina-business.com\/de\/wp-json\/wp\/v2\/types\/post"}],"author":[{"embeddable":true,"href":"http:\/\/www.pamina-business.com\/de\/wp-json\/wp\/v2\/users\/3"}],"replies":[{"embeddable":true,"href":"http:\/\/www.pamina-business.com\/de\/wp-json\/wp\/v2\/comments?post=3904"}],"version-history":[{"count":2,"href":"http:\/\/www.pamina-business.com\/de\/wp-json\/wp\/v2\/posts\/3904\/revisions"}],"predecessor-version":[{"id":3906,"href":"http:\/\/www.pamina-business.com\/de\/wp-json\/wp\/v2\/posts\/3904\/revisions\/3906"}],"wp:attachment":[{"href":"http:\/\/www.pamina-business.com\/de\/wp-json\/wp\/v2\/media?parent=3904"}],"wp:term":[{"taxonomy":"category","embeddable":true,"href":"http:\/\/www.pamina-business.com\/de\/wp-json\/wp\/v2\/categories?post=3904"},{"taxonomy":"post_tag","embeddable":true,"href":"http:\/\/www.pamina-business.com\/de\/wp-json\/wp\/v2\/tags?post=3904"}],"curies":[{"name":"wp","href":"https:\/\/api.w.org\/{rel}","templated":true}]}}