{"id":3888,"date":"2019-06-19T10:07:36","date_gmt":"2019-06-19T10:07:36","guid":{"rendered":"http:\/\/www.pamina-business.com\/?p=3888"},"modified":"2019-06-17T10:10:21","modified_gmt":"2019-06-17T10:10:21","slug":"rheinland-pfalz-tag-vom-28-juni-2019-bis-30-juni-2019","status":"publish","type":"post","link":"http:\/\/www.pamina-business.com\/de\/rheinland-pfalz-tag-vom-28-juni-2019-bis-30-juni-2019\/","title":{"rendered":"Rheinland-Pfalz Tag : vom 28 Juni 2019 bis 30 Juni 2019"},"content":{"rendered":"<section id=\"mainSection\">\n<div class=\"fmodele fmodeleScroll tpl_fiche\">\n<div class=\"agendas-fiche\">\n<article class=\"media\">\n<div class=\"media-object\"><img decoding=\"async\" src=\"https:\/\/www.eurodistrict-pamina.eu\/globalflexit\/images\/img_base\/agendas\/835_556_1_logo-rlp-tag-1-2019-jpeg.jpg\" alt=\"Rheinland-Pfalz Tag\" \/><\/div>\n<div class=\"media-body\"><br class=\"media-heading\" \/><\/p>\n<div class=\"contenu\">Vom 28. bis 30. Juni 2019 findet der 35. Rheinland-Pfalz Tag in <b>Annweiler am Trifels\u00a0<\/b>statt. An diesem verl\u00e4ngerten Wochenende werden den Besuchern aus der Region, dem Nachbarland und dar\u00fcber hinaus zahlreiche Programmpunkte und eine \u201eeine bunte Mischung aus Information, Unterhaltung, Kultur und Lebensfreude\u201c geboten.<\/p>\n<p>Am 29. und 30. Juni ist auch der Eurodistrikt PAMINA mit einem Informations- und Mitmachstand dabei. Neben Ausk\u00fcnften zur grenz\u00fcberschreitenden Zusammenarbeit im PAMINA-Raum und den aktuellen Projekten des EVTZ gibt es au\u00dferdem f\u00fcr gro\u00dfe und kleine Entdecker die M\u00f6glichkeit, das Onlinespiel \u201e<a class=\"fDefault\" href=\"https:\/\/www.eurodistrict-pamina.eu\/de\/bildung-zweisprachigkeit\/onlinespiel-der-weltenbummler_-d.html#.Wuly5ry6_cs\">Weltenbummler \u2013 Passe-Partout\u201c<\/a>\u00a0auszuprobieren. Diese Mitmachaktion wird zusammen mit dem Medienzentrum S\u00dcW-Landau angeboten.<\/p>\n<p>Auch der Tourismusverein <strong>Vis-\u00e0-Vis PAMINA <\/strong>ist mit tourirtischen Ausk\u00fcnften und Karten beim Rheinland-Pfalz-Tag vertreten.<\/p>\n<p>Weitere Informationen zum Rheinland-Pfalz Tag sowie dessen Programm finden Sie auf der <a href=\"https:\/\/www.rlp.de\/de\/unser-land\/rheinland-pfalz-tag\/\" target=\"_blank\">Webseite der Landesregierung<\/a>.<\/div>\n<\/div>\n<div class=\"contenu\"><em>Quelle<\/em> : <a href=\"http:\/\/www.eurodistrict-pamina.eu\">www.eurodistrict-pamina.eu<\/a><\/div>\n<div class=\"contenu\"><em>Kontakt<\/em> : <a href=\"&#109;a&#x69;l&#x74;o&#x3a;i&#x6e;&#102;&#x6f;&#64;&#x65;&#117;&#x72;&#111;d&#105;s&#x74;r&#x69;c&#x74;&#45;&#x70;&#97;&#x6d;&#105;&#x6e;&#97;&#x2e;&#101;u\">&#x69;&#x6e;&#x66;&#x6f;&#x40;&#x65;&#x75;&#114;&#111;&#100;&#105;&#115;tric&#x74;&#x2d;&#x70;&#x61;&#x6d;&#x69;&#x6e;&#x61;&#46;&#101;&#117; <\/a><\/div>\n<div class=\"media-body\">\n<div class=\"contenu\"><\/div>\n<\/div>\n<\/article>\n<\/div>\n<\/div>\n<\/section>\n<p><\/script><\/p>\n","protected":false},"excerpt":{"rendered":"<p>Vom 28. bis 30. Juni 2019 findet der 35. Rheinland-Pfalz Tag in Annweiler am Trifels\u00a0statt. An diesem verl\u00e4ngerten Wochenende werden den Besuchern aus der Region, dem Nachbarland und dar\u00fcber hinaus zahlreiche Programmpunkte und eine \u201eeine bunte Mischung aus Information, Unterhaltung, Kultur und Lebensfreude\u201c geboten. Am 29. und 30. Juni ist auch der Eurodistrikt PAMINA mit [&hellip;]<\/p>\n","protected":false},"author":3,"featured_media":0,"comment_status":"open","ping_status":"open","sticky":false,"template":"","format":"standard","meta":{"_exactmetrics_skip_tracking":false,"_exactmetrics_sitenote_active":false,"_exactmetrics_sitenote_note":"","_exactmetrics_sitenote_category":0,"footnotes":""},"categories":[59,63],"tags":[],"class_list":["post-3888","post","type-post","status-publish","format-standard","hentry","category-ereignisse-de","category-tourismus-de"],"yoast_head":"<!-- This site is optimized with the Yoast SEO plugin v23.5 - https:\/\/yoast.com\/wordpress\/plugins\/seo\/ -->\n<title>Rheinland-Pfalz Tag : vom 28 Juni 2019 bis 30 Juni 2019 - PAMINA Business Club<\/title>\n<meta name=\"robots\" content=\"index, follow, max-snippet:-1, max-image-preview:large, max-video-preview:-1\" \/>\n<link rel=\"canonical\" href=\"http:\/\/www.pamina-business.com\/de\/rheinland-pfalz-tag-vom-28-juni-2019-bis-30-juni-2019\/\" \/>\n<meta property=\"og:locale\" content=\"de_DE\" \/>\n<meta property=\"og:type\" content=\"article\" \/>\n<meta property=\"og:title\" content=\"Rheinland-Pfalz Tag : vom 28 Juni 2019 bis 30 Juni 2019 - PAMINA Business Club\" \/>\n<meta property=\"og:description\" content=\"Vom 28. bis 30. Juni 2019 findet der 35. Rheinland-Pfalz Tag in Annweiler am Trifels\u00a0statt. An diesem verl\u00e4ngerten Wochenende werden den Besuchern aus der Region, dem Nachbarland und dar\u00fcber hinaus zahlreiche Programmpunkte und eine \u201eeine bunte Mischung aus Information, Unterhaltung, Kultur und Lebensfreude\u201c geboten. Am 29. und 30. Juni ist auch der Eurodistrikt PAMINA mit [&hellip;]\" \/>\n<meta property=\"og:url\" content=\"http:\/\/www.pamina-business.com\/de\/rheinland-pfalz-tag-vom-28-juni-2019-bis-30-juni-2019\/\" \/>\n<meta property=\"og:site_name\" content=\"PAMINA Business Club\" \/>\n<meta property=\"article:published_time\" content=\"2019-06-19T10:07:36+00:00\" \/>\n<meta property=\"article:modified_time\" content=\"2019-06-17T10:10:21+00:00\" \/>\n<meta property=\"og:image\" content=\"https:\/\/www.eurodistrict-pamina.eu\/globalflexit\/images\/img_base\/agendas\/835_556_1_logo-rlp-tag-1-2019-jpeg.jpg\" \/>\n<meta name=\"author\" content=\"Monique STUTZMANN\" \/>\n<meta name=\"twitter:card\" content=\"summary_large_image\" \/>\n<meta name=\"twitter:label1\" content=\"Verfasst von\" \/>\n\t<meta name=\"twitter:data1\" content=\"Monique STUTZMANN\" \/>\n\t<meta name=\"twitter:label2\" content=\"Gesch\u00e4tzte Lesezeit\" \/>\n\t<meta name=\"twitter:data2\" content=\"1\u00a0Minute\" \/>\n<script type=\"application\/ld+json\" class=\"yoast-schema-graph\">{\"@context\":\"https:\/\/schema.org\",\"@graph\":[{\"@type\":\"WebPage\",\"@id\":\"http:\/\/www.pamina-business.com\/de\/rheinland-pfalz-tag-vom-28-juni-2019-bis-30-juni-2019\/\",\"url\":\"http:\/\/www.pamina-business.com\/de\/rheinland-pfalz-tag-vom-28-juni-2019-bis-30-juni-2019\/\",\"name\":\"Rheinland-Pfalz Tag : vom 28 Juni 2019 bis 30 Juni 2019 - PAMINA Business Club\",\"isPartOf\":{\"@id\":\"http:\/\/www.pamina-business.com\/de\/#website\"},\"primaryImageOfPage\":{\"@id\":\"http:\/\/www.pamina-business.com\/de\/rheinland-pfalz-tag-vom-28-juni-2019-bis-30-juni-2019\/#primaryimage\"},\"image\":{\"@id\":\"http:\/\/www.pamina-business.com\/de\/rheinland-pfalz-tag-vom-28-juni-2019-bis-30-juni-2019\/#primaryimage\"},\"thumbnailUrl\":\"https:\/\/www.eurodistrict-pamina.eu\/globalflexit\/images\/img_base\/agendas\/835_556_1_logo-rlp-tag-1-2019-jpeg.jpg\",\"datePublished\":\"2019-06-19T10:07:36+00:00\",\"dateModified\":\"2019-06-17T10:10:21+00:00\",\"author\":{\"@id\":\"http:\/\/www.pamina-business.com\/de\/#\/schema\/person\/9ab02536dbdbc5e3ef40bbc3452c8c69\"},\"breadcrumb\":{\"@id\":\"http:\/\/www.pamina-business.com\/de\/rheinland-pfalz-tag-vom-28-juni-2019-bis-30-juni-2019\/#breadcrumb\"},\"inLanguage\":\"de\",\"potentialAction\":[{\"@type\":\"ReadAction\",\"target\":[\"http:\/\/www.pamina-business.com\/de\/rheinland-pfalz-tag-vom-28-juni-2019-bis-30-juni-2019\/\"]}]},{\"@type\":\"ImageObject\",\"inLanguage\":\"de\",\"@id\":\"http:\/\/www.pamina-business.com\/de\/rheinland-pfalz-tag-vom-28-juni-2019-bis-30-juni-2019\/#primaryimage\",\"url\":\"https:\/\/www.eurodistrict-pamina.eu\/globalflexit\/images\/img_base\/agendas\/835_556_1_logo-rlp-tag-1-2019-jpeg.jpg\",\"contentUrl\":\"https:\/\/www.eurodistrict-pamina.eu\/globalflexit\/images\/img_base\/agendas\/835_556_1_logo-rlp-tag-1-2019-jpeg.jpg\"},{\"@type\":\"BreadcrumbList\",\"@id\":\"http:\/\/www.pamina-business.com\/de\/rheinland-pfalz-tag-vom-28-juni-2019-bis-30-juni-2019\/#breadcrumb\",\"itemListElement\":[{\"@type\":\"ListItem\",\"position\":1,\"name\":\"Accueil\",\"item\":\"http:\/\/www.pamina-business.com\/de\/\"},{\"@type\":\"ListItem\",\"position\":2,\"name\":\"Rheinland-Pfalz Tag : vom 28 Juni 2019 bis 30 Juni 2019\"}]},{\"@type\":\"WebSite\",\"@id\":\"http:\/\/www.pamina-business.com\/de\/#website\",\"url\":\"http:\/\/www.pamina-business.com\/de\/\",\"name\":\"PAMINA Business Club\",\"description\":\"Un site utilisant WordPress\",\"potentialAction\":[{\"@type\":\"SearchAction\",\"target\":{\"@type\":\"EntryPoint\",\"urlTemplate\":\"http:\/\/www.pamina-business.com\/de\/?s={search_term_string}\"},\"query-input\":{\"@type\":\"PropertyValueSpecification\",\"valueRequired\":true,\"valueName\":\"search_term_string\"}}],\"inLanguage\":\"de\"},{\"@type\":\"Person\",\"@id\":\"http:\/\/www.pamina-business.com\/de\/#\/schema\/person\/9ab02536dbdbc5e3ef40bbc3452c8c69\",\"name\":\"Monique STUTZMANN\",\"image\":{\"@type\":\"ImageObject\",\"inLanguage\":\"de\",\"@id\":\"http:\/\/www.pamina-business.com\/de\/#\/schema\/person\/image\/\",\"url\":\"https:\/\/secure.gravatar.com\/avatar\/cc1c3adf9a9f6e969d3da7b6b34ec66f5f4a6844dfc9145380a75e42cd91882e?s=96&d=mm&r=g\",\"contentUrl\":\"https:\/\/secure.gravatar.com\/avatar\/cc1c3adf9a9f6e969d3da7b6b34ec66f5f4a6844dfc9145380a75e42cd91882e?s=96&d=mm&r=g\",\"caption\":\"Monique STUTZMANN\"},\"url\":\"http:\/\/www.pamina-business.com\/de\/author\/monique\/\"}]}<\/script>\n<!-- \/ Yoast SEO plugin. -->","yoast_head_json":{"title":"Rheinland-Pfalz Tag : vom 28 Juni 2019 bis 30 Juni 2019 - PAMINA Business Club","robots":{"index":"index","follow":"follow","max-snippet":"max-snippet:-1","max-image-preview":"max-image-preview:large","max-video-preview":"max-video-preview:-1"},"canonical":"http:\/\/www.pamina-business.com\/de\/rheinland-pfalz-tag-vom-28-juni-2019-bis-30-juni-2019\/","og_locale":"de_DE","og_type":"article","og_title":"Rheinland-Pfalz Tag : vom 28 Juni 2019 bis 30 Juni 2019 - PAMINA Business Club","og_description":"Vom 28. bis 30. Juni 2019 findet der 35. Rheinland-Pfalz Tag in Annweiler am Trifels\u00a0statt. An diesem verl\u00e4ngerten Wochenende werden den Besuchern aus der Region, dem Nachbarland und dar\u00fcber hinaus zahlreiche Programmpunkte und eine \u201eeine bunte Mischung aus Information, Unterhaltung, Kultur und Lebensfreude\u201c geboten. Am 29. und 30. Juni ist auch der Eurodistrikt PAMINA mit [&hellip;]","og_url":"http:\/\/www.pamina-business.com\/de\/rheinland-pfalz-tag-vom-28-juni-2019-bis-30-juni-2019\/","og_site_name":"PAMINA Business Club","article_published_time":"2019-06-19T10:07:36+00:00","article_modified_time":"2019-06-17T10:10:21+00:00","og_image":[{"url":"https:\/\/www.eurodistrict-pamina.eu\/globalflexit\/images\/img_base\/agendas\/835_556_1_logo-rlp-tag-1-2019-jpeg.jpg"}],"author":"Monique STUTZMANN","twitter_card":"summary_large_image","twitter_misc":{"Verfasst von":"Monique STUTZMANN","Gesch\u00e4tzte Lesezeit":"1\u00a0Minute"},"schema":{"@context":"https:\/\/schema.org","@graph":[{"@type":"WebPage","@id":"http:\/\/www.pamina-business.com\/de\/rheinland-pfalz-tag-vom-28-juni-2019-bis-30-juni-2019\/","url":"http:\/\/www.pamina-business.com\/de\/rheinland-pfalz-tag-vom-28-juni-2019-bis-30-juni-2019\/","name":"Rheinland-Pfalz Tag : vom 28 Juni 2019 bis 30 Juni 2019 - PAMINA Business Club","isPartOf":{"@id":"http:\/\/www.pamina-business.com\/de\/#website"},"primaryImageOfPage":{"@id":"http:\/\/www.pamina-business.com\/de\/rheinland-pfalz-tag-vom-28-juni-2019-bis-30-juni-2019\/#primaryimage"},"image":{"@id":"http:\/\/www.pamina-business.com\/de\/rheinland-pfalz-tag-vom-28-juni-2019-bis-30-juni-2019\/#primaryimage"},"thumbnailUrl":"https:\/\/www.eurodistrict-pamina.eu\/globalflexit\/images\/img_base\/agendas\/835_556_1_logo-rlp-tag-1-2019-jpeg.jpg","datePublished":"2019-06-19T10:07:36+00:00","dateModified":"2019-06-17T10:10:21+00:00","author":{"@id":"http:\/\/www.pamina-business.com\/de\/#\/schema\/person\/9ab02536dbdbc5e3ef40bbc3452c8c69"},"breadcrumb":{"@id":"http:\/\/www.pamina-business.com\/de\/rheinland-pfalz-tag-vom-28-juni-2019-bis-30-juni-2019\/#breadcrumb"},"inLanguage":"de","potentialAction":[{"@type":"ReadAction","target":["http:\/\/www.pamina-business.com\/de\/rheinland-pfalz-tag-vom-28-juni-2019-bis-30-juni-2019\/"]}]},{"@type":"ImageObject","inLanguage":"de","@id":"http:\/\/www.pamina-business.com\/de\/rheinland-pfalz-tag-vom-28-juni-2019-bis-30-juni-2019\/#primaryimage","url":"https:\/\/www.eurodistrict-pamina.eu\/globalflexit\/images\/img_base\/agendas\/835_556_1_logo-rlp-tag-1-2019-jpeg.jpg","contentUrl":"https:\/\/www.eurodistrict-pamina.eu\/globalflexit\/images\/img_base\/agendas\/835_556_1_logo-rlp-tag-1-2019-jpeg.jpg"},{"@type":"BreadcrumbList","@id":"http:\/\/www.pamina-business.com\/de\/rheinland-pfalz-tag-vom-28-juni-2019-bis-30-juni-2019\/#breadcrumb","itemListElement":[{"@type":"ListItem","position":1,"name":"Accueil","item":"http:\/\/www.pamina-business.com\/de\/"},{"@type":"ListItem","position":2,"name":"Rheinland-Pfalz Tag : vom 28 Juni 2019 bis 30 Juni 2019"}]},{"@type":"WebSite","@id":"http:\/\/www.pamina-business.com\/de\/#website","url":"http:\/\/www.pamina-business.com\/de\/","name":"PAMINA Business Club","description":"Un site utilisant WordPress","potentialAction":[{"@type":"SearchAction","target":{"@type":"EntryPoint","urlTemplate":"http:\/\/www.pamina-business.com\/de\/?s={search_term_string}"},"query-input":{"@type":"PropertyValueSpecification","valueRequired":true,"valueName":"search_term_string"}}],"inLanguage":"de"},{"@type":"Person","@id":"http:\/\/www.pamina-business.com\/de\/#\/schema\/person\/9ab02536dbdbc5e3ef40bbc3452c8c69","name":"Monique STUTZMANN","image":{"@type":"ImageObject","inLanguage":"de","@id":"http:\/\/www.pamina-business.com\/de\/#\/schema\/person\/image\/","url":"https:\/\/secure.gravatar.com\/avatar\/cc1c3adf9a9f6e969d3da7b6b34ec66f5f4a6844dfc9145380a75e42cd91882e?s=96&d=mm&r=g","contentUrl":"https:\/\/secure.gravatar.com\/avatar\/cc1c3adf9a9f6e969d3da7b6b34ec66f5f4a6844dfc9145380a75e42cd91882e?s=96&d=mm&r=g","caption":"Monique STUTZMANN"},"url":"http:\/\/www.pamina-business.com\/de\/author\/monique\/"}]}},"_links":{"self":[{"href":"http:\/\/www.pamina-business.com\/de\/wp-json\/wp\/v2\/posts\/3888","targetHints":{"allow":["GET"]}}],"collection":[{"href":"http:\/\/www.pamina-business.com\/de\/wp-json\/wp\/v2\/posts"}],"about":[{"href":"http:\/\/www.pamina-business.com\/de\/wp-json\/wp\/v2\/types\/post"}],"author":[{"embeddable":true,"href":"http:\/\/www.pamina-business.com\/de\/wp-json\/wp\/v2\/users\/3"}],"replies":[{"embeddable":true,"href":"http:\/\/www.pamina-business.com\/de\/wp-json\/wp\/v2\/comments?post=3888"}],"version-history":[{"count":1,"href":"http:\/\/www.pamina-business.com\/de\/wp-json\/wp\/v2\/posts\/3888\/revisions"}],"predecessor-version":[{"id":3889,"href":"http:\/\/www.pamina-business.com\/de\/wp-json\/wp\/v2\/posts\/3888\/revisions\/3889"}],"wp:attachment":[{"href":"http:\/\/www.pamina-business.com\/de\/wp-json\/wp\/v2\/media?parent=3888"}],"wp:term":[{"taxonomy":"category","embeddable":true,"href":"http:\/\/www.pamina-business.com\/de\/wp-json\/wp\/v2\/categories?post=3888"},{"taxonomy":"post_tag","embeddable":true,"href":"http:\/\/www.pamina-business.com\/de\/wp-json\/wp\/v2\/tags?post=3888"}],"curies":[{"name":"wp","href":"https:\/\/api.w.org\/{rel}","templated":true}]}}