{"id":3885,"date":"2019-06-17T09:55:14","date_gmt":"2019-06-17T09:55:14","guid":{"rendered":"http:\/\/www.pamina-business.com\/?p=3885"},"modified":"2019-06-17T09:55:14","modified_gmt":"2019-06-17T09:55:14","slug":"netzwerktreffen-am-4-juli-2019-in-buhl","status":"publish","type":"post","link":"http:\/\/www.pamina-business.com\/de\/netzwerktreffen-am-4-juli-2019-in-buhl\/","title":{"rendered":"Netzwerktreffen am 4. Juli 2019 in B\u00fchl"},"content":{"rendered":"<p>Die Digitalisierung der Gesellschaft und Wirtschaft ist in vollem Gange. Schneller, h\u00f6her,<br \/>\nweiter aber wohin?&#8230;Schwerpunktm\u00e4\u00dfig werden die Themen \u201eVirtual Reality-Einsatz\u201c sowie<br \/>\n\u201eAugmented Reality\u201c bei unserem n\u00e4chsten Netzwerktreffen behandelt.<br \/>\nWie im Vorfeld bereits angek\u00fcndigt, findet das n\u00e4chste Treffen am Donnerstag, 4. Juli 2019<br \/>\num 18:00 Uhr in der Max Grundig Klinik statt.<br \/>\nAls Referentin konnten wir Frau Prof. Dr. Dr.-Ing. Dr. h.c. Jivka Ovtcharova vom Institut f\u00fcr<br \/>\nInformationsmanagement im Ingenieurwesen, Karlsruher Institut f\u00fcr Technologie, gewinnen.<br \/>\nWeitere Referenten sind Frau Natascha Stumpp sowie Herrn Nicolas Gerster der Firma<br \/>\nEssert GmbH.<br \/>\nAbschlie\u00dfend wird Herr Helmut Gerstner, Gesch\u00e4ftsf\u00fchrer GO Engineering, von seinen<br \/>\nErfahrungen zum Thema Industrie 4.0 Mitarbeitermotivation berichten.<br \/>\nWir w\u00fcrden uns freuen, Sie am 4. Juli 2019 begr\u00fc\u00dfen zu d\u00fcrfen. Bitte geben Sie uns bis zum<br \/>\n24. Juni 2019 unter &#119;&#105;&#x66;o&#101;&#x40;&#x62;u&#101;&#x68;&#x6c;&#46;&#100;&#x65; Bescheid, ob Sie an der Veranstaltung teilnehmen<br \/>\nk\u00f6nnen.<\/p>\n<p>Anbei finden Sie die Agenda dieses Treffens. <a href=\"http:\/\/www.pamina-business.com\/wp-content\/uploads\/2019\/06\/BUHL-Netzwerktreffen-040719-Agenda.pdf\">BUHL Netzwerktreffen 040719 Agenda<\/a><\/p>\n<p><em>Quelle<\/em> : Stadt B\u00fchl<\/p>\n<p><a href=\"http:\/\/www.buehl.de\">www.buehl.de<\/a><\/p>\n<p><em>Kontakt<\/em> : Corina Bergmaier<\/p>\n<p><a href=\"&#x6d;&#x61;&#x69;&#x6c;&#x74;&#111;&#58;&#99;&#46;ber&#x67;&#x6d;&#x61;&#x69;&#x65;&#x72;&#46;&#115;&#116;add&#x74;&#x40;&#x62;&#x75;&#x65;&#x68;&#108;&#46;&#100;&#101;\">&#x63;&#46;&#x62;&#101;&#x72;&#103;m&#x61;&#105;&#x65;&#114;&#46;&#x73;&#116;&#x61;&#100;d&#x74;&#64;&#x62;&#117;&#x65;&#x68;l&#x2e;&#100;&#x65;<\/a><\/p>\n<p>&nbsp;<\/p>\n<p>&nbsp;<\/p>\n<p><\/script><\/script><\/p>\n","protected":false},"excerpt":{"rendered":"<p>Die Digitalisierung der Gesellschaft und Wirtschaft ist in vollem Gange. Schneller, h\u00f6her, weiter aber wohin?&#8230;Schwerpunktm\u00e4\u00dfig werden die Themen \u201eVirtual Reality-Einsatz\u201c sowie \u201eAugmented Reality\u201c bei unserem n\u00e4chsten Netzwerktreffen behandelt. Wie im Vorfeld bereits angek\u00fcndigt, findet das n\u00e4chste Treffen am Donnerstag, 4. Juli 2019 um 18:00 Uhr in der Max Grundig Klinik statt. Als Referentin konnten wir [&hellip;]<\/p>\n","protected":false},"author":3,"featured_media":0,"comment_status":"open","ping_status":"open","sticky":false,"template":"","format":"standard","meta":{"_exactmetrics_skip_tracking":false,"_exactmetrics_sitenote_active":false,"_exactmetrics_sitenote_note":"","_exactmetrics_sitenote_category":0,"footnotes":""},"categories":[59,66],"tags":[],"class_list":["post-3885","post","type-post","status-publish","format-standard","hentry","category-ereignisse-de","category-wirtschaft"],"yoast_head":"<!-- This site is optimized with the Yoast SEO plugin v23.5 - https:\/\/yoast.com\/wordpress\/plugins\/seo\/ -->\n<title>Netzwerktreffen am 4. Juli 2019 in B\u00fchl - PAMINA Business Club<\/title>\n<meta name=\"robots\" content=\"index, follow, max-snippet:-1, max-image-preview:large, max-video-preview:-1\" \/>\n<link rel=\"canonical\" href=\"http:\/\/www.pamina-business.com\/de\/netzwerktreffen-am-4-juli-2019-in-buhl\/\" \/>\n<meta property=\"og:locale\" content=\"de_DE\" \/>\n<meta property=\"og:type\" content=\"article\" \/>\n<meta property=\"og:title\" content=\"Netzwerktreffen am 4. Juli 2019 in B\u00fchl - PAMINA Business Club\" \/>\n<meta property=\"og:description\" content=\"Die Digitalisierung der Gesellschaft und Wirtschaft ist in vollem Gange. Schneller, h\u00f6her, weiter aber wohin?&#8230;Schwerpunktm\u00e4\u00dfig werden die Themen \u201eVirtual Reality-Einsatz\u201c sowie \u201eAugmented Reality\u201c bei unserem n\u00e4chsten Netzwerktreffen behandelt. Wie im Vorfeld bereits angek\u00fcndigt, findet das n\u00e4chste Treffen am Donnerstag, 4. Juli 2019 um 18:00 Uhr in der Max Grundig Klinik statt. Als Referentin konnten wir [&hellip;]\" \/>\n<meta property=\"og:url\" content=\"http:\/\/www.pamina-business.com\/de\/netzwerktreffen-am-4-juli-2019-in-buhl\/\" \/>\n<meta property=\"og:site_name\" content=\"PAMINA Business Club\" \/>\n<meta property=\"article:published_time\" content=\"2019-06-17T09:55:14+00:00\" \/>\n<meta name=\"author\" content=\"Monique STUTZMANN\" \/>\n<meta name=\"twitter:card\" content=\"summary_large_image\" \/>\n<meta name=\"twitter:label1\" content=\"Verfasst von\" \/>\n\t<meta name=\"twitter:data1\" content=\"Monique STUTZMANN\" \/>\n\t<meta name=\"twitter:label2\" content=\"Gesch\u00e4tzte Lesezeit\" \/>\n\t<meta name=\"twitter:data2\" content=\"1\u00a0Minute\" \/>\n<script type=\"application\/ld+json\" class=\"yoast-schema-graph\">{\"@context\":\"https:\/\/schema.org\",\"@graph\":[{\"@type\":\"WebPage\",\"@id\":\"http:\/\/www.pamina-business.com\/de\/netzwerktreffen-am-4-juli-2019-in-buhl\/\",\"url\":\"http:\/\/www.pamina-business.com\/de\/netzwerktreffen-am-4-juli-2019-in-buhl\/\",\"name\":\"Netzwerktreffen am 4. Juli 2019 in B\u00fchl - PAMINA Business Club\",\"isPartOf\":{\"@id\":\"http:\/\/www.pamina-business.com\/de\/#website\"},\"datePublished\":\"2019-06-17T09:55:14+00:00\",\"dateModified\":\"2019-06-17T09:55:14+00:00\",\"author\":{\"@id\":\"http:\/\/www.pamina-business.com\/de\/#\/schema\/person\/9ab02536dbdbc5e3ef40bbc3452c8c69\"},\"breadcrumb\":{\"@id\":\"http:\/\/www.pamina-business.com\/de\/netzwerktreffen-am-4-juli-2019-in-buhl\/#breadcrumb\"},\"inLanguage\":\"de\",\"potentialAction\":[{\"@type\":\"ReadAction\",\"target\":[\"http:\/\/www.pamina-business.com\/de\/netzwerktreffen-am-4-juli-2019-in-buhl\/\"]}]},{\"@type\":\"BreadcrumbList\",\"@id\":\"http:\/\/www.pamina-business.com\/de\/netzwerktreffen-am-4-juli-2019-in-buhl\/#breadcrumb\",\"itemListElement\":[{\"@type\":\"ListItem\",\"position\":1,\"name\":\"Accueil\",\"item\":\"http:\/\/www.pamina-business.com\/de\/\"},{\"@type\":\"ListItem\",\"position\":2,\"name\":\"Netzwerktreffen am 4. Juli 2019 in B\u00fchl\"}]},{\"@type\":\"WebSite\",\"@id\":\"http:\/\/www.pamina-business.com\/de\/#website\",\"url\":\"http:\/\/www.pamina-business.com\/de\/\",\"name\":\"PAMINA Business Club\",\"description\":\"Un site utilisant WordPress\",\"potentialAction\":[{\"@type\":\"SearchAction\",\"target\":{\"@type\":\"EntryPoint\",\"urlTemplate\":\"http:\/\/www.pamina-business.com\/de\/?s={search_term_string}\"},\"query-input\":{\"@type\":\"PropertyValueSpecification\",\"valueRequired\":true,\"valueName\":\"search_term_string\"}}],\"inLanguage\":\"de\"},{\"@type\":\"Person\",\"@id\":\"http:\/\/www.pamina-business.com\/de\/#\/schema\/person\/9ab02536dbdbc5e3ef40bbc3452c8c69\",\"name\":\"Monique STUTZMANN\",\"image\":{\"@type\":\"ImageObject\",\"inLanguage\":\"de\",\"@id\":\"http:\/\/www.pamina-business.com\/de\/#\/schema\/person\/image\/\",\"url\":\"https:\/\/secure.gravatar.com\/avatar\/cc1c3adf9a9f6e969d3da7b6b34ec66f5f4a6844dfc9145380a75e42cd91882e?s=96&d=mm&r=g\",\"contentUrl\":\"https:\/\/secure.gravatar.com\/avatar\/cc1c3adf9a9f6e969d3da7b6b34ec66f5f4a6844dfc9145380a75e42cd91882e?s=96&d=mm&r=g\",\"caption\":\"Monique STUTZMANN\"},\"url\":\"http:\/\/www.pamina-business.com\/de\/author\/monique\/\"}]}<\/script>\n<!-- \/ Yoast SEO plugin. -->","yoast_head_json":{"title":"Netzwerktreffen am 4. Juli 2019 in B\u00fchl - PAMINA Business Club","robots":{"index":"index","follow":"follow","max-snippet":"max-snippet:-1","max-image-preview":"max-image-preview:large","max-video-preview":"max-video-preview:-1"},"canonical":"http:\/\/www.pamina-business.com\/de\/netzwerktreffen-am-4-juli-2019-in-buhl\/","og_locale":"de_DE","og_type":"article","og_title":"Netzwerktreffen am 4. Juli 2019 in B\u00fchl - PAMINA Business Club","og_description":"Die Digitalisierung der Gesellschaft und Wirtschaft ist in vollem Gange. Schneller, h\u00f6her, weiter aber wohin?&#8230;Schwerpunktm\u00e4\u00dfig werden die Themen \u201eVirtual Reality-Einsatz\u201c sowie \u201eAugmented Reality\u201c bei unserem n\u00e4chsten Netzwerktreffen behandelt. Wie im Vorfeld bereits angek\u00fcndigt, findet das n\u00e4chste Treffen am Donnerstag, 4. Juli 2019 um 18:00 Uhr in der Max Grundig Klinik statt. Als Referentin konnten wir [&hellip;]","og_url":"http:\/\/www.pamina-business.com\/de\/netzwerktreffen-am-4-juli-2019-in-buhl\/","og_site_name":"PAMINA Business Club","article_published_time":"2019-06-17T09:55:14+00:00","author":"Monique STUTZMANN","twitter_card":"summary_large_image","twitter_misc":{"Verfasst von":"Monique STUTZMANN","Gesch\u00e4tzte Lesezeit":"1\u00a0Minute"},"schema":{"@context":"https:\/\/schema.org","@graph":[{"@type":"WebPage","@id":"http:\/\/www.pamina-business.com\/de\/netzwerktreffen-am-4-juli-2019-in-buhl\/","url":"http:\/\/www.pamina-business.com\/de\/netzwerktreffen-am-4-juli-2019-in-buhl\/","name":"Netzwerktreffen am 4. Juli 2019 in B\u00fchl - PAMINA Business Club","isPartOf":{"@id":"http:\/\/www.pamina-business.com\/de\/#website"},"datePublished":"2019-06-17T09:55:14+00:00","dateModified":"2019-06-17T09:55:14+00:00","author":{"@id":"http:\/\/www.pamina-business.com\/de\/#\/schema\/person\/9ab02536dbdbc5e3ef40bbc3452c8c69"},"breadcrumb":{"@id":"http:\/\/www.pamina-business.com\/de\/netzwerktreffen-am-4-juli-2019-in-buhl\/#breadcrumb"},"inLanguage":"de","potentialAction":[{"@type":"ReadAction","target":["http:\/\/www.pamina-business.com\/de\/netzwerktreffen-am-4-juli-2019-in-buhl\/"]}]},{"@type":"BreadcrumbList","@id":"http:\/\/www.pamina-business.com\/de\/netzwerktreffen-am-4-juli-2019-in-buhl\/#breadcrumb","itemListElement":[{"@type":"ListItem","position":1,"name":"Accueil","item":"http:\/\/www.pamina-business.com\/de\/"},{"@type":"ListItem","position":2,"name":"Netzwerktreffen am 4. Juli 2019 in B\u00fchl"}]},{"@type":"WebSite","@id":"http:\/\/www.pamina-business.com\/de\/#website","url":"http:\/\/www.pamina-business.com\/de\/","name":"PAMINA Business Club","description":"Un site utilisant WordPress","potentialAction":[{"@type":"SearchAction","target":{"@type":"EntryPoint","urlTemplate":"http:\/\/www.pamina-business.com\/de\/?s={search_term_string}"},"query-input":{"@type":"PropertyValueSpecification","valueRequired":true,"valueName":"search_term_string"}}],"inLanguage":"de"},{"@type":"Person","@id":"http:\/\/www.pamina-business.com\/de\/#\/schema\/person\/9ab02536dbdbc5e3ef40bbc3452c8c69","name":"Monique STUTZMANN","image":{"@type":"ImageObject","inLanguage":"de","@id":"http:\/\/www.pamina-business.com\/de\/#\/schema\/person\/image\/","url":"https:\/\/secure.gravatar.com\/avatar\/cc1c3adf9a9f6e969d3da7b6b34ec66f5f4a6844dfc9145380a75e42cd91882e?s=96&d=mm&r=g","contentUrl":"https:\/\/secure.gravatar.com\/avatar\/cc1c3adf9a9f6e969d3da7b6b34ec66f5f4a6844dfc9145380a75e42cd91882e?s=96&d=mm&r=g","caption":"Monique STUTZMANN"},"url":"http:\/\/www.pamina-business.com\/de\/author\/monique\/"}]}},"_links":{"self":[{"href":"http:\/\/www.pamina-business.com\/de\/wp-json\/wp\/v2\/posts\/3885","targetHints":{"allow":["GET"]}}],"collection":[{"href":"http:\/\/www.pamina-business.com\/de\/wp-json\/wp\/v2\/posts"}],"about":[{"href":"http:\/\/www.pamina-business.com\/de\/wp-json\/wp\/v2\/types\/post"}],"author":[{"embeddable":true,"href":"http:\/\/www.pamina-business.com\/de\/wp-json\/wp\/v2\/users\/3"}],"replies":[{"embeddable":true,"href":"http:\/\/www.pamina-business.com\/de\/wp-json\/wp\/v2\/comments?post=3885"}],"version-history":[{"count":1,"href":"http:\/\/www.pamina-business.com\/de\/wp-json\/wp\/v2\/posts\/3885\/revisions"}],"predecessor-version":[{"id":3887,"href":"http:\/\/www.pamina-business.com\/de\/wp-json\/wp\/v2\/posts\/3885\/revisions\/3887"}],"wp:attachment":[{"href":"http:\/\/www.pamina-business.com\/de\/wp-json\/wp\/v2\/media?parent=3885"}],"wp:term":[{"taxonomy":"category","embeddable":true,"href":"http:\/\/www.pamina-business.com\/de\/wp-json\/wp\/v2\/categories?post=3885"},{"taxonomy":"post_tag","embeddable":true,"href":"http:\/\/www.pamina-business.com\/de\/wp-json\/wp\/v2\/tags?post=3885"}],"curies":[{"name":"wp","href":"https:\/\/api.w.org\/{rel}","templated":true}]}}