{"id":3798,"date":"2019-05-02T13:09:45","date_gmt":"2019-05-02T13:09:45","guid":{"rendered":"http:\/\/www.pamina-business.com\/?p=3798"},"modified":"2019-04-15T13:12:23","modified_gmt":"2019-04-15T13:12:23","slug":"grenzuberschreitendes-we-ride-for-europe-am-12-mai-2019","status":"publish","type":"post","link":"http:\/\/www.pamina-business.com\/de\/grenzuberschreitendes-we-ride-for-europe-am-12-mai-2019\/","title":{"rendered":"Grenz\u00fcberschreitendes &#8222;We ride for Europe&#8220; am 12 Mai 2019"},"content":{"rendered":"<section id=\"mainSection\">\n<div class=\"fmodele fmodeleScroll tpl_fiche\">\n<div class=\"agendas-fiche\">\n<article class=\"media\">\n<div class=\"media-object\"><img decoding=\"async\" src=\"https:\/\/www.eurodistrict-pamina.eu\/globalflexit\/images\/img_base\/agendas\/835_556_1_we-ride-for-europe.png\" alt=\"Grenz\u00fcberschreitendes &quot;We ride for Europe&quot;\" \/><\/div>\n<div class=\"media-body\"><br class=\"media-heading\" \/><\/p>\n<div class=\"contenu\">Pulse of Europe Landau plant am 12. Mai 2019 eine &#8222;Fahrt f\u00fcr Europa&#8220; <strong>von Landau nach Wissembourg<\/strong>. Der Pate der Veranstaltung und ehemalige Ministerpr\u00e4sident Kurt Beck wird um 10 Uhr alle Interessenten auf dem Rathausplatz Landau begr\u00fc\u00dfen und den Startschuss f\u00fcr diese grenz\u00fcberschreitende Aktion geben.<\/p>\n<p>&#8222;Wir radeln f\u00fcr Europa durch Europa, um zu zeigen, dass wir Europa besser und st\u00e4rker machen wollen. Wir sagen nein zu nationalistischen Bestrebungen, die die Idee eines geeinten Europas in Frage stellen,&#8220; beschreibt Karin Coordes vom PoE Team Landau die Intention der grenz\u00fcberschreitenden Radtour.<\/p>\n<p>Mitstreiter von beiden Seiten der Grenze k\u00f6nnen sich unter folgender Adresse anmelden:\u00a0 <a class=\"fDefault\" href=\"&#109;&#x61;&#x69;l&#116;&#x6f;&#x3a;l&#97;&#x6e;d&#97;&#x75;&#x40;p&#117;&#x6c;s&#101;&#x6f;&#x66;e&#117;&#x72;&#x6f;&#112;&#x65;&#x2e;e&#117;\">&#x6c;&#97;&#110;d&#x61;&#x75;&#64;p&#x75;&#x6c;&#115;e&#x6f;&#x66;&#101;u&#x72;&#x6f;&#112;e&#x2e;&#x65;&#117;<\/a>.<br \/>\nTeilnahmegeb\u00fchren f\u00fcr Erwachsene: 5 \u20ac<br \/>\nSolange der Vorrat reicht, erhalten die Teilnehmer blaue Westen als Wiedererkennungsmerkmal.\n<\/div>\n<\/div>\n<\/article>\n<\/div>\n<\/div>\n<\/section>\n<div id=\"innerType\">\n<div class=\"container\">\n<div class=\"row\">\n<div class=\"col-xs-12 col-sm-9\">\n<div class=\"col-right\">\n<section id=\"mainSection\">\n<div class=\"btn-ico-wrapper\"><a class=\"btn-ico btn-ico-downloadpdf\" title=\"Seite im PDF-Format herunterladen\" href=\"https:\/\/www.eurodistrict-pamina.eu\/de\/europa-1\/grenzuberschreitendes-we-ride-for-europe_-d.html?downloadpdf=1\" target=\"_blank\" rel=\"nofollow\">PDF<\/a> <a class=\"btn-ico btn-ico-print\" title=\"Seite drucken\">Print<\/a><\/div>\n<\/section>\n<\/div>\n<\/div>\n<\/div>\n<\/div>\n<\/div>\n<footer id=\"mainFooter\">\n<div class=\"container\">\n<div class=\"row\">\n<div class=\"col-xs-12 col-sm-8\"><a class=\"contacts \" title=\"Kontakt\" href=\"https:\/\/www.eurodistrict-pamina.eu\/de\/kontakt.html\" data-equalize=\"col-footer\"><span class=\"line-1\">Sie m\u00f6chten uns<\/span><span class=\"line-2\">kontaktieren<\/span><span class=\"line-3\">hier klicken<\/span><\/a><\/div>\n<\/div>\n<div class=\"col-xs-12 col-sm-8\"><em>Quelle:<\/em> www.eurodistrict-pamina.eu<\/div>\n<div class=\"col-xs-12 col-sm-8\"><em>Kontakt :<\/em> <a href=\"mai&#108;&#116;&#111;&#58;&#x69;&#x6e;&#x66;&#x6f;&#x40;&#x65;&#x75;rod&#105;&#115;&#116;&#114;&#105;&#x63;&#x74;&#x2d;&#x70;&#x61;&#x6d;ina&#46;&#101;&#117;\">&#105;&#x6e;&#102;&#x6f;&#64;&#x65;&#117;&#x72;&#111;&#x64;&#105;&#x73;t&#x72;i&#x63;t&#x2d;p&#x61;m&#x69;n&#97;&#x2e;&#101;&#x75; <\/a><\/div>\n<\/div>\n<\/footer>\n","protected":false},"excerpt":{"rendered":"<p>Pulse of Europe Landau plant am 12. Mai 2019 eine &#8222;Fahrt f\u00fcr Europa&#8220; von Landau nach Wissembourg. Der Pate der Veranstaltung und ehemalige Ministerpr\u00e4sident Kurt Beck wird um 10 Uhr alle Interessenten auf dem Rathausplatz Landau begr\u00fc\u00dfen und den Startschuss f\u00fcr diese grenz\u00fcberschreitende Aktion geben. &#8222;Wir radeln f\u00fcr Europa durch Europa, um zu zeigen, dass [&hellip;]<\/p>\n","protected":false},"author":3,"featured_media":0,"comment_status":"open","ping_status":"open","sticky":false,"template":"","format":"standard","meta":{"_exactmetrics_skip_tracking":false,"_exactmetrics_sitenote_active":false,"_exactmetrics_sitenote_note":"","_exactmetrics_sitenote_category":0,"footnotes":""},"categories":[59,62,63],"tags":[],"class_list":["post-3798","post","type-post","status-publish","format-standard","hentry","category-ereignisse-de","category-mobilitat-de","category-tourismus-de"],"yoast_head":"<!-- This site is optimized with the Yoast SEO plugin v23.5 - https:\/\/yoast.com\/wordpress\/plugins\/seo\/ -->\n<title>Grenz\u00fcberschreitendes &quot;We ride for Europe&quot; am 12 Mai 2019 - PAMINA Business Club<\/title>\n<meta name=\"robots\" content=\"index, follow, max-snippet:-1, max-image-preview:large, max-video-preview:-1\" \/>\n<link rel=\"canonical\" href=\"http:\/\/www.pamina-business.com\/de\/grenzuberschreitendes-we-ride-for-europe-am-12-mai-2019\/\" \/>\n<meta property=\"og:locale\" content=\"de_DE\" \/>\n<meta property=\"og:type\" content=\"article\" \/>\n<meta property=\"og:title\" content=\"Grenz\u00fcberschreitendes &quot;We ride for Europe&quot; am 12 Mai 2019 - PAMINA Business Club\" \/>\n<meta property=\"og:description\" content=\"Pulse of Europe Landau plant am 12. Mai 2019 eine &#8222;Fahrt f\u00fcr Europa&#8220; von Landau nach Wissembourg. Der Pate der Veranstaltung und ehemalige Ministerpr\u00e4sident Kurt Beck wird um 10 Uhr alle Interessenten auf dem Rathausplatz Landau begr\u00fc\u00dfen und den Startschuss f\u00fcr diese grenz\u00fcberschreitende Aktion geben. &#8222;Wir radeln f\u00fcr Europa durch Europa, um zu zeigen, dass [&hellip;]\" \/>\n<meta property=\"og:url\" content=\"http:\/\/www.pamina-business.com\/de\/grenzuberschreitendes-we-ride-for-europe-am-12-mai-2019\/\" \/>\n<meta property=\"og:site_name\" content=\"PAMINA Business Club\" \/>\n<meta property=\"article:published_time\" content=\"2019-05-02T13:09:45+00:00\" \/>\n<meta property=\"article:modified_time\" content=\"2019-04-15T13:12:23+00:00\" \/>\n<meta property=\"og:image\" content=\"https:\/\/www.eurodistrict-pamina.eu\/globalflexit\/images\/img_base\/agendas\/835_556_1_we-ride-for-europe.png\" \/>\n<meta name=\"author\" content=\"Monique STUTZMANN\" \/>\n<meta name=\"twitter:card\" content=\"summary_large_image\" \/>\n<meta name=\"twitter:label1\" content=\"Verfasst von\" \/>\n\t<meta name=\"twitter:data1\" content=\"Monique STUTZMANN\" \/>\n\t<meta name=\"twitter:label2\" content=\"Gesch\u00e4tzte Lesezeit\" \/>\n\t<meta name=\"twitter:data2\" content=\"1\u00a0Minute\" \/>\n<script type=\"application\/ld+json\" class=\"yoast-schema-graph\">{\"@context\":\"https:\/\/schema.org\",\"@graph\":[{\"@type\":\"WebPage\",\"@id\":\"http:\/\/www.pamina-business.com\/de\/grenzuberschreitendes-we-ride-for-europe-am-12-mai-2019\/\",\"url\":\"http:\/\/www.pamina-business.com\/de\/grenzuberschreitendes-we-ride-for-europe-am-12-mai-2019\/\",\"name\":\"Grenz\u00fcberschreitendes \\\"We ride for Europe\\\" am 12 Mai 2019 - PAMINA Business Club\",\"isPartOf\":{\"@id\":\"http:\/\/www.pamina-business.com\/de\/#website\"},\"primaryImageOfPage\":{\"@id\":\"http:\/\/www.pamina-business.com\/de\/grenzuberschreitendes-we-ride-for-europe-am-12-mai-2019\/#primaryimage\"},\"image\":{\"@id\":\"http:\/\/www.pamina-business.com\/de\/grenzuberschreitendes-we-ride-for-europe-am-12-mai-2019\/#primaryimage\"},\"thumbnailUrl\":\"https:\/\/www.eurodistrict-pamina.eu\/globalflexit\/images\/img_base\/agendas\/835_556_1_we-ride-for-europe.png\",\"datePublished\":\"2019-05-02T13:09:45+00:00\",\"dateModified\":\"2019-04-15T13:12:23+00:00\",\"author\":{\"@id\":\"http:\/\/www.pamina-business.com\/de\/#\/schema\/person\/9ab02536dbdbc5e3ef40bbc3452c8c69\"},\"breadcrumb\":{\"@id\":\"http:\/\/www.pamina-business.com\/de\/grenzuberschreitendes-we-ride-for-europe-am-12-mai-2019\/#breadcrumb\"},\"inLanguage\":\"de\",\"potentialAction\":[{\"@type\":\"ReadAction\",\"target\":[\"http:\/\/www.pamina-business.com\/de\/grenzuberschreitendes-we-ride-for-europe-am-12-mai-2019\/\"]}]},{\"@type\":\"ImageObject\",\"inLanguage\":\"de\",\"@id\":\"http:\/\/www.pamina-business.com\/de\/grenzuberschreitendes-we-ride-for-europe-am-12-mai-2019\/#primaryimage\",\"url\":\"https:\/\/www.eurodistrict-pamina.eu\/globalflexit\/images\/img_base\/agendas\/835_556_1_we-ride-for-europe.png\",\"contentUrl\":\"https:\/\/www.eurodistrict-pamina.eu\/globalflexit\/images\/img_base\/agendas\/835_556_1_we-ride-for-europe.png\"},{\"@type\":\"BreadcrumbList\",\"@id\":\"http:\/\/www.pamina-business.com\/de\/grenzuberschreitendes-we-ride-for-europe-am-12-mai-2019\/#breadcrumb\",\"itemListElement\":[{\"@type\":\"ListItem\",\"position\":1,\"name\":\"Accueil\",\"item\":\"http:\/\/www.pamina-business.com\/de\/\"},{\"@type\":\"ListItem\",\"position\":2,\"name\":\"Grenz\u00fcberschreitendes &#8222;We ride for Europe&#8220; am 12 Mai 2019\"}]},{\"@type\":\"WebSite\",\"@id\":\"http:\/\/www.pamina-business.com\/de\/#website\",\"url\":\"http:\/\/www.pamina-business.com\/de\/\",\"name\":\"PAMINA Business Club\",\"description\":\"Un site utilisant WordPress\",\"potentialAction\":[{\"@type\":\"SearchAction\",\"target\":{\"@type\":\"EntryPoint\",\"urlTemplate\":\"http:\/\/www.pamina-business.com\/de\/?s={search_term_string}\"},\"query-input\":{\"@type\":\"PropertyValueSpecification\",\"valueRequired\":true,\"valueName\":\"search_term_string\"}}],\"inLanguage\":\"de\"},{\"@type\":\"Person\",\"@id\":\"http:\/\/www.pamina-business.com\/de\/#\/schema\/person\/9ab02536dbdbc5e3ef40bbc3452c8c69\",\"name\":\"Monique STUTZMANN\",\"image\":{\"@type\":\"ImageObject\",\"inLanguage\":\"de\",\"@id\":\"http:\/\/www.pamina-business.com\/de\/#\/schema\/person\/image\/\",\"url\":\"https:\/\/secure.gravatar.com\/avatar\/cc1c3adf9a9f6e969d3da7b6b34ec66f5f4a6844dfc9145380a75e42cd91882e?s=96&d=mm&r=g\",\"contentUrl\":\"https:\/\/secure.gravatar.com\/avatar\/cc1c3adf9a9f6e969d3da7b6b34ec66f5f4a6844dfc9145380a75e42cd91882e?s=96&d=mm&r=g\",\"caption\":\"Monique STUTZMANN\"},\"url\":\"http:\/\/www.pamina-business.com\/de\/author\/monique\/\"}]}<\/script>\n<!-- \/ Yoast SEO plugin. -->","yoast_head_json":{"title":"Grenz\u00fcberschreitendes \"We ride for Europe\" am 12 Mai 2019 - PAMINA Business Club","robots":{"index":"index","follow":"follow","max-snippet":"max-snippet:-1","max-image-preview":"max-image-preview:large","max-video-preview":"max-video-preview:-1"},"canonical":"http:\/\/www.pamina-business.com\/de\/grenzuberschreitendes-we-ride-for-europe-am-12-mai-2019\/","og_locale":"de_DE","og_type":"article","og_title":"Grenz\u00fcberschreitendes \"We ride for Europe\" am 12 Mai 2019 - PAMINA Business Club","og_description":"Pulse of Europe Landau plant am 12. Mai 2019 eine &#8222;Fahrt f\u00fcr Europa&#8220; von Landau nach Wissembourg. Der Pate der Veranstaltung und ehemalige Ministerpr\u00e4sident Kurt Beck wird um 10 Uhr alle Interessenten auf dem Rathausplatz Landau begr\u00fc\u00dfen und den Startschuss f\u00fcr diese grenz\u00fcberschreitende Aktion geben. &#8222;Wir radeln f\u00fcr Europa durch Europa, um zu zeigen, dass [&hellip;]","og_url":"http:\/\/www.pamina-business.com\/de\/grenzuberschreitendes-we-ride-for-europe-am-12-mai-2019\/","og_site_name":"PAMINA Business Club","article_published_time":"2019-05-02T13:09:45+00:00","article_modified_time":"2019-04-15T13:12:23+00:00","og_image":[{"url":"https:\/\/www.eurodistrict-pamina.eu\/globalflexit\/images\/img_base\/agendas\/835_556_1_we-ride-for-europe.png"}],"author":"Monique STUTZMANN","twitter_card":"summary_large_image","twitter_misc":{"Verfasst von":"Monique STUTZMANN","Gesch\u00e4tzte Lesezeit":"1\u00a0Minute"},"schema":{"@context":"https:\/\/schema.org","@graph":[{"@type":"WebPage","@id":"http:\/\/www.pamina-business.com\/de\/grenzuberschreitendes-we-ride-for-europe-am-12-mai-2019\/","url":"http:\/\/www.pamina-business.com\/de\/grenzuberschreitendes-we-ride-for-europe-am-12-mai-2019\/","name":"Grenz\u00fcberschreitendes \"We ride for Europe\" am 12 Mai 2019 - PAMINA Business Club","isPartOf":{"@id":"http:\/\/www.pamina-business.com\/de\/#website"},"primaryImageOfPage":{"@id":"http:\/\/www.pamina-business.com\/de\/grenzuberschreitendes-we-ride-for-europe-am-12-mai-2019\/#primaryimage"},"image":{"@id":"http:\/\/www.pamina-business.com\/de\/grenzuberschreitendes-we-ride-for-europe-am-12-mai-2019\/#primaryimage"},"thumbnailUrl":"https:\/\/www.eurodistrict-pamina.eu\/globalflexit\/images\/img_base\/agendas\/835_556_1_we-ride-for-europe.png","datePublished":"2019-05-02T13:09:45+00:00","dateModified":"2019-04-15T13:12:23+00:00","author":{"@id":"http:\/\/www.pamina-business.com\/de\/#\/schema\/person\/9ab02536dbdbc5e3ef40bbc3452c8c69"},"breadcrumb":{"@id":"http:\/\/www.pamina-business.com\/de\/grenzuberschreitendes-we-ride-for-europe-am-12-mai-2019\/#breadcrumb"},"inLanguage":"de","potentialAction":[{"@type":"ReadAction","target":["http:\/\/www.pamina-business.com\/de\/grenzuberschreitendes-we-ride-for-europe-am-12-mai-2019\/"]}]},{"@type":"ImageObject","inLanguage":"de","@id":"http:\/\/www.pamina-business.com\/de\/grenzuberschreitendes-we-ride-for-europe-am-12-mai-2019\/#primaryimage","url":"https:\/\/www.eurodistrict-pamina.eu\/globalflexit\/images\/img_base\/agendas\/835_556_1_we-ride-for-europe.png","contentUrl":"https:\/\/www.eurodistrict-pamina.eu\/globalflexit\/images\/img_base\/agendas\/835_556_1_we-ride-for-europe.png"},{"@type":"BreadcrumbList","@id":"http:\/\/www.pamina-business.com\/de\/grenzuberschreitendes-we-ride-for-europe-am-12-mai-2019\/#breadcrumb","itemListElement":[{"@type":"ListItem","position":1,"name":"Accueil","item":"http:\/\/www.pamina-business.com\/de\/"},{"@type":"ListItem","position":2,"name":"Grenz\u00fcberschreitendes &#8222;We ride for Europe&#8220; am 12 Mai 2019"}]},{"@type":"WebSite","@id":"http:\/\/www.pamina-business.com\/de\/#website","url":"http:\/\/www.pamina-business.com\/de\/","name":"PAMINA Business Club","description":"Un site utilisant WordPress","potentialAction":[{"@type":"SearchAction","target":{"@type":"EntryPoint","urlTemplate":"http:\/\/www.pamina-business.com\/de\/?s={search_term_string}"},"query-input":{"@type":"PropertyValueSpecification","valueRequired":true,"valueName":"search_term_string"}}],"inLanguage":"de"},{"@type":"Person","@id":"http:\/\/www.pamina-business.com\/de\/#\/schema\/person\/9ab02536dbdbc5e3ef40bbc3452c8c69","name":"Monique STUTZMANN","image":{"@type":"ImageObject","inLanguage":"de","@id":"http:\/\/www.pamina-business.com\/de\/#\/schema\/person\/image\/","url":"https:\/\/secure.gravatar.com\/avatar\/cc1c3adf9a9f6e969d3da7b6b34ec66f5f4a6844dfc9145380a75e42cd91882e?s=96&d=mm&r=g","contentUrl":"https:\/\/secure.gravatar.com\/avatar\/cc1c3adf9a9f6e969d3da7b6b34ec66f5f4a6844dfc9145380a75e42cd91882e?s=96&d=mm&r=g","caption":"Monique STUTZMANN"},"url":"http:\/\/www.pamina-business.com\/de\/author\/monique\/"}]}},"_links":{"self":[{"href":"http:\/\/www.pamina-business.com\/de\/wp-json\/wp\/v2\/posts\/3798","targetHints":{"allow":["GET"]}}],"collection":[{"href":"http:\/\/www.pamina-business.com\/de\/wp-json\/wp\/v2\/posts"}],"about":[{"href":"http:\/\/www.pamina-business.com\/de\/wp-json\/wp\/v2\/types\/post"}],"author":[{"embeddable":true,"href":"http:\/\/www.pamina-business.com\/de\/wp-json\/wp\/v2\/users\/3"}],"replies":[{"embeddable":true,"href":"http:\/\/www.pamina-business.com\/de\/wp-json\/wp\/v2\/comments?post=3798"}],"version-history":[{"count":1,"href":"http:\/\/www.pamina-business.com\/de\/wp-json\/wp\/v2\/posts\/3798\/revisions"}],"predecessor-version":[{"id":3799,"href":"http:\/\/www.pamina-business.com\/de\/wp-json\/wp\/v2\/posts\/3798\/revisions\/3799"}],"wp:attachment":[{"href":"http:\/\/www.pamina-business.com\/de\/wp-json\/wp\/v2\/media?parent=3798"}],"wp:term":[{"taxonomy":"category","embeddable":true,"href":"http:\/\/www.pamina-business.com\/de\/wp-json\/wp\/v2\/categories?post=3798"},{"taxonomy":"post_tag","embeddable":true,"href":"http:\/\/www.pamina-business.com\/de\/wp-json\/wp\/v2\/tags?post=3798"}],"curies":[{"name":"wp","href":"https:\/\/api.w.org\/{rel}","templated":true}]}}