{"id":3796,"date":"2019-04-25T13:06:23","date_gmt":"2019-04-25T13:06:23","guid":{"rendered":"http:\/\/www.pamina-business.com\/?p=3796"},"modified":"2019-04-15T13:09:24","modified_gmt":"2019-04-15T13:09:24","slug":"erasmus-projekt-jugend-in-grenzregionen-vom-11-mai-2019-bis-16-mai-2019","status":"publish","type":"post","link":"http:\/\/www.pamina-business.com\/de\/erasmus-projekt-jugend-in-grenzregionen-vom-11-mai-2019-bis-16-mai-2019\/","title":{"rendered":"ERASMUS+ Projekt \u201eJugend in Grenzregionen\u201c Vom 11 Mai 2019 bis 16 Mai 2019"},"content":{"rendered":"<section id=\"mainSection\">\n<div class=\"fmodele fmodeleScroll tpl_fiche\">\n<div class=\"agendas-fiche\">\n<article class=\"media\">\n<div class=\"media-object\"><img decoding=\"async\" src=\"https:\/\/www.eurodistrict-pamina.eu\/globalflexit\/images\/img_base\/agendas\/835_556_1_596382-original-r-k-b-by-marvin-siefke-pixeliode.jpg\" alt=\"ERASMUS+ Projekt \u201eJugend in Grenzregionen\u201c\" \/><\/div>\n<div class=\"media-body\"><br class=\"media-heading\" \/><\/p>\n<div class=\"contenu\">\n<p>Vom 11. bis 16. Mai 2019 findet die erste von vier Begegnungen im Rahmen des Erasmus+ Projektes \u201eJugend in Grenzregionen\u201c statt, in dem Jugendliche sowie Jugendakteure aus dem PAMINA-Raum und der polnisch-tschechischen Grenzregion zusammenkommen. Ziel ist der <strong>europ\u00e4ische Austausch \u00fcber grenz\u00fcberschreitende Jugendarbeit<\/strong> sowie das Schaffen von Verbindungen zwischen den Projektteilnehmern. Nach diesem ersten Fachkr\u00e4fteaustausch werden bis Sommer 2020 zwei <strong>Jugendaustausche<\/strong> sowie ein weiterer <strong>Fachkr\u00e4fteaustausch<\/strong> organisiert, sodass alle Teilnehmer beide Grenzregionen mit ihren Besonderheiten und Erfahrungen kennenlernen k\u00f6nnen.<\/p>\n<h5 class=\"fDefault\">Langj\u00e4hrige Partnerschaft zwischen beiden Grenzregionen<\/h5>\n<p>Ursprung der Projektidee war die seit vielen Jahren bestehende Partnerschaft zwischen dem Eurodistrikt PAMINA und der polnisch-tschechischen Euroregion \u015al\u0105sk Cieszy\u0144ski-T\u011b\u0161\u00ednsk\u00e9 Slezsko. Mit dem von der Europ\u00e4ischen Union gef\u00f6rderten Projekt \u201eJugend in Grenzregionen\u201c soll diese Partnerschaft nun erstmals auf den Jugendbereich ausgeweitet werden.<\/p>\n<h5 class=\"fDefault\">PAMINA-Jugendnetzwerk<\/h5>\n<p>Das Projekt wird gemeinsam mit Partnern aus dem seit 2010 existierenden PAMINA-Jugendnetzwerk\u00a0umgesetzt. Der Stadtjugendausschuss Karlsruhe, das Kinder- und Jugendzentrum \/ Mehrgenerationenhaus W\u00f6rth vom Internationalen Bund sowie der els\u00e4ssische Verband der Jugend- und Kulturh\u00e4user (FDMJC d&#8217;Alsace) haben das Projekt mit ausgearbeitet und werden mit Fachkr\u00e4ften sowie Jugendlichen aus den verschiedenen Einrichtungen daran teilnehmen.<\/p>\n<p>Beim ersten Fachkr\u00e4fteaustausch im Mai 2019 k\u00f6nnen die polnischen und tschechischen Teilnehmer verschiedene Jugendeinrichtungen in Deutschland und Frankreich besuchen und mehr \u00fcber die Jugendarbeit in beiden L\u00e4ndern erfahren. Au\u00dferdem lernen sie das PAMINA-Jugendnetzwerk und die grenz\u00fcberschreitende Zusammenarbeit in der Region kennen. Ein inhaltlicher Fokus wird au\u00dferdem auf die Frage der <strong>Jugendbeteiligung in Grenzregionen<\/strong> gelegt.<\/p>\n<h5><img decoding=\"async\" src=\"https:\/\/www.eurodistrict-pamina.eu\/globalflexit\/images\/UserFiles\/Image\/jeunesse\/erasmus\/400_82_2_forderhinweis-de.jpg\" \/><\/p>\n<p><span class=\"legende\">photo: Marvin Siefke \/ <a class=\"fDefault\" href=\"http:\/\/www.pixelio.de\/\" target=\"_blank\">pixelio.de<\/a><\/span><\/h5>\n<\/div>\n<p><em>Quelle :<\/em><a href=\"http:\/\/www.eurodistrict-pamina.eu\"> www.eurodistrict-pamina.eu<\/a><\/p>\n<p><em>Contact :<\/em> <a href=\"mail&#116;&#111;&#58;&#105;&#110;&#102;&#111;&#x40;&#x65;&#x75;&#x72;&#x6f;&#x64;&#x69;&#x73;&#x74;rict&#45;&#112;&#97;&#109;&#105;&#110;&#97;&#x2e;&#x65;&#x75;\">&#x69;&#x6e;&#x66;&#x6f;&#x40;&#x65;&#x75;&#x72;&#x6f;&#x64;&#x69;&#115;&#116;&#114;&#105;&#99;&#116;&#45;pamina&#x2e;&#x65;&#x75;<\/a><\/p>\n<\/div>\n<\/article>\n<\/div>\n<\/div>\n<\/section>\n","protected":false},"excerpt":{"rendered":"<p>Vom 11. bis 16. Mai 2019 findet die erste von vier Begegnungen im Rahmen des Erasmus+ Projektes \u201eJugend in Grenzregionen\u201c statt, in dem Jugendliche sowie Jugendakteure aus dem PAMINA-Raum und der polnisch-tschechischen Grenzregion zusammenkommen. Ziel ist der europ\u00e4ische Austausch \u00fcber grenz\u00fcberschreitende Jugendarbeit sowie das Schaffen von Verbindungen zwischen den Projektteilnehmern. Nach diesem ersten Fachkr\u00e4fteaustausch werden [&hellip;]<\/p>\n","protected":false},"author":3,"featured_media":0,"comment_status":"open","ping_status":"open","sticky":false,"template":"","format":"standard","meta":{"_exactmetrics_skip_tracking":false,"_exactmetrics_sitenote_active":false,"_exactmetrics_sitenote_note":"","_exactmetrics_sitenote_category":0,"footnotes":""},"categories":[57,59],"tags":[],"class_list":["post-3796","post","type-post","status-publish","format-standard","hentry","category-berufsbildung-de","category-ereignisse-de"],"yoast_head":"<!-- This site is optimized with the Yoast SEO plugin v23.5 - https:\/\/yoast.com\/wordpress\/plugins\/seo\/ -->\n<title>ERASMUS+ Projekt \u201eJugend in Grenzregionen\u201c Vom 11 Mai 2019 bis 16 Mai 2019 - PAMINA Business Club<\/title>\n<meta name=\"robots\" content=\"index, follow, max-snippet:-1, max-image-preview:large, max-video-preview:-1\" \/>\n<link rel=\"canonical\" href=\"http:\/\/www.pamina-business.com\/de\/erasmus-projekt-jugend-in-grenzregionen-vom-11-mai-2019-bis-16-mai-2019\/\" \/>\n<meta property=\"og:locale\" content=\"de_DE\" \/>\n<meta property=\"og:type\" content=\"article\" \/>\n<meta property=\"og:title\" content=\"ERASMUS+ Projekt \u201eJugend in Grenzregionen\u201c Vom 11 Mai 2019 bis 16 Mai 2019 - PAMINA Business Club\" \/>\n<meta property=\"og:description\" content=\"Vom 11. bis 16. Mai 2019 findet die erste von vier Begegnungen im Rahmen des Erasmus+ Projektes \u201eJugend in Grenzregionen\u201c statt, in dem Jugendliche sowie Jugendakteure aus dem PAMINA-Raum und der polnisch-tschechischen Grenzregion zusammenkommen. Ziel ist der europ\u00e4ische Austausch \u00fcber grenz\u00fcberschreitende Jugendarbeit sowie das Schaffen von Verbindungen zwischen den Projektteilnehmern. Nach diesem ersten Fachkr\u00e4fteaustausch werden [&hellip;]\" \/>\n<meta property=\"og:url\" content=\"http:\/\/www.pamina-business.com\/de\/erasmus-projekt-jugend-in-grenzregionen-vom-11-mai-2019-bis-16-mai-2019\/\" \/>\n<meta property=\"og:site_name\" content=\"PAMINA Business Club\" \/>\n<meta property=\"article:published_time\" content=\"2019-04-25T13:06:23+00:00\" \/>\n<meta property=\"article:modified_time\" content=\"2019-04-15T13:09:24+00:00\" \/>\n<meta property=\"og:image\" content=\"https:\/\/www.eurodistrict-pamina.eu\/globalflexit\/images\/img_base\/agendas\/835_556_1_596382-original-r-k-b-by-marvin-siefke-pixeliode.jpg\" \/>\n<meta name=\"author\" content=\"Monique STUTZMANN\" \/>\n<meta name=\"twitter:card\" content=\"summary_large_image\" \/>\n<meta name=\"twitter:label1\" content=\"Verfasst von\" \/>\n\t<meta name=\"twitter:data1\" content=\"Monique STUTZMANN\" \/>\n\t<meta name=\"twitter:label2\" content=\"Gesch\u00e4tzte Lesezeit\" \/>\n\t<meta name=\"twitter:data2\" content=\"1\u00a0Minute\" \/>\n<script type=\"application\/ld+json\" class=\"yoast-schema-graph\">{\"@context\":\"https:\/\/schema.org\",\"@graph\":[{\"@type\":\"WebPage\",\"@id\":\"http:\/\/www.pamina-business.com\/de\/erasmus-projekt-jugend-in-grenzregionen-vom-11-mai-2019-bis-16-mai-2019\/\",\"url\":\"http:\/\/www.pamina-business.com\/de\/erasmus-projekt-jugend-in-grenzregionen-vom-11-mai-2019-bis-16-mai-2019\/\",\"name\":\"ERASMUS+ Projekt \u201eJugend in Grenzregionen\u201c Vom 11 Mai 2019 bis 16 Mai 2019 - PAMINA Business Club\",\"isPartOf\":{\"@id\":\"http:\/\/www.pamina-business.com\/de\/#website\"},\"primaryImageOfPage\":{\"@id\":\"http:\/\/www.pamina-business.com\/de\/erasmus-projekt-jugend-in-grenzregionen-vom-11-mai-2019-bis-16-mai-2019\/#primaryimage\"},\"image\":{\"@id\":\"http:\/\/www.pamina-business.com\/de\/erasmus-projekt-jugend-in-grenzregionen-vom-11-mai-2019-bis-16-mai-2019\/#primaryimage\"},\"thumbnailUrl\":\"https:\/\/www.eurodistrict-pamina.eu\/globalflexit\/images\/img_base\/agendas\/835_556_1_596382-original-r-k-b-by-marvin-siefke-pixeliode.jpg\",\"datePublished\":\"2019-04-25T13:06:23+00:00\",\"dateModified\":\"2019-04-15T13:09:24+00:00\",\"author\":{\"@id\":\"http:\/\/www.pamina-business.com\/de\/#\/schema\/person\/9ab02536dbdbc5e3ef40bbc3452c8c69\"},\"breadcrumb\":{\"@id\":\"http:\/\/www.pamina-business.com\/de\/erasmus-projekt-jugend-in-grenzregionen-vom-11-mai-2019-bis-16-mai-2019\/#breadcrumb\"},\"inLanguage\":\"de\",\"potentialAction\":[{\"@type\":\"ReadAction\",\"target\":[\"http:\/\/www.pamina-business.com\/de\/erasmus-projekt-jugend-in-grenzregionen-vom-11-mai-2019-bis-16-mai-2019\/\"]}]},{\"@type\":\"ImageObject\",\"inLanguage\":\"de\",\"@id\":\"http:\/\/www.pamina-business.com\/de\/erasmus-projekt-jugend-in-grenzregionen-vom-11-mai-2019-bis-16-mai-2019\/#primaryimage\",\"url\":\"https:\/\/www.eurodistrict-pamina.eu\/globalflexit\/images\/img_base\/agendas\/835_556_1_596382-original-r-k-b-by-marvin-siefke-pixeliode.jpg\",\"contentUrl\":\"https:\/\/www.eurodistrict-pamina.eu\/globalflexit\/images\/img_base\/agendas\/835_556_1_596382-original-r-k-b-by-marvin-siefke-pixeliode.jpg\"},{\"@type\":\"BreadcrumbList\",\"@id\":\"http:\/\/www.pamina-business.com\/de\/erasmus-projekt-jugend-in-grenzregionen-vom-11-mai-2019-bis-16-mai-2019\/#breadcrumb\",\"itemListElement\":[{\"@type\":\"ListItem\",\"position\":1,\"name\":\"Accueil\",\"item\":\"http:\/\/www.pamina-business.com\/de\/\"},{\"@type\":\"ListItem\",\"position\":2,\"name\":\"ERASMUS+ Projekt \u201eJugend in Grenzregionen\u201c Vom 11 Mai 2019 bis 16 Mai 2019\"}]},{\"@type\":\"WebSite\",\"@id\":\"http:\/\/www.pamina-business.com\/de\/#website\",\"url\":\"http:\/\/www.pamina-business.com\/de\/\",\"name\":\"PAMINA Business Club\",\"description\":\"Un site utilisant WordPress\",\"potentialAction\":[{\"@type\":\"SearchAction\",\"target\":{\"@type\":\"EntryPoint\",\"urlTemplate\":\"http:\/\/www.pamina-business.com\/de\/?s={search_term_string}\"},\"query-input\":{\"@type\":\"PropertyValueSpecification\",\"valueRequired\":true,\"valueName\":\"search_term_string\"}}],\"inLanguage\":\"de\"},{\"@type\":\"Person\",\"@id\":\"http:\/\/www.pamina-business.com\/de\/#\/schema\/person\/9ab02536dbdbc5e3ef40bbc3452c8c69\",\"name\":\"Monique STUTZMANN\",\"image\":{\"@type\":\"ImageObject\",\"inLanguage\":\"de\",\"@id\":\"http:\/\/www.pamina-business.com\/de\/#\/schema\/person\/image\/\",\"url\":\"https:\/\/secure.gravatar.com\/avatar\/cc1c3adf9a9f6e969d3da7b6b34ec66f5f4a6844dfc9145380a75e42cd91882e?s=96&d=mm&r=g\",\"contentUrl\":\"https:\/\/secure.gravatar.com\/avatar\/cc1c3adf9a9f6e969d3da7b6b34ec66f5f4a6844dfc9145380a75e42cd91882e?s=96&d=mm&r=g\",\"caption\":\"Monique STUTZMANN\"},\"url\":\"http:\/\/www.pamina-business.com\/de\/author\/monique\/\"}]}<\/script>\n<!-- \/ Yoast SEO plugin. -->","yoast_head_json":{"title":"ERASMUS+ Projekt \u201eJugend in Grenzregionen\u201c Vom 11 Mai 2019 bis 16 Mai 2019 - PAMINA Business Club","robots":{"index":"index","follow":"follow","max-snippet":"max-snippet:-1","max-image-preview":"max-image-preview:large","max-video-preview":"max-video-preview:-1"},"canonical":"http:\/\/www.pamina-business.com\/de\/erasmus-projekt-jugend-in-grenzregionen-vom-11-mai-2019-bis-16-mai-2019\/","og_locale":"de_DE","og_type":"article","og_title":"ERASMUS+ Projekt \u201eJugend in Grenzregionen\u201c Vom 11 Mai 2019 bis 16 Mai 2019 - PAMINA Business Club","og_description":"Vom 11. bis 16. Mai 2019 findet die erste von vier Begegnungen im Rahmen des Erasmus+ Projektes \u201eJugend in Grenzregionen\u201c statt, in dem Jugendliche sowie Jugendakteure aus dem PAMINA-Raum und der polnisch-tschechischen Grenzregion zusammenkommen. Ziel ist der europ\u00e4ische Austausch \u00fcber grenz\u00fcberschreitende Jugendarbeit sowie das Schaffen von Verbindungen zwischen den Projektteilnehmern. Nach diesem ersten Fachkr\u00e4fteaustausch werden [&hellip;]","og_url":"http:\/\/www.pamina-business.com\/de\/erasmus-projekt-jugend-in-grenzregionen-vom-11-mai-2019-bis-16-mai-2019\/","og_site_name":"PAMINA Business Club","article_published_time":"2019-04-25T13:06:23+00:00","article_modified_time":"2019-04-15T13:09:24+00:00","og_image":[{"url":"https:\/\/www.eurodistrict-pamina.eu\/globalflexit\/images\/img_base\/agendas\/835_556_1_596382-original-r-k-b-by-marvin-siefke-pixeliode.jpg"}],"author":"Monique STUTZMANN","twitter_card":"summary_large_image","twitter_misc":{"Verfasst von":"Monique STUTZMANN","Gesch\u00e4tzte Lesezeit":"1\u00a0Minute"},"schema":{"@context":"https:\/\/schema.org","@graph":[{"@type":"WebPage","@id":"http:\/\/www.pamina-business.com\/de\/erasmus-projekt-jugend-in-grenzregionen-vom-11-mai-2019-bis-16-mai-2019\/","url":"http:\/\/www.pamina-business.com\/de\/erasmus-projekt-jugend-in-grenzregionen-vom-11-mai-2019-bis-16-mai-2019\/","name":"ERASMUS+ Projekt \u201eJugend in Grenzregionen\u201c Vom 11 Mai 2019 bis 16 Mai 2019 - PAMINA Business Club","isPartOf":{"@id":"http:\/\/www.pamina-business.com\/de\/#website"},"primaryImageOfPage":{"@id":"http:\/\/www.pamina-business.com\/de\/erasmus-projekt-jugend-in-grenzregionen-vom-11-mai-2019-bis-16-mai-2019\/#primaryimage"},"image":{"@id":"http:\/\/www.pamina-business.com\/de\/erasmus-projekt-jugend-in-grenzregionen-vom-11-mai-2019-bis-16-mai-2019\/#primaryimage"},"thumbnailUrl":"https:\/\/www.eurodistrict-pamina.eu\/globalflexit\/images\/img_base\/agendas\/835_556_1_596382-original-r-k-b-by-marvin-siefke-pixeliode.jpg","datePublished":"2019-04-25T13:06:23+00:00","dateModified":"2019-04-15T13:09:24+00:00","author":{"@id":"http:\/\/www.pamina-business.com\/de\/#\/schema\/person\/9ab02536dbdbc5e3ef40bbc3452c8c69"},"breadcrumb":{"@id":"http:\/\/www.pamina-business.com\/de\/erasmus-projekt-jugend-in-grenzregionen-vom-11-mai-2019-bis-16-mai-2019\/#breadcrumb"},"inLanguage":"de","potentialAction":[{"@type":"ReadAction","target":["http:\/\/www.pamina-business.com\/de\/erasmus-projekt-jugend-in-grenzregionen-vom-11-mai-2019-bis-16-mai-2019\/"]}]},{"@type":"ImageObject","inLanguage":"de","@id":"http:\/\/www.pamina-business.com\/de\/erasmus-projekt-jugend-in-grenzregionen-vom-11-mai-2019-bis-16-mai-2019\/#primaryimage","url":"https:\/\/www.eurodistrict-pamina.eu\/globalflexit\/images\/img_base\/agendas\/835_556_1_596382-original-r-k-b-by-marvin-siefke-pixeliode.jpg","contentUrl":"https:\/\/www.eurodistrict-pamina.eu\/globalflexit\/images\/img_base\/agendas\/835_556_1_596382-original-r-k-b-by-marvin-siefke-pixeliode.jpg"},{"@type":"BreadcrumbList","@id":"http:\/\/www.pamina-business.com\/de\/erasmus-projekt-jugend-in-grenzregionen-vom-11-mai-2019-bis-16-mai-2019\/#breadcrumb","itemListElement":[{"@type":"ListItem","position":1,"name":"Accueil","item":"http:\/\/www.pamina-business.com\/de\/"},{"@type":"ListItem","position":2,"name":"ERASMUS+ Projekt \u201eJugend in Grenzregionen\u201c Vom 11 Mai 2019 bis 16 Mai 2019"}]},{"@type":"WebSite","@id":"http:\/\/www.pamina-business.com\/de\/#website","url":"http:\/\/www.pamina-business.com\/de\/","name":"PAMINA Business Club","description":"Un site utilisant WordPress","potentialAction":[{"@type":"SearchAction","target":{"@type":"EntryPoint","urlTemplate":"http:\/\/www.pamina-business.com\/de\/?s={search_term_string}"},"query-input":{"@type":"PropertyValueSpecification","valueRequired":true,"valueName":"search_term_string"}}],"inLanguage":"de"},{"@type":"Person","@id":"http:\/\/www.pamina-business.com\/de\/#\/schema\/person\/9ab02536dbdbc5e3ef40bbc3452c8c69","name":"Monique STUTZMANN","image":{"@type":"ImageObject","inLanguage":"de","@id":"http:\/\/www.pamina-business.com\/de\/#\/schema\/person\/image\/","url":"https:\/\/secure.gravatar.com\/avatar\/cc1c3adf9a9f6e969d3da7b6b34ec66f5f4a6844dfc9145380a75e42cd91882e?s=96&d=mm&r=g","contentUrl":"https:\/\/secure.gravatar.com\/avatar\/cc1c3adf9a9f6e969d3da7b6b34ec66f5f4a6844dfc9145380a75e42cd91882e?s=96&d=mm&r=g","caption":"Monique STUTZMANN"},"url":"http:\/\/www.pamina-business.com\/de\/author\/monique\/"}]}},"_links":{"self":[{"href":"http:\/\/www.pamina-business.com\/de\/wp-json\/wp\/v2\/posts\/3796","targetHints":{"allow":["GET"]}}],"collection":[{"href":"http:\/\/www.pamina-business.com\/de\/wp-json\/wp\/v2\/posts"}],"about":[{"href":"http:\/\/www.pamina-business.com\/de\/wp-json\/wp\/v2\/types\/post"}],"author":[{"embeddable":true,"href":"http:\/\/www.pamina-business.com\/de\/wp-json\/wp\/v2\/users\/3"}],"replies":[{"embeddable":true,"href":"http:\/\/www.pamina-business.com\/de\/wp-json\/wp\/v2\/comments?post=3796"}],"version-history":[{"count":1,"href":"http:\/\/www.pamina-business.com\/de\/wp-json\/wp\/v2\/posts\/3796\/revisions"}],"predecessor-version":[{"id":3797,"href":"http:\/\/www.pamina-business.com\/de\/wp-json\/wp\/v2\/posts\/3796\/revisions\/3797"}],"wp:attachment":[{"href":"http:\/\/www.pamina-business.com\/de\/wp-json\/wp\/v2\/media?parent=3796"}],"wp:term":[{"taxonomy":"category","embeddable":true,"href":"http:\/\/www.pamina-business.com\/de\/wp-json\/wp\/v2\/categories?post=3796"},{"taxonomy":"post_tag","embeddable":true,"href":"http:\/\/www.pamina-business.com\/de\/wp-json\/wp\/v2\/tags?post=3796"}],"curies":[{"name":"wp","href":"https:\/\/api.w.org\/{rel}","templated":true}]}}