{"id":3768,"date":"2019-04-11T08:00:02","date_gmt":"2019-04-11T08:00:02","guid":{"rendered":"http:\/\/www.pamina-business.com\/?p=3768"},"modified":"2019-04-09T08:04:44","modified_gmt":"2019-04-09T08:04:44","slug":"freiwilligendienst-im-eurodistrict-in-lauterbourg","status":"publish","type":"post","link":"http:\/\/www.pamina-business.com\/de\/freiwilligendienst-im-eurodistrict-in-lauterbourg\/","title":{"rendered":"Freiwilligendienst im Eurodistrict in Lauterbourg"},"content":{"rendered":"<h2><span class=\"chapeau\">Grenz\u00fcberschreitender Freiwilligendienst im PAMINA-Jugendnetzwerk<\/span><\/h2>\n<p>In Zusammenarbeit mit dem els\u00e4ssischen Verband der Jugend- und Kulturh\u00e4user (FDMJC Alsace) und dem Kinder- und Jugendzentrum W\u00f6rth am Rhein bietet der Eurodistrikt PAMINA regelm\u00e4\u00dfig Freiwilligenstellen zur Begleitung des <a class=\"fDefault\" title=\"Pamina - Netzwerke - EURODISTRICT PAMINA\" href=\"https:\/\/www.eurodistrict-pamina.eu\/de\/pamina.html\">PAMINA-Jugendnetzwerks<\/a> an. Der oder die Freiwillige wird je drei Monate in einem deutschen Jugendzentrum in W\u00f6rth, einem franz\u00f6sischen Jugendhaus in Wissembourg und im Eurodistrikt PAMINA eingesetzt und kann so die Jugendarbeit in beiden L\u00e4ndern und insbesondere im grenz\u00fcberschreitenden Kontext kennenlernen. Die Stelle l\u00e4uft \u00fcber den franz\u00f6sischen &#8222;<em>service civique<\/em>&#8222;.<\/p>\n<hr \/>\n<p>&nbsp;<\/p>\n<table border=\"0\" cellspacing=\"1\" cellpadding=\"1\">\n<tbody>\n<tr>\n<td><\/td>\n<td><strong>Deine Aufgaben:<\/strong><\/p>\n<ul class=\"liste1\">\n<li>Mitarbeit in den Jugendeinrichtungen in W\u00f6rth und Wissembourg\n<ul>\n<li>offene Kinder- und Jugendarbeit<\/li>\n<li>Organisation von deutsch-franz\u00f6sischen Begegnungen mit Kindern \/ Jugendlichen aus W\u00f6rth und Wissembourg<\/li>\n<\/ul>\n<\/li>\n<li>Unterst\u00fctzung und Begleitung des PAMINA-Jugendnetzwerks (Treffen der deutschen und franz\u00f6sischen Mitglieder, Unterst\u00fctzung der Mitglieder bei der gegenseitigen Vernetzung)<\/li>\n<li>Das Interesse der Jugendeinrichtungen f\u00fcr die deutsch-franz\u00f6sischen Jugendbegegnungen wecken<\/li>\n<li>Verfolgen der aktuellen Projekte des PAMINA-Jugendnetzwerks (Teilnahme an Besprechungen, Telefon-und Emailkommunikation)<\/li>\n<\/ul>\n<\/td>\n<td><\/td>\n<td><strong>Was bringt Dir das? <\/strong><\/p>\n<ul class=\"liste1\">\n<li>Du bekommst einen Einblick in die Jugendarbeit in Frankreich und Deutschland<\/li>\n<li>Du sammelst viele neue Kontakte, vor allem zu Jugendarbeitern aus der Region<\/li>\n<li>Du kannst pers\u00f6nliche Erfahrungen und deine eigenen Ideen einbringen Kennenlernen der Arbeit im Team und im deutsch-franz\u00f6sischen Bereich<\/li>\n<li>Du lernst wie Veranstaltungen vorbereitet und organisiert werden<\/li>\n<li>Du sammelst Erfahrungen in der interkulturellen Zusammenarbeit<\/li>\n<li>Du kannst deinen Freiwilligendienst als besonderes Engagement im Lebenslauf verankern<\/li>\n<li>Du baust deine Sprachkenntnisse aus<\/li>\n<\/ul>\n<\/td>\n<td><\/td>\n<\/tr>\n<tr>\n<td><\/td>\n<td colspan=\"3\" rowspan=\"1\"><a class=\"flexit_ico_file\" href=\"https:\/\/www.eurodistrict-pamina.eu\/UserFiles\/File\/jeunesse\/freiwilligendienst-2019-ausschreibung.pdf\" target=\"_blank\">Detaillierte Ausschreibung<\/a><\/td>\n<td><\/td>\n<\/tr>\n<\/tbody>\n<\/table>\n<p>&nbsp;<\/p>\n<table border=\"0\" cellspacing=\"1\" cellpadding=\"1\">\n<tbody>\n<tr>\n<td><\/td>\n<td colspan=\"2\"><\/td>\n<td><\/td>\n<\/tr>\n<tr>\n<td rowspan=\"2\"><\/td>\n<td rowspan=\"2\">\n<div class=\"colorBox1\"><strong>Service Civique \u2013 was hei\u00dft das genau? <\/strong><br \/>\nDer <em>service civique<\/em> ist ein franz\u00f6sischer Freiwilligendienst, \u00e4hnlich dem FSJ oder BFD. Er steht auch jungen Europ\u00e4ern zwischen 18 und 25 Jahren offen. Freiwillige erhalten ein monatliches Taschengeld und Zusch\u00fcsse zu Fahrtkosten in H\u00f6he von ca. 580 \u20ac.<\/div>\n<\/td>\n<td rowspan=\"2\"><img decoding=\"async\" src=\"https:\/\/www.eurodistrict-pamina.eu\/globalflexit\/images\/UserFiles\/Image\/jeunesse\/200_105_2_logo-gro.jpg\" \/><\/td>\n<td rowspan=\"2\"><\/td>\n<td rowspan=\"2\"><\/td>\n<\/tr>\n<tr>\n<td><\/td>\n<\/tr>\n<tr>\n<td><\/td>\n<td colspan=\"2\"><\/td>\n<td><\/td>\n<\/tr>\n<tr>\n<td><\/td>\n<td colspan=\"2\">\n<div class=\"colorBox3\"><strong>Wann kann ich mich bewerben?<\/strong><br \/>\n<span style=\"font-family: Calibri, sans-serif;\">F\u00fcr den Zeitraum von Oktober 2019 bis Juni 2020 ist der Bewerbungsschluss vorbei. Sobald es eine neue Ausschreibung gibt, wird diese hier ver\u00f6ffentlicht.<\/span><\/div>\n<\/td>\n<td><\/td>\n<\/tr>\n<tr>\n<td><\/td>\n<td colspan=\"2\"><\/td>\n<td><\/td>\n<\/tr>\n<tr>\n<td><\/td>\n<td colspan=\"2\">\n<div class=\"colorBox4\"><strong>Ich habe Fragen oder bin interessiert, an wen kann ich mich wenden?<\/strong><br \/>\nAnsprechpartnerin: <strong><a class=\"fDefault\" href=\"m&#97;&#x69;&#x6c;t&#111;&#x3a;&#x76;i&#99;&#116;&#x6f;&#x72;i&#97;&#x2e;&#x68;a&#110;&#x73;&#x65;n&#64;&#98;&#x61;&#x73;-&#114;&#x68;&#x69;n&#46;&#x66;&#x72;?subject=Grenz%C3%BCberschreitender%20Freiwilligendienst\">Victoria Hansen <\/a><\/strong><\/div>\n<\/td>\n<td><\/td>\n<\/tr>\n<\/tbody>\n<\/table>\n<p>&nbsp;<\/p>\n<hr \/>\n<p><span class=\"chapeau\">Erfahrungsbericht<\/span><\/p>\n<p>Im Folgenden berichten die beiden Freiwilligen Antonia Roth und Olivia Mbonjo Ende M\u00e4rz 2019 von ihrem grenz\u00fcberschreitenden Freiwilligendienst, den sie ab Oktober 2018 parallel absolvieren:<\/p>\n<table border=\"0\" cellspacing=\"1\" cellpadding=\"1\">\n<tbody>\n<tr>\n<td colspan=\"6\">\n<div class=\"colorBox2\"><em><strong>Hallo zusammen und Bonjour!<\/strong><\/p>\n<p>Wir sind Olivia und Antonia und m\u00f6chten uns und unseren grenz\u00fcberschreitenden Freiwilligendienst beim Eurodistrict PAMINA vorstellen.<\/p>\n<p>Unser Service Civique besteht aus drei Stationen, da wir in drei verschiedenen\u00a0 Einsatzstellen arbeiten. Zurzeit sind wir in unserer zweiten Station besch\u00e4ftigt, dem Eurodistrict PAMINA in Lauterbourg, der unsere Haupteinsatzstelle ist. Hier begleiten wir vor allem das PAMINA-Jugendnetzwerk, ein Zusammenschluss aus verschiedenen deutschen und franz\u00f6sischen Jugendakteuren und -einrichtungen. Haupts\u00e4chlich helfen wir hier bei der Planung und Organisation der aktuellen Projekte (z.B. PAMINA-Radtour, Champions-Cup, Red Horse Festival). Das hei\u00dft, wir nehmen an Vorbereitungstreffen teil, schreiben Protokolle, bringen unsere Ideen ein und wirken an der Umsetzung mit. Unsere zwei weiteren Einsatzstellen sind Jugendeinrichtungen dieses Netzwerks: das Jugendzentrum in W\u00f6rth am Rhein und die P\u00e9riscolaire in Wissembourg. So erleben wir die Kinder- und Jugendarbeit auf deutscher und franz\u00f6sischer Seite. Da wir gleichzeitig in diesen zwei Einrichtungen eingesetzt sind, k\u00f6nnen wir au\u00dferdem Treffen zwischen den deutschen und franz\u00f6sischen Kindern und Jugendlichen organisieren.<\/em><\/div>\n<\/td>\n<\/tr>\n<tr>\n<td><\/td>\n<td><\/td>\n<td><\/td>\n<td><\/td>\n<td colspan=\"2\"><\/td>\n<\/tr>\n<tr>\n<td colspan=\"2\" rowspan=\"1\">\n<div class=\"colorBox3\">Hallo,\u00a0ich bin Olivia<\/p>\n<p>und begonnen hat mein Freiwilligendienst in der p\u00e9riscolaire \u201eLa Ruche\u201c in Wissembourg. Was eine p\u00e9riscolaire ist fragt Ihr Euch? Keine Sorge, um ehrlich zu sein wusste ich das zu Beginn auch nicht. Zur Erkl\u00e4rung: Vergleichbar ist eine p\u00e9riscolaire auf der deutschen Seite mit einem Kinderhort.<\/p><\/div>\n<\/td>\n<td colspan=\"2\" rowspan=\"1\"><\/td>\n<td><\/td>\n<td>\n<div class=\"colorBox4\">Hallo, ich bin Antonia<\/p>\n<p>und ich habe die ersten drei Monate meines Freiwilligendienstes im Jugendzentrum in W\u00f6rth verbracht. Kinder und Jugendliche k\u00f6nnen dort ihre Freizeit verbringen und ihren Interessen nachgehen.<\/p><\/div>\n<\/td>\n<td><\/td>\n<\/tr>\n<tr>\n<td colspan=\"2\"><\/td>\n<td colspan=\"2\"><\/td>\n<td colspan=\"2\"><img decoding=\"async\" src=\"https:\/\/www.eurodistrict-pamina.eu\/globalflexit\/images\/UserFiles\/Image\/jeunesse\/service-civique\/250_333_1_antoniaroth-oliviambonjo.jpg\" \/><\/td>\n<\/tr>\n<tr>\n<td colspan=\"2\">\n<div class=\"colorBox3\">Was beschreibt die ersten Wochen in der Einsatzstelle in Wissembourg am besten? Wahrscheinlich das Sprichwort: aller Anfang ist schwer.<\/p>\n<p>Die Eingew\u00f6hnung an das straffe Programm der p\u00e9riscolaire sowie auch die Verantwortungs- und Vorbildfunktion, die man den Kindern gegen\u00fcber hat und &#8211; nicht zu vergessen &#8211; die anf\u00e4nglichen Schwierigkeiten mit der franz\u00f6sischen Sprache waren einige Hindernisse, mit denen ich zu Beginn zu k\u00e4mpfen hat. Aber nach und nach lernte ich mehr dazu. Die wichtigste Erkenntnis, die ich aus meiner Zeit aus Wissembourg mitgenommen habe, ist folgende: <strong>Arbeit mit Kindern ist immer Improvisation. <\/strong>Egal wie lange man eine Aktivit\u00e4t\u00a0 vorbereitet &#8211; man sollte sich immer darauf einstellen, dass die Kinder gerade keine Lust haben sich einem vorbereiteten Atelier anzuschlie\u00dfen. Das musste auch ich sehr schnell erleben. Je besser man die Kinder kennenlernt, umso leichter f\u00e4llt es einem die Kinder f\u00fcr ein Atelier zu begeistern und es zu leiten. Au\u00dferdem f\u00e4llt es einem zunehmend leichter einen Plan B zur Hand zu haben.<\/p>\n<p>Durch diese Erkenntnisse gelang es mir mich von Tag zu Tag besser in den Alltag zu integrieren, ohne dass mir jemand konkrete Anweisungen geben oder ich st\u00e4ndig nachfragen musste. Grundsch\u00fcler und Vorschulkinder von der Schule abholen, gemeinsam mit den Kindern zu Essen, Gesellschaftsspiele spielen, basteln und malen, tanzen, Musik machen, zu kochen, Ausfl\u00fcge unternehmen, Rallys u.v.m wurden so\u00a0 3 Monate lang Teil meines Alltages. Durch das super freundliche Team, die Abwechslung im Alltag und nicht zu vergessen die Kinder, die mir schnell ans Herz gewachsen sind ist die Zeit in Wissembourg viel zu schnell vergangen.<\/p>\n<p>Abschlie\u00dfend kann ich nur sagen, dass mir meine Zeit in Wissembourg sehr viel Spa\u00df gemacht hat und ich mich auf meine n\u00e4chste Station im Jugendzentrum in W\u00f6rth freue!<\/p><\/div>\n<\/td>\n<td colspan=\"2\"><\/td>\n<td><\/td>\n<td>\n<div class=\"colorBox4\">Als Freiwillige habe ich die Mitarbeiter in ihrer Arbeit unterst\u00fctzt. Meine Hauptaufgabe bestand darin, die Kinder und Jugendlichen im offenen Bereich zu betreuen. Dazu geh\u00f6rt auch das Mitwirken an den verschiedenen Aktionen, wie zum Beispiel Basteln, Kochen, diverse Ausfl\u00fcge und vieles mehr. Dabei hatte ich immer die M\u00f6glichkeit, meine eigenen Ideen mit einzubringen und umzusetzen. Aber auch hauswirtschaftliche T\u00e4tigkeiten haben zu meinen Aufgaben als Freiwilligendienstleistenden geh\u00f6rt.<\/p>\n<p>Meine Arbeit im Jugendzentrum war also sehr abwechslungsreich und dadurch immer interessant. Ich hatte vorher kaum Erfahrung in der Kinder- und Jugendarbeit, aber durch meine T\u00e4tigkeit dort habe ich gemerkt, dass mir diese Arbeit sehr viel Spa\u00df macht. Die Kinder sind mir in dieser kurzen Zeit schon richtig ans Herz gewachsen! Ich bin wahnsinnig froh dar\u00fcber, in diesen drei Monaten einen Einblick in dieses Berufsfeld bekommen zu haben. Dabei wurde ich von den Mitarbeitern immer herzlich empfangen und unterst\u00fctzt.<\/p>\n<p>Kurz gesagt, die Arbeit im Jugendzentrum in W\u00f6rth hat mir wirklich gut gefallen und ich werde diese Zeit immer in guter Erinnerung behalten.\u00a0Genauso freue ich mich aber auch auf meine n\u00e4chste Einsatzstelle in Wissembourg und ich bin sehr gespannt, was mich dort erwartet!<\/p><\/div>\n<\/td>\n<\/tr>\n<tr>\n<td colspan=\"2\"><\/td>\n<td colspan=\"2\"><\/td>\n<td colspan=\"2\"><\/td>\n<\/tr>\n<\/tbody>\n<\/table>\n<p><em>Quelle<\/em> : Eurodistrict Pamina<\/p>\n<p><a href=\"http:\/\/www.eurodistrict-pamina.eu\">www.eurodistrict-pamina.eu<\/a><\/p>\n<p><em>Kontakt<\/em> : <a href=\"m&#97;&#105;&#x6c;&#x74;o:&#105;&#110;&#x66;&#x6f;&#64;e&#117;&#114;&#x6f;&#x64;is&#116;&#x72;&#x69;&#x63;t&#45;&#112;&#x61;&#x6d;&#x69;n&#97;&#46;&#x65;&#x75;\">inf&#111;&#64;&#101;&#117;&#x72;&#x6f;&#x64;&#x69;&#x73;&#x74;&#x72;ict&#45;&#112;&#97;&#109;&#105;&#x6e;&#x61;&#x2e;&#x65;&#x75; <\/a><\/p>\n<div class=\"btn-ico-wrapper\"><\/div>\n","protected":false},"excerpt":{"rendered":"<p>Grenz\u00fcberschreitender Freiwilligendienst im PAMINA-Jugendnetzwerk In Zusammenarbeit mit dem els\u00e4ssischen Verband der Jugend- und Kulturh\u00e4user (FDMJC Alsace) und dem Kinder- und Jugendzentrum W\u00f6rth am Rhein bietet der Eurodistrikt PAMINA regelm\u00e4\u00dfig Freiwilligenstellen zur Begleitung des PAMINA-Jugendnetzwerks an. Der oder die Freiwillige wird je drei Monate in einem deutschen Jugendzentrum in W\u00f6rth, einem franz\u00f6sischen Jugendhaus in Wissembourg und [&hellip;]<\/p>\n","protected":false},"author":3,"featured_media":0,"comment_status":"open","ping_status":"open","sticky":false,"template":"","format":"standard","meta":{"_exactmetrics_skip_tracking":false,"_exactmetrics_sitenote_active":false,"_exactmetrics_sitenote_note":"","_exactmetrics_sitenote_category":0,"footnotes":""},"categories":[57,59],"tags":[],"class_list":["post-3768","post","type-post","status-publish","format-standard","hentry","category-berufsbildung-de","category-ereignisse-de"],"yoast_head":"<!-- This site is optimized with the Yoast SEO plugin v23.5 - https:\/\/yoast.com\/wordpress\/plugins\/seo\/ -->\n<title>Freiwilligendienst im Eurodistrict in Lauterbourg - PAMINA Business Club<\/title>\n<meta name=\"robots\" content=\"index, follow, max-snippet:-1, max-image-preview:large, max-video-preview:-1\" \/>\n<link rel=\"canonical\" href=\"http:\/\/www.pamina-business.com\/de\/freiwilligendienst-im-eurodistrict-in-lauterbourg\/\" \/>\n<meta property=\"og:locale\" content=\"de_DE\" \/>\n<meta property=\"og:type\" content=\"article\" \/>\n<meta property=\"og:title\" content=\"Freiwilligendienst im Eurodistrict in Lauterbourg - PAMINA Business Club\" \/>\n<meta property=\"og:description\" content=\"Grenz\u00fcberschreitender Freiwilligendienst im PAMINA-Jugendnetzwerk In Zusammenarbeit mit dem els\u00e4ssischen Verband der Jugend- und Kulturh\u00e4user (FDMJC Alsace) und dem Kinder- und Jugendzentrum W\u00f6rth am Rhein bietet der Eurodistrikt PAMINA regelm\u00e4\u00dfig Freiwilligenstellen zur Begleitung des PAMINA-Jugendnetzwerks an. Der oder die Freiwillige wird je drei Monate in einem deutschen Jugendzentrum in W\u00f6rth, einem franz\u00f6sischen Jugendhaus in Wissembourg und [&hellip;]\" \/>\n<meta property=\"og:url\" content=\"http:\/\/www.pamina-business.com\/de\/freiwilligendienst-im-eurodistrict-in-lauterbourg\/\" \/>\n<meta property=\"og:site_name\" content=\"PAMINA Business Club\" \/>\n<meta property=\"article:published_time\" content=\"2019-04-11T08:00:02+00:00\" \/>\n<meta property=\"article:modified_time\" content=\"2019-04-09T08:04:44+00:00\" \/>\n<meta property=\"og:image\" content=\"https:\/\/www.eurodistrict-pamina.eu\/globalflexit\/images\/UserFiles\/Image\/jeunesse\/200_105_2_logo-gro.jpg\" \/>\n<meta name=\"author\" content=\"Monique STUTZMANN\" \/>\n<meta name=\"twitter:card\" content=\"summary_large_image\" \/>\n<meta name=\"twitter:label1\" content=\"Verfasst von\" \/>\n\t<meta name=\"twitter:data1\" content=\"Monique STUTZMANN\" \/>\n\t<meta name=\"twitter:label2\" content=\"Gesch\u00e4tzte Lesezeit\" \/>\n\t<meta name=\"twitter:data2\" content=\"6\u00a0Minuten\" \/>\n<script type=\"application\/ld+json\" class=\"yoast-schema-graph\">{\"@context\":\"https:\/\/schema.org\",\"@graph\":[{\"@type\":\"WebPage\",\"@id\":\"http:\/\/www.pamina-business.com\/de\/freiwilligendienst-im-eurodistrict-in-lauterbourg\/\",\"url\":\"http:\/\/www.pamina-business.com\/de\/freiwilligendienst-im-eurodistrict-in-lauterbourg\/\",\"name\":\"Freiwilligendienst im Eurodistrict in Lauterbourg - PAMINA Business Club\",\"isPartOf\":{\"@id\":\"http:\/\/www.pamina-business.com\/de\/#website\"},\"primaryImageOfPage\":{\"@id\":\"http:\/\/www.pamina-business.com\/de\/freiwilligendienst-im-eurodistrict-in-lauterbourg\/#primaryimage\"},\"image\":{\"@id\":\"http:\/\/www.pamina-business.com\/de\/freiwilligendienst-im-eurodistrict-in-lauterbourg\/#primaryimage\"},\"thumbnailUrl\":\"https:\/\/www.eurodistrict-pamina.eu\/globalflexit\/images\/UserFiles\/Image\/jeunesse\/200_105_2_logo-gro.jpg\",\"datePublished\":\"2019-04-11T08:00:02+00:00\",\"dateModified\":\"2019-04-09T08:04:44+00:00\",\"author\":{\"@id\":\"http:\/\/www.pamina-business.com\/de\/#\/schema\/person\/9ab02536dbdbc5e3ef40bbc3452c8c69\"},\"breadcrumb\":{\"@id\":\"http:\/\/www.pamina-business.com\/de\/freiwilligendienst-im-eurodistrict-in-lauterbourg\/#breadcrumb\"},\"inLanguage\":\"de\",\"potentialAction\":[{\"@type\":\"ReadAction\",\"target\":[\"http:\/\/www.pamina-business.com\/de\/freiwilligendienst-im-eurodistrict-in-lauterbourg\/\"]}]},{\"@type\":\"ImageObject\",\"inLanguage\":\"de\",\"@id\":\"http:\/\/www.pamina-business.com\/de\/freiwilligendienst-im-eurodistrict-in-lauterbourg\/#primaryimage\",\"url\":\"https:\/\/www.eurodistrict-pamina.eu\/globalflexit\/images\/UserFiles\/Image\/jeunesse\/200_105_2_logo-gro.jpg\",\"contentUrl\":\"https:\/\/www.eurodistrict-pamina.eu\/globalflexit\/images\/UserFiles\/Image\/jeunesse\/200_105_2_logo-gro.jpg\"},{\"@type\":\"BreadcrumbList\",\"@id\":\"http:\/\/www.pamina-business.com\/de\/freiwilligendienst-im-eurodistrict-in-lauterbourg\/#breadcrumb\",\"itemListElement\":[{\"@type\":\"ListItem\",\"position\":1,\"name\":\"Accueil\",\"item\":\"http:\/\/www.pamina-business.com\/de\/\"},{\"@type\":\"ListItem\",\"position\":2,\"name\":\"Freiwilligendienst im Eurodistrict in Lauterbourg\"}]},{\"@type\":\"WebSite\",\"@id\":\"http:\/\/www.pamina-business.com\/de\/#website\",\"url\":\"http:\/\/www.pamina-business.com\/de\/\",\"name\":\"PAMINA Business Club\",\"description\":\"Un site utilisant WordPress\",\"potentialAction\":[{\"@type\":\"SearchAction\",\"target\":{\"@type\":\"EntryPoint\",\"urlTemplate\":\"http:\/\/www.pamina-business.com\/de\/?s={search_term_string}\"},\"query-input\":{\"@type\":\"PropertyValueSpecification\",\"valueRequired\":true,\"valueName\":\"search_term_string\"}}],\"inLanguage\":\"de\"},{\"@type\":\"Person\",\"@id\":\"http:\/\/www.pamina-business.com\/de\/#\/schema\/person\/9ab02536dbdbc5e3ef40bbc3452c8c69\",\"name\":\"Monique STUTZMANN\",\"image\":{\"@type\":\"ImageObject\",\"inLanguage\":\"de\",\"@id\":\"http:\/\/www.pamina-business.com\/de\/#\/schema\/person\/image\/\",\"url\":\"https:\/\/secure.gravatar.com\/avatar\/cc1c3adf9a9f6e969d3da7b6b34ec66f5f4a6844dfc9145380a75e42cd91882e?s=96&d=mm&r=g\",\"contentUrl\":\"https:\/\/secure.gravatar.com\/avatar\/cc1c3adf9a9f6e969d3da7b6b34ec66f5f4a6844dfc9145380a75e42cd91882e?s=96&d=mm&r=g\",\"caption\":\"Monique STUTZMANN\"},\"url\":\"http:\/\/www.pamina-business.com\/de\/author\/monique\/\"}]}<\/script>\n<!-- \/ Yoast SEO plugin. -->","yoast_head_json":{"title":"Freiwilligendienst im Eurodistrict in Lauterbourg - PAMINA Business Club","robots":{"index":"index","follow":"follow","max-snippet":"max-snippet:-1","max-image-preview":"max-image-preview:large","max-video-preview":"max-video-preview:-1"},"canonical":"http:\/\/www.pamina-business.com\/de\/freiwilligendienst-im-eurodistrict-in-lauterbourg\/","og_locale":"de_DE","og_type":"article","og_title":"Freiwilligendienst im Eurodistrict in Lauterbourg - PAMINA Business Club","og_description":"Grenz\u00fcberschreitender Freiwilligendienst im PAMINA-Jugendnetzwerk In Zusammenarbeit mit dem els\u00e4ssischen Verband der Jugend- und Kulturh\u00e4user (FDMJC Alsace) und dem Kinder- und Jugendzentrum W\u00f6rth am Rhein bietet der Eurodistrikt PAMINA regelm\u00e4\u00dfig Freiwilligenstellen zur Begleitung des PAMINA-Jugendnetzwerks an. Der oder die Freiwillige wird je drei Monate in einem deutschen Jugendzentrum in W\u00f6rth, einem franz\u00f6sischen Jugendhaus in Wissembourg und [&hellip;]","og_url":"http:\/\/www.pamina-business.com\/de\/freiwilligendienst-im-eurodistrict-in-lauterbourg\/","og_site_name":"PAMINA Business Club","article_published_time":"2019-04-11T08:00:02+00:00","article_modified_time":"2019-04-09T08:04:44+00:00","og_image":[{"url":"https:\/\/www.eurodistrict-pamina.eu\/globalflexit\/images\/UserFiles\/Image\/jeunesse\/200_105_2_logo-gro.jpg"}],"author":"Monique STUTZMANN","twitter_card":"summary_large_image","twitter_misc":{"Verfasst von":"Monique STUTZMANN","Gesch\u00e4tzte Lesezeit":"6\u00a0Minuten"},"schema":{"@context":"https:\/\/schema.org","@graph":[{"@type":"WebPage","@id":"http:\/\/www.pamina-business.com\/de\/freiwilligendienst-im-eurodistrict-in-lauterbourg\/","url":"http:\/\/www.pamina-business.com\/de\/freiwilligendienst-im-eurodistrict-in-lauterbourg\/","name":"Freiwilligendienst im Eurodistrict in Lauterbourg - PAMINA Business Club","isPartOf":{"@id":"http:\/\/www.pamina-business.com\/de\/#website"},"primaryImageOfPage":{"@id":"http:\/\/www.pamina-business.com\/de\/freiwilligendienst-im-eurodistrict-in-lauterbourg\/#primaryimage"},"image":{"@id":"http:\/\/www.pamina-business.com\/de\/freiwilligendienst-im-eurodistrict-in-lauterbourg\/#primaryimage"},"thumbnailUrl":"https:\/\/www.eurodistrict-pamina.eu\/globalflexit\/images\/UserFiles\/Image\/jeunesse\/200_105_2_logo-gro.jpg","datePublished":"2019-04-11T08:00:02+00:00","dateModified":"2019-04-09T08:04:44+00:00","author":{"@id":"http:\/\/www.pamina-business.com\/de\/#\/schema\/person\/9ab02536dbdbc5e3ef40bbc3452c8c69"},"breadcrumb":{"@id":"http:\/\/www.pamina-business.com\/de\/freiwilligendienst-im-eurodistrict-in-lauterbourg\/#breadcrumb"},"inLanguage":"de","potentialAction":[{"@type":"ReadAction","target":["http:\/\/www.pamina-business.com\/de\/freiwilligendienst-im-eurodistrict-in-lauterbourg\/"]}]},{"@type":"ImageObject","inLanguage":"de","@id":"http:\/\/www.pamina-business.com\/de\/freiwilligendienst-im-eurodistrict-in-lauterbourg\/#primaryimage","url":"https:\/\/www.eurodistrict-pamina.eu\/globalflexit\/images\/UserFiles\/Image\/jeunesse\/200_105_2_logo-gro.jpg","contentUrl":"https:\/\/www.eurodistrict-pamina.eu\/globalflexit\/images\/UserFiles\/Image\/jeunesse\/200_105_2_logo-gro.jpg"},{"@type":"BreadcrumbList","@id":"http:\/\/www.pamina-business.com\/de\/freiwilligendienst-im-eurodistrict-in-lauterbourg\/#breadcrumb","itemListElement":[{"@type":"ListItem","position":1,"name":"Accueil","item":"http:\/\/www.pamina-business.com\/de\/"},{"@type":"ListItem","position":2,"name":"Freiwilligendienst im Eurodistrict in Lauterbourg"}]},{"@type":"WebSite","@id":"http:\/\/www.pamina-business.com\/de\/#website","url":"http:\/\/www.pamina-business.com\/de\/","name":"PAMINA Business Club","description":"Un site utilisant WordPress","potentialAction":[{"@type":"SearchAction","target":{"@type":"EntryPoint","urlTemplate":"http:\/\/www.pamina-business.com\/de\/?s={search_term_string}"},"query-input":{"@type":"PropertyValueSpecification","valueRequired":true,"valueName":"search_term_string"}}],"inLanguage":"de"},{"@type":"Person","@id":"http:\/\/www.pamina-business.com\/de\/#\/schema\/person\/9ab02536dbdbc5e3ef40bbc3452c8c69","name":"Monique STUTZMANN","image":{"@type":"ImageObject","inLanguage":"de","@id":"http:\/\/www.pamina-business.com\/de\/#\/schema\/person\/image\/","url":"https:\/\/secure.gravatar.com\/avatar\/cc1c3adf9a9f6e969d3da7b6b34ec66f5f4a6844dfc9145380a75e42cd91882e?s=96&d=mm&r=g","contentUrl":"https:\/\/secure.gravatar.com\/avatar\/cc1c3adf9a9f6e969d3da7b6b34ec66f5f4a6844dfc9145380a75e42cd91882e?s=96&d=mm&r=g","caption":"Monique STUTZMANN"},"url":"http:\/\/www.pamina-business.com\/de\/author\/monique\/"}]}},"_links":{"self":[{"href":"http:\/\/www.pamina-business.com\/de\/wp-json\/wp\/v2\/posts\/3768","targetHints":{"allow":["GET"]}}],"collection":[{"href":"http:\/\/www.pamina-business.com\/de\/wp-json\/wp\/v2\/posts"}],"about":[{"href":"http:\/\/www.pamina-business.com\/de\/wp-json\/wp\/v2\/types\/post"}],"author":[{"embeddable":true,"href":"http:\/\/www.pamina-business.com\/de\/wp-json\/wp\/v2\/users\/3"}],"replies":[{"embeddable":true,"href":"http:\/\/www.pamina-business.com\/de\/wp-json\/wp\/v2\/comments?post=3768"}],"version-history":[{"count":1,"href":"http:\/\/www.pamina-business.com\/de\/wp-json\/wp\/v2\/posts\/3768\/revisions"}],"predecessor-version":[{"id":3769,"href":"http:\/\/www.pamina-business.com\/de\/wp-json\/wp\/v2\/posts\/3768\/revisions\/3769"}],"wp:attachment":[{"href":"http:\/\/www.pamina-business.com\/de\/wp-json\/wp\/v2\/media?parent=3768"}],"wp:term":[{"taxonomy":"category","embeddable":true,"href":"http:\/\/www.pamina-business.com\/de\/wp-json\/wp\/v2\/categories?post=3768"},{"taxonomy":"post_tag","embeddable":true,"href":"http:\/\/www.pamina-business.com\/de\/wp-json\/wp\/v2\/tags?post=3768"}],"curies":[{"name":"wp","href":"https:\/\/api.w.org\/{rel}","templated":true}]}}