{"id":3732,"date":"2019-03-19T14:59:30","date_gmt":"2019-03-19T14:59:30","guid":{"rendered":"http:\/\/www.pamina-business.com\/?p=3732"},"modified":"2019-03-19T14:59:30","modified_gmt":"2019-03-19T14:59:30","slug":"offre-demploi-a-lagentur-fur-arbeit-de-landau","status":"publish","type":"post","link":"http:\/\/www.pamina-business.com\/de\/offre-demploi-a-lagentur-fur-arbeit-de-landau\/","title":{"rendered":"Offre d&#8217;emploi \u00e0 l&#8217;Agentur f\u00fcr Arbeit de Landau"},"content":{"rendered":"<section id=\"mainSection\">\n<div class=\"fmodele fmodeleScroll tpl_fiche\">\n<div class=\"agendas-fiche\">\n<article class=\"media\">\n<div class=\"media-object\"><img decoding=\"async\" src=\"https:\/\/www.eurodistrict-pamina.eu\/globalflexit\/images\/img_base\/agendas\/835_556_1_714736-original-r-k-b-by-i-vista-pixeliode5-1.jpg\" alt=\"Offre d'emploi \u00e0 l'Agentur f\u00fcr Arbeit de Landau : Conseiller\/ Conseill\u00e8re apprentissage transfrontalier\" \/><\/div>\n<div class=\"media-body\">\n<h1 class=\"media-heading\">Conseiller\/ Conseill\u00e8re apprentissage transfrontalier<\/h1>\n<div class=\"contenu\">Afin d&#8217;intensifier la formation transfrontali\u00e8re dans la r\u00e9gion du Rhin sup\u00e9rieur, un poste de <strong>conseiller apprentissage pour l&#8217;aprentissage transfrontalier <\/strong>dans le Palatinat du Sud est \u00e0 pourvoir au 1er mai 2019. Le poste est annonc\u00e9 pour 2 ans. <strong>L&#8217;Agentur f\u00fcr Arbeit de Landau <\/strong>se r\u00e9jouit de trouver des candidats qualifi\u00e9s.<\/p>\n<p>Vous trouverez toutes les informations dans \u00a0<a class=\"flexit_ico_file\" href=\"https:\/\/www.eurodistrict-pamina.eu\/UserFiles\/File\/emploi\/stellenangebot-arbeitsvermittler-gu-ausbildung-landau-2019.pdf\" target=\"_blank\">l&#8217;offre d&#8217;emploi.<\/a><\/p>\n<p>Date de cl\u00f4ture des candidatures : <strong>24 mars 2019. <\/strong><\/p>\n<p><a class=\"fDefault\" href=\"https:\/\/recruiting.arbeitsagentur.de\/sap\/bc\/webdynpro\/sap\/hrrcf_a_posting_apply?PARAM=cG9zdF9pbnN0X2d1aWQ9MTQ1OEQwQjQ5NTE4MUVEOTkwRkQyNUYwMEEyRTVBNEMmY2FuZF90eXBlPUVYVA%3d%3d&amp;sap-theme=sap_corbu&amp;sap-client=100&amp;sap-language=DE&amp;sap-accessibility=X&amp;SAP-WD-CONFIGID=ZP14_E154_UNREG_JOB_SEARCH#\" target=\"_blank\">Toutes les informations sur le site de la Bundesagentur f\u00fcr Arbeit en cliquant ici (en allemand).<\/a><\/p>\n<p><span style=\"color: #6d6d6d;\"><span style=\"font-family: Arial;\"><em>photo : \u00a9 I vista\/ <\/em><\/span><\/span><a href=\"http:\/\/www.pixelio.de\" target=\"_blank\"><u><em><span style=\"font-family: Arial;\">PIXELIO<\/span><\/em><\/u><\/a><\/div>\n<div class=\"contenu\"><em>Source<\/em> : <a href=\"http:\/\/www.eurodistrict-pamina.eu\">www.eurodistrict-pamina.eu<\/a><\/div>\n<div class=\"contenu\"><em>Contact<\/em> : <a href=\"&#x6d;&#97;&#x69;&#x6c;t&#x6f;&#58;i&#x6e;&#102;o&#x40;&#101;&#x75;&#x72;o&#x64;&#105;s&#x74;&#114;i&#x63;&#116;&#x2d;&#x70;&#97;&#x6d;&#x69;n&#x61;&#46;e&#x75;\">&#105;&#x6e;f&#x6f;&#x40;&#101;&#x75;r&#x6f;&#x64;&#105;&#x73;t&#x72;&#x69;&#99;&#x74;-&#x70;&#x61;&#109;&#x69;n&#x61;&#x2e;&#101;&#x75; <\/a>\n<\/div>\n<\/div>\n<\/article>\n<\/div>\n<\/div>\n<\/section>\n","protected":false},"excerpt":{"rendered":"<p>Conseiller\/ Conseill\u00e8re apprentissage transfrontalier Afin d&#8217;intensifier la formation transfrontali\u00e8re dans la r\u00e9gion du Rhin sup\u00e9rieur, un poste de conseiller apprentissage pour l&#8217;aprentissage transfrontalier dans le Palatinat du Sud est \u00e0 pourvoir au 1er mai 2019. Le poste est annonc\u00e9 pour 2 ans. L&#8217;Agentur f\u00fcr Arbeit de Landau se r\u00e9jouit de trouver des candidats qualifi\u00e9s. Vous [&hellip;]<\/p>\n","protected":false},"author":3,"featured_media":0,"comment_status":"open","ping_status":"open","sticky":false,"template":"","format":"standard","meta":{"_exactmetrics_skip_tracking":false,"_exactmetrics_sitenote_active":false,"_exactmetrics_sitenote_note":"","_exactmetrics_sitenote_category":0,"footnotes":""},"categories":[57,59],"tags":[],"class_list":["post-3732","post","type-post","status-publish","format-standard","hentry","category-berufsbildung-de","category-ereignisse-de"],"yoast_head":"<!-- This site is optimized with the Yoast SEO plugin v23.5 - https:\/\/yoast.com\/wordpress\/plugins\/seo\/ -->\n<title>Offre d&#039;emploi \u00e0 l&#039;Agentur f\u00fcr Arbeit de Landau - PAMINA Business Club<\/title>\n<meta name=\"robots\" content=\"index, follow, max-snippet:-1, max-image-preview:large, max-video-preview:-1\" \/>\n<link rel=\"canonical\" href=\"http:\/\/www.pamina-business.com\/de\/offre-demploi-a-lagentur-fur-arbeit-de-landau\/\" \/>\n<meta property=\"og:locale\" content=\"de_DE\" \/>\n<meta property=\"og:type\" content=\"article\" \/>\n<meta property=\"og:title\" content=\"Offre d&#039;emploi \u00e0 l&#039;Agentur f\u00fcr Arbeit de Landau - PAMINA Business Club\" \/>\n<meta property=\"og:description\" content=\"Conseiller\/ Conseill\u00e8re apprentissage transfrontalier Afin d&#8217;intensifier la formation transfrontali\u00e8re dans la r\u00e9gion du Rhin sup\u00e9rieur, un poste de conseiller apprentissage pour l&#8217;aprentissage transfrontalier dans le Palatinat du Sud est \u00e0 pourvoir au 1er mai 2019. Le poste est annonc\u00e9 pour 2 ans. L&#8217;Agentur f\u00fcr Arbeit de Landau se r\u00e9jouit de trouver des candidats qualifi\u00e9s. Vous [&hellip;]\" \/>\n<meta property=\"og:url\" content=\"http:\/\/www.pamina-business.com\/de\/offre-demploi-a-lagentur-fur-arbeit-de-landau\/\" \/>\n<meta property=\"og:site_name\" content=\"PAMINA Business Club\" \/>\n<meta property=\"article:published_time\" content=\"2019-03-19T14:59:30+00:00\" \/>\n<meta property=\"og:image\" content=\"https:\/\/www.eurodistrict-pamina.eu\/globalflexit\/images\/img_base\/agendas\/835_556_1_714736-original-r-k-b-by-i-vista-pixeliode5-1.jpg\" \/>\n<meta name=\"author\" content=\"Monique STUTZMANN\" \/>\n<meta name=\"twitter:card\" content=\"summary_large_image\" \/>\n<meta name=\"twitter:label1\" content=\"Verfasst von\" \/>\n\t<meta name=\"twitter:data1\" content=\"Monique STUTZMANN\" \/>\n\t<meta name=\"twitter:label2\" content=\"Gesch\u00e4tzte Lesezeit\" \/>\n\t<meta name=\"twitter:data2\" content=\"1\u00a0Minute\" \/>\n<script type=\"application\/ld+json\" class=\"yoast-schema-graph\">{\"@context\":\"https:\/\/schema.org\",\"@graph\":[{\"@type\":\"WebPage\",\"@id\":\"http:\/\/www.pamina-business.com\/de\/offre-demploi-a-lagentur-fur-arbeit-de-landau\/\",\"url\":\"http:\/\/www.pamina-business.com\/de\/offre-demploi-a-lagentur-fur-arbeit-de-landau\/\",\"name\":\"Offre d'emploi \u00e0 l'Agentur f\u00fcr Arbeit de Landau - PAMINA Business Club\",\"isPartOf\":{\"@id\":\"http:\/\/www.pamina-business.com\/de\/#website\"},\"primaryImageOfPage\":{\"@id\":\"http:\/\/www.pamina-business.com\/de\/offre-demploi-a-lagentur-fur-arbeit-de-landau\/#primaryimage\"},\"image\":{\"@id\":\"http:\/\/www.pamina-business.com\/de\/offre-demploi-a-lagentur-fur-arbeit-de-landau\/#primaryimage\"},\"thumbnailUrl\":\"https:\/\/www.eurodistrict-pamina.eu\/globalflexit\/images\/img_base\/agendas\/835_556_1_714736-original-r-k-b-by-i-vista-pixeliode5-1.jpg\",\"datePublished\":\"2019-03-19T14:59:30+00:00\",\"dateModified\":\"2019-03-19T14:59:30+00:00\",\"author\":{\"@id\":\"http:\/\/www.pamina-business.com\/de\/#\/schema\/person\/9ab02536dbdbc5e3ef40bbc3452c8c69\"},\"breadcrumb\":{\"@id\":\"http:\/\/www.pamina-business.com\/de\/offre-demploi-a-lagentur-fur-arbeit-de-landau\/#breadcrumb\"},\"inLanguage\":\"de\",\"potentialAction\":[{\"@type\":\"ReadAction\",\"target\":[\"http:\/\/www.pamina-business.com\/de\/offre-demploi-a-lagentur-fur-arbeit-de-landau\/\"]}]},{\"@type\":\"ImageObject\",\"inLanguage\":\"de\",\"@id\":\"http:\/\/www.pamina-business.com\/de\/offre-demploi-a-lagentur-fur-arbeit-de-landau\/#primaryimage\",\"url\":\"https:\/\/www.eurodistrict-pamina.eu\/globalflexit\/images\/img_base\/agendas\/835_556_1_714736-original-r-k-b-by-i-vista-pixeliode5-1.jpg\",\"contentUrl\":\"https:\/\/www.eurodistrict-pamina.eu\/globalflexit\/images\/img_base\/agendas\/835_556_1_714736-original-r-k-b-by-i-vista-pixeliode5-1.jpg\"},{\"@type\":\"BreadcrumbList\",\"@id\":\"http:\/\/www.pamina-business.com\/de\/offre-demploi-a-lagentur-fur-arbeit-de-landau\/#breadcrumb\",\"itemListElement\":[{\"@type\":\"ListItem\",\"position\":1,\"name\":\"Accueil\",\"item\":\"http:\/\/www.pamina-business.com\/de\/\"},{\"@type\":\"ListItem\",\"position\":2,\"name\":\"Offre d&#8217;emploi \u00e0 l&#8217;Agentur f\u00fcr Arbeit de Landau\"}]},{\"@type\":\"WebSite\",\"@id\":\"http:\/\/www.pamina-business.com\/de\/#website\",\"url\":\"http:\/\/www.pamina-business.com\/de\/\",\"name\":\"PAMINA Business Club\",\"description\":\"Un site utilisant WordPress\",\"potentialAction\":[{\"@type\":\"SearchAction\",\"target\":{\"@type\":\"EntryPoint\",\"urlTemplate\":\"http:\/\/www.pamina-business.com\/de\/?s={search_term_string}\"},\"query-input\":{\"@type\":\"PropertyValueSpecification\",\"valueRequired\":true,\"valueName\":\"search_term_string\"}}],\"inLanguage\":\"de\"},{\"@type\":\"Person\",\"@id\":\"http:\/\/www.pamina-business.com\/de\/#\/schema\/person\/9ab02536dbdbc5e3ef40bbc3452c8c69\",\"name\":\"Monique STUTZMANN\",\"image\":{\"@type\":\"ImageObject\",\"inLanguage\":\"de\",\"@id\":\"http:\/\/www.pamina-business.com\/de\/#\/schema\/person\/image\/\",\"url\":\"https:\/\/secure.gravatar.com\/avatar\/cc1c3adf9a9f6e969d3da7b6b34ec66f5f4a6844dfc9145380a75e42cd91882e?s=96&d=mm&r=g\",\"contentUrl\":\"https:\/\/secure.gravatar.com\/avatar\/cc1c3adf9a9f6e969d3da7b6b34ec66f5f4a6844dfc9145380a75e42cd91882e?s=96&d=mm&r=g\",\"caption\":\"Monique STUTZMANN\"},\"url\":\"http:\/\/www.pamina-business.com\/de\/author\/monique\/\"}]}<\/script>\n<!-- \/ Yoast SEO plugin. -->","yoast_head_json":{"title":"Offre d'emploi \u00e0 l'Agentur f\u00fcr Arbeit de Landau - PAMINA Business Club","robots":{"index":"index","follow":"follow","max-snippet":"max-snippet:-1","max-image-preview":"max-image-preview:large","max-video-preview":"max-video-preview:-1"},"canonical":"http:\/\/www.pamina-business.com\/de\/offre-demploi-a-lagentur-fur-arbeit-de-landau\/","og_locale":"de_DE","og_type":"article","og_title":"Offre d'emploi \u00e0 l'Agentur f\u00fcr Arbeit de Landau - PAMINA Business Club","og_description":"Conseiller\/ Conseill\u00e8re apprentissage transfrontalier Afin d&#8217;intensifier la formation transfrontali\u00e8re dans la r\u00e9gion du Rhin sup\u00e9rieur, un poste de conseiller apprentissage pour l&#8217;aprentissage transfrontalier dans le Palatinat du Sud est \u00e0 pourvoir au 1er mai 2019. Le poste est annonc\u00e9 pour 2 ans. L&#8217;Agentur f\u00fcr Arbeit de Landau se r\u00e9jouit de trouver des candidats qualifi\u00e9s. Vous [&hellip;]","og_url":"http:\/\/www.pamina-business.com\/de\/offre-demploi-a-lagentur-fur-arbeit-de-landau\/","og_site_name":"PAMINA Business Club","article_published_time":"2019-03-19T14:59:30+00:00","og_image":[{"url":"https:\/\/www.eurodistrict-pamina.eu\/globalflexit\/images\/img_base\/agendas\/835_556_1_714736-original-r-k-b-by-i-vista-pixeliode5-1.jpg"}],"author":"Monique STUTZMANN","twitter_card":"summary_large_image","twitter_misc":{"Verfasst von":"Monique STUTZMANN","Gesch\u00e4tzte Lesezeit":"1\u00a0Minute"},"schema":{"@context":"https:\/\/schema.org","@graph":[{"@type":"WebPage","@id":"http:\/\/www.pamina-business.com\/de\/offre-demploi-a-lagentur-fur-arbeit-de-landau\/","url":"http:\/\/www.pamina-business.com\/de\/offre-demploi-a-lagentur-fur-arbeit-de-landau\/","name":"Offre d'emploi \u00e0 l'Agentur f\u00fcr Arbeit de Landau - PAMINA Business Club","isPartOf":{"@id":"http:\/\/www.pamina-business.com\/de\/#website"},"primaryImageOfPage":{"@id":"http:\/\/www.pamina-business.com\/de\/offre-demploi-a-lagentur-fur-arbeit-de-landau\/#primaryimage"},"image":{"@id":"http:\/\/www.pamina-business.com\/de\/offre-demploi-a-lagentur-fur-arbeit-de-landau\/#primaryimage"},"thumbnailUrl":"https:\/\/www.eurodistrict-pamina.eu\/globalflexit\/images\/img_base\/agendas\/835_556_1_714736-original-r-k-b-by-i-vista-pixeliode5-1.jpg","datePublished":"2019-03-19T14:59:30+00:00","dateModified":"2019-03-19T14:59:30+00:00","author":{"@id":"http:\/\/www.pamina-business.com\/de\/#\/schema\/person\/9ab02536dbdbc5e3ef40bbc3452c8c69"},"breadcrumb":{"@id":"http:\/\/www.pamina-business.com\/de\/offre-demploi-a-lagentur-fur-arbeit-de-landau\/#breadcrumb"},"inLanguage":"de","potentialAction":[{"@type":"ReadAction","target":["http:\/\/www.pamina-business.com\/de\/offre-demploi-a-lagentur-fur-arbeit-de-landau\/"]}]},{"@type":"ImageObject","inLanguage":"de","@id":"http:\/\/www.pamina-business.com\/de\/offre-demploi-a-lagentur-fur-arbeit-de-landau\/#primaryimage","url":"https:\/\/www.eurodistrict-pamina.eu\/globalflexit\/images\/img_base\/agendas\/835_556_1_714736-original-r-k-b-by-i-vista-pixeliode5-1.jpg","contentUrl":"https:\/\/www.eurodistrict-pamina.eu\/globalflexit\/images\/img_base\/agendas\/835_556_1_714736-original-r-k-b-by-i-vista-pixeliode5-1.jpg"},{"@type":"BreadcrumbList","@id":"http:\/\/www.pamina-business.com\/de\/offre-demploi-a-lagentur-fur-arbeit-de-landau\/#breadcrumb","itemListElement":[{"@type":"ListItem","position":1,"name":"Accueil","item":"http:\/\/www.pamina-business.com\/de\/"},{"@type":"ListItem","position":2,"name":"Offre d&#8217;emploi \u00e0 l&#8217;Agentur f\u00fcr Arbeit de Landau"}]},{"@type":"WebSite","@id":"http:\/\/www.pamina-business.com\/de\/#website","url":"http:\/\/www.pamina-business.com\/de\/","name":"PAMINA Business Club","description":"Un site utilisant WordPress","potentialAction":[{"@type":"SearchAction","target":{"@type":"EntryPoint","urlTemplate":"http:\/\/www.pamina-business.com\/de\/?s={search_term_string}"},"query-input":{"@type":"PropertyValueSpecification","valueRequired":true,"valueName":"search_term_string"}}],"inLanguage":"de"},{"@type":"Person","@id":"http:\/\/www.pamina-business.com\/de\/#\/schema\/person\/9ab02536dbdbc5e3ef40bbc3452c8c69","name":"Monique STUTZMANN","image":{"@type":"ImageObject","inLanguage":"de","@id":"http:\/\/www.pamina-business.com\/de\/#\/schema\/person\/image\/","url":"https:\/\/secure.gravatar.com\/avatar\/cc1c3adf9a9f6e969d3da7b6b34ec66f5f4a6844dfc9145380a75e42cd91882e?s=96&d=mm&r=g","contentUrl":"https:\/\/secure.gravatar.com\/avatar\/cc1c3adf9a9f6e969d3da7b6b34ec66f5f4a6844dfc9145380a75e42cd91882e?s=96&d=mm&r=g","caption":"Monique STUTZMANN"},"url":"http:\/\/www.pamina-business.com\/de\/author\/monique\/"}]}},"_links":{"self":[{"href":"http:\/\/www.pamina-business.com\/de\/wp-json\/wp\/v2\/posts\/3732","targetHints":{"allow":["GET"]}}],"collection":[{"href":"http:\/\/www.pamina-business.com\/de\/wp-json\/wp\/v2\/posts"}],"about":[{"href":"http:\/\/www.pamina-business.com\/de\/wp-json\/wp\/v2\/types\/post"}],"author":[{"embeddable":true,"href":"http:\/\/www.pamina-business.com\/de\/wp-json\/wp\/v2\/users\/3"}],"replies":[{"embeddable":true,"href":"http:\/\/www.pamina-business.com\/de\/wp-json\/wp\/v2\/comments?post=3732"}],"version-history":[{"count":1,"href":"http:\/\/www.pamina-business.com\/de\/wp-json\/wp\/v2\/posts\/3732\/revisions"}],"predecessor-version":[{"id":3733,"href":"http:\/\/www.pamina-business.com\/de\/wp-json\/wp\/v2\/posts\/3732\/revisions\/3733"}],"wp:attachment":[{"href":"http:\/\/www.pamina-business.com\/de\/wp-json\/wp\/v2\/media?parent=3732"}],"wp:term":[{"taxonomy":"category","embeddable":true,"href":"http:\/\/www.pamina-business.com\/de\/wp-json\/wp\/v2\/categories?post=3732"},{"taxonomy":"post_tag","embeddable":true,"href":"http:\/\/www.pamina-business.com\/de\/wp-json\/wp\/v2\/tags?post=3732"}],"curies":[{"name":"wp","href":"https:\/\/api.w.org\/{rel}","templated":true}]}}