{"id":3684,"date":"2019-03-07T09:46:50","date_gmt":"2019-03-07T09:46:50","guid":{"rendered":"http:\/\/www.pamina-business.com\/?p=3684"},"modified":"2019-03-05T09:30:14","modified_gmt":"2019-03-05T09:30:14","slug":"jahresauftakt-bvmw-nordbaden-rhein-neckar-am-13-februar-2019","status":"publish","type":"post","link":"http:\/\/www.pamina-business.com\/de\/jahresauftakt-bvmw-nordbaden-rhein-neckar-am-13-februar-2019\/","title":{"rendered":"Jahresauftakt BVMW Nordbaden-Rhein-Neckar am 13. Februar 2019"},"content":{"rendered":"<p><strong>Statement von\u00a0 Ralf Eichhorn von der Wif\u00f6e Karlsruhe als Pr\u00e4sident des deutsch-franz\u00f6sichen Pamina Business Clubs :<\/strong><\/p>\n<p>&nbsp;<\/p>\n<p><a href=\"http:\/\/www.pamina-business.com\/wp-content\/uploads\/2019\/03\/Ralf-Photo.jpg\"><img loading=\"lazy\" decoding=\"async\" class=\"alignnone size-medium wp-image-3698\" src=\"http:\/\/www.pamina-business.com\/wp-content\/uploads\/2019\/03\/Ralf-Photo-221x300.jpg\" alt=\"Ralf Photo\" width=\"221\" height=\"300\" srcset=\"http:\/\/www.pamina-business.com\/wp-content\/uploads\/2019\/03\/Ralf-Photo-221x300.jpg 221w, http:\/\/www.pamina-business.com\/wp-content\/uploads\/2019\/03\/Ralf-Photo-768x1043.jpg 768w, http:\/\/www.pamina-business.com\/wp-content\/uploads\/2019\/03\/Ralf-Photo-754x1024.jpg 754w, http:\/\/www.pamina-business.com\/wp-content\/uploads\/2019\/03\/Ralf-Photo.jpg 1308w\" sizes=\"auto, (max-width: 221px) 100vw, 221px\" \/><\/a><\/p>\n<p><em>Ralf Eichhorn, Pr\u00e4sident des Pamina Business Clubs<\/em><\/p>\n<p>Vor dem Hintergrund immer neuer internationaler Herausforderungen wie \u201eAmerica\u00a0first\u201c, oder auch dem bevorstehenden Brexit gewinnt die\u00a0grenz\u00fcberschreitende Kooperation zwischen Deutschland und Frankreich hier in der Region zunehmend an Bedeutung. Dies umso mehr, weil es erhebliche, noch nicht erschlossene Chancen gibt.<\/p>\n<p>Der PAMINA\u00a0Business Club, seit 20 Jahren Impulsgeber des wirtschaftlichen Austausches,\u00a0hat bereits bei einem Treffen der Wirtschaftsf\u00f6rderer am\u00a07. Dezember\u00a02018 m\u00f6gliche Felder einer\u00a0grenz\u00fcberschreitenden Zusammenarbeit bzw. von Projekten in einem\u00a0Brainstormingprozess\u00a0zusammengestellt.\u00a0Insbesondere die wirtschaftliche Zusammenarbeit k\u00f6nnte in den Themen<\/p>\n<ul>\n<li>Wirtschafts-\/Existenzgr\u00fcndungsf\u00f6rderung,<\/li>\n<li>Fachkr\u00e4fte,<\/li>\n<li>Innovation (Industrie 4.0, K\u00fcnstliche Intelligenz)<\/li>\n<li>betriebliche\u00a0Mobilit\u00e4t<\/li>\n<\/ul>\n<p>aufgegriffen werden.\u00a0Dies soll\u00a0in\u00a0Form von\u00a0Projekten, Strategien der Standortentwicklung aber\u00a0auch\u00a0mit Ma\u00dfnahmen zur\u00a0gemeinsamen internationalen Vermarktung\u00a0erfolgen.\u201c<\/p>\n<p>&nbsp;<\/p>\n<p><em>Quelle<\/em> : <a href=\"http:\/\/www.wifoe.karlsruhe.de\">www.wifoe.karlsruhe.de<\/a><\/p>\n<p><em>Kontakt<\/em> : <a href=\"&#x6d;&#x61;&#x69;&#x6c;&#x74;&#x6f;&#x3a;&#x72;&#x61;&#x6c;&#x66;&#x2e;&#x65;&#x69;&#x63;&#x68;&#x68;&#x6f;&#x72;&#x6e;&#x40;&#x77;&#105;&#102;&#111;&#101;&#46;&#107;&#97;&#114;&#108;&#115;&#114;&#117;&#104;&#101;&#46;de\">&#x72;&#97;l&#x66;&#46;&#101;&#x69;&#x63;&#104;h&#x6f;&#114;n&#x40;&#x77;&#105;f&#x6f;&#101;&#46;&#x6b;&#x61;&#114;l&#x73;&#114;u&#x68;&#x65;&#46;d&#x65;<\/a><\/p>\n<p>&nbsp;<\/p>\n","protected":false},"excerpt":{"rendered":"<p>Statement von\u00a0 Ralf Eichhorn von der Wif\u00f6e Karlsruhe als Pr\u00e4sident des deutsch-franz\u00f6sichen Pamina Business Clubs : &nbsp; Ralf Eichhorn, Pr\u00e4sident des Pamina Business Clubs Vor dem Hintergrund immer neuer internationaler Herausforderungen wie \u201eAmerica\u00a0first\u201c, oder auch dem bevorstehenden Brexit gewinnt die\u00a0grenz\u00fcberschreitende Kooperation zwischen Deutschland und Frankreich hier in der Region zunehmend an Bedeutung. Dies umso mehr, [&hellip;]<\/p>\n","protected":false},"author":3,"featured_media":0,"comment_status":"open","ping_status":"open","sticky":false,"template":"","format":"standard","meta":{"_exactmetrics_skip_tracking":false,"_exactmetrics_sitenote_active":false,"_exactmetrics_sitenote_note":"","_exactmetrics_sitenote_category":0,"footnotes":""},"categories":[60,66],"tags":[],"class_list":["post-3684","post","type-post","status-publish","format-standard","hentry","category-industrie-de","category-wirtschaft"],"yoast_head":"<!-- This site is optimized with the Yoast SEO plugin v23.5 - https:\/\/yoast.com\/wordpress\/plugins\/seo\/ -->\n<title>Jahresauftakt BVMW Nordbaden-Rhein-Neckar am 13. Februar 2019 - PAMINA Business Club<\/title>\n<meta name=\"robots\" content=\"index, follow, max-snippet:-1, max-image-preview:large, max-video-preview:-1\" \/>\n<link rel=\"canonical\" href=\"http:\/\/www.pamina-business.com\/de\/jahresauftakt-bvmw-nordbaden-rhein-neckar-am-13-februar-2019\/\" \/>\n<meta property=\"og:locale\" content=\"de_DE\" \/>\n<meta property=\"og:type\" content=\"article\" \/>\n<meta property=\"og:title\" content=\"Jahresauftakt BVMW Nordbaden-Rhein-Neckar am 13. Februar 2019 - PAMINA Business Club\" \/>\n<meta property=\"og:description\" content=\"Statement von\u00a0 Ralf Eichhorn von der Wif\u00f6e Karlsruhe als Pr\u00e4sident des deutsch-franz\u00f6sichen Pamina Business Clubs : &nbsp; Ralf Eichhorn, Pr\u00e4sident des Pamina Business Clubs Vor dem Hintergrund immer neuer internationaler Herausforderungen wie \u201eAmerica\u00a0first\u201c, oder auch dem bevorstehenden Brexit gewinnt die\u00a0grenz\u00fcberschreitende Kooperation zwischen Deutschland und Frankreich hier in der Region zunehmend an Bedeutung. Dies umso mehr, [&hellip;]\" \/>\n<meta property=\"og:url\" content=\"http:\/\/www.pamina-business.com\/de\/jahresauftakt-bvmw-nordbaden-rhein-neckar-am-13-februar-2019\/\" \/>\n<meta property=\"og:site_name\" content=\"PAMINA Business Club\" \/>\n<meta property=\"article:published_time\" content=\"2019-03-07T09:46:50+00:00\" \/>\n<meta property=\"article:modified_time\" content=\"2019-03-05T09:30:14+00:00\" \/>\n<meta property=\"og:image\" content=\"http:\/\/www.pamina-business.com\/wp-content\/uploads\/2019\/03\/Ralf-Photo-221x300.jpg\" \/>\n<meta name=\"author\" content=\"Monique STUTZMANN\" \/>\n<meta name=\"twitter:card\" content=\"summary_large_image\" \/>\n<meta name=\"twitter:label1\" content=\"Verfasst von\" \/>\n\t<meta name=\"twitter:data1\" content=\"Monique STUTZMANN\" \/>\n\t<meta name=\"twitter:label2\" content=\"Gesch\u00e4tzte Lesezeit\" \/>\n\t<meta name=\"twitter:data2\" content=\"1\u00a0Minute\" \/>\n<script type=\"application\/ld+json\" class=\"yoast-schema-graph\">{\"@context\":\"https:\/\/schema.org\",\"@graph\":[{\"@type\":\"WebPage\",\"@id\":\"http:\/\/www.pamina-business.com\/de\/jahresauftakt-bvmw-nordbaden-rhein-neckar-am-13-februar-2019\/\",\"url\":\"http:\/\/www.pamina-business.com\/de\/jahresauftakt-bvmw-nordbaden-rhein-neckar-am-13-februar-2019\/\",\"name\":\"Jahresauftakt BVMW Nordbaden-Rhein-Neckar am 13. Februar 2019 - PAMINA Business Club\",\"isPartOf\":{\"@id\":\"http:\/\/www.pamina-business.com\/de\/#website\"},\"primaryImageOfPage\":{\"@id\":\"http:\/\/www.pamina-business.com\/de\/jahresauftakt-bvmw-nordbaden-rhein-neckar-am-13-februar-2019\/#primaryimage\"},\"image\":{\"@id\":\"http:\/\/www.pamina-business.com\/de\/jahresauftakt-bvmw-nordbaden-rhein-neckar-am-13-februar-2019\/#primaryimage\"},\"thumbnailUrl\":\"http:\/\/www.pamina-business.com\/wp-content\/uploads\/2019\/03\/Ralf-Photo-221x300.jpg\",\"datePublished\":\"2019-03-07T09:46:50+00:00\",\"dateModified\":\"2019-03-05T09:30:14+00:00\",\"author\":{\"@id\":\"http:\/\/www.pamina-business.com\/de\/#\/schema\/person\/9ab02536dbdbc5e3ef40bbc3452c8c69\"},\"breadcrumb\":{\"@id\":\"http:\/\/www.pamina-business.com\/de\/jahresauftakt-bvmw-nordbaden-rhein-neckar-am-13-februar-2019\/#breadcrumb\"},\"inLanguage\":\"de\",\"potentialAction\":[{\"@type\":\"ReadAction\",\"target\":[\"http:\/\/www.pamina-business.com\/de\/jahresauftakt-bvmw-nordbaden-rhein-neckar-am-13-februar-2019\/\"]}]},{\"@type\":\"ImageObject\",\"inLanguage\":\"de\",\"@id\":\"http:\/\/www.pamina-business.com\/de\/jahresauftakt-bvmw-nordbaden-rhein-neckar-am-13-februar-2019\/#primaryimage\",\"url\":\"http:\/\/www.pamina-business.com\/wp-content\/uploads\/2019\/03\/Ralf-Photo-221x300.jpg\",\"contentUrl\":\"http:\/\/www.pamina-business.com\/wp-content\/uploads\/2019\/03\/Ralf-Photo-221x300.jpg\"},{\"@type\":\"BreadcrumbList\",\"@id\":\"http:\/\/www.pamina-business.com\/de\/jahresauftakt-bvmw-nordbaden-rhein-neckar-am-13-februar-2019\/#breadcrumb\",\"itemListElement\":[{\"@type\":\"ListItem\",\"position\":1,\"name\":\"Accueil\",\"item\":\"http:\/\/www.pamina-business.com\/de\/\"},{\"@type\":\"ListItem\",\"position\":2,\"name\":\"Jahresauftakt BVMW Nordbaden-Rhein-Neckar am 13. Februar 2019\"}]},{\"@type\":\"WebSite\",\"@id\":\"http:\/\/www.pamina-business.com\/de\/#website\",\"url\":\"http:\/\/www.pamina-business.com\/de\/\",\"name\":\"PAMINA Business Club\",\"description\":\"Un site utilisant WordPress\",\"potentialAction\":[{\"@type\":\"SearchAction\",\"target\":{\"@type\":\"EntryPoint\",\"urlTemplate\":\"http:\/\/www.pamina-business.com\/de\/?s={search_term_string}\"},\"query-input\":{\"@type\":\"PropertyValueSpecification\",\"valueRequired\":true,\"valueName\":\"search_term_string\"}}],\"inLanguage\":\"de\"},{\"@type\":\"Person\",\"@id\":\"http:\/\/www.pamina-business.com\/de\/#\/schema\/person\/9ab02536dbdbc5e3ef40bbc3452c8c69\",\"name\":\"Monique STUTZMANN\",\"image\":{\"@type\":\"ImageObject\",\"inLanguage\":\"de\",\"@id\":\"http:\/\/www.pamina-business.com\/de\/#\/schema\/person\/image\/\",\"url\":\"https:\/\/secure.gravatar.com\/avatar\/cc1c3adf9a9f6e969d3da7b6b34ec66f5f4a6844dfc9145380a75e42cd91882e?s=96&d=mm&r=g\",\"contentUrl\":\"https:\/\/secure.gravatar.com\/avatar\/cc1c3adf9a9f6e969d3da7b6b34ec66f5f4a6844dfc9145380a75e42cd91882e?s=96&d=mm&r=g\",\"caption\":\"Monique STUTZMANN\"},\"url\":\"http:\/\/www.pamina-business.com\/de\/author\/monique\/\"}]}<\/script>\n<!-- \/ Yoast SEO plugin. -->","yoast_head_json":{"title":"Jahresauftakt BVMW Nordbaden-Rhein-Neckar am 13. Februar 2019 - PAMINA Business Club","robots":{"index":"index","follow":"follow","max-snippet":"max-snippet:-1","max-image-preview":"max-image-preview:large","max-video-preview":"max-video-preview:-1"},"canonical":"http:\/\/www.pamina-business.com\/de\/jahresauftakt-bvmw-nordbaden-rhein-neckar-am-13-februar-2019\/","og_locale":"de_DE","og_type":"article","og_title":"Jahresauftakt BVMW Nordbaden-Rhein-Neckar am 13. Februar 2019 - PAMINA Business Club","og_description":"Statement von\u00a0 Ralf Eichhorn von der Wif\u00f6e Karlsruhe als Pr\u00e4sident des deutsch-franz\u00f6sichen Pamina Business Clubs : &nbsp; Ralf Eichhorn, Pr\u00e4sident des Pamina Business Clubs Vor dem Hintergrund immer neuer internationaler Herausforderungen wie \u201eAmerica\u00a0first\u201c, oder auch dem bevorstehenden Brexit gewinnt die\u00a0grenz\u00fcberschreitende Kooperation zwischen Deutschland und Frankreich hier in der Region zunehmend an Bedeutung. Dies umso mehr, [&hellip;]","og_url":"http:\/\/www.pamina-business.com\/de\/jahresauftakt-bvmw-nordbaden-rhein-neckar-am-13-februar-2019\/","og_site_name":"PAMINA Business Club","article_published_time":"2019-03-07T09:46:50+00:00","article_modified_time":"2019-03-05T09:30:14+00:00","og_image":[{"url":"http:\/\/www.pamina-business.com\/wp-content\/uploads\/2019\/03\/Ralf-Photo-221x300.jpg"}],"author":"Monique STUTZMANN","twitter_card":"summary_large_image","twitter_misc":{"Verfasst von":"Monique STUTZMANN","Gesch\u00e4tzte Lesezeit":"1\u00a0Minute"},"schema":{"@context":"https:\/\/schema.org","@graph":[{"@type":"WebPage","@id":"http:\/\/www.pamina-business.com\/de\/jahresauftakt-bvmw-nordbaden-rhein-neckar-am-13-februar-2019\/","url":"http:\/\/www.pamina-business.com\/de\/jahresauftakt-bvmw-nordbaden-rhein-neckar-am-13-februar-2019\/","name":"Jahresauftakt BVMW Nordbaden-Rhein-Neckar am 13. Februar 2019 - PAMINA Business Club","isPartOf":{"@id":"http:\/\/www.pamina-business.com\/de\/#website"},"primaryImageOfPage":{"@id":"http:\/\/www.pamina-business.com\/de\/jahresauftakt-bvmw-nordbaden-rhein-neckar-am-13-februar-2019\/#primaryimage"},"image":{"@id":"http:\/\/www.pamina-business.com\/de\/jahresauftakt-bvmw-nordbaden-rhein-neckar-am-13-februar-2019\/#primaryimage"},"thumbnailUrl":"http:\/\/www.pamina-business.com\/wp-content\/uploads\/2019\/03\/Ralf-Photo-221x300.jpg","datePublished":"2019-03-07T09:46:50+00:00","dateModified":"2019-03-05T09:30:14+00:00","author":{"@id":"http:\/\/www.pamina-business.com\/de\/#\/schema\/person\/9ab02536dbdbc5e3ef40bbc3452c8c69"},"breadcrumb":{"@id":"http:\/\/www.pamina-business.com\/de\/jahresauftakt-bvmw-nordbaden-rhein-neckar-am-13-februar-2019\/#breadcrumb"},"inLanguage":"de","potentialAction":[{"@type":"ReadAction","target":["http:\/\/www.pamina-business.com\/de\/jahresauftakt-bvmw-nordbaden-rhein-neckar-am-13-februar-2019\/"]}]},{"@type":"ImageObject","inLanguage":"de","@id":"http:\/\/www.pamina-business.com\/de\/jahresauftakt-bvmw-nordbaden-rhein-neckar-am-13-februar-2019\/#primaryimage","url":"http:\/\/www.pamina-business.com\/wp-content\/uploads\/2019\/03\/Ralf-Photo-221x300.jpg","contentUrl":"http:\/\/www.pamina-business.com\/wp-content\/uploads\/2019\/03\/Ralf-Photo-221x300.jpg"},{"@type":"BreadcrumbList","@id":"http:\/\/www.pamina-business.com\/de\/jahresauftakt-bvmw-nordbaden-rhein-neckar-am-13-februar-2019\/#breadcrumb","itemListElement":[{"@type":"ListItem","position":1,"name":"Accueil","item":"http:\/\/www.pamina-business.com\/de\/"},{"@type":"ListItem","position":2,"name":"Jahresauftakt BVMW Nordbaden-Rhein-Neckar am 13. Februar 2019"}]},{"@type":"WebSite","@id":"http:\/\/www.pamina-business.com\/de\/#website","url":"http:\/\/www.pamina-business.com\/de\/","name":"PAMINA Business Club","description":"Un site utilisant WordPress","potentialAction":[{"@type":"SearchAction","target":{"@type":"EntryPoint","urlTemplate":"http:\/\/www.pamina-business.com\/de\/?s={search_term_string}"},"query-input":{"@type":"PropertyValueSpecification","valueRequired":true,"valueName":"search_term_string"}}],"inLanguage":"de"},{"@type":"Person","@id":"http:\/\/www.pamina-business.com\/de\/#\/schema\/person\/9ab02536dbdbc5e3ef40bbc3452c8c69","name":"Monique STUTZMANN","image":{"@type":"ImageObject","inLanguage":"de","@id":"http:\/\/www.pamina-business.com\/de\/#\/schema\/person\/image\/","url":"https:\/\/secure.gravatar.com\/avatar\/cc1c3adf9a9f6e969d3da7b6b34ec66f5f4a6844dfc9145380a75e42cd91882e?s=96&d=mm&r=g","contentUrl":"https:\/\/secure.gravatar.com\/avatar\/cc1c3adf9a9f6e969d3da7b6b34ec66f5f4a6844dfc9145380a75e42cd91882e?s=96&d=mm&r=g","caption":"Monique STUTZMANN"},"url":"http:\/\/www.pamina-business.com\/de\/author\/monique\/"}]}},"_links":{"self":[{"href":"http:\/\/www.pamina-business.com\/de\/wp-json\/wp\/v2\/posts\/3684","targetHints":{"allow":["GET"]}}],"collection":[{"href":"http:\/\/www.pamina-business.com\/de\/wp-json\/wp\/v2\/posts"}],"about":[{"href":"http:\/\/www.pamina-business.com\/de\/wp-json\/wp\/v2\/types\/post"}],"author":[{"embeddable":true,"href":"http:\/\/www.pamina-business.com\/de\/wp-json\/wp\/v2\/users\/3"}],"replies":[{"embeddable":true,"href":"http:\/\/www.pamina-business.com\/de\/wp-json\/wp\/v2\/comments?post=3684"}],"version-history":[{"count":5,"href":"http:\/\/www.pamina-business.com\/de\/wp-json\/wp\/v2\/posts\/3684\/revisions"}],"predecessor-version":[{"id":3701,"href":"http:\/\/www.pamina-business.com\/de\/wp-json\/wp\/v2\/posts\/3684\/revisions\/3701"}],"wp:attachment":[{"href":"http:\/\/www.pamina-business.com\/de\/wp-json\/wp\/v2\/media?parent=3684"}],"wp:term":[{"taxonomy":"category","embeddable":true,"href":"http:\/\/www.pamina-business.com\/de\/wp-json\/wp\/v2\/categories?post=3684"},{"taxonomy":"post_tag","embeddable":true,"href":"http:\/\/www.pamina-business.com\/de\/wp-json\/wp\/v2\/tags?post=3684"}],"curies":[{"name":"wp","href":"https:\/\/api.w.org\/{rel}","templated":true}]}}