{"id":3675,"date":"2019-03-08T13:11:32","date_gmt":"2019-03-08T13:11:32","guid":{"rendered":"http:\/\/www.pamina-business.com\/?p=3675"},"modified":"2019-02-26T13:19:59","modified_gmt":"2019-02-26T13:19:59","slug":"fessenheim-signature-du-projet-de-territoire","status":"publish","type":"post","link":"http:\/\/www.pamina-business.com\/de\/fessenheim-signature-du-projet-de-territoire\/","title":{"rendered":"Fessenheim : signature du &#8222;projet de territoire&#8220;"},"content":{"rendered":"<div class=\"field field--name-field-tra-media-image field--type-entity-reference\">\n<div class=\"media media--type-image media--view-mode-landscape\">\n<div class=\"image-copyright\">\n<div class=\"field field--name-field-media-image block-media-image\">\n<h2>L&#8217;apr\u00e8s centrale<\/h2>\n<p><img loading=\"lazy\" decoding=\"async\" class=\"main-image\" title=\"Fessenheim : signature du projet de territoire\" src=\"http:\/\/www.espaces-transfrontaliers.org\/typo3temp\/_processed_\/csm_2019_02_fessenheim_3039a7bfa0.jpg\" alt=\"Fessenheim : signature du projet de territoire\" width=\"300\" height=\"200\" \/><\/p>\n<div class=\"intro\">\n<p class=\"bodytext\">Sign\u00e9 le 1er f\u00e9vrier 2019 par le ministre de la transition \u00e9cologique Fran\u00e7ois de Rugy et les acteurs du territoire fran\u00e7ais et allemands, ce &#8222;projet de territoire&#8220; doit accompagner la reconversion \u00e9conomique de la zone situ\u00e9e autour de la centrale nucl\u00e9aire de Fessenheim, dont la fermeture des deux r\u00e9acteurs est pr\u00e9vue \u00e0 l&#8217;\u00e9t\u00e9 2020.<\/p>\n<\/div>\n<p class=\"bodytext\">\u00a0Le projet pr\u00e9voit notamment un renforcement des partenariats franco-allemands visant \u00e0 rendre le territoire plus attractif. De plus, il fait partie des 15 projets prioritaires cibl\u00e9s \u00e0 l&#8217;occasion de la signature du Trait\u00e9 d&#8217;Aix-la-Chapelle.<\/p>\n<\/div>\n<\/div>\n<\/div>\n<\/div>\n<div class=\"text-formatted field field--name-body field--type-text-with-summary\">\n<p>Le ministre de la Transition \u00e9cologique Fran\u00e7ois de Rugy a sign\u00e9 ce 1er f\u00e9vrier le <a class=\"ext\" href=\"https:\/\/www.ecologique-solidaire.gouv.fr\/sites\/default\/files\/2019.02.01_Projet-territoire_Fessenheim_FR.pdf\">&#8222;projet\u00a0 de territoire&#8220;<\/a> qui doit accompagner la reconversion \u00e9conomique de la zone situ\u00e9e autour de la centrale nucl\u00e9aire de Fessenheim (Haut-Rhin) dont la fermeture des deux r\u00e9acteurs est pr\u00e9vue \u00e0 l&#8217;\u00e9t\u00e9 2020. Mise en service en 1977, Fessenheim est aujourd&#8217;hui la doyenne des centrales encore en activit\u00e9 en France. Initialement pr\u00e9vue fin 2016 sous le quinquennat Hollande, sa fermeture a d\u00e9j\u00e0 \u00e9t\u00e9 report\u00e9e \u00e0 plusieurs reprises.<\/p>\n<h2>30 millions d&#8217;euros au total de la part de l&#8217;Etat<\/h2>\n<p>&#8222;Nous sommes en mesure de dire que la centrale de Fessenheim s&#8217;arr\u00eatera en deux temps. Un r\u00e9acteur fermera en mars 2020 et le deuxi\u00e8me, normalement, en ao\u00fbt 2020&#8220;, a assur\u00e9 Fran\u00e7ois de Rugy devant la presse \u00e0 Volgelsheim (Haut-Rhin), peu apr\u00e8s avoir sign\u00e9 le document aux c\u00f4t\u00e9s d&#8217;\u00e9lus fran\u00e7ais et allemands et de responsables \u00e9conomiques r\u00e9gionaux.<br \/>\nCette d\u00e9claration d&#8217;intention s&#8217;articule autour de quatre axes : le d\u00e9veloppement \u00e9conomique, les mobilit\u00e9s transfrontali\u00e8res, la transition \u00e9nerg\u00e9tique et l&#8217;innovation. &#8222;L&#8217;\u00c9tat apporte 20 millions d&#8217;euros pour porter une trentaine de projets, en plus d&#8217;un fonds d&#8217;amor\u00e7age de 10 millions d&#8217;euros&#8220;, a indiqu\u00e9\u00a0 Emmanuelle Wargon, secr\u00e9taire d&#8217;\u00c9tat aupr\u00e8s du ministre.<\/p>\n<h2>Compensation fiscale pour les collectivit\u00e9s<\/h2>\n<p>&#8222;La fermeture de la centrale de Fessenheim aura un impact \u00e9conomique majeur sur le territoire, dont il faut amortir les effets autant que possible&#8220;, souligne la d\u00e9claration d&#8217;intention. La centrale, qui emploie directement 850 salari\u00e9s d&#8217;EDF et environ 350 salari\u00e9s permanents d&#8217;entreprises prestataires, sans compter nombre d&#8217;emplois indirects et induits, g\u00e9n\u00e8re des recettes fiscales importantes pour les collectivit\u00e9s. La loi de finances pour 2019 a d\u00e9j\u00e0 \u00e9tabli un dispositif de compensation fiscale qui doit permettre au bloc communal (communaut\u00e9 de communes et commune de Fessenheim) de b\u00e9n\u00e9ficier de la compensation totale des pertes fiscales pendant les trois ann\u00e9es qui suivent l&#8217;arr\u00eat de la centrale. &#8222;Ce dispositif se poursuivra de fa\u00e7on d\u00e9croissante pendant les sept ann\u00e9es suivantes, soit une compensation globale des pertes fiscales sur la p\u00e9riode de plus de 30 millions d&#8217;euros&#8220;, selon le minist\u00e8re de la Transition \u00e9cologique. &#8222;Cela permet \u00e0 la communaut\u00e9 de communes d&#8217;investir sur la p\u00e9riode afin de recr\u00e9er les conditions d&#8217;activit\u00e9s \u00e9conomiques nouvelles&#8220;, estime-t-il.<\/p>\n<h2>Un projet d\u00e9clin\u00e9 \u00e0 trois \u00e9chelles<\/h2>\n<p>Le &#8222;projet d&#8217;avenir du territoire&#8220; vise quant \u00e0 lui trois \u00e9chelles prioritaires : la commune de Fessenheim et les communes voisines regroup\u00e9es c\u00f4t\u00e9 fran\u00e7ais dans la communaut\u00e9 de communes Pays Rhin-Brisach (CCPRB), territoire prioritaire pour la reconversion \u00e9conomique ; le triangle Colmar-Mulhouse-Fribourg, pour ce qui touche \u00e0 la mobilit\u00e9, et le territoire du Haut-Rhin, lui-m\u00eame inscrit dans la r\u00e9gion Grand Est, pour aborder les questions de transition \u00e9nerg\u00e9tique et d&#8217;innovation. Au-del\u00e0 de l&#8217;\u00e9chelle territoriale, l&#8217;enjeu du projet est \u00e9galement transfrontalier, souligne le gouvernement, avec un renforcement des partenariats franco-allemands pour rendre le territoire plus attractif.<\/p>\n<h2>Implication d&#8217;EDF<\/h2>\n<p>Le projet s&#8217;appuie sur un certain nombre d&#8217;actions phares. Une soci\u00e9t\u00e9 d&#8217;\u00e9conomie mixte franco-allemande a \u00e9t\u00e9 cr\u00e9\u00e9e pour &#8222;conduire des projets d&#8217;am\u00e9nagement et de d\u00e9veloppement \u00e9conomique&#8220;. C\u00f4t\u00e9 fran\u00e7ais, elle aura pour actionnaires notamment la communaut\u00e9 de communes, le conseil r\u00e9gional, le conseil d\u00e9partemental, la chambre de commerce et d&#8217;industrie, la Banque des Territoires (Caisse des D\u00e9p\u00f4ts). Elle comptera des actionnaires allemands et EDF prendra 15% des parts. &#8222;Nous allons nous engager financi\u00e8rement dans ce projet d&#8217;avenir de mani\u00e8re \u00e0 favoriser la cr\u00e9ation de nouveaux emplois tout en jouant notre r\u00f4le d&#8217;acteur de la transition \u00e9cologique&#8220;, a assur\u00e9 Jean-Bernard L\u00e9vy, pr\u00e9sident d&#8217;EDF, \u00e9galement pr\u00e9sent \u00e0 la signature. L&#8217;entreprise va consacrer 13 millions d&#8217;euros au projet de territoire, selon lui. Une &#8222;cellule d&#8217;accompagnement&#8220; a \u00e9t\u00e9 mise en place pour les salari\u00e9s d&#8217;EDF et les prestataires.<br \/>\n<a href=\"http:\/\/www.banquedesterritoires.fr\/un-appel-doffres-solaire-dans-le-haut-rhin-pour-preparer-la-reconversion-de-fessenheim\">L&#8217;appel d&#8217;offres <\/a>pour d\u00e9velopper 300 m\u00e9gawatts de capacit\u00e9 solaire dans le Haut-Rhin, annonc\u00e9 le 23 janvier dernier, a \u00e9galement \u00e9t\u00e9 confirm\u00e9, tout comme le projet de r\u00e9tablir la liaison ferroviaire Colmar-Fribourg. Il est aussi pr\u00e9vu de cr\u00e9er une zone d&#8217;activit\u00e9s industrielles, portuaires et fluviales, au nord de l&#8217;actuelle centrale, sur une superficie potentielle de 220 hectares am\u00e9nageables.<br \/>\n&#8222;Ce projet n&#8217;est pas \u00e0 la hauteur de nos attentes&#8220;, a r\u00e9agi le maire de Fessenheim Claude Brender (SE), qui a refus\u00e9 de signer le document. &#8222;Financi\u00e8rement, \u00e0 part le fonds d&#8217;amor\u00e7age (&#8230;) il n&#8217;y a rien de bien concret. Il y a des \u00e9tudes, des choses programm\u00e9es. Mais on reste dans l&#8217;intention et on n&#8217;a pas d&#8217;engagement sur la p\u00e9rennit\u00e9 de l&#8217;accompagnement&#8220;, a estim\u00e9 l&#8217;\u00e9lu.<\/p>\n<p><em>Source<\/em> : Lettre de la Mission Op\u00e9rationnelle Transfrontali\u00e8re MOT <a href=\"http:\/\/www.espaces-transfrontaliers.org\">www.espaces-transfrontaliers.org<\/a><\/p>\n<p><em>Information<\/em> : <a href=\"m&#97;&#105;&#x6c;&#x74;&#x6f;:&#109;&#111;&#x74;&#x40;&#x6d;ot&#46;&#x61;&#x73;&#x73;o&#46;&#102;&#114;\">&#x6d;&#x6f;&#x74;&#x40;&#x6d;&#x6f;&#x74;&#x2e;&#x61;&#x73;&#x73;&#x6f;&#x2e;&#x66;&#114;<\/a><\/p>\n<\/div>\n","protected":false},"excerpt":{"rendered":"<p>L&#8217;apr\u00e8s centrale Sign\u00e9 le 1er f\u00e9vrier 2019 par le ministre de la transition \u00e9cologique Fran\u00e7ois de Rugy et les acteurs du territoire fran\u00e7ais et allemands, ce &#8222;projet de territoire&#8220; doit accompagner la reconversion \u00e9conomique de la zone situ\u00e9e autour de la centrale nucl\u00e9aire de Fessenheim, dont la fermeture des deux r\u00e9acteurs est pr\u00e9vue \u00e0 l&#8217;\u00e9t\u00e9 [&hellip;]<\/p>\n","protected":false},"author":3,"featured_media":0,"comment_status":"open","ping_status":"open","sticky":false,"template":"","format":"standard","meta":{"_exactmetrics_skip_tracking":false,"_exactmetrics_sitenote_active":false,"_exactmetrics_sitenote_note":"","_exactmetrics_sitenote_category":0,"footnotes":""},"categories":[50,47,53],"tags":[],"class_list":["post-3675","post","type-post","status-publish","format-standard","hentry","category-energie-fr","category-industrie-fr","category-innovation-fr"],"yoast_head":"<!-- This site is optimized with the Yoast SEO plugin v23.5 - https:\/\/yoast.com\/wordpress\/plugins\/seo\/ -->\n<title>Fessenheim : signature du &quot;projet de territoire&quot; - PAMINA Business Club<\/title>\n<meta name=\"robots\" content=\"index, follow, max-snippet:-1, max-image-preview:large, max-video-preview:-1\" \/>\n<link rel=\"canonical\" href=\"https:\/\/www.pamina-business.com\/en\/fessenheim-signature-du-projet-de-territoire\/\" \/>\n<meta property=\"og:locale\" content=\"de_DE\" \/>\n<meta property=\"og:type\" content=\"article\" \/>\n<meta property=\"og:title\" content=\"Fessenheim : signature du &quot;projet de territoire&quot; - PAMINA Business Club\" \/>\n<meta property=\"og:description\" content=\"L&#8217;apr\u00e8s centrale Sign\u00e9 le 1er f\u00e9vrier 2019 par le ministre de la transition \u00e9cologique Fran\u00e7ois de Rugy et les acteurs du territoire fran\u00e7ais et allemands, ce &#8222;projet de territoire&#8220; doit accompagner la reconversion \u00e9conomique de la zone situ\u00e9e autour de la centrale nucl\u00e9aire de Fessenheim, dont la fermeture des deux r\u00e9acteurs est pr\u00e9vue \u00e0 l&#8217;\u00e9t\u00e9 [&hellip;]\" \/>\n<meta property=\"og:url\" content=\"https:\/\/www.pamina-business.com\/en\/fessenheim-signature-du-projet-de-territoire\/\" \/>\n<meta property=\"og:site_name\" content=\"PAMINA Business Club\" \/>\n<meta property=\"article:published_time\" content=\"2019-03-08T13:11:32+00:00\" \/>\n<meta property=\"article:modified_time\" content=\"2019-02-26T13:19:59+00:00\" \/>\n<meta property=\"og:image\" content=\"http:\/\/www.espaces-transfrontaliers.org\/typo3temp\/_processed_\/csm_2019_02_fessenheim_3039a7bfa0.jpg\" \/>\n<meta name=\"author\" content=\"Monique STUTZMANN\" \/>\n<meta name=\"twitter:card\" content=\"summary_large_image\" \/>\n<meta name=\"twitter:label1\" content=\"Verfasst von\" \/>\n\t<meta name=\"twitter:data1\" content=\"Monique STUTZMANN\" \/>\n\t<meta name=\"twitter:label2\" content=\"Gesch\u00e4tzte Lesezeit\" \/>\n\t<meta name=\"twitter:data2\" content=\"4\u00a0Minuten\" \/>\n<script type=\"application\/ld+json\" class=\"yoast-schema-graph\">{\"@context\":\"https:\/\/schema.org\",\"@graph\":[{\"@type\":\"WebPage\",\"@id\":\"https:\/\/www.pamina-business.com\/en\/fessenheim-signature-du-projet-de-territoire\/\",\"url\":\"https:\/\/www.pamina-business.com\/en\/fessenheim-signature-du-projet-de-territoire\/\",\"name\":\"Fessenheim : signature du \\\"projet de territoire\\\" - PAMINA Business Club\",\"isPartOf\":{\"@id\":\"http:\/\/www.pamina-business.com\/de\/#website\"},\"primaryImageOfPage\":{\"@id\":\"https:\/\/www.pamina-business.com\/en\/fessenheim-signature-du-projet-de-territoire\/#primaryimage\"},\"image\":{\"@id\":\"https:\/\/www.pamina-business.com\/en\/fessenheim-signature-du-projet-de-territoire\/#primaryimage\"},\"thumbnailUrl\":\"http:\/\/www.espaces-transfrontaliers.org\/typo3temp\/_processed_\/csm_2019_02_fessenheim_3039a7bfa0.jpg\",\"datePublished\":\"2019-03-08T13:11:32+00:00\",\"dateModified\":\"2019-02-26T13:19:59+00:00\",\"author\":{\"@id\":\"http:\/\/www.pamina-business.com\/de\/#\/schema\/person\/9ab02536dbdbc5e3ef40bbc3452c8c69\"},\"breadcrumb\":{\"@id\":\"https:\/\/www.pamina-business.com\/en\/fessenheim-signature-du-projet-de-territoire\/#breadcrumb\"},\"inLanguage\":\"de\",\"potentialAction\":[{\"@type\":\"ReadAction\",\"target\":[\"https:\/\/www.pamina-business.com\/en\/fessenheim-signature-du-projet-de-territoire\/\"]}]},{\"@type\":\"ImageObject\",\"inLanguage\":\"de\",\"@id\":\"https:\/\/www.pamina-business.com\/en\/fessenheim-signature-du-projet-de-territoire\/#primaryimage\",\"url\":\"http:\/\/www.espaces-transfrontaliers.org\/typo3temp\/_processed_\/csm_2019_02_fessenheim_3039a7bfa0.jpg\",\"contentUrl\":\"http:\/\/www.espaces-transfrontaliers.org\/typo3temp\/_processed_\/csm_2019_02_fessenheim_3039a7bfa0.jpg\"},{\"@type\":\"BreadcrumbList\",\"@id\":\"https:\/\/www.pamina-business.com\/en\/fessenheim-signature-du-projet-de-territoire\/#breadcrumb\",\"itemListElement\":[{\"@type\":\"ListItem\",\"position\":1,\"name\":\"Accueil\",\"item\":\"http:\/\/www.pamina-business.com\/de\/\"},{\"@type\":\"ListItem\",\"position\":2,\"name\":\"Fessenheim : signature du &#8220;projet de territoire&#8221;\"}]},{\"@type\":\"WebSite\",\"@id\":\"http:\/\/www.pamina-business.com\/de\/#website\",\"url\":\"http:\/\/www.pamina-business.com\/de\/\",\"name\":\"PAMINA Business Club\",\"description\":\"Un site utilisant WordPress\",\"potentialAction\":[{\"@type\":\"SearchAction\",\"target\":{\"@type\":\"EntryPoint\",\"urlTemplate\":\"http:\/\/www.pamina-business.com\/de\/?s={search_term_string}\"},\"query-input\":{\"@type\":\"PropertyValueSpecification\",\"valueRequired\":true,\"valueName\":\"search_term_string\"}}],\"inLanguage\":\"de\"},{\"@type\":\"Person\",\"@id\":\"http:\/\/www.pamina-business.com\/de\/#\/schema\/person\/9ab02536dbdbc5e3ef40bbc3452c8c69\",\"name\":\"Monique STUTZMANN\",\"image\":{\"@type\":\"ImageObject\",\"inLanguage\":\"de\",\"@id\":\"http:\/\/www.pamina-business.com\/de\/#\/schema\/person\/image\/\",\"url\":\"https:\/\/secure.gravatar.com\/avatar\/cc1c3adf9a9f6e969d3da7b6b34ec66f5f4a6844dfc9145380a75e42cd91882e?s=96&d=mm&r=g\",\"contentUrl\":\"https:\/\/secure.gravatar.com\/avatar\/cc1c3adf9a9f6e969d3da7b6b34ec66f5f4a6844dfc9145380a75e42cd91882e?s=96&d=mm&r=g\",\"caption\":\"Monique STUTZMANN\"},\"url\":\"http:\/\/www.pamina-business.com\/de\/author\/monique\/\"}]}<\/script>\n<!-- \/ Yoast SEO plugin. -->","yoast_head_json":{"title":"Fessenheim : signature du \"projet de territoire\" - PAMINA Business Club","robots":{"index":"index","follow":"follow","max-snippet":"max-snippet:-1","max-image-preview":"max-image-preview:large","max-video-preview":"max-video-preview:-1"},"canonical":"https:\/\/www.pamina-business.com\/en\/fessenheim-signature-du-projet-de-territoire\/","og_locale":"de_DE","og_type":"article","og_title":"Fessenheim : signature du \"projet de territoire\" - PAMINA Business Club","og_description":"L&#8217;apr\u00e8s centrale Sign\u00e9 le 1er f\u00e9vrier 2019 par le ministre de la transition \u00e9cologique Fran\u00e7ois de Rugy et les acteurs du territoire fran\u00e7ais et allemands, ce &#8222;projet de territoire&#8220; doit accompagner la reconversion \u00e9conomique de la zone situ\u00e9e autour de la centrale nucl\u00e9aire de Fessenheim, dont la fermeture des deux r\u00e9acteurs est pr\u00e9vue \u00e0 l&#8217;\u00e9t\u00e9 [&hellip;]","og_url":"https:\/\/www.pamina-business.com\/en\/fessenheim-signature-du-projet-de-territoire\/","og_site_name":"PAMINA Business Club","article_published_time":"2019-03-08T13:11:32+00:00","article_modified_time":"2019-02-26T13:19:59+00:00","og_image":[{"url":"http:\/\/www.espaces-transfrontaliers.org\/typo3temp\/_processed_\/csm_2019_02_fessenheim_3039a7bfa0.jpg"}],"author":"Monique STUTZMANN","twitter_card":"summary_large_image","twitter_misc":{"Verfasst von":"Monique STUTZMANN","Gesch\u00e4tzte Lesezeit":"4\u00a0Minuten"},"schema":{"@context":"https:\/\/schema.org","@graph":[{"@type":"WebPage","@id":"https:\/\/www.pamina-business.com\/en\/fessenheim-signature-du-projet-de-territoire\/","url":"https:\/\/www.pamina-business.com\/en\/fessenheim-signature-du-projet-de-territoire\/","name":"Fessenheim : signature du \"projet de territoire\" - PAMINA Business Club","isPartOf":{"@id":"http:\/\/www.pamina-business.com\/de\/#website"},"primaryImageOfPage":{"@id":"https:\/\/www.pamina-business.com\/en\/fessenheim-signature-du-projet-de-territoire\/#primaryimage"},"image":{"@id":"https:\/\/www.pamina-business.com\/en\/fessenheim-signature-du-projet-de-territoire\/#primaryimage"},"thumbnailUrl":"http:\/\/www.espaces-transfrontaliers.org\/typo3temp\/_processed_\/csm_2019_02_fessenheim_3039a7bfa0.jpg","datePublished":"2019-03-08T13:11:32+00:00","dateModified":"2019-02-26T13:19:59+00:00","author":{"@id":"http:\/\/www.pamina-business.com\/de\/#\/schema\/person\/9ab02536dbdbc5e3ef40bbc3452c8c69"},"breadcrumb":{"@id":"https:\/\/www.pamina-business.com\/en\/fessenheim-signature-du-projet-de-territoire\/#breadcrumb"},"inLanguage":"de","potentialAction":[{"@type":"ReadAction","target":["https:\/\/www.pamina-business.com\/en\/fessenheim-signature-du-projet-de-territoire\/"]}]},{"@type":"ImageObject","inLanguage":"de","@id":"https:\/\/www.pamina-business.com\/en\/fessenheim-signature-du-projet-de-territoire\/#primaryimage","url":"http:\/\/www.espaces-transfrontaliers.org\/typo3temp\/_processed_\/csm_2019_02_fessenheim_3039a7bfa0.jpg","contentUrl":"http:\/\/www.espaces-transfrontaliers.org\/typo3temp\/_processed_\/csm_2019_02_fessenheim_3039a7bfa0.jpg"},{"@type":"BreadcrumbList","@id":"https:\/\/www.pamina-business.com\/en\/fessenheim-signature-du-projet-de-territoire\/#breadcrumb","itemListElement":[{"@type":"ListItem","position":1,"name":"Accueil","item":"http:\/\/www.pamina-business.com\/de\/"},{"@type":"ListItem","position":2,"name":"Fessenheim : signature du &#8220;projet de territoire&#8221;"}]},{"@type":"WebSite","@id":"http:\/\/www.pamina-business.com\/de\/#website","url":"http:\/\/www.pamina-business.com\/de\/","name":"PAMINA Business Club","description":"Un site utilisant WordPress","potentialAction":[{"@type":"SearchAction","target":{"@type":"EntryPoint","urlTemplate":"http:\/\/www.pamina-business.com\/de\/?s={search_term_string}"},"query-input":{"@type":"PropertyValueSpecification","valueRequired":true,"valueName":"search_term_string"}}],"inLanguage":"de"},{"@type":"Person","@id":"http:\/\/www.pamina-business.com\/de\/#\/schema\/person\/9ab02536dbdbc5e3ef40bbc3452c8c69","name":"Monique STUTZMANN","image":{"@type":"ImageObject","inLanguage":"de","@id":"http:\/\/www.pamina-business.com\/de\/#\/schema\/person\/image\/","url":"https:\/\/secure.gravatar.com\/avatar\/cc1c3adf9a9f6e969d3da7b6b34ec66f5f4a6844dfc9145380a75e42cd91882e?s=96&d=mm&r=g","contentUrl":"https:\/\/secure.gravatar.com\/avatar\/cc1c3adf9a9f6e969d3da7b6b34ec66f5f4a6844dfc9145380a75e42cd91882e?s=96&d=mm&r=g","caption":"Monique STUTZMANN"},"url":"http:\/\/www.pamina-business.com\/de\/author\/monique\/"}]}},"_links":{"self":[{"href":"http:\/\/www.pamina-business.com\/de\/wp-json\/wp\/v2\/posts\/3675","targetHints":{"allow":["GET"]}}],"collection":[{"href":"http:\/\/www.pamina-business.com\/de\/wp-json\/wp\/v2\/posts"}],"about":[{"href":"http:\/\/www.pamina-business.com\/de\/wp-json\/wp\/v2\/types\/post"}],"author":[{"embeddable":true,"href":"http:\/\/www.pamina-business.com\/de\/wp-json\/wp\/v2\/users\/3"}],"replies":[{"embeddable":true,"href":"http:\/\/www.pamina-business.com\/de\/wp-json\/wp\/v2\/comments?post=3675"}],"version-history":[{"count":1,"href":"http:\/\/www.pamina-business.com\/de\/wp-json\/wp\/v2\/posts\/3675\/revisions"}],"predecessor-version":[{"id":3676,"href":"http:\/\/www.pamina-business.com\/de\/wp-json\/wp\/v2\/posts\/3675\/revisions\/3676"}],"wp:attachment":[{"href":"http:\/\/www.pamina-business.com\/de\/wp-json\/wp\/v2\/media?parent=3675"}],"wp:term":[{"taxonomy":"category","embeddable":true,"href":"http:\/\/www.pamina-business.com\/de\/wp-json\/wp\/v2\/categories?post=3675"},{"taxonomy":"post_tag","embeddable":true,"href":"http:\/\/www.pamina-business.com\/de\/wp-json\/wp\/v2\/tags?post=3675"}],"curies":[{"name":"wp","href":"https:\/\/api.w.org\/{rel}","templated":true}]}}