{"id":3628,"date":"2019-02-22T15:09:04","date_gmt":"2019-02-22T15:09:04","guid":{"rendered":"http:\/\/www.pamina-business.com\/?p=3628"},"modified":"2019-02-09T15:12:46","modified_gmt":"2019-02-09T15:12:46","slug":"conference-des-territoires-strasbourg-karlsruhe-le-27-fevrier-2019-a-strasbourg","status":"publish","type":"post","link":"http:\/\/www.pamina-business.com\/de\/conference-des-territoires-strasbourg-karlsruhe-le-27-fevrier-2019-a-strasbourg\/","title":{"rendered":"Conf\u00e9rence des territoires Strasbourg &#8211; Karlsruhe le 27 f\u00e9vrier 2019 \u00e0 Strasbourg"},"content":{"rendered":"<p><span style=\"font-size: medium;\">Quels enjeux et projets pour un espace m\u00e9tropolitain transfrontalier Strasbourg-Karlsruhe et leurs Eurodistricts ?<\/span><\/p>\n<table width=\"100%\">\n<tbody>\n<tr valign=\"top\">\n<td width=\"100%\">\n<table width=\"100%\">\n<tbody>\n<tr valign=\"top\">\n<td bgcolor=\"#f7f7f7\" width=\"100%\">\n<table width=\"100%\">\n<tbody>\n<tr valign=\"top\">\n<td width=\"100%\">\n<table width=\"100%\">\n<tbody>\n<tr valign=\"top\">\n<td width=\"100%\">\n<table width=\"100%\" align=\"left\">\n<tbody>\n<tr valign=\"top\">\n<td width=\"100%\"><\/td>\n<\/tr>\n<\/tbody>\n<\/table>\n<\/td>\n<\/tr>\n<\/tbody>\n<\/table>\n<\/td>\n<\/tr>\n<\/tbody>\n<\/table>\n<\/td>\n<\/tr>\n<tr valign=\"top\">\n<td bgcolor=\"white\">\n<table width=\"100%\">\n<tbody>\n<tr valign=\"top\">\n<td width=\"100%\">\n<table width=\"100%\">\n<tbody>\n<tr valign=\"top\">\n<td width=\"100%\">\n<table width=\"100%\" align=\"left\">\n<tbody>\n<tr valign=\"top\">\n<td width=\"100%\"><span style=\"color: #5f5f5f; font-family: Arial; font-size: small;\"><b>Frank Mentrup,\u00a0<\/b>Maire de la Ville et Pr\u00e9sident de la TechnologieRegion Karlsruhe GmbH et\u00a0<b>Robert Herrmann,\u00a0<\/b>Pr\u00e9sident de l\u2019Eurom\u00e9tropole de Strasbourg et Pr\u00e9sident de l\u2019ADEUS vous invitent \u00e0 la premi\u00e8re Conf\u00e9rence transfrontali\u00e8re de l\u2019espace m\u00e9tropolitain Strasbourg-Karlsruhe.<b><\/p>\n<p><\/b><\/span><\/td>\n<\/tr>\n<\/tbody>\n<\/table>\n<\/td>\n<\/tr>\n<\/tbody>\n<\/table>\n<table width=\"100%\">\n<tbody>\n<tr valign=\"top\">\n<td width=\"100%\">\n<table width=\"100%\" align=\"left\">\n<tbody>\n<tr valign=\"top\">\n<td width=\"100%\"><\/td>\n<\/tr>\n<\/tbody>\n<\/table>\n<\/td>\n<\/tr>\n<\/tbody>\n<\/table>\n<table width=\"100%\">\n<tbody>\n<tr valign=\"top\">\n<td width=\"100%\">\n<table width=\"100%\" align=\"left\">\n<tbody>\n<tr valign=\"top\">\n<td width=\"100%\"><span style=\"color: #5f5f5f; font-size: xx-small;\"><b>\/\/\/\/\/\/\/\/\/\/\/\/\/\/\/\/\/\/\/\/\/\/\/\/\/\/\/\/\/\/\/\/\/\/\/\/\/\/\/\/\/\/\/\/\/<\/b><\/span><span style=\"font-family: Arial; font-size: x-large;\"><b><br \/>\n27 f\u00e9vrier\/<i>Februar<\/i>\u00a02019<\/b><\/span><span style=\"font-family: Arial; font-size: large;\">\u00a0de 10h \u00e0 17h<\/span><span style=\"font-family: Arial; font-size: large;\"><b>\u00a0<\/b><\/span><span style=\"font-family: Arial; font-size: small;\"><b><br \/>\nPalais de la Musique et des Congr\u00e8s \u00e0 Strasbourg<\/b>\u00a0<\/span><span style=\"color: #5f5f5f; font-size: xx-small;\"><b><br \/>\n\/\/\/\/\/\/\/\/\/\/\/\/\/\/\/\/\/\/\/\/\/\/\/\/\/\/\/\/\/\/\/\/\/\/\/\/\/\/\/\/\/\/\/\/\/<\/b><\/span><span style=\"color: #a160ff; font-size: medium;\"><b><br \/>\nAu sein du Rhin sup\u00e9rieur, l\u2019int\u00e9gration de deux aires m\u00e9tropolitaines transfrontali\u00e8res peut-elle \u00eatre une opportunit\u00e9 pour construire un territoire moteur europ\u00e9en qui profite \u00e0 tous ?<i><br \/>\nBietet die grenz\u00fcberschreitende Integration zweier Metropolr\u00e4ume am Oberrhein die Chance zum Aufbau einer europ\u00e4ischen Vorreiterregion zum Nutzen aller?<\/i><\/b><\/span><span style=\"color: #5f5f5f; font-size: xx-small;\"><b><br \/>\n\/\/\/\/\/\/\/\/\/\/\/\/\/\/\/\/\/\/\/\/\/\/\/\/\/\/\/\/\/\/\/\/\/\/\/\/\/\/\/\/\/\/\/\/\/<\/b><\/span><span style=\"color: #808080; font-size: medium;\">\u00a0<\/span><br \/>\n<span style=\"font-family: Arial; font-size: small;\">Le Trait\u00e9 d&#8217;Aix la Chapelle, sign\u00e9 le 22 janvier, les discussions sur les freins juridiques engag\u00e9es dans les r\u00e9gions frontali\u00e8res de l\u2019Union europ\u00e9enne, ou encore l\u2019\u00e9laboration ou la r\u00e9vision de documents cadre r\u00e9gionaux ou transfrontaliers g\u00e9n\u00e8rent un contexte actuel transfrontalier in\u00e9dit. Ce moment est particuli\u00e8rement propice pour l\u2019Eurom\u00e9tropole et la Ville de Strasbourg, la Ville de Karlsruhe et leurs Eurodistricts, qui s\u2019unissent pour renforcer leur coop\u00e9ration m\u00e9tropolitaine. Ce rapprochement permettra d\u2019envoyer un signal fort pour qu\u2019une plus grande int\u00e9gration europ\u00e9enne puisse se faire, et cela particuli\u00e8rement dans les espaces frontaliers.<br \/>\nL\u2019aire m\u00e9tropolitaine Strasbourg &#8211; Karlsruhe rassemble un territoire transfrontalier d\u2019environ 3 millions d\u2019habitants dont les enjeux m\u00e9tropolitains m\u00e9ritent d\u2019\u00eatre trait\u00e9s conjointement \u00e0 cette \u00e9chelle et en y int\u00e9grant toutes les parties prenantes. Il s\u2019agira de renforcer les synergies pour peser davantage \u00e0 plus grande \u00e9chelle mais aussi de conforter l\u2019attractivit\u00e9 et la coh\u00e9sion interne. En effet, la compl\u00e9mentarit\u00e9 entre m\u00e9tropoles, villes moyennes et espaces plus ruraux est une condition essentielle pour r\u00e9ussir \u00e0 donner une consistance \u00e0 ce territoire et ainsi faire grandir tout le Rhin sup\u00e9rieur.<br \/>\nCet espace transfrontalier repr\u00e9sente un v\u00e9ritable c\u0153ur de l\u2019Europe, dont le r\u00f4le et les actions pourraient refonder des pratiques europ\u00e9ennes r\u00e9pondant \u00e0 des aspirations renouvel\u00e9es des populations. A condition d\u2019anticiper et d\u2019agir ensemble.<\/span><span style=\"color: #808080; font-size: medium;\"><br \/>\n<\/span><span style=\"color: #808080; font-size: small;\"><b>Source : <a href=\"http:\/\/www.adeus.org\">www.adeus.org<\/a><br \/>\nContact : Alexandra Chamroux<\/b>\u00a0&#8211;\u00a0<\/span><a href=\"mai&#108;&#116;&#111;&#x3a;&#x73;&#x65;&#x63;&#x72;&#x65;tar&#105;&#97;&#116;&#45;&#x64;&#x65;&#x2d;&#x70;&#x72;&#x6f;jet&#64;&#97;&#100;&#x65;&#x75;&#x73;&#x2e;&#x6f;&#x72;g\" target=\"_blank\" rel=\"noopener noreferrer\" data-auth=\"NotApplicable\"><span style=\"color: #008080; font-size: small;\"><u>&#x73;&#x65;&#99;r&#x65;&#x74;&#97;ri&#x61;&#x74;&#45;d&#x65;&#x2d;&#112;&#114;o&#x6a;&#x65;&#116;&#64;&#x61;&#x64;&#101;&#117;s&#x2e;&#x6f;&#114;g<\/u><\/span><\/a><span style=\"color: #808080; font-size: small;\">\u00a0&#8211; 03 88 21 49 03<\/span><span style=\"color: #008080; font-size: medium;\"><u><br \/>\n<\/u><\/span><a href=\"https:\/\/adeus.us16.list-manage.com\/track\/click?u=7266553442fe45248400c1194&amp;id=7bdbe77add&amp;e=8f8ec76ac0\" target=\"_blank\" rel=\"noopener noreferrer\" data-auth=\"NotApplicable\"><span style=\"color: #008080; font-size: medium;\"><u>Plus d&#8217;informations et inscription sur le site de l&#8217;ADEUS<\/u><\/span><\/a><span style=\"color: #5f5f5f; font-size: xx-small;\"><b><br \/>\n\/\/\/\/\/\/\/\/\/\/\/\/\/\/\/\/\/\/\/\/\/\/\/\/\/\/\/\/\/\/\/\/\/\/\/\/\/\/\/\/\/\/\/\/\/<\/b><\/span><span style=\"color: #808080; font-size: medium;\"><br \/>\n<\/span><br \/>\n<span style=\"color: #808080; font-size: medium;\"><span style=\"color: #5f5f5f; font-family: Arial; font-size: small;\"><i><strong>Quelle :<\/strong> <a href=\"http:\/\/www.adeus.org\">www.adeus.org<\/a><\/i><\/span><br \/>\n<\/span><span style=\"color: #808080; font-size: small;\"><b>Kontakt: Muriel Temme<\/b>\u00a0&#8211;\u00a0<\/span><a href=\"mail&#116;&#111;&#58;&#109;&#46;&#116;&#101;&#x6d;&#x6d;&#x65;&#x40;&#x61;&#x64;&#x65;&#x75;&#x73;&#46;org\" target=\"_blank\" rel=\"noopener noreferrer\" data-auth=\"NotApplicable\"><span style=\"color: #008080; font-size: small;\"><u>&#109;&#x2e;t&#101;&#x6d;m&#101;&#x40;a&#x64;&#x65;&#117;&#x73;&#46;&#111;&#x72;g<\/u><\/span><\/a><span style=\"color: #808080; font-size: small;\">\u00a0&#8211; +0033 (0)388 21 45 08<\/span><span style=\"color: #008080; font-size: medium;\"><u><br \/>\n<\/u><\/span><a href=\"https:\/\/adeus.us16.list-manage.com\/track\/click?u=7266553442fe45248400c1194&amp;id=f84ecc03f2&amp;e=8f8ec76ac0\" target=\"_blank\" rel=\"noopener noreferrer\" data-auth=\"NotApplicable\"><span style=\"color: #008080; font-size: medium;\"><u>Mehr dar\u00fcber und Anmeldung auf der Website der ADEUS<\/u><\/span><\/a><span style=\"color: #5f5f5f; font-size: xx-small;\"><b><br \/>\n\/\/\/\/\/\/\/\/\/\/\/\/\/\/\/\/\/\/\/\/\/\/\/\/\/\/\/\/\/\/\/\/\/\/\/\/\/\/\/\/\/\/\/\/\/<\/b><\/span><\/td>\n<\/tr>\n<\/tbody>\n<\/table>\n<\/td>\n<\/tr>\n<\/tbody>\n<\/table>\n<\/td>\n<\/tr>\n<\/tbody>\n<\/table>\n<\/td>\n<\/tr>\n<tr valign=\"top\">\n<td bgcolor=\"#333333\">\n<table width=\"100%\">\n<tbody>\n<tr valign=\"top\">\n<td width=\"100%\">\n<table width=\"100%\">\n<tbody>\n<tr valign=\"top\">\n<td width=\"100%\">\n<table width=\"100%\">\n<tbody>\n<tr>\n<td width=\"100%\">\n<table width=\"100%\">\n<tbody>\n<tr valign=\"top\">\n<td width=\"100%\">\n<table width=\"24\" align=\"center\">\n<tbody>\n<tr valign=\"top\">\n<td width=\"24\">\n<table width=\"24\" align=\"left\">\n<tbody>\n<tr valign=\"top\">\n<td width=\"24\"><\/td>\n<\/tr>\n<\/tbody>\n<\/table>\n<table width=\"24\" align=\"left\">\n<tbody>\n<tr valign=\"top\">\n<td width=\"24\"><\/td>\n<\/tr>\n<\/tbody>\n<\/table>\n<table width=\"24\" align=\"left\">\n<tbody>\n<tr valign=\"top\">\n<td width=\"24\"><\/td>\n<\/tr>\n<\/tbody>\n<\/table>\n<table width=\"24\" align=\"left\">\n<tbody>\n<tr valign=\"top\">\n<td width=\"24\"><\/td>\n<\/tr>\n<\/tbody>\n<\/table>\n<table width=\"24\" align=\"left\">\n<tbody>\n<tr valign=\"top\">\n<td width=\"24\"><\/td>\n<\/tr>\n<\/tbody>\n<\/table>\n<\/td>\n<\/tr>\n<\/tbody>\n<\/table>\n<\/td>\n<\/tr>\n<\/tbody>\n<\/table>\n<\/td>\n<\/tr>\n<\/tbody>\n<\/table>\n<\/td>\n<\/tr>\n<\/tbody>\n<\/table>\n<table width=\"100%\">\n<tbody>\n<tr valign=\"top\">\n<td width=\"100%\">\n<table width=\"100%\" align=\"left\">\n<tbody>\n<tr valign=\"top\">\n<td width=\"100%\">\n<div align=\"center\">\n<p><span style=\"color: white; font-size: xx-small;\"><i>Copyright \u00a9 *2019 ADEUS*, All rights reserved.<\/i><\/span><\/p>\n<p>Vous pouvez modifier vos pr\u00e9f\u00e9rences ici\u00a0<a href=\"https:\/\/adeus.us16.list-manage.com\/profile?u=7266553442fe45248400c1194&amp;id=70783ad374&amp;e=8f8ec76ac0\" target=\"_blank\" rel=\"noopener noreferrer\" data-auth=\"NotApplicable\"><span style=\"color: white; font-size: xx-small;\"><u>update your preferences<\/u><\/span><\/a><span style=\"color: white; font-size: xx-small;\"><br \/>\n<\/span><\/p>\n<\/div>\n<\/td>\n<\/tr>\n<\/tbody>\n<\/table>\n<\/td>\n<\/tr>\n<\/tbody>\n<\/table>\n<\/td>\n<\/tr>\n<\/tbody>\n<\/table>\n<\/td>\n<\/tr>\n<\/tbody>\n<\/table>\n<\/td>\n<\/tr>\n<\/tbody>\n<\/table>\n","protected":false},"excerpt":{"rendered":"<p>Quels enjeux et projets pour un espace m\u00e9tropolitain transfrontalier Strasbourg-Karlsruhe et leurs Eurodistricts ? Frank Mentrup,\u00a0Maire de la Ville et Pr\u00e9sident de la TechnologieRegion Karlsruhe GmbH et\u00a0Robert Herrmann,\u00a0Pr\u00e9sident de l\u2019Eurom\u00e9tropole de Strasbourg et Pr\u00e9sident de l\u2019ADEUS vous invitent \u00e0 la premi\u00e8re Conf\u00e9rence transfrontali\u00e8re de l\u2019espace m\u00e9tropolitain Strasbourg-Karlsruhe. \/\/\/\/\/\/\/\/\/\/\/\/\/\/\/\/\/\/\/\/\/\/\/\/\/\/\/\/\/\/\/\/\/\/\/\/\/\/\/\/\/\/\/\/\/ 27 f\u00e9vrier\/Februar\u00a02019\u00a0de 10h \u00e0 17h\u00a0 Palais de [&hellip;]<\/p>\n","protected":false},"author":3,"featured_media":0,"comment_status":"open","ping_status":"open","sticky":false,"template":"","format":"standard","meta":{"_exactmetrics_skip_tracking":false,"_exactmetrics_sitenote_active":false,"_exactmetrics_sitenote_note":"","_exactmetrics_sitenote_category":0,"footnotes":""},"categories":[7],"tags":[],"class_list":["post-3628","post","type-post","status-publish","format-standard","hentry","category-evenements-fr"],"yoast_head":"<!-- This site is optimized with the Yoast SEO plugin v23.5 - https:\/\/yoast.com\/wordpress\/plugins\/seo\/ -->\n<title>Conf\u00e9rence des territoires Strasbourg - Karlsruhe le 27 f\u00e9vrier 2019 \u00e0 Strasbourg - PAMINA Business Club<\/title>\n<meta name=\"robots\" content=\"index, follow, max-snippet:-1, max-image-preview:large, max-video-preview:-1\" \/>\n<link rel=\"canonical\" href=\"https:\/\/www.pamina-business.com\/en\/conference-des-territoires-strasbourg-karlsruhe-le-27-fevrier-2019-a-strasbourg\/\" \/>\n<meta property=\"og:locale\" content=\"de_DE\" \/>\n<meta property=\"og:type\" content=\"article\" \/>\n<meta property=\"og:title\" content=\"Conf\u00e9rence des territoires Strasbourg - Karlsruhe le 27 f\u00e9vrier 2019 \u00e0 Strasbourg - PAMINA Business Club\" \/>\n<meta property=\"og:description\" content=\"Quels enjeux et projets pour un espace m\u00e9tropolitain transfrontalier Strasbourg-Karlsruhe et leurs Eurodistricts ? Frank Mentrup,\u00a0Maire de la Ville et Pr\u00e9sident de la TechnologieRegion Karlsruhe GmbH et\u00a0Robert Herrmann,\u00a0Pr\u00e9sident de l\u2019Eurom\u00e9tropole de Strasbourg et Pr\u00e9sident de l\u2019ADEUS vous invitent \u00e0 la premi\u00e8re Conf\u00e9rence transfrontali\u00e8re de l\u2019espace m\u00e9tropolitain Strasbourg-Karlsruhe. \/\/\/\/\/\/\/\/\/\/\/\/\/\/\/\/\/\/\/\/\/\/\/\/\/\/\/\/\/\/\/\/\/\/\/\/\/\/\/\/\/\/\/\/\/ 27 f\u00e9vrier\/Februar\u00a02019\u00a0de 10h \u00e0 17h\u00a0 Palais de [&hellip;]\" \/>\n<meta property=\"og:url\" content=\"https:\/\/www.pamina-business.com\/en\/conference-des-territoires-strasbourg-karlsruhe-le-27-fevrier-2019-a-strasbourg\/\" \/>\n<meta property=\"og:site_name\" content=\"PAMINA Business Club\" \/>\n<meta property=\"article:published_time\" content=\"2019-02-22T15:09:04+00:00\" \/>\n<meta property=\"article:modified_time\" content=\"2019-02-09T15:12:46+00:00\" \/>\n<meta name=\"author\" content=\"Monique STUTZMANN\" \/>\n<meta name=\"twitter:card\" content=\"summary_large_image\" \/>\n<meta name=\"twitter:label1\" content=\"Verfasst von\" \/>\n\t<meta name=\"twitter:data1\" content=\"Monique STUTZMANN\" \/>\n\t<meta name=\"twitter:label2\" content=\"Gesch\u00e4tzte Lesezeit\" \/>\n\t<meta name=\"twitter:data2\" content=\"2\u00a0Minuten\" \/>\n<script type=\"application\/ld+json\" class=\"yoast-schema-graph\">{\"@context\":\"https:\/\/schema.org\",\"@graph\":[{\"@type\":\"WebPage\",\"@id\":\"https:\/\/www.pamina-business.com\/en\/conference-des-territoires-strasbourg-karlsruhe-le-27-fevrier-2019-a-strasbourg\/\",\"url\":\"https:\/\/www.pamina-business.com\/en\/conference-des-territoires-strasbourg-karlsruhe-le-27-fevrier-2019-a-strasbourg\/\",\"name\":\"Conf\u00e9rence des territoires Strasbourg - Karlsruhe le 27 f\u00e9vrier 2019 \u00e0 Strasbourg - PAMINA Business Club\",\"isPartOf\":{\"@id\":\"http:\/\/www.pamina-business.com\/de\/#website\"},\"datePublished\":\"2019-02-22T15:09:04+00:00\",\"dateModified\":\"2019-02-09T15:12:46+00:00\",\"author\":{\"@id\":\"http:\/\/www.pamina-business.com\/de\/#\/schema\/person\/9ab02536dbdbc5e3ef40bbc3452c8c69\"},\"breadcrumb\":{\"@id\":\"https:\/\/www.pamina-business.com\/en\/conference-des-territoires-strasbourg-karlsruhe-le-27-fevrier-2019-a-strasbourg\/#breadcrumb\"},\"inLanguage\":\"de\",\"potentialAction\":[{\"@type\":\"ReadAction\",\"target\":[\"https:\/\/www.pamina-business.com\/en\/conference-des-territoires-strasbourg-karlsruhe-le-27-fevrier-2019-a-strasbourg\/\"]}]},{\"@type\":\"BreadcrumbList\",\"@id\":\"https:\/\/www.pamina-business.com\/en\/conference-des-territoires-strasbourg-karlsruhe-le-27-fevrier-2019-a-strasbourg\/#breadcrumb\",\"itemListElement\":[{\"@type\":\"ListItem\",\"position\":1,\"name\":\"Accueil\",\"item\":\"http:\/\/www.pamina-business.com\/de\/\"},{\"@type\":\"ListItem\",\"position\":2,\"name\":\"Conf\u00e9rence des territoires Strasbourg &#8211; Karlsruhe le 27 f\u00e9vrier 2019 \u00e0 Strasbourg\"}]},{\"@type\":\"WebSite\",\"@id\":\"http:\/\/www.pamina-business.com\/de\/#website\",\"url\":\"http:\/\/www.pamina-business.com\/de\/\",\"name\":\"PAMINA Business Club\",\"description\":\"Un site utilisant WordPress\",\"potentialAction\":[{\"@type\":\"SearchAction\",\"target\":{\"@type\":\"EntryPoint\",\"urlTemplate\":\"http:\/\/www.pamina-business.com\/de\/?s={search_term_string}\"},\"query-input\":{\"@type\":\"PropertyValueSpecification\",\"valueRequired\":true,\"valueName\":\"search_term_string\"}}],\"inLanguage\":\"de\"},{\"@type\":\"Person\",\"@id\":\"http:\/\/www.pamina-business.com\/de\/#\/schema\/person\/9ab02536dbdbc5e3ef40bbc3452c8c69\",\"name\":\"Monique STUTZMANN\",\"image\":{\"@type\":\"ImageObject\",\"inLanguage\":\"de\",\"@id\":\"http:\/\/www.pamina-business.com\/de\/#\/schema\/person\/image\/\",\"url\":\"https:\/\/secure.gravatar.com\/avatar\/cc1c3adf9a9f6e969d3da7b6b34ec66f5f4a6844dfc9145380a75e42cd91882e?s=96&d=mm&r=g\",\"contentUrl\":\"https:\/\/secure.gravatar.com\/avatar\/cc1c3adf9a9f6e969d3da7b6b34ec66f5f4a6844dfc9145380a75e42cd91882e?s=96&d=mm&r=g\",\"caption\":\"Monique STUTZMANN\"},\"url\":\"http:\/\/www.pamina-business.com\/de\/author\/monique\/\"}]}<\/script>\n<!-- \/ Yoast SEO plugin. -->","yoast_head_json":{"title":"Conf\u00e9rence des territoires Strasbourg - Karlsruhe le 27 f\u00e9vrier 2019 \u00e0 Strasbourg - PAMINA Business Club","robots":{"index":"index","follow":"follow","max-snippet":"max-snippet:-1","max-image-preview":"max-image-preview:large","max-video-preview":"max-video-preview:-1"},"canonical":"https:\/\/www.pamina-business.com\/en\/conference-des-territoires-strasbourg-karlsruhe-le-27-fevrier-2019-a-strasbourg\/","og_locale":"de_DE","og_type":"article","og_title":"Conf\u00e9rence des territoires Strasbourg - Karlsruhe le 27 f\u00e9vrier 2019 \u00e0 Strasbourg - PAMINA Business Club","og_description":"Quels enjeux et projets pour un espace m\u00e9tropolitain transfrontalier Strasbourg-Karlsruhe et leurs Eurodistricts ? Frank Mentrup,\u00a0Maire de la Ville et Pr\u00e9sident de la TechnologieRegion Karlsruhe GmbH et\u00a0Robert Herrmann,\u00a0Pr\u00e9sident de l\u2019Eurom\u00e9tropole de Strasbourg et Pr\u00e9sident de l\u2019ADEUS vous invitent \u00e0 la premi\u00e8re Conf\u00e9rence transfrontali\u00e8re de l\u2019espace m\u00e9tropolitain Strasbourg-Karlsruhe. \/\/\/\/\/\/\/\/\/\/\/\/\/\/\/\/\/\/\/\/\/\/\/\/\/\/\/\/\/\/\/\/\/\/\/\/\/\/\/\/\/\/\/\/\/ 27 f\u00e9vrier\/Februar\u00a02019\u00a0de 10h \u00e0 17h\u00a0 Palais de [&hellip;]","og_url":"https:\/\/www.pamina-business.com\/en\/conference-des-territoires-strasbourg-karlsruhe-le-27-fevrier-2019-a-strasbourg\/","og_site_name":"PAMINA Business Club","article_published_time":"2019-02-22T15:09:04+00:00","article_modified_time":"2019-02-09T15:12:46+00:00","author":"Monique STUTZMANN","twitter_card":"summary_large_image","twitter_misc":{"Verfasst von":"Monique STUTZMANN","Gesch\u00e4tzte Lesezeit":"2\u00a0Minuten"},"schema":{"@context":"https:\/\/schema.org","@graph":[{"@type":"WebPage","@id":"https:\/\/www.pamina-business.com\/en\/conference-des-territoires-strasbourg-karlsruhe-le-27-fevrier-2019-a-strasbourg\/","url":"https:\/\/www.pamina-business.com\/en\/conference-des-territoires-strasbourg-karlsruhe-le-27-fevrier-2019-a-strasbourg\/","name":"Conf\u00e9rence des territoires Strasbourg - Karlsruhe le 27 f\u00e9vrier 2019 \u00e0 Strasbourg - PAMINA Business Club","isPartOf":{"@id":"http:\/\/www.pamina-business.com\/de\/#website"},"datePublished":"2019-02-22T15:09:04+00:00","dateModified":"2019-02-09T15:12:46+00:00","author":{"@id":"http:\/\/www.pamina-business.com\/de\/#\/schema\/person\/9ab02536dbdbc5e3ef40bbc3452c8c69"},"breadcrumb":{"@id":"https:\/\/www.pamina-business.com\/en\/conference-des-territoires-strasbourg-karlsruhe-le-27-fevrier-2019-a-strasbourg\/#breadcrumb"},"inLanguage":"de","potentialAction":[{"@type":"ReadAction","target":["https:\/\/www.pamina-business.com\/en\/conference-des-territoires-strasbourg-karlsruhe-le-27-fevrier-2019-a-strasbourg\/"]}]},{"@type":"BreadcrumbList","@id":"https:\/\/www.pamina-business.com\/en\/conference-des-territoires-strasbourg-karlsruhe-le-27-fevrier-2019-a-strasbourg\/#breadcrumb","itemListElement":[{"@type":"ListItem","position":1,"name":"Accueil","item":"http:\/\/www.pamina-business.com\/de\/"},{"@type":"ListItem","position":2,"name":"Conf\u00e9rence des territoires Strasbourg &#8211; Karlsruhe le 27 f\u00e9vrier 2019 \u00e0 Strasbourg"}]},{"@type":"WebSite","@id":"http:\/\/www.pamina-business.com\/de\/#website","url":"http:\/\/www.pamina-business.com\/de\/","name":"PAMINA Business Club","description":"Un site utilisant WordPress","potentialAction":[{"@type":"SearchAction","target":{"@type":"EntryPoint","urlTemplate":"http:\/\/www.pamina-business.com\/de\/?s={search_term_string}"},"query-input":{"@type":"PropertyValueSpecification","valueRequired":true,"valueName":"search_term_string"}}],"inLanguage":"de"},{"@type":"Person","@id":"http:\/\/www.pamina-business.com\/de\/#\/schema\/person\/9ab02536dbdbc5e3ef40bbc3452c8c69","name":"Monique STUTZMANN","image":{"@type":"ImageObject","inLanguage":"de","@id":"http:\/\/www.pamina-business.com\/de\/#\/schema\/person\/image\/","url":"https:\/\/secure.gravatar.com\/avatar\/cc1c3adf9a9f6e969d3da7b6b34ec66f5f4a6844dfc9145380a75e42cd91882e?s=96&d=mm&r=g","contentUrl":"https:\/\/secure.gravatar.com\/avatar\/cc1c3adf9a9f6e969d3da7b6b34ec66f5f4a6844dfc9145380a75e42cd91882e?s=96&d=mm&r=g","caption":"Monique STUTZMANN"},"url":"http:\/\/www.pamina-business.com\/de\/author\/monique\/"}]}},"_links":{"self":[{"href":"http:\/\/www.pamina-business.com\/de\/wp-json\/wp\/v2\/posts\/3628","targetHints":{"allow":["GET"]}}],"collection":[{"href":"http:\/\/www.pamina-business.com\/de\/wp-json\/wp\/v2\/posts"}],"about":[{"href":"http:\/\/www.pamina-business.com\/de\/wp-json\/wp\/v2\/types\/post"}],"author":[{"embeddable":true,"href":"http:\/\/www.pamina-business.com\/de\/wp-json\/wp\/v2\/users\/3"}],"replies":[{"embeddable":true,"href":"http:\/\/www.pamina-business.com\/de\/wp-json\/wp\/v2\/comments?post=3628"}],"version-history":[{"count":3,"href":"http:\/\/www.pamina-business.com\/de\/wp-json\/wp\/v2\/posts\/3628\/revisions"}],"predecessor-version":[{"id":3631,"href":"http:\/\/www.pamina-business.com\/de\/wp-json\/wp\/v2\/posts\/3628\/revisions\/3631"}],"wp:attachment":[{"href":"http:\/\/www.pamina-business.com\/de\/wp-json\/wp\/v2\/media?parent=3628"}],"wp:term":[{"taxonomy":"category","embeddable":true,"href":"http:\/\/www.pamina-business.com\/de\/wp-json\/wp\/v2\/categories?post=3628"},{"taxonomy":"post_tag","embeddable":true,"href":"http:\/\/www.pamina-business.com\/de\/wp-json\/wp\/v2\/tags?post=3628"}],"curies":[{"name":"wp","href":"https:\/\/api.w.org\/{rel}","templated":true}]}}