{"id":3527,"date":"2018-12-20T10:30:59","date_gmt":"2018-12-20T10:30:59","guid":{"rendered":"http:\/\/www.pamina-business.com\/?p=3527"},"modified":"2018-12-19T10:32:49","modified_gmt":"2018-12-19T10:32:49","slug":"19-januar-2019-ausbildungsmesse-einstieg-beruf-in-karlsruhe","status":"publish","type":"post","link":"http:\/\/www.pamina-business.com\/de\/19-januar-2019-ausbildungsmesse-einstieg-beruf-in-karlsruhe\/","title":{"rendered":"19. Januar 2019: Ausbildungsmesse Einstieg Beruf in Karlsruhe"},"content":{"rendered":"<section id=\"mainSection\">\n<div class=\"fmodele fmodeleScroll tpl_fiche\">\n<div class=\"agendas-fiche\">\n<article class=\"media\">\n<div class=\"media-object\"><img decoding=\"async\" src=\"https:\/\/www.eurodistrict-pamina.eu\/globalflexit\/images\/img_base\/agendas\/835_556_1_20170121-einstiegberuf-242-web1-1.jpg\" alt=\"19. Januar 2019: Ausbildungsmesse Einstieg Beruf in Karlsruhe\" \/><\/div>\n<div class=\"media-body\"><br class=\"media-heading\" \/><\/p>\n<div class=\"contenu\"><span class=\"legende\">Copyright: IHK Karlsruhe<\/span><\/p>\n<p><strong>Projektgruppe \u201eGrenz\u00fcberschreitende Ausbildung am Oberrhein\u201c pr\u00e4sentiert sich bei der Messe Einstieg Beruf 2019<\/strong><\/p>\n<p>Am 19. Januar 2019 findet wieder die Messe Einstieg Beruf in der Messehalle Karlsruhe mit \u00fcber 350 namhaften Unternehmen aus der ganzen Region.<br \/>\nSeit 2013 gibt es ein Rahmenabkommen zwischen Deutschland und Frankreich, durch das eine grenz\u00fcberschreitende Ausbildung\/ Studium diesseits und jenseits der Grenze m\u00f6glich ist.<br \/>\nDer theoretische Teil der Ausbildung wird im eigenen Land absolviert und der praktische Teil im Nachbarland. Dieses Projekt wird durchgef\u00fchrt von Vertretern der Acad\u00e9mie de Strasbourg, Agentur f\u00fcr Arbeit Karlsruhe-Rastatt, Eures-T Oberrhein, Eurodistrikt PAMINA, IHK Karlsruhe, R\u00e9gion Grand Est und Regierungspr\u00e4sidium Karlsruhe.<br \/>\nAuf der Messe Einstieg Beruf k\u00f6nnen die Jugendlichen aus dem Elsass interessierte Unternehmen kennenlernen.<br \/>\nAu\u00dferdem gibt es die M\u00f6glichkeit am Stand\u00a0\u00a0Europ\u00e4ische Mobilit\u00e4t\/ <a class=\"fDefault\" href=\"https:\/\/www.erfolgohnegrenzen.eu\/\" target=\"_blank\">\u201eErfolg Ohne Grenzen\u201c<\/a> sich \u00fcber die grenz\u00fcberschreitende Ausbildung und die\u00a0berufliche Mobilit\u00e4t am Oberrhein und dar\u00fcber hinaus zu informieren.<\/p>\n<p>Mehr unter:<br \/>\n<a href=\"http:\/\/www.einstiegberuf.de\" target=\"_blank\">www.einstiegberuf.de<\/a><br \/>\n<a href=\"http:\/\/www.erfolg-ohne-grenzen.eu\" target=\"_blank\">www.erfolg-ohne-grenzen.eu<\/a><br \/>\n<a href=\"http:\/\/www.reussir-sans-frontiere.eu\" target=\"_blank\">www.reussir-sans-frontiere.eu<\/a><\/div>\n<div class=\"contenu\"><\/div>\n<div class=\"contenu\"><em>Quelle<\/em> : <a href=\"http:\/\/www.eurodistrict-pamina.eu\">www.eurodistrict-pamina.eu <\/a><\/p>\n<\/div>\n<\/div>\n<\/article>\n<\/div>\n<\/div>\n<\/section>\n","protected":false},"excerpt":{"rendered":"<p>Copyright: IHK Karlsruhe Projektgruppe \u201eGrenz\u00fcberschreitende Ausbildung am Oberrhein\u201c pr\u00e4sentiert sich bei der Messe Einstieg Beruf 2019 Am 19. Januar 2019 findet wieder die Messe Einstieg Beruf in der Messehalle Karlsruhe mit \u00fcber 350 namhaften Unternehmen aus der ganzen Region. Seit 2013 gibt es ein Rahmenabkommen zwischen Deutschland und Frankreich, durch das eine grenz\u00fcberschreitende Ausbildung\/ Studium [&hellip;]<\/p>\n","protected":false},"author":3,"featured_media":0,"comment_status":"open","ping_status":"open","sticky":false,"template":"","format":"standard","meta":{"_exactmetrics_skip_tracking":false,"_exactmetrics_sitenote_active":false,"_exactmetrics_sitenote_note":"","_exactmetrics_sitenote_category":0,"footnotes":""},"categories":[57,59],"tags":[],"class_list":["post-3527","post","type-post","status-publish","format-standard","hentry","category-berufsbildung-de","category-ereignisse-de"],"yoast_head":"<!-- This site is optimized with the Yoast SEO plugin v23.5 - https:\/\/yoast.com\/wordpress\/plugins\/seo\/ -->\n<title>19. Januar 2019: Ausbildungsmesse Einstieg Beruf in Karlsruhe - PAMINA Business Club<\/title>\n<meta name=\"robots\" content=\"index, follow, max-snippet:-1, max-image-preview:large, max-video-preview:-1\" \/>\n<link rel=\"canonical\" href=\"http:\/\/www.pamina-business.com\/de\/19-januar-2019-ausbildungsmesse-einstieg-beruf-in-karlsruhe\/\" \/>\n<meta property=\"og:locale\" content=\"de_DE\" \/>\n<meta property=\"og:type\" content=\"article\" \/>\n<meta property=\"og:title\" content=\"19. Januar 2019: Ausbildungsmesse Einstieg Beruf in Karlsruhe - PAMINA Business Club\" \/>\n<meta property=\"og:description\" content=\"Copyright: IHK Karlsruhe Projektgruppe \u201eGrenz\u00fcberschreitende Ausbildung am Oberrhein\u201c pr\u00e4sentiert sich bei der Messe Einstieg Beruf 2019 Am 19. Januar 2019 findet wieder die Messe Einstieg Beruf in der Messehalle Karlsruhe mit \u00fcber 350 namhaften Unternehmen aus der ganzen Region. Seit 2013 gibt es ein Rahmenabkommen zwischen Deutschland und Frankreich, durch das eine grenz\u00fcberschreitende Ausbildung\/ Studium [&hellip;]\" \/>\n<meta property=\"og:url\" content=\"http:\/\/www.pamina-business.com\/de\/19-januar-2019-ausbildungsmesse-einstieg-beruf-in-karlsruhe\/\" \/>\n<meta property=\"og:site_name\" content=\"PAMINA Business Club\" \/>\n<meta property=\"article:published_time\" content=\"2018-12-20T10:30:59+00:00\" \/>\n<meta property=\"article:modified_time\" content=\"2018-12-19T10:32:49+00:00\" \/>\n<meta property=\"og:image\" content=\"https:\/\/www.eurodistrict-pamina.eu\/globalflexit\/images\/img_base\/agendas\/835_556_1_20170121-einstiegberuf-242-web1-1.jpg\" \/>\n<meta name=\"author\" content=\"Monique STUTZMANN\" \/>\n<meta name=\"twitter:card\" content=\"summary_large_image\" \/>\n<meta name=\"twitter:label1\" content=\"Verfasst von\" \/>\n\t<meta name=\"twitter:data1\" content=\"Monique STUTZMANN\" \/>\n\t<meta name=\"twitter:label2\" content=\"Gesch\u00e4tzte Lesezeit\" \/>\n\t<meta name=\"twitter:data2\" content=\"1\u00a0Minute\" \/>\n<script type=\"application\/ld+json\" class=\"yoast-schema-graph\">{\"@context\":\"https:\/\/schema.org\",\"@graph\":[{\"@type\":\"WebPage\",\"@id\":\"http:\/\/www.pamina-business.com\/de\/19-januar-2019-ausbildungsmesse-einstieg-beruf-in-karlsruhe\/\",\"url\":\"http:\/\/www.pamina-business.com\/de\/19-januar-2019-ausbildungsmesse-einstieg-beruf-in-karlsruhe\/\",\"name\":\"19. Januar 2019: Ausbildungsmesse Einstieg Beruf in Karlsruhe - PAMINA Business Club\",\"isPartOf\":{\"@id\":\"http:\/\/www.pamina-business.com\/de\/#website\"},\"primaryImageOfPage\":{\"@id\":\"http:\/\/www.pamina-business.com\/de\/19-januar-2019-ausbildungsmesse-einstieg-beruf-in-karlsruhe\/#primaryimage\"},\"image\":{\"@id\":\"http:\/\/www.pamina-business.com\/de\/19-januar-2019-ausbildungsmesse-einstieg-beruf-in-karlsruhe\/#primaryimage\"},\"thumbnailUrl\":\"https:\/\/www.eurodistrict-pamina.eu\/globalflexit\/images\/img_base\/agendas\/835_556_1_20170121-einstiegberuf-242-web1-1.jpg\",\"datePublished\":\"2018-12-20T10:30:59+00:00\",\"dateModified\":\"2018-12-19T10:32:49+00:00\",\"author\":{\"@id\":\"http:\/\/www.pamina-business.com\/de\/#\/schema\/person\/9ab02536dbdbc5e3ef40bbc3452c8c69\"},\"breadcrumb\":{\"@id\":\"http:\/\/www.pamina-business.com\/de\/19-januar-2019-ausbildungsmesse-einstieg-beruf-in-karlsruhe\/#breadcrumb\"},\"inLanguage\":\"de\",\"potentialAction\":[{\"@type\":\"ReadAction\",\"target\":[\"http:\/\/www.pamina-business.com\/de\/19-januar-2019-ausbildungsmesse-einstieg-beruf-in-karlsruhe\/\"]}]},{\"@type\":\"ImageObject\",\"inLanguage\":\"de\",\"@id\":\"http:\/\/www.pamina-business.com\/de\/19-januar-2019-ausbildungsmesse-einstieg-beruf-in-karlsruhe\/#primaryimage\",\"url\":\"https:\/\/www.eurodistrict-pamina.eu\/globalflexit\/images\/img_base\/agendas\/835_556_1_20170121-einstiegberuf-242-web1-1.jpg\",\"contentUrl\":\"https:\/\/www.eurodistrict-pamina.eu\/globalflexit\/images\/img_base\/agendas\/835_556_1_20170121-einstiegberuf-242-web1-1.jpg\"},{\"@type\":\"BreadcrumbList\",\"@id\":\"http:\/\/www.pamina-business.com\/de\/19-januar-2019-ausbildungsmesse-einstieg-beruf-in-karlsruhe\/#breadcrumb\",\"itemListElement\":[{\"@type\":\"ListItem\",\"position\":1,\"name\":\"Accueil\",\"item\":\"http:\/\/www.pamina-business.com\/de\/\"},{\"@type\":\"ListItem\",\"position\":2,\"name\":\"19. Januar 2019: Ausbildungsmesse Einstieg Beruf in Karlsruhe\"}]},{\"@type\":\"WebSite\",\"@id\":\"http:\/\/www.pamina-business.com\/de\/#website\",\"url\":\"http:\/\/www.pamina-business.com\/de\/\",\"name\":\"PAMINA Business Club\",\"description\":\"Un site utilisant WordPress\",\"potentialAction\":[{\"@type\":\"SearchAction\",\"target\":{\"@type\":\"EntryPoint\",\"urlTemplate\":\"http:\/\/www.pamina-business.com\/de\/?s={search_term_string}\"},\"query-input\":{\"@type\":\"PropertyValueSpecification\",\"valueRequired\":true,\"valueName\":\"search_term_string\"}}],\"inLanguage\":\"de\"},{\"@type\":\"Person\",\"@id\":\"http:\/\/www.pamina-business.com\/de\/#\/schema\/person\/9ab02536dbdbc5e3ef40bbc3452c8c69\",\"name\":\"Monique STUTZMANN\",\"image\":{\"@type\":\"ImageObject\",\"inLanguage\":\"de\",\"@id\":\"http:\/\/www.pamina-business.com\/de\/#\/schema\/person\/image\/\",\"url\":\"https:\/\/secure.gravatar.com\/avatar\/cc1c3adf9a9f6e969d3da7b6b34ec66f5f4a6844dfc9145380a75e42cd91882e?s=96&d=mm&r=g\",\"contentUrl\":\"https:\/\/secure.gravatar.com\/avatar\/cc1c3adf9a9f6e969d3da7b6b34ec66f5f4a6844dfc9145380a75e42cd91882e?s=96&d=mm&r=g\",\"caption\":\"Monique STUTZMANN\"},\"url\":\"http:\/\/www.pamina-business.com\/de\/author\/monique\/\"}]}<\/script>\n<!-- \/ Yoast SEO plugin. -->","yoast_head_json":{"title":"19. Januar 2019: Ausbildungsmesse Einstieg Beruf in Karlsruhe - PAMINA Business Club","robots":{"index":"index","follow":"follow","max-snippet":"max-snippet:-1","max-image-preview":"max-image-preview:large","max-video-preview":"max-video-preview:-1"},"canonical":"http:\/\/www.pamina-business.com\/de\/19-januar-2019-ausbildungsmesse-einstieg-beruf-in-karlsruhe\/","og_locale":"de_DE","og_type":"article","og_title":"19. Januar 2019: Ausbildungsmesse Einstieg Beruf in Karlsruhe - PAMINA Business Club","og_description":"Copyright: IHK Karlsruhe Projektgruppe \u201eGrenz\u00fcberschreitende Ausbildung am Oberrhein\u201c pr\u00e4sentiert sich bei der Messe Einstieg Beruf 2019 Am 19. Januar 2019 findet wieder die Messe Einstieg Beruf in der Messehalle Karlsruhe mit \u00fcber 350 namhaften Unternehmen aus der ganzen Region. Seit 2013 gibt es ein Rahmenabkommen zwischen Deutschland und Frankreich, durch das eine grenz\u00fcberschreitende Ausbildung\/ Studium [&hellip;]","og_url":"http:\/\/www.pamina-business.com\/de\/19-januar-2019-ausbildungsmesse-einstieg-beruf-in-karlsruhe\/","og_site_name":"PAMINA Business Club","article_published_time":"2018-12-20T10:30:59+00:00","article_modified_time":"2018-12-19T10:32:49+00:00","og_image":[{"url":"https:\/\/www.eurodistrict-pamina.eu\/globalflexit\/images\/img_base\/agendas\/835_556_1_20170121-einstiegberuf-242-web1-1.jpg"}],"author":"Monique STUTZMANN","twitter_card":"summary_large_image","twitter_misc":{"Verfasst von":"Monique STUTZMANN","Gesch\u00e4tzte Lesezeit":"1\u00a0Minute"},"schema":{"@context":"https:\/\/schema.org","@graph":[{"@type":"WebPage","@id":"http:\/\/www.pamina-business.com\/de\/19-januar-2019-ausbildungsmesse-einstieg-beruf-in-karlsruhe\/","url":"http:\/\/www.pamina-business.com\/de\/19-januar-2019-ausbildungsmesse-einstieg-beruf-in-karlsruhe\/","name":"19. Januar 2019: Ausbildungsmesse Einstieg Beruf in Karlsruhe - PAMINA Business Club","isPartOf":{"@id":"http:\/\/www.pamina-business.com\/de\/#website"},"primaryImageOfPage":{"@id":"http:\/\/www.pamina-business.com\/de\/19-januar-2019-ausbildungsmesse-einstieg-beruf-in-karlsruhe\/#primaryimage"},"image":{"@id":"http:\/\/www.pamina-business.com\/de\/19-januar-2019-ausbildungsmesse-einstieg-beruf-in-karlsruhe\/#primaryimage"},"thumbnailUrl":"https:\/\/www.eurodistrict-pamina.eu\/globalflexit\/images\/img_base\/agendas\/835_556_1_20170121-einstiegberuf-242-web1-1.jpg","datePublished":"2018-12-20T10:30:59+00:00","dateModified":"2018-12-19T10:32:49+00:00","author":{"@id":"http:\/\/www.pamina-business.com\/de\/#\/schema\/person\/9ab02536dbdbc5e3ef40bbc3452c8c69"},"breadcrumb":{"@id":"http:\/\/www.pamina-business.com\/de\/19-januar-2019-ausbildungsmesse-einstieg-beruf-in-karlsruhe\/#breadcrumb"},"inLanguage":"de","potentialAction":[{"@type":"ReadAction","target":["http:\/\/www.pamina-business.com\/de\/19-januar-2019-ausbildungsmesse-einstieg-beruf-in-karlsruhe\/"]}]},{"@type":"ImageObject","inLanguage":"de","@id":"http:\/\/www.pamina-business.com\/de\/19-januar-2019-ausbildungsmesse-einstieg-beruf-in-karlsruhe\/#primaryimage","url":"https:\/\/www.eurodistrict-pamina.eu\/globalflexit\/images\/img_base\/agendas\/835_556_1_20170121-einstiegberuf-242-web1-1.jpg","contentUrl":"https:\/\/www.eurodistrict-pamina.eu\/globalflexit\/images\/img_base\/agendas\/835_556_1_20170121-einstiegberuf-242-web1-1.jpg"},{"@type":"BreadcrumbList","@id":"http:\/\/www.pamina-business.com\/de\/19-januar-2019-ausbildungsmesse-einstieg-beruf-in-karlsruhe\/#breadcrumb","itemListElement":[{"@type":"ListItem","position":1,"name":"Accueil","item":"http:\/\/www.pamina-business.com\/de\/"},{"@type":"ListItem","position":2,"name":"19. Januar 2019: Ausbildungsmesse Einstieg Beruf in Karlsruhe"}]},{"@type":"WebSite","@id":"http:\/\/www.pamina-business.com\/de\/#website","url":"http:\/\/www.pamina-business.com\/de\/","name":"PAMINA Business Club","description":"Un site utilisant WordPress","potentialAction":[{"@type":"SearchAction","target":{"@type":"EntryPoint","urlTemplate":"http:\/\/www.pamina-business.com\/de\/?s={search_term_string}"},"query-input":{"@type":"PropertyValueSpecification","valueRequired":true,"valueName":"search_term_string"}}],"inLanguage":"de"},{"@type":"Person","@id":"http:\/\/www.pamina-business.com\/de\/#\/schema\/person\/9ab02536dbdbc5e3ef40bbc3452c8c69","name":"Monique STUTZMANN","image":{"@type":"ImageObject","inLanguage":"de","@id":"http:\/\/www.pamina-business.com\/de\/#\/schema\/person\/image\/","url":"https:\/\/secure.gravatar.com\/avatar\/cc1c3adf9a9f6e969d3da7b6b34ec66f5f4a6844dfc9145380a75e42cd91882e?s=96&d=mm&r=g","contentUrl":"https:\/\/secure.gravatar.com\/avatar\/cc1c3adf9a9f6e969d3da7b6b34ec66f5f4a6844dfc9145380a75e42cd91882e?s=96&d=mm&r=g","caption":"Monique STUTZMANN"},"url":"http:\/\/www.pamina-business.com\/de\/author\/monique\/"}]}},"_links":{"self":[{"href":"http:\/\/www.pamina-business.com\/de\/wp-json\/wp\/v2\/posts\/3527","targetHints":{"allow":["GET"]}}],"collection":[{"href":"http:\/\/www.pamina-business.com\/de\/wp-json\/wp\/v2\/posts"}],"about":[{"href":"http:\/\/www.pamina-business.com\/de\/wp-json\/wp\/v2\/types\/post"}],"author":[{"embeddable":true,"href":"http:\/\/www.pamina-business.com\/de\/wp-json\/wp\/v2\/users\/3"}],"replies":[{"embeddable":true,"href":"http:\/\/www.pamina-business.com\/de\/wp-json\/wp\/v2\/comments?post=3527"}],"version-history":[{"count":1,"href":"http:\/\/www.pamina-business.com\/de\/wp-json\/wp\/v2\/posts\/3527\/revisions"}],"predecessor-version":[{"id":3529,"href":"http:\/\/www.pamina-business.com\/de\/wp-json\/wp\/v2\/posts\/3527\/revisions\/3529"}],"wp:attachment":[{"href":"http:\/\/www.pamina-business.com\/de\/wp-json\/wp\/v2\/media?parent=3527"}],"wp:term":[{"taxonomy":"category","embeddable":true,"href":"http:\/\/www.pamina-business.com\/de\/wp-json\/wp\/v2\/categories?post=3527"},{"taxonomy":"post_tag","embeddable":true,"href":"http:\/\/www.pamina-business.com\/de\/wp-json\/wp\/v2\/tags?post=3527"}],"curies":[{"name":"wp","href":"https:\/\/api.w.org\/{rel}","templated":true}]}}