{"id":3520,"date":"2019-01-04T10:21:18","date_gmt":"2019-01-04T10:21:18","guid":{"rendered":"http:\/\/www.pamina-business.com\/?p=3520"},"modified":"2018-12-19T10:22:26","modified_gmt":"2018-12-19T10:22:26","slug":"deutsch-franzosischer-tag-der-stiftung-centre-culturel-franco-alemand-in-karlsruhe-am-7-februar-2019","status":"publish","type":"post","link":"http:\/\/www.pamina-business.com\/de\/deutsch-franzosischer-tag-der-stiftung-centre-culturel-franco-alemand-in-karlsruhe-am-7-februar-2019\/","title":{"rendered":"Deutsch-Franz\u00f6sischer Tag der Stiftung Centre Culturel Franco-Allemand in Karlsruhe am 7. Februar 2019"},"content":{"rendered":"<nav id=\"breadcrumb\" class=\"detail\">\n<div class=\"row\">\n<div class=\"col-xs-12 col-lg-6 col-lg-pull-6\">\n<h2 class=\"nomPage\">Bildung &amp; Zweisprachigkeit<\/h2>\n<\/div>\n<\/div>\n<\/nav>\n<section id=\"mainSection\">\n<div class=\"fmodele fmodeleScroll tpl_fiche\">\n<div class=\"agendas-fiche\">\n<article class=\"media\">\n<div class=\"media-object\"><img decoding=\"async\" src=\"https:\/\/www.eurodistrict-pamina.eu\/globalflexit\/images\/img_base\/agendas\/835_556_1_kopie-von-logo-jumelles-gd2-1024x768.jpg\" alt=\"Journ\u00e9e franco-allemande au CCFA\" \/><\/div>\n<div class=\"media-body\">\n<h1 class=\"media-heading\">Journ\u00e9e franco-allemande au CCFA<\/h1>\n<div class=\"contenu\">\n<p>Der Eurodistrikt PAMINA nimmt am Deutsch-franz\u00f6sischen Tag der Stiftung Centre Culturel Franco-Allemand (CCFA) in Karlsruhe teil. Das Programm richtet sich an Sch\u00fclerInnen, Studierende, LehrerInnen, Eltern sowie alle Frankreichinteressierten.<\/p>\n<p>Neben Infoveranstaltungen und -st\u00e4nden u.a. zu den Themen Austauschprogramme, deutsch-franz\u00f6sische Studieng\u00e4nge, Praktika, kulturelle Unterschiede zwischen den beiden Nachbarl\u00e4ndern und Angeboten im Netzwerk des CCFA \u00a0stehen auch Workshops und spielerische Aktivit\u00e4ten im Vordergrund.<\/p>\n<p>Der Eurodistrikt PAMINA organisiert bei dieser Gelegenheit einen Stand sowie ein Kennenlernangebot zum seinem Projekt des Onlinespiels \u201e<a class=\"fDefault\" href=\"https:\/\/www.eurodistrict-pamina.eu\/de\/bildung-zweisprachigkeit\/onlinespiel-der-weltenbummler_-d.html#.WmYPX7zibcs\">Weltenbummler \u2013 Passe-Partout<\/a>\u201c.<\/p>\n<p>Regierungspr\u00e4sidium Karlsruhe am Rondellplatz, Karl-Friedrich-Stra\u00dfe 17, 76133 Karlsruhe.<\/p>\n<p><strong>Beginn: 9 Uhr. Eintritt frei.<\/strong><\/p>\n<p><a class=\"flexit_ico_file\" href=\"http:\/\/ccfa-ka.de\/wp-content\/uploads\/2017\/07\/Brosch%C3%BCre-DFT.pdf\" target=\"_blank\">Programm<\/a><\/p>\n<div><img decoding=\"async\" src=\"https:\/\/www.eurodistrict-pamina.eu\/globalflexit\/images\/UserFiles\/Image\/logos\/200_76_1_logo(1).jpg\" \/><\/div>\n<\/div>\n<\/div>\n<\/article>\n<\/div>\n<\/div>\n<\/section>\n<div id=\"innerType\">\n<div class=\"container\">\n<div class=\"row\">\n<div class=\"col-xs-12 col-sm-9\">\n<div class=\"col-right\">\n<section id=\"mainSection\">\n<div class=\"btn-ico-wrapper\"><a class=\"btn-ico btn-ico-downloadpdf\" title=\"Seite im PDF-Format herunterladen\" href=\"https:\/\/www.eurodistrict-pamina.eu\/de\/bildung-zweisprachigkeit\/journee-franco-allemande-au-ccfa_-d.html?downloadpdf=1\" target=\"_blank\" rel=\"nofollow\">PDF<\/a> <a class=\"btn-ico btn-ico-print\" title=\"Seite drucken\">Print<\/a><\/div>\n<\/section>\n<\/div>\n<\/div>\n<\/div>\n<\/div>\n<\/div>\n<footer id=\"mainFooter\">\n<div class=\"container\">\n<div class=\"row\">\n<div class=\"col-xs-12 col-sm-8\"><a class=\"contacts \" title=\"Kontakt\" href=\"https:\/\/www.eurodistrict-pamina.eu\/de\/kontakt.html\" data-equalize=\"col-footer\"><span class=\"line-1\">Sie m\u00f6chten uns<\/span><span class=\"line-2\">kontaktieren<\/span><span class=\"line-3\">hier klicken<\/span><\/a><\/div>\n<div class=\"col-xs-12 col-sm-4\"><a class=\"videos\" title=\"Videos\" href=\"https:\/\/www.eurodistrict-pamina.eu\/de\/videos.html\" data-equalize=\"col-footer\"><span class=\"line-1\">Videos<\/span><\/a><\/div>\n<\/div>\n<div class=\"col-xs-12 col-sm-4\"><em>Quelle<\/em> : <a href=\"http:\/\/www.eurodistrict-pamina.eu\">www.eurodistrict-pamina.eu <\/a><\/div>\n<div class=\"col-xs-12 col-sm-4\"><em>Info :<\/em> <a href=\"http:\/\/www.ccf-ka.de\">www.ccf-ka.de<\/a><\/div>\n<\/div>\n<\/footer>\n","protected":false},"excerpt":{"rendered":"<p>Bildung &amp; Zweisprachigkeit Journ\u00e9e franco-allemande au CCFA Der Eurodistrikt PAMINA nimmt am Deutsch-franz\u00f6sischen Tag der Stiftung Centre Culturel Franco-Allemand (CCFA) in Karlsruhe teil. Das Programm richtet sich an Sch\u00fclerInnen, Studierende, LehrerInnen, Eltern sowie alle Frankreichinteressierten. Neben Infoveranstaltungen und -st\u00e4nden u.a. zu den Themen Austauschprogramme, deutsch-franz\u00f6sische Studieng\u00e4nge, Praktika, kulturelle Unterschiede zwischen den beiden Nachbarl\u00e4ndern und Angeboten [&hellip;]<\/p>\n","protected":false},"author":3,"featured_media":0,"comment_status":"open","ping_status":"open","sticky":false,"template":"","format":"standard","meta":{"_exactmetrics_skip_tracking":false,"_exactmetrics_sitenote_active":false,"_exactmetrics_sitenote_note":"","_exactmetrics_sitenote_category":0,"footnotes":""},"categories":[57,59],"tags":[],"class_list":["post-3520","post","type-post","status-publish","format-standard","hentry","category-berufsbildung-de","category-ereignisse-de"],"yoast_head":"<!-- This site is optimized with the Yoast SEO plugin v23.5 - https:\/\/yoast.com\/wordpress\/plugins\/seo\/ -->\n<title>Deutsch-Franz\u00f6sischer Tag der Stiftung Centre Culturel Franco-Allemand in Karlsruhe am 7. Februar 2019 - PAMINA Business Club<\/title>\n<meta name=\"robots\" content=\"index, follow, max-snippet:-1, max-image-preview:large, max-video-preview:-1\" \/>\n<link rel=\"canonical\" href=\"http:\/\/www.pamina-business.com\/de\/deutsch-franzosischer-tag-der-stiftung-centre-culturel-franco-alemand-in-karlsruhe-am-7-februar-2019\/\" \/>\n<meta property=\"og:locale\" content=\"de_DE\" \/>\n<meta property=\"og:type\" content=\"article\" \/>\n<meta property=\"og:title\" content=\"Deutsch-Franz\u00f6sischer Tag der Stiftung Centre Culturel Franco-Allemand in Karlsruhe am 7. Februar 2019 - PAMINA Business Club\" \/>\n<meta property=\"og:description\" content=\"Bildung &amp; Zweisprachigkeit Journ\u00e9e franco-allemande au CCFA Der Eurodistrikt PAMINA nimmt am Deutsch-franz\u00f6sischen Tag der Stiftung Centre Culturel Franco-Allemand (CCFA) in Karlsruhe teil. Das Programm richtet sich an Sch\u00fclerInnen, Studierende, LehrerInnen, Eltern sowie alle Frankreichinteressierten. Neben Infoveranstaltungen und -st\u00e4nden u.a. zu den Themen Austauschprogramme, deutsch-franz\u00f6sische Studieng\u00e4nge, Praktika, kulturelle Unterschiede zwischen den beiden Nachbarl\u00e4ndern und Angeboten [&hellip;]\" \/>\n<meta property=\"og:url\" content=\"http:\/\/www.pamina-business.com\/de\/deutsch-franzosischer-tag-der-stiftung-centre-culturel-franco-alemand-in-karlsruhe-am-7-februar-2019\/\" \/>\n<meta property=\"og:site_name\" content=\"PAMINA Business Club\" \/>\n<meta property=\"article:published_time\" content=\"2019-01-04T10:21:18+00:00\" \/>\n<meta property=\"article:modified_time\" content=\"2018-12-19T10:22:26+00:00\" \/>\n<meta property=\"og:image\" content=\"https:\/\/www.eurodistrict-pamina.eu\/globalflexit\/images\/img_base\/agendas\/835_556_1_kopie-von-logo-jumelles-gd2-1024x768.jpg\" \/>\n<meta name=\"author\" content=\"Monique STUTZMANN\" \/>\n<meta name=\"twitter:card\" content=\"summary_large_image\" \/>\n<meta name=\"twitter:label1\" content=\"Verfasst von\" \/>\n\t<meta name=\"twitter:data1\" content=\"Monique STUTZMANN\" \/>\n\t<meta name=\"twitter:label2\" content=\"Gesch\u00e4tzte Lesezeit\" \/>\n\t<meta name=\"twitter:data2\" content=\"1\u00a0Minute\" \/>\n<script type=\"application\/ld+json\" class=\"yoast-schema-graph\">{\"@context\":\"https:\/\/schema.org\",\"@graph\":[{\"@type\":\"WebPage\",\"@id\":\"http:\/\/www.pamina-business.com\/de\/deutsch-franzosischer-tag-der-stiftung-centre-culturel-franco-alemand-in-karlsruhe-am-7-februar-2019\/\",\"url\":\"http:\/\/www.pamina-business.com\/de\/deutsch-franzosischer-tag-der-stiftung-centre-culturel-franco-alemand-in-karlsruhe-am-7-februar-2019\/\",\"name\":\"Deutsch-Franz\u00f6sischer Tag der Stiftung Centre Culturel Franco-Allemand in Karlsruhe am 7. Februar 2019 - PAMINA Business Club\",\"isPartOf\":{\"@id\":\"http:\/\/www.pamina-business.com\/de\/#website\"},\"primaryImageOfPage\":{\"@id\":\"http:\/\/www.pamina-business.com\/de\/deutsch-franzosischer-tag-der-stiftung-centre-culturel-franco-alemand-in-karlsruhe-am-7-februar-2019\/#primaryimage\"},\"image\":{\"@id\":\"http:\/\/www.pamina-business.com\/de\/deutsch-franzosischer-tag-der-stiftung-centre-culturel-franco-alemand-in-karlsruhe-am-7-februar-2019\/#primaryimage\"},\"thumbnailUrl\":\"https:\/\/www.eurodistrict-pamina.eu\/globalflexit\/images\/img_base\/agendas\/835_556_1_kopie-von-logo-jumelles-gd2-1024x768.jpg\",\"datePublished\":\"2019-01-04T10:21:18+00:00\",\"dateModified\":\"2018-12-19T10:22:26+00:00\",\"author\":{\"@id\":\"http:\/\/www.pamina-business.com\/de\/#\/schema\/person\/9ab02536dbdbc5e3ef40bbc3452c8c69\"},\"breadcrumb\":{\"@id\":\"http:\/\/www.pamina-business.com\/de\/deutsch-franzosischer-tag-der-stiftung-centre-culturel-franco-alemand-in-karlsruhe-am-7-februar-2019\/#breadcrumb\"},\"inLanguage\":\"de\",\"potentialAction\":[{\"@type\":\"ReadAction\",\"target\":[\"http:\/\/www.pamina-business.com\/de\/deutsch-franzosischer-tag-der-stiftung-centre-culturel-franco-alemand-in-karlsruhe-am-7-februar-2019\/\"]}]},{\"@type\":\"ImageObject\",\"inLanguage\":\"de\",\"@id\":\"http:\/\/www.pamina-business.com\/de\/deutsch-franzosischer-tag-der-stiftung-centre-culturel-franco-alemand-in-karlsruhe-am-7-februar-2019\/#primaryimage\",\"url\":\"https:\/\/www.eurodistrict-pamina.eu\/globalflexit\/images\/img_base\/agendas\/835_556_1_kopie-von-logo-jumelles-gd2-1024x768.jpg\",\"contentUrl\":\"https:\/\/www.eurodistrict-pamina.eu\/globalflexit\/images\/img_base\/agendas\/835_556_1_kopie-von-logo-jumelles-gd2-1024x768.jpg\"},{\"@type\":\"BreadcrumbList\",\"@id\":\"http:\/\/www.pamina-business.com\/de\/deutsch-franzosischer-tag-der-stiftung-centre-culturel-franco-alemand-in-karlsruhe-am-7-februar-2019\/#breadcrumb\",\"itemListElement\":[{\"@type\":\"ListItem\",\"position\":1,\"name\":\"Accueil\",\"item\":\"http:\/\/www.pamina-business.com\/de\/\"},{\"@type\":\"ListItem\",\"position\":2,\"name\":\"Deutsch-Franz\u00f6sischer Tag der Stiftung Centre Culturel Franco-Allemand in Karlsruhe am 7. Februar 2019\"}]},{\"@type\":\"WebSite\",\"@id\":\"http:\/\/www.pamina-business.com\/de\/#website\",\"url\":\"http:\/\/www.pamina-business.com\/de\/\",\"name\":\"PAMINA Business Club\",\"description\":\"Un site utilisant WordPress\",\"potentialAction\":[{\"@type\":\"SearchAction\",\"target\":{\"@type\":\"EntryPoint\",\"urlTemplate\":\"http:\/\/www.pamina-business.com\/de\/?s={search_term_string}\"},\"query-input\":{\"@type\":\"PropertyValueSpecification\",\"valueRequired\":true,\"valueName\":\"search_term_string\"}}],\"inLanguage\":\"de\"},{\"@type\":\"Person\",\"@id\":\"http:\/\/www.pamina-business.com\/de\/#\/schema\/person\/9ab02536dbdbc5e3ef40bbc3452c8c69\",\"name\":\"Monique STUTZMANN\",\"image\":{\"@type\":\"ImageObject\",\"inLanguage\":\"de\",\"@id\":\"http:\/\/www.pamina-business.com\/de\/#\/schema\/person\/image\/\",\"url\":\"https:\/\/secure.gravatar.com\/avatar\/cc1c3adf9a9f6e969d3da7b6b34ec66f5f4a6844dfc9145380a75e42cd91882e?s=96&d=mm&r=g\",\"contentUrl\":\"https:\/\/secure.gravatar.com\/avatar\/cc1c3adf9a9f6e969d3da7b6b34ec66f5f4a6844dfc9145380a75e42cd91882e?s=96&d=mm&r=g\",\"caption\":\"Monique STUTZMANN\"},\"url\":\"http:\/\/www.pamina-business.com\/de\/author\/monique\/\"}]}<\/script>\n<!-- \/ Yoast SEO plugin. -->","yoast_head_json":{"title":"Deutsch-Franz\u00f6sischer Tag der Stiftung Centre Culturel Franco-Allemand in Karlsruhe am 7. Februar 2019 - PAMINA Business Club","robots":{"index":"index","follow":"follow","max-snippet":"max-snippet:-1","max-image-preview":"max-image-preview:large","max-video-preview":"max-video-preview:-1"},"canonical":"http:\/\/www.pamina-business.com\/de\/deutsch-franzosischer-tag-der-stiftung-centre-culturel-franco-alemand-in-karlsruhe-am-7-februar-2019\/","og_locale":"de_DE","og_type":"article","og_title":"Deutsch-Franz\u00f6sischer Tag der Stiftung Centre Culturel Franco-Allemand in Karlsruhe am 7. Februar 2019 - PAMINA Business Club","og_description":"Bildung &amp; Zweisprachigkeit Journ\u00e9e franco-allemande au CCFA Der Eurodistrikt PAMINA nimmt am Deutsch-franz\u00f6sischen Tag der Stiftung Centre Culturel Franco-Allemand (CCFA) in Karlsruhe teil. Das Programm richtet sich an Sch\u00fclerInnen, Studierende, LehrerInnen, Eltern sowie alle Frankreichinteressierten. Neben Infoveranstaltungen und -st\u00e4nden u.a. zu den Themen Austauschprogramme, deutsch-franz\u00f6sische Studieng\u00e4nge, Praktika, kulturelle Unterschiede zwischen den beiden Nachbarl\u00e4ndern und Angeboten [&hellip;]","og_url":"http:\/\/www.pamina-business.com\/de\/deutsch-franzosischer-tag-der-stiftung-centre-culturel-franco-alemand-in-karlsruhe-am-7-februar-2019\/","og_site_name":"PAMINA Business Club","article_published_time":"2019-01-04T10:21:18+00:00","article_modified_time":"2018-12-19T10:22:26+00:00","og_image":[{"url":"https:\/\/www.eurodistrict-pamina.eu\/globalflexit\/images\/img_base\/agendas\/835_556_1_kopie-von-logo-jumelles-gd2-1024x768.jpg"}],"author":"Monique STUTZMANN","twitter_card":"summary_large_image","twitter_misc":{"Verfasst von":"Monique STUTZMANN","Gesch\u00e4tzte Lesezeit":"1\u00a0Minute"},"schema":{"@context":"https:\/\/schema.org","@graph":[{"@type":"WebPage","@id":"http:\/\/www.pamina-business.com\/de\/deutsch-franzosischer-tag-der-stiftung-centre-culturel-franco-alemand-in-karlsruhe-am-7-februar-2019\/","url":"http:\/\/www.pamina-business.com\/de\/deutsch-franzosischer-tag-der-stiftung-centre-culturel-franco-alemand-in-karlsruhe-am-7-februar-2019\/","name":"Deutsch-Franz\u00f6sischer Tag der Stiftung Centre Culturel Franco-Allemand in Karlsruhe am 7. Februar 2019 - PAMINA Business Club","isPartOf":{"@id":"http:\/\/www.pamina-business.com\/de\/#website"},"primaryImageOfPage":{"@id":"http:\/\/www.pamina-business.com\/de\/deutsch-franzosischer-tag-der-stiftung-centre-culturel-franco-alemand-in-karlsruhe-am-7-februar-2019\/#primaryimage"},"image":{"@id":"http:\/\/www.pamina-business.com\/de\/deutsch-franzosischer-tag-der-stiftung-centre-culturel-franco-alemand-in-karlsruhe-am-7-februar-2019\/#primaryimage"},"thumbnailUrl":"https:\/\/www.eurodistrict-pamina.eu\/globalflexit\/images\/img_base\/agendas\/835_556_1_kopie-von-logo-jumelles-gd2-1024x768.jpg","datePublished":"2019-01-04T10:21:18+00:00","dateModified":"2018-12-19T10:22:26+00:00","author":{"@id":"http:\/\/www.pamina-business.com\/de\/#\/schema\/person\/9ab02536dbdbc5e3ef40bbc3452c8c69"},"breadcrumb":{"@id":"http:\/\/www.pamina-business.com\/de\/deutsch-franzosischer-tag-der-stiftung-centre-culturel-franco-alemand-in-karlsruhe-am-7-februar-2019\/#breadcrumb"},"inLanguage":"de","potentialAction":[{"@type":"ReadAction","target":["http:\/\/www.pamina-business.com\/de\/deutsch-franzosischer-tag-der-stiftung-centre-culturel-franco-alemand-in-karlsruhe-am-7-februar-2019\/"]}]},{"@type":"ImageObject","inLanguage":"de","@id":"http:\/\/www.pamina-business.com\/de\/deutsch-franzosischer-tag-der-stiftung-centre-culturel-franco-alemand-in-karlsruhe-am-7-februar-2019\/#primaryimage","url":"https:\/\/www.eurodistrict-pamina.eu\/globalflexit\/images\/img_base\/agendas\/835_556_1_kopie-von-logo-jumelles-gd2-1024x768.jpg","contentUrl":"https:\/\/www.eurodistrict-pamina.eu\/globalflexit\/images\/img_base\/agendas\/835_556_1_kopie-von-logo-jumelles-gd2-1024x768.jpg"},{"@type":"BreadcrumbList","@id":"http:\/\/www.pamina-business.com\/de\/deutsch-franzosischer-tag-der-stiftung-centre-culturel-franco-alemand-in-karlsruhe-am-7-februar-2019\/#breadcrumb","itemListElement":[{"@type":"ListItem","position":1,"name":"Accueil","item":"http:\/\/www.pamina-business.com\/de\/"},{"@type":"ListItem","position":2,"name":"Deutsch-Franz\u00f6sischer Tag der Stiftung Centre Culturel Franco-Allemand in Karlsruhe am 7. Februar 2019"}]},{"@type":"WebSite","@id":"http:\/\/www.pamina-business.com\/de\/#website","url":"http:\/\/www.pamina-business.com\/de\/","name":"PAMINA Business Club","description":"Un site utilisant WordPress","potentialAction":[{"@type":"SearchAction","target":{"@type":"EntryPoint","urlTemplate":"http:\/\/www.pamina-business.com\/de\/?s={search_term_string}"},"query-input":{"@type":"PropertyValueSpecification","valueRequired":true,"valueName":"search_term_string"}}],"inLanguage":"de"},{"@type":"Person","@id":"http:\/\/www.pamina-business.com\/de\/#\/schema\/person\/9ab02536dbdbc5e3ef40bbc3452c8c69","name":"Monique STUTZMANN","image":{"@type":"ImageObject","inLanguage":"de","@id":"http:\/\/www.pamina-business.com\/de\/#\/schema\/person\/image\/","url":"https:\/\/secure.gravatar.com\/avatar\/cc1c3adf9a9f6e969d3da7b6b34ec66f5f4a6844dfc9145380a75e42cd91882e?s=96&d=mm&r=g","contentUrl":"https:\/\/secure.gravatar.com\/avatar\/cc1c3adf9a9f6e969d3da7b6b34ec66f5f4a6844dfc9145380a75e42cd91882e?s=96&d=mm&r=g","caption":"Monique STUTZMANN"},"url":"http:\/\/www.pamina-business.com\/de\/author\/monique\/"}]}},"_links":{"self":[{"href":"http:\/\/www.pamina-business.com\/de\/wp-json\/wp\/v2\/posts\/3520","targetHints":{"allow":["GET"]}}],"collection":[{"href":"http:\/\/www.pamina-business.com\/de\/wp-json\/wp\/v2\/posts"}],"about":[{"href":"http:\/\/www.pamina-business.com\/de\/wp-json\/wp\/v2\/types\/post"}],"author":[{"embeddable":true,"href":"http:\/\/www.pamina-business.com\/de\/wp-json\/wp\/v2\/users\/3"}],"replies":[{"embeddable":true,"href":"http:\/\/www.pamina-business.com\/de\/wp-json\/wp\/v2\/comments?post=3520"}],"version-history":[{"count":3,"href":"http:\/\/www.pamina-business.com\/de\/wp-json\/wp\/v2\/posts\/3520\/revisions"}],"predecessor-version":[{"id":3523,"href":"http:\/\/www.pamina-business.com\/de\/wp-json\/wp\/v2\/posts\/3520\/revisions\/3523"}],"wp:attachment":[{"href":"http:\/\/www.pamina-business.com\/de\/wp-json\/wp\/v2\/media?parent=3520"}],"wp:term":[{"taxonomy":"category","embeddable":true,"href":"http:\/\/www.pamina-business.com\/de\/wp-json\/wp\/v2\/categories?post=3520"},{"taxonomy":"post_tag","embeddable":true,"href":"http:\/\/www.pamina-business.com\/de\/wp-json\/wp\/v2\/tags?post=3520"}],"curies":[{"name":"wp","href":"https:\/\/api.w.org\/{rel}","templated":true}]}}