{"id":3463,"date":"2018-11-23T09:39:27","date_gmt":"2018-11-23T09:39:27","guid":{"rendered":"http:\/\/www.pamina-business.com\/?p=3463"},"modified":"2018-11-19T09:42:28","modified_gmt":"2018-11-19T09:42:28","slug":"journee-daction-jeunesse-pamina-le-6-decembre-2018","status":"publish","type":"post","link":"http:\/\/www.pamina-business.com\/de\/journee-daction-jeunesse-pamina-le-6-decembre-2018\/","title":{"rendered":"Journ\u00e9e d&#8217;Action Jeunesse PAMINA le 6 d\u00e9cembre 2018"},"content":{"rendered":"<section id=\"mainSection\">\n<div class=\"fmodele fmodeleScroll tpl_fiche\">\n<div class=\"agendas-fiche\">\n<article class=\"media\">\n<div class=\"media-object\"><img decoding=\"async\" src=\"https:\/\/www.eurodistrict-pamina.eu\/globalflexit\/images\/img_base\/agendas\/835_556_1_dsc-1684-11.JPG\" alt=\"Journ\u00e9e d'Action Jeunesse PAMINA\" \/><\/div>\n<div class=\"media-body\">\n<div class=\"date\"><\/div>\n<div class=\"contenu\">\n<p>Le 6 d\u00e9cembre 2018 aura lieu la 6<sup>\u00e8me<\/sup> Journ\u00e9e d&#8217;Action du <strong>R\u00e9seau-Jeunesse-PAMINA<\/strong>. Cette manifestation mettra une nouvelle fois l&#8217;accent sur l&#8217;\u00e9change transfrontalier des acteurs jeunesse et enfance de l&#8217;Alsace, du pays de Bade et du Palatinat du Sud. Ainsi, les participants pourront nouer de nouveaux contacts transfrontaliers, d\u00e9velopper de nouvelles id\u00e9es pour des projets \u00e0 destination d&#8217;enfants et jeunes et trouver des partenaires pour des id\u00e9es de projets existants.<\/p>\n<p>Cette 6<sup>\u00e8me<\/sup> \u00e9dition de la Journ\u00e9e d&#8217;Action PAMINA se concentrera sur trois th\u00e9matiques, dont les participants pourront discuter lors d&#8217;ateliers transfrontaliers :<\/p>\n<ul>\n<li><strong>Travailler avec des jeunes \u00ab difficile \u00bb<\/strong><\/li>\n<li><strong>La participation des jeunes<\/strong><\/li>\n<li><strong>Les m\u00e9dias dans l&#8217;animation enfance et jeunesse<\/strong><\/li>\n<\/ul>\n<p>En plus, les stands \u00ab classiques \u00bb de la Journ\u00e9e d&#8217;Action PAMINA pr\u00e9senteront les diff\u00e9rentes structures jeunesse participantes et leurs projets pour l&#8217;ann\u00e9e \u00e0 venir.<\/p>\n<p>Les animateurs jeunesse ou enfance int\u00e9ress\u00e9s peuvent <strong>s&#8217;inscrire avant le 22 novembre<\/strong> via le formulaire ci-dessous. Plus d&#8217;informations sont disponibles dans le <a class=\"flexit_ico_file\" href=\"https:\/\/www.eurodistrict-pamina.eu\/UserFiles\/File\/jeunesse\/journee-daction-pamina-aktionstag-2018.pdf\" target=\"_blank\">programme<\/a>\u00a0 de la manifestation.<\/p>\n<p>Interlocutrice : <a class=\"fDefault\" href=\"&#x6d;&#x61;&#105;l&#x74;&#x6f;&#58;&#118;i&#x63;&#x74;&#111;&#114;i&#x61;&#x2e;&#104;an&#x73;&#x65;&#110;&#64;&#x62;&#x61;&#115;&#45;r&#x68;&#x69;&#110;&#46;f&#x72;?subject=Journ%C3%A9e%20d'Action%20PAMINA\">Victoria Hansen<\/a><\/p>\n<p>La manifestation est organis\u00e9e dans le cadre des 30 ans PAMINA.<br \/>\n<a class=\"fDefault\" href=\"https:\/\/www.eurodistrict-pamina.eu\/fr\/gect-administration\/30-ans-pamina_-d.html#.W9b0BrzT7cs\"><img decoding=\"async\" src=\"https:\/\/www.eurodistrict-pamina.eu\/globalflexit\/images\/UserFiles\/Image\/logos\/200_76_1_logo(1).jpg\" \/><\/a><\/p>\n<h2 class=\"fDefault\">Inscription<\/h2>\n<form class=\"flexitform flexitform-bootstrap\" action=\"javascript:void(0);\" method=\"post\" name=\"formulaire_7\">\n<div class=\"row ffLineStart\">\n<div class=\"col-xs-4\"><label for=\"formulaire_7[1]\"><span class=\"ffRequired\">Pr\u00e9nom<\/span><\/label><\/div>\n<div class=\"col-xs-8\">\n<div class=\"form-group\"><input id=\"formulaire_7[1]\" class=\"ffRequired form-control\" name=\"formulaire_7[1]\" type=\"text\" value=\"\" \/><\/div>\n<\/div>\n<\/div>\n<div class=\"row\">\n<div class=\"col-xs-4\"><label for=\"formulaire_7[2]\"><span class=\"ffRequired\">Nom<\/span><\/label><\/div>\n<div class=\"col-xs-8\">\n<div class=\"form-group\"><input id=\"formulaire_7[2]\" class=\"ffRequired form-control\" name=\"formulaire_7[2]\" type=\"text\" value=\"\" \/><\/div>\n<\/div>\n<\/div>\n<div class=\"row\">\n<div class=\"col-xs-4\"><label for=\"formulaire_7[13]\"><span class=\"ffRequired\">Institution<\/span><\/label><\/div>\n<div class=\"col-xs-8\">\n<div class=\"form-group\"><input id=\"formulaire_7[13]\" class=\"ffRequired form-control\" name=\"formulaire_7[13]\" type=\"text\" value=\"\" \/><\/div>\n<\/div>\n<\/div>\n<div class=\"row\">\n<div class=\"col-xs-4\"><label for=\"formulaire_7[4]\"><span class=\"ffRequired\">Adresse<\/span><\/label><\/div>\n<div class=\"col-xs-8\">\n<div class=\"form-group\"><textarea id=\"formulaire_7[4]\" class=\"ffRequired form-control\" name=\"formulaire_7[4]\"><\/textarea><\/div>\n<\/div>\n<\/div>\n<div class=\"row\">\n<div class=\"col-xs-4\"><label for=\"formulaire_7[5]\"><span class=\"ffRequired\">Pays<\/span><\/label><\/div>\n<div class=\"col-xs-8\"><\/div>\n<\/div>\n<\/form>\n<\/div>\n<\/div>\n<\/article>\n<\/div>\n<\/div>\n<\/section>\n<div class=\"row\">\n<div class=\"col-xs-4\"><label for=\"formulaire_7[14]\">T\u00e9l\u00e9phone<\/label><\/div>\n<div class=\"col-xs-8\">\n<div class=\"form-group\"><input id=\"formulaire_7[14]\" class=\"form-control\" name=\"formulaire_7[14]\" type=\"text\" value=\"\" \/><\/div>\n<\/div>\n<\/div>\n<div class=\"row\">\n<div class=\"col-xs-4\"><label for=\"formulaire_7[12]\"><span class=\"ffRequired\">Email<\/span><\/label><\/div>\n<div class=\"col-xs-8\">\n<div class=\"form-group\"><input id=\"formulaire_7[12]\" class=\"ffRequired form-control\" name=\"formulaire_7[12]\" type=\"text\" value=\"\" \/><\/div>\n<\/div>\n<\/div>\n<div class=\"row\">\n<div class=\"col-xs-4\"><label for=\"formulaire_7[11]\"><span class=\"ffRequired\">Atelier<\/span><\/label><\/div>\n<div class=\"col-xs-8\"><\/div>\n<\/div>\n<div class=\"row\">\n<div class=\"col-xs-4\"><label for=\"formulaire_7[23]\"><span class=\"ffRequired\">Pourquoi avez-vous choisi cet atelier ? Quelles sont vos attentes \/ votre exp\u00e9rience avec ce sujet ?<\/span><\/label><\/div>\n<div class=\"col-xs-8\">\n<div class=\"form-group\"><input id=\"formulaire_7[23]\" class=\"ffRequired form-control\" name=\"formulaire_7[23]\" type=\"text\" value=\"\" \/><\/div>\n<\/div>\n<\/div>\n<div class=\"row\">\n<div class=\"col-xs-4\"><label><span class=\"ffRequired\">Je veux pr\u00e9senter mon institution \u00e0 un stand<\/span><\/label><\/div>\n<div class=\"col-xs-8\">\n<div class=\"form-group\">\n<table class=\"flexitFormTableSelect\" border=\"0\" cellspacing=\"0\" cellpadding=\"0\">\n<tbody>\n<tr>\n<td><input id=\"formulaire_7[24]_1\" class=\"ffRequired\" name=\"formulaire_7[24]\" type=\"radio\" value=\"oui\" \/><\/td>\n<td><label for=\"formulaire_7[24]_1\">Oui<\/label><\/td>\n<\/tr>\n<tr>\n<td><input id=\"formulaire_7[24]_2\" class=\"ffRequired\" name=\"formulaire_7[24]\" type=\"radio\" value=\"non\" \/><\/td>\n<td><label for=\"formulaire_7[24]_2\">Non<\/label><\/td>\n<\/tr>\n<\/tbody>\n<\/table>\n<\/div>\n<\/div>\n<\/div>\n<div class=\"row\">\n<div class=\"col-xs-4\"><label for=\"formulaire_7[25]\">Si oui, combien de tables et chaises?<\/label><\/div>\n<div class=\"col-xs-8\">\n<div class=\"form-group\"><input id=\"formulaire_7[25]\" class=\"form-control\" name=\"formulaire_7[25]\" type=\"text\" value=\"\" \/><\/div>\n<\/div>\n<\/div>\n<div class=\"row\">\n<div class=\"col-xs-4\"><label><span class=\"ffRequired\">J&#8217;ai une id\u00e9e de projet pour laquelle je cherche des partenaires<\/span><\/label><\/div>\n<div class=\"col-xs-8\">\n<div class=\"form-group\">\n<table class=\"flexitFormTableSelect\" border=\"0\" cellspacing=\"0\" cellpadding=\"0\">\n<tbody>\n<tr>\n<td><input id=\"formulaire_7[21]_1\" class=\"ffRequired\" name=\"formulaire_7[21]\" type=\"radio\" value=\"oui\" \/><\/td>\n<td><label for=\"formulaire_7[21]_1\">Oui<\/label><\/td>\n<\/tr>\n<tr>\n<td><input id=\"formulaire_7[21]_2\" class=\"ffRequired\" name=\"formulaire_7[21]\" type=\"radio\" value=\"non\" \/><\/td>\n<td><label for=\"formulaire_7[21]_2\">Non<\/label><\/td>\n<\/tr>\n<\/tbody>\n<\/table>\n<\/div>\n<\/div>\n<\/div>\n<div class=\"row\">\n<div class=\"col-xs-4\"><label for=\"formulaire_7[22]\">Si oui, veuillez d\u00e9crire bri\u00e8vement votre id\u00e9e de projet<\/label><\/div>\n<div class=\"col-xs-8\">\n<div class=\"form-group\"><input id=\"formulaire_7[22]\" class=\"form-control\" name=\"formulaire_7[22]\" type=\"text\" value=\"\" \/><\/div>\n<\/div>\n<\/div>\n<div class=\"row\">\n<div class=\"col-xs-4\"><label for=\"formulaire_7[16]\"><span class=\"ffRequired\">V\u00e9g\u00e9tarienne\/V\u00e9g\u00e9tarien<\/span><\/label><\/div>\n<div class=\"col-xs-8\"><\/div>\n<\/div>\n<div class=\"row\">\n<div class=\"col-xs-4\"><\/div>\n<div class=\"col-xs-8\">\n<div class=\"form-group\">\n<div class=\"g-recaptcha\" data-sitekey=\"6Lfm-hUUAAAAAK-IGnUER8sM4aYBO5kGKrURhUJV\">\n<div>\n<div><iframe loading=\"lazy\" src=\"https:\/\/www.google.com\/recaptcha\/api2\/anchor?ar=1&amp;k=6Lfm-hUUAAAAAK-IGnUER8sM4aYBO5kGKrURhUJV&amp;co=aHR0cHM6Ly93d3cuZXVyb2Rpc3RyaWN0LXBhbWluYS5ldTo0NDM.&amp;hl=fr&amp;v=v1542004393985&amp;size=normal&amp;cb=p6lycumacbds\" name=\"a-6hqyod5uq9tx\" width=\"304\" height=\"78\" frameborder=\"0\" scrolling=\"no\" sandbox=\"allow-forms allow-popups allow-same-origin allow-scripts allow-top-navigation allow-modals allow-popups-to-escape-sandbox\" data-mce-fragment=\"1\"><\/iframe><\/div>\n<\/div>\n<\/div>\n<\/div>\n<\/div>\n<\/div>\n<div class=\"row\">\n<div class=\"col-xs-4\"><label><span class=\"ffRequired\">Confidentialit\u00e9 et cr\u00e9dit photo<\/span><\/label><\/div>\n<div class=\"col-xs-8\">\n<div class=\"form-group\">\n<table class=\"flexitFormTableSelect\" border=\"0\" cellspacing=\"0\" cellpadding=\"0\">\n<tbody>\n<tr>\n<td><input id=\"formulaire_7[20]_1\" class=\"ffRequired\" name=\"formulaire_7[20][]\" type=\"checkbox\" value=\"ensoumettantceformulairejeconsensautraitementdemesdonneesconformementauxdirectivesrelativesalaprotectiondesdonneesenoutrejautoriselapublicationdemesnomprenomstructureetadresseemailsurlalistedesparticipantsquiseraafficheeetenvoyeeauxparticipantsdelevenementainsiquelaprisedephotospendantlevenementquipourrontetreutiliseesulterieurement\" \/><\/td>\n<td><label for=\"formulaire_7[20]_1\">En soumettant ce formulaire, je consens au traitement de mes donn\u00e9es conform\u00e9ment aux directives relatives \u00e0 la protection des donn\u00e9es. En outre, j&#8217;autorise la publication de mes nom, pr\u00e9nom, structure et adresse e-mail sur la liste des participants, qui sera affich\u00e9e et envoy\u00e9e aux participants de l&#8217;\u00e9v\u00e9nement, ainsi que la prise de photos pendant l&#8217;\u00e9v\u00e9nement, qui pourront \u00eatre utilis\u00e9es ult\u00e9rieurement<\/label><\/td>\n<\/tr>\n<\/tbody>\n<\/table>\n<\/div>\n<\/div>\n<\/div>\n<div class=\"row ffLineEnd\"><\/div>\n<div id=\"innerType\">\n<div class=\"container\">\n<div class=\"row\">\n<div class=\"col-xs-12 col-sm-9\">\n<div class=\"col-right\">\n<section id=\"mainSection\">\n<div class=\"btn-ico-wrapper\"><a class=\"btn-ico btn-ico-downloadpdf\" title=\"T\u00e9l\u00e9charger la page au format PDF\" href=\"https:\/\/www.eurodistrict-pamina.eu\/fr\/jeunesse\/journee-d-action-jeunesse-pamina_-d.html?downloadpdf=1\" target=\"_blank\" rel=\"nofollow\">PDF<\/a> <a class=\"btn-ico btn-ico-print\" title=\"Imprimer la page\">Print<\/a><\/div>\n<\/section>\n<\/div>\n<\/div>\n<\/div>\n<\/div>\n<\/div>\n<footer id=\"mainFooter\">\n<div class=\"container\">\n<div class=\"row\">\n<div class=\"col-xs-12 col-sm-8\"><a class=\"contacts \" title=\"Contact\" href=\"https:\/\/www.eurodistrict-pamina.eu\/fr\/contact.html\" data-equalize=\"col-footer\"><span class=\"line-1\">Vous souhaitez nous<\/span><span class=\"line-2\">contacter<\/span><span class=\"line-3\">Cliquez ici<\/span><\/a><\/div>\n<div class=\"col-xs-12 col-sm-4\"><a class=\"videos\" title=\"Vid\u00e9os\" href=\"https:\/\/www.eurodistrict-pamina.eu\/fr\/videos.html\" data-equalize=\"col-footer\"><span class=\"line-1\">Vid\u00e9os<\/span><\/a><\/div>\n<\/div>\n<div class=\"col-xs-12 col-sm-4\"><em>Source<\/em> : <a href=\"http:\/\/www.eurodistrict-pamina.eu\">www.eurodistrict-pamina.eu<\/a><\/div>\n<div class=\"col-xs-12 col-sm-4\"><em>Contact<\/em> :<a href=\"&#109;&#x61;&#105;&#x6c;&#116;&#x6f;&#58;&#x69;n&#x66;o&#x40;e&#x75;r&#111;&#x64;&#105;&#x73;&#116;&#x72;&#105;&#x63;&#116;&#x2d;p&#x61;m&#x69;n&#x61;&#46;&#101;&#x75;\"> &#x69;&#x6e;&#x66;&#x6f;&#64;&#101;uro&#x64;&#x69;&#x73;&#x74;&#114;&#105;ct-&#x70;&#x61;&#x6d;&#x69;&#110;&#97;&#46;eu<\/a><\/div>\n<\/div>\n<\/footer>\n","protected":false},"excerpt":{"rendered":"<p>Le 6 d\u00e9cembre 2018 aura lieu la 6\u00e8me Journ\u00e9e d&#8217;Action du R\u00e9seau-Jeunesse-PAMINA. Cette manifestation mettra une nouvelle fois l&#8217;accent sur l&#8217;\u00e9change transfrontalier des acteurs jeunesse et enfance de l&#8217;Alsace, du pays de Bade et du Palatinat du Sud. Ainsi, les participants pourront nouer de nouveaux contacts transfrontaliers, d\u00e9velopper de nouvelles id\u00e9es pour des projets \u00e0 [&hellip;]<\/p>\n","protected":false},"author":3,"featured_media":0,"comment_status":"open","ping_status":"open","sticky":false,"template":"","format":"standard","meta":{"_exactmetrics_skip_tracking":false,"_exactmetrics_sitenote_active":false,"_exactmetrics_sitenote_note":"","_exactmetrics_sitenote_category":0,"footnotes":""},"categories":[4,7],"tags":[],"class_list":["post-3463","post","type-post","status-publish","format-standard","hentry","category-education-fr","category-evenements-fr"],"yoast_head":"<!-- This site is optimized with the Yoast SEO plugin v23.5 - https:\/\/yoast.com\/wordpress\/plugins\/seo\/ -->\n<title>Journ\u00e9e d&#039;Action Jeunesse PAMINA le 6 d\u00e9cembre 2018 - PAMINA Business Club<\/title>\n<meta name=\"robots\" content=\"index, follow, max-snippet:-1, max-image-preview:large, max-video-preview:-1\" \/>\n<link rel=\"canonical\" href=\"http:\/\/www.pamina-business.com\/de\/journee-daction-jeunesse-pamina-le-6-decembre-2018\/\" \/>\n<meta property=\"og:locale\" content=\"de_DE\" \/>\n<meta property=\"og:type\" content=\"article\" \/>\n<meta property=\"og:title\" content=\"Journ\u00e9e d&#039;Action Jeunesse PAMINA le 6 d\u00e9cembre 2018 - PAMINA Business Club\" \/>\n<meta property=\"og:description\" content=\"Le 6 d\u00e9cembre 2018 aura lieu la 6\u00e8me Journ\u00e9e d&#8217;Action du R\u00e9seau-Jeunesse-PAMINA. Cette manifestation mettra une nouvelle fois l&#8217;accent sur l&#8217;\u00e9change transfrontalier des acteurs jeunesse et enfance de l&#8217;Alsace, du pays de Bade et du Palatinat du Sud. Ainsi, les participants pourront nouer de nouveaux contacts transfrontaliers, d\u00e9velopper de nouvelles id\u00e9es pour des projets \u00e0 [&hellip;]\" \/>\n<meta property=\"og:url\" content=\"http:\/\/www.pamina-business.com\/de\/journee-daction-jeunesse-pamina-le-6-decembre-2018\/\" \/>\n<meta property=\"og:site_name\" content=\"PAMINA Business Club\" \/>\n<meta property=\"article:published_time\" content=\"2018-11-23T09:39:27+00:00\" \/>\n<meta property=\"article:modified_time\" content=\"2018-11-19T09:42:28+00:00\" \/>\n<meta property=\"og:image\" content=\"https:\/\/www.eurodistrict-pamina.eu\/globalflexit\/images\/img_base\/agendas\/835_556_1_dsc-1684-11.JPG\" \/>\n<meta name=\"author\" content=\"Monique STUTZMANN\" \/>\n<meta name=\"twitter:card\" content=\"summary_large_image\" \/>\n<meta name=\"twitter:label1\" content=\"Verfasst von\" \/>\n\t<meta name=\"twitter:data1\" content=\"Monique STUTZMANN\" \/>\n\t<meta name=\"twitter:label2\" content=\"Gesch\u00e4tzte Lesezeit\" \/>\n\t<meta name=\"twitter:data2\" content=\"2\u00a0Minuten\" \/>\n<script type=\"application\/ld+json\" class=\"yoast-schema-graph\">{\"@context\":\"https:\/\/schema.org\",\"@graph\":[{\"@type\":\"WebPage\",\"@id\":\"http:\/\/www.pamina-business.com\/de\/journee-daction-jeunesse-pamina-le-6-decembre-2018\/\",\"url\":\"http:\/\/www.pamina-business.com\/de\/journee-daction-jeunesse-pamina-le-6-decembre-2018\/\",\"name\":\"Journ\u00e9e d'Action Jeunesse PAMINA le 6 d\u00e9cembre 2018 - PAMINA Business Club\",\"isPartOf\":{\"@id\":\"http:\/\/www.pamina-business.com\/de\/#website\"},\"primaryImageOfPage\":{\"@id\":\"http:\/\/www.pamina-business.com\/de\/journee-daction-jeunesse-pamina-le-6-decembre-2018\/#primaryimage\"},\"image\":{\"@id\":\"http:\/\/www.pamina-business.com\/de\/journee-daction-jeunesse-pamina-le-6-decembre-2018\/#primaryimage\"},\"thumbnailUrl\":\"https:\/\/www.eurodistrict-pamina.eu\/globalflexit\/images\/img_base\/agendas\/835_556_1_dsc-1684-11.JPG\",\"datePublished\":\"2018-11-23T09:39:27+00:00\",\"dateModified\":\"2018-11-19T09:42:28+00:00\",\"author\":{\"@id\":\"http:\/\/www.pamina-business.com\/de\/#\/schema\/person\/9ab02536dbdbc5e3ef40bbc3452c8c69\"},\"breadcrumb\":{\"@id\":\"http:\/\/www.pamina-business.com\/de\/journee-daction-jeunesse-pamina-le-6-decembre-2018\/#breadcrumb\"},\"inLanguage\":\"de\",\"potentialAction\":[{\"@type\":\"ReadAction\",\"target\":[\"http:\/\/www.pamina-business.com\/de\/journee-daction-jeunesse-pamina-le-6-decembre-2018\/\"]}]},{\"@type\":\"ImageObject\",\"inLanguage\":\"de\",\"@id\":\"http:\/\/www.pamina-business.com\/de\/journee-daction-jeunesse-pamina-le-6-decembre-2018\/#primaryimage\",\"url\":\"https:\/\/www.eurodistrict-pamina.eu\/globalflexit\/images\/img_base\/agendas\/835_556_1_dsc-1684-11.JPG\",\"contentUrl\":\"https:\/\/www.eurodistrict-pamina.eu\/globalflexit\/images\/img_base\/agendas\/835_556_1_dsc-1684-11.JPG\"},{\"@type\":\"BreadcrumbList\",\"@id\":\"http:\/\/www.pamina-business.com\/de\/journee-daction-jeunesse-pamina-le-6-decembre-2018\/#breadcrumb\",\"itemListElement\":[{\"@type\":\"ListItem\",\"position\":1,\"name\":\"Accueil\",\"item\":\"http:\/\/www.pamina-business.com\/de\/\"},{\"@type\":\"ListItem\",\"position\":2,\"name\":\"Journ\u00e9e d&#8217;Action Jeunesse PAMINA le 6 d\u00e9cembre 2018\"}]},{\"@type\":\"WebSite\",\"@id\":\"http:\/\/www.pamina-business.com\/de\/#website\",\"url\":\"http:\/\/www.pamina-business.com\/de\/\",\"name\":\"PAMINA Business Club\",\"description\":\"Un site utilisant WordPress\",\"potentialAction\":[{\"@type\":\"SearchAction\",\"target\":{\"@type\":\"EntryPoint\",\"urlTemplate\":\"http:\/\/www.pamina-business.com\/de\/?s={search_term_string}\"},\"query-input\":{\"@type\":\"PropertyValueSpecification\",\"valueRequired\":true,\"valueName\":\"search_term_string\"}}],\"inLanguage\":\"de\"},{\"@type\":\"Person\",\"@id\":\"http:\/\/www.pamina-business.com\/de\/#\/schema\/person\/9ab02536dbdbc5e3ef40bbc3452c8c69\",\"name\":\"Monique STUTZMANN\",\"image\":{\"@type\":\"ImageObject\",\"inLanguage\":\"de\",\"@id\":\"http:\/\/www.pamina-business.com\/de\/#\/schema\/person\/image\/\",\"url\":\"https:\/\/secure.gravatar.com\/avatar\/cc1c3adf9a9f6e969d3da7b6b34ec66f5f4a6844dfc9145380a75e42cd91882e?s=96&d=mm&r=g\",\"contentUrl\":\"https:\/\/secure.gravatar.com\/avatar\/cc1c3adf9a9f6e969d3da7b6b34ec66f5f4a6844dfc9145380a75e42cd91882e?s=96&d=mm&r=g\",\"caption\":\"Monique STUTZMANN\"},\"url\":\"http:\/\/www.pamina-business.com\/de\/author\/monique\/\"}]}<\/script>\n<!-- \/ Yoast SEO plugin. -->","yoast_head_json":{"title":"Journ\u00e9e d'Action Jeunesse PAMINA le 6 d\u00e9cembre 2018 - PAMINA Business Club","robots":{"index":"index","follow":"follow","max-snippet":"max-snippet:-1","max-image-preview":"max-image-preview:large","max-video-preview":"max-video-preview:-1"},"canonical":"http:\/\/www.pamina-business.com\/de\/journee-daction-jeunesse-pamina-le-6-decembre-2018\/","og_locale":"de_DE","og_type":"article","og_title":"Journ\u00e9e d'Action Jeunesse PAMINA le 6 d\u00e9cembre 2018 - PAMINA Business Club","og_description":"Le 6 d\u00e9cembre 2018 aura lieu la 6\u00e8me Journ\u00e9e d&#8217;Action du R\u00e9seau-Jeunesse-PAMINA. Cette manifestation mettra une nouvelle fois l&#8217;accent sur l&#8217;\u00e9change transfrontalier des acteurs jeunesse et enfance de l&#8217;Alsace, du pays de Bade et du Palatinat du Sud. Ainsi, les participants pourront nouer de nouveaux contacts transfrontaliers, d\u00e9velopper de nouvelles id\u00e9es pour des projets \u00e0 [&hellip;]","og_url":"http:\/\/www.pamina-business.com\/de\/journee-daction-jeunesse-pamina-le-6-decembre-2018\/","og_site_name":"PAMINA Business Club","article_published_time":"2018-11-23T09:39:27+00:00","article_modified_time":"2018-11-19T09:42:28+00:00","og_image":[{"url":"https:\/\/www.eurodistrict-pamina.eu\/globalflexit\/images\/img_base\/agendas\/835_556_1_dsc-1684-11.JPG"}],"author":"Monique STUTZMANN","twitter_card":"summary_large_image","twitter_misc":{"Verfasst von":"Monique STUTZMANN","Gesch\u00e4tzte Lesezeit":"2\u00a0Minuten"},"schema":{"@context":"https:\/\/schema.org","@graph":[{"@type":"WebPage","@id":"http:\/\/www.pamina-business.com\/de\/journee-daction-jeunesse-pamina-le-6-decembre-2018\/","url":"http:\/\/www.pamina-business.com\/de\/journee-daction-jeunesse-pamina-le-6-decembre-2018\/","name":"Journ\u00e9e d'Action Jeunesse PAMINA le 6 d\u00e9cembre 2018 - PAMINA Business Club","isPartOf":{"@id":"http:\/\/www.pamina-business.com\/de\/#website"},"primaryImageOfPage":{"@id":"http:\/\/www.pamina-business.com\/de\/journee-daction-jeunesse-pamina-le-6-decembre-2018\/#primaryimage"},"image":{"@id":"http:\/\/www.pamina-business.com\/de\/journee-daction-jeunesse-pamina-le-6-decembre-2018\/#primaryimage"},"thumbnailUrl":"https:\/\/www.eurodistrict-pamina.eu\/globalflexit\/images\/img_base\/agendas\/835_556_1_dsc-1684-11.JPG","datePublished":"2018-11-23T09:39:27+00:00","dateModified":"2018-11-19T09:42:28+00:00","author":{"@id":"http:\/\/www.pamina-business.com\/de\/#\/schema\/person\/9ab02536dbdbc5e3ef40bbc3452c8c69"},"breadcrumb":{"@id":"http:\/\/www.pamina-business.com\/de\/journee-daction-jeunesse-pamina-le-6-decembre-2018\/#breadcrumb"},"inLanguage":"de","potentialAction":[{"@type":"ReadAction","target":["http:\/\/www.pamina-business.com\/de\/journee-daction-jeunesse-pamina-le-6-decembre-2018\/"]}]},{"@type":"ImageObject","inLanguage":"de","@id":"http:\/\/www.pamina-business.com\/de\/journee-daction-jeunesse-pamina-le-6-decembre-2018\/#primaryimage","url":"https:\/\/www.eurodistrict-pamina.eu\/globalflexit\/images\/img_base\/agendas\/835_556_1_dsc-1684-11.JPG","contentUrl":"https:\/\/www.eurodistrict-pamina.eu\/globalflexit\/images\/img_base\/agendas\/835_556_1_dsc-1684-11.JPG"},{"@type":"BreadcrumbList","@id":"http:\/\/www.pamina-business.com\/de\/journee-daction-jeunesse-pamina-le-6-decembre-2018\/#breadcrumb","itemListElement":[{"@type":"ListItem","position":1,"name":"Accueil","item":"http:\/\/www.pamina-business.com\/de\/"},{"@type":"ListItem","position":2,"name":"Journ\u00e9e d&#8217;Action Jeunesse PAMINA le 6 d\u00e9cembre 2018"}]},{"@type":"WebSite","@id":"http:\/\/www.pamina-business.com\/de\/#website","url":"http:\/\/www.pamina-business.com\/de\/","name":"PAMINA Business Club","description":"Un site utilisant WordPress","potentialAction":[{"@type":"SearchAction","target":{"@type":"EntryPoint","urlTemplate":"http:\/\/www.pamina-business.com\/de\/?s={search_term_string}"},"query-input":{"@type":"PropertyValueSpecification","valueRequired":true,"valueName":"search_term_string"}}],"inLanguage":"de"},{"@type":"Person","@id":"http:\/\/www.pamina-business.com\/de\/#\/schema\/person\/9ab02536dbdbc5e3ef40bbc3452c8c69","name":"Monique STUTZMANN","image":{"@type":"ImageObject","inLanguage":"de","@id":"http:\/\/www.pamina-business.com\/de\/#\/schema\/person\/image\/","url":"https:\/\/secure.gravatar.com\/avatar\/cc1c3adf9a9f6e969d3da7b6b34ec66f5f4a6844dfc9145380a75e42cd91882e?s=96&d=mm&r=g","contentUrl":"https:\/\/secure.gravatar.com\/avatar\/cc1c3adf9a9f6e969d3da7b6b34ec66f5f4a6844dfc9145380a75e42cd91882e?s=96&d=mm&r=g","caption":"Monique STUTZMANN"},"url":"http:\/\/www.pamina-business.com\/de\/author\/monique\/"}]}},"_links":{"self":[{"href":"http:\/\/www.pamina-business.com\/de\/wp-json\/wp\/v2\/posts\/3463","targetHints":{"allow":["GET"]}}],"collection":[{"href":"http:\/\/www.pamina-business.com\/de\/wp-json\/wp\/v2\/posts"}],"about":[{"href":"http:\/\/www.pamina-business.com\/de\/wp-json\/wp\/v2\/types\/post"}],"author":[{"embeddable":true,"href":"http:\/\/www.pamina-business.com\/de\/wp-json\/wp\/v2\/users\/3"}],"replies":[{"embeddable":true,"href":"http:\/\/www.pamina-business.com\/de\/wp-json\/wp\/v2\/comments?post=3463"}],"version-history":[{"count":1,"href":"http:\/\/www.pamina-business.com\/de\/wp-json\/wp\/v2\/posts\/3463\/revisions"}],"predecessor-version":[{"id":3464,"href":"http:\/\/www.pamina-business.com\/de\/wp-json\/wp\/v2\/posts\/3463\/revisions\/3464"}],"wp:attachment":[{"href":"http:\/\/www.pamina-business.com\/de\/wp-json\/wp\/v2\/media?parent=3463"}],"wp:term":[{"taxonomy":"category","embeddable":true,"href":"http:\/\/www.pamina-business.com\/de\/wp-json\/wp\/v2\/categories?post=3463"},{"taxonomy":"post_tag","embeddable":true,"href":"http:\/\/www.pamina-business.com\/de\/wp-json\/wp\/v2\/tags?post=3463"}],"curies":[{"name":"wp","href":"https:\/\/api.w.org\/{rel}","templated":true}]}}