{"id":3454,"date":"2018-11-15T15:02:59","date_gmt":"2018-11-15T15:02:59","guid":{"rendered":"http:\/\/www.pamina-business.com\/?p=3454"},"modified":"2018-11-13T15:08:20","modified_gmt":"2018-11-13T15:08:20","slug":"zivilgesellschaft-oberrhein","status":"publish","type":"post","link":"http:\/\/www.pamina-business.com\/de\/zivilgesellschaft-oberrhein\/","title":{"rendered":"Zivilgesellschaft Oberrhein"},"content":{"rendered":"<nav id=\"breadcrumb\">\n<div class=\"row\">\n<div class=\"col-xs-12 col-lg-6 col-lg-pull-6\">\n<h1 class=\"nomPage\"><\/h1>\n<\/div>\n<\/div>\n<\/nav>\n<section id=\"mainSection\"><span style=\"color: #000000; font-family: Calibri; font-size: medium;\"><img decoding=\"async\" src=\"https:\/\/www.eurodistrict-pamina.eu\/globalflexit\/images\/UserFiles\/Image\/zivilgesellschaft\/820_170_2_239259-original-r-k-b-by-stephanie-hofschlaeger-pixeliode.jpg\" alt=\"Drapeaux devant le parlement europ\u00e9en\" \/><\/span><\/p>\n<p><span class=\"legende\">photo: \u00a9\u00a0Stephanie Hofschlaeger\u00a0\u00a0\/ <a class=\"fDefault\" href=\"http:\/\/www.pixelio.de\" target=\"_blank\">PIXELIO<\/a><\/span><\/p>\n<hr \/>\n<table border=\"0\" cellspacing=\"1\" cellpadding=\"1\">\n<tbody>\n<tr>\n<td>\n<h5 class=\"fDefault\"><span class=\"chapeau\">interreg v Projekt &#8222;Zivilgesellschaft Oberrhein&#8220;<\/span><\/h5>\n<h5>\nDieses Projekt zielt darauf ab, die grenz\u00fcberschreitende Zusammenarbeit zwischen den B\u00fcrgern zu st\u00e4rken, indem zivilgesellschaftliche Akteure in grenz\u00fcberschreitenden Gebieten mobilisiert und unterst\u00fctzt werden.<\/h5>\n<\/td>\n<td><\/td>\n<td><img decoding=\"async\" src=\"https:\/\/www.eurodistrict-pamina.eu\/globalflexit\/images\/UserFiles\/Image\/logos\/200_199_2_logo-projet-ste-civile.jpg\" \/><\/td>\n<\/tr>\n<\/tbody>\n<\/table>\n<p>Um dieses Ziel zu erreichen, umfasst das Projekt eine Reihe von Ma\u00dfnahmen, die es erm\u00f6glichen, Folgendes zu erreichen<\/p>\n<ul>\n<li>\u00a0\u00a0\u00a0 Information und Sensibilisierung der zivilgesellschaftlichen Akteure f\u00fcr grenz\u00fcberschreitende Themen;<\/li>\n<li>\u00a0\u00a0\u00a0 die Akteure der Zivilgesellschaft gezielt zu mobilisieren, um Netzwerke zu schaffen und gemeinsame Projekte zu entwickeln;<\/li>\n<li>\u00a0\u00a0\u00a0 Unterst\u00fctzung zivilgesellschaftlicher Akteure in ihrem Ansatz und Orientierung bei der Suche nach Finanzierungsm\u00f6glichkeiten;<\/li>\n<li>\u00a0\u00a0\u00a0 Sie bei der Umsetzung ihrer Projekte zu begleiten;<\/li>\n<li>\u00a0\u00a0\u00a0 St\u00e4rkung der Rolle der Eurodistrikte als Institution, die den B\u00fcrgern \u00fcber die Grenzen hinweg dient;<\/li>\n<li>\u00a0\u00a0\u00a0 Verbindungen und Synergien zwischen den verschiedenen Ebenen der Zusammenarbeit im Oberrhein zu entwickeln und zu schaffen.<\/li>\n<\/ul>\n<table border=\"0\" cellspacing=\"1\" cellpadding=\"1\">\n<tbody>\n<tr>\n<td><img decoding=\"async\" src=\"https:\/\/www.eurodistrict-pamina.eu\/globalflexit\/images\/UserFiles\/Image\/europa\/150_102_1_europa-flag-2farbig.jpg\" \/><\/td>\n<td><span class=\"color3\">INTERREG V A Rhin sup\u00e9rieur<br \/>\nD\u00e9passer les fronti\u00e8res : projet apr\u00e8s projet.<\/span><br \/>\nFonds europ\u00e9en de d\u00e9veloppement r\u00e9gional (FEDER)<br \/>\n<em><span class=\"color3\">INTERREG V A Oberrhein<br \/>\nDer Oberrhein w\u00e4chst zusammen, mit jedem Projekt.<\/span><br \/>\nEurop\u00e4ischer Fonds f\u00fcr regionale Entwicklung (EFRE)<\/em><\/td>\n<td><img decoding=\"async\" src=\"https:\/\/www.eurodistrict-pamina.eu\/globalflexit\/images\/UserFiles\/Image\/interreg\/150_106_1_int-quadri-en-tete.jpg\" \/><\/td>\n<\/tr>\n<\/tbody>\n<\/table>\n<\/section>\n<section><em>Quelle<\/em> : www.eurodistrict-pamina.eu<\/section>\n","protected":false},"excerpt":{"rendered":"<p>photo: \u00a9\u00a0Stephanie Hofschlaeger\u00a0\u00a0\/ PIXELIO interreg v Projekt &#8222;Zivilgesellschaft Oberrhein&#8220; Dieses Projekt zielt darauf ab, die grenz\u00fcberschreitende Zusammenarbeit zwischen den B\u00fcrgern zu st\u00e4rken, indem zivilgesellschaftliche Akteure in grenz\u00fcberschreitenden Gebieten mobilisiert und unterst\u00fctzt werden. Um dieses Ziel zu erreichen, umfasst das Projekt eine Reihe von Ma\u00dfnahmen, die es erm\u00f6glichen, Folgendes zu erreichen \u00a0\u00a0\u00a0 Information und Sensibilisierung der [&hellip;]<\/p>\n","protected":false},"author":3,"featured_media":0,"comment_status":"open","ping_status":"open","sticky":false,"template":"","format":"standard","meta":{"_exactmetrics_skip_tracking":false,"_exactmetrics_sitenote_active":false,"_exactmetrics_sitenote_note":"","_exactmetrics_sitenote_category":0,"footnotes":""},"categories":[59],"tags":[],"class_list":["post-3454","post","type-post","status-publish","format-standard","hentry","category-ereignisse-de"],"yoast_head":"<!-- This site is optimized with the Yoast SEO plugin v23.5 - https:\/\/yoast.com\/wordpress\/plugins\/seo\/ -->\n<title>Zivilgesellschaft Oberrhein - PAMINA Business Club<\/title>\n<meta name=\"robots\" content=\"index, follow, max-snippet:-1, max-image-preview:large, max-video-preview:-1\" \/>\n<link rel=\"canonical\" href=\"http:\/\/www.pamina-business.com\/de\/zivilgesellschaft-oberrhein\/\" \/>\n<meta property=\"og:locale\" content=\"de_DE\" \/>\n<meta property=\"og:type\" content=\"article\" \/>\n<meta property=\"og:title\" content=\"Zivilgesellschaft Oberrhein - PAMINA Business Club\" \/>\n<meta property=\"og:description\" content=\"photo: \u00a9\u00a0Stephanie Hofschlaeger\u00a0\u00a0\/ PIXELIO interreg v Projekt &#8222;Zivilgesellschaft Oberrhein&#8220; Dieses Projekt zielt darauf ab, die grenz\u00fcberschreitende Zusammenarbeit zwischen den B\u00fcrgern zu st\u00e4rken, indem zivilgesellschaftliche Akteure in grenz\u00fcberschreitenden Gebieten mobilisiert und unterst\u00fctzt werden. Um dieses Ziel zu erreichen, umfasst das Projekt eine Reihe von Ma\u00dfnahmen, die es erm\u00f6glichen, Folgendes zu erreichen \u00a0\u00a0\u00a0 Information und Sensibilisierung der [&hellip;]\" \/>\n<meta property=\"og:url\" content=\"http:\/\/www.pamina-business.com\/de\/zivilgesellschaft-oberrhein\/\" \/>\n<meta property=\"og:site_name\" content=\"PAMINA Business Club\" \/>\n<meta property=\"article:published_time\" content=\"2018-11-15T15:02:59+00:00\" \/>\n<meta property=\"article:modified_time\" content=\"2018-11-13T15:08:20+00:00\" \/>\n<meta property=\"og:image\" content=\"https:\/\/www.eurodistrict-pamina.eu\/globalflexit\/images\/UserFiles\/Image\/zivilgesellschaft\/820_170_2_239259-original-r-k-b-by-stephanie-hofschlaeger-pixeliode.jpg\" \/>\n<meta name=\"author\" content=\"Monique STUTZMANN\" \/>\n<meta name=\"twitter:card\" content=\"summary_large_image\" \/>\n<meta name=\"twitter:label1\" content=\"Verfasst von\" \/>\n\t<meta name=\"twitter:data1\" content=\"Monique STUTZMANN\" \/>\n\t<meta name=\"twitter:label2\" content=\"Gesch\u00e4tzte Lesezeit\" \/>\n\t<meta name=\"twitter:data2\" content=\"1\u00a0Minute\" \/>\n<script type=\"application\/ld+json\" class=\"yoast-schema-graph\">{\"@context\":\"https:\/\/schema.org\",\"@graph\":[{\"@type\":\"WebPage\",\"@id\":\"http:\/\/www.pamina-business.com\/de\/zivilgesellschaft-oberrhein\/\",\"url\":\"http:\/\/www.pamina-business.com\/de\/zivilgesellschaft-oberrhein\/\",\"name\":\"Zivilgesellschaft Oberrhein - PAMINA Business Club\",\"isPartOf\":{\"@id\":\"http:\/\/www.pamina-business.com\/de\/#website\"},\"primaryImageOfPage\":{\"@id\":\"http:\/\/www.pamina-business.com\/de\/zivilgesellschaft-oberrhein\/#primaryimage\"},\"image\":{\"@id\":\"http:\/\/www.pamina-business.com\/de\/zivilgesellschaft-oberrhein\/#primaryimage\"},\"thumbnailUrl\":\"https:\/\/www.eurodistrict-pamina.eu\/globalflexit\/images\/UserFiles\/Image\/zivilgesellschaft\/820_170_2_239259-original-r-k-b-by-stephanie-hofschlaeger-pixeliode.jpg\",\"datePublished\":\"2018-11-15T15:02:59+00:00\",\"dateModified\":\"2018-11-13T15:08:20+00:00\",\"author\":{\"@id\":\"http:\/\/www.pamina-business.com\/de\/#\/schema\/person\/9ab02536dbdbc5e3ef40bbc3452c8c69\"},\"breadcrumb\":{\"@id\":\"http:\/\/www.pamina-business.com\/de\/zivilgesellschaft-oberrhein\/#breadcrumb\"},\"inLanguage\":\"de\",\"potentialAction\":[{\"@type\":\"ReadAction\",\"target\":[\"http:\/\/www.pamina-business.com\/de\/zivilgesellschaft-oberrhein\/\"]}]},{\"@type\":\"ImageObject\",\"inLanguage\":\"de\",\"@id\":\"http:\/\/www.pamina-business.com\/de\/zivilgesellschaft-oberrhein\/#primaryimage\",\"url\":\"https:\/\/www.eurodistrict-pamina.eu\/globalflexit\/images\/UserFiles\/Image\/zivilgesellschaft\/820_170_2_239259-original-r-k-b-by-stephanie-hofschlaeger-pixeliode.jpg\",\"contentUrl\":\"https:\/\/www.eurodistrict-pamina.eu\/globalflexit\/images\/UserFiles\/Image\/zivilgesellschaft\/820_170_2_239259-original-r-k-b-by-stephanie-hofschlaeger-pixeliode.jpg\"},{\"@type\":\"BreadcrumbList\",\"@id\":\"http:\/\/www.pamina-business.com\/de\/zivilgesellschaft-oberrhein\/#breadcrumb\",\"itemListElement\":[{\"@type\":\"ListItem\",\"position\":1,\"name\":\"Accueil\",\"item\":\"http:\/\/www.pamina-business.com\/de\/\"},{\"@type\":\"ListItem\",\"position\":2,\"name\":\"Zivilgesellschaft Oberrhein\"}]},{\"@type\":\"WebSite\",\"@id\":\"http:\/\/www.pamina-business.com\/de\/#website\",\"url\":\"http:\/\/www.pamina-business.com\/de\/\",\"name\":\"PAMINA Business Club\",\"description\":\"Un site utilisant WordPress\",\"potentialAction\":[{\"@type\":\"SearchAction\",\"target\":{\"@type\":\"EntryPoint\",\"urlTemplate\":\"http:\/\/www.pamina-business.com\/de\/?s={search_term_string}\"},\"query-input\":{\"@type\":\"PropertyValueSpecification\",\"valueRequired\":true,\"valueName\":\"search_term_string\"}}],\"inLanguage\":\"de\"},{\"@type\":\"Person\",\"@id\":\"http:\/\/www.pamina-business.com\/de\/#\/schema\/person\/9ab02536dbdbc5e3ef40bbc3452c8c69\",\"name\":\"Monique STUTZMANN\",\"image\":{\"@type\":\"ImageObject\",\"inLanguage\":\"de\",\"@id\":\"http:\/\/www.pamina-business.com\/de\/#\/schema\/person\/image\/\",\"url\":\"https:\/\/secure.gravatar.com\/avatar\/cc1c3adf9a9f6e969d3da7b6b34ec66f5f4a6844dfc9145380a75e42cd91882e?s=96&d=mm&r=g\",\"contentUrl\":\"https:\/\/secure.gravatar.com\/avatar\/cc1c3adf9a9f6e969d3da7b6b34ec66f5f4a6844dfc9145380a75e42cd91882e?s=96&d=mm&r=g\",\"caption\":\"Monique STUTZMANN\"},\"url\":\"http:\/\/www.pamina-business.com\/de\/author\/monique\/\"}]}<\/script>\n<!-- \/ Yoast SEO plugin. -->","yoast_head_json":{"title":"Zivilgesellschaft Oberrhein - PAMINA Business Club","robots":{"index":"index","follow":"follow","max-snippet":"max-snippet:-1","max-image-preview":"max-image-preview:large","max-video-preview":"max-video-preview:-1"},"canonical":"http:\/\/www.pamina-business.com\/de\/zivilgesellschaft-oberrhein\/","og_locale":"de_DE","og_type":"article","og_title":"Zivilgesellschaft Oberrhein - PAMINA Business Club","og_description":"photo: \u00a9\u00a0Stephanie Hofschlaeger\u00a0\u00a0\/ PIXELIO interreg v Projekt &#8222;Zivilgesellschaft Oberrhein&#8220; Dieses Projekt zielt darauf ab, die grenz\u00fcberschreitende Zusammenarbeit zwischen den B\u00fcrgern zu st\u00e4rken, indem zivilgesellschaftliche Akteure in grenz\u00fcberschreitenden Gebieten mobilisiert und unterst\u00fctzt werden. Um dieses Ziel zu erreichen, umfasst das Projekt eine Reihe von Ma\u00dfnahmen, die es erm\u00f6glichen, Folgendes zu erreichen \u00a0\u00a0\u00a0 Information und Sensibilisierung der [&hellip;]","og_url":"http:\/\/www.pamina-business.com\/de\/zivilgesellschaft-oberrhein\/","og_site_name":"PAMINA Business Club","article_published_time":"2018-11-15T15:02:59+00:00","article_modified_time":"2018-11-13T15:08:20+00:00","og_image":[{"url":"https:\/\/www.eurodistrict-pamina.eu\/globalflexit\/images\/UserFiles\/Image\/zivilgesellschaft\/820_170_2_239259-original-r-k-b-by-stephanie-hofschlaeger-pixeliode.jpg"}],"author":"Monique STUTZMANN","twitter_card":"summary_large_image","twitter_misc":{"Verfasst von":"Monique STUTZMANN","Gesch\u00e4tzte Lesezeit":"1\u00a0Minute"},"schema":{"@context":"https:\/\/schema.org","@graph":[{"@type":"WebPage","@id":"http:\/\/www.pamina-business.com\/de\/zivilgesellschaft-oberrhein\/","url":"http:\/\/www.pamina-business.com\/de\/zivilgesellschaft-oberrhein\/","name":"Zivilgesellschaft Oberrhein - PAMINA Business Club","isPartOf":{"@id":"http:\/\/www.pamina-business.com\/de\/#website"},"primaryImageOfPage":{"@id":"http:\/\/www.pamina-business.com\/de\/zivilgesellschaft-oberrhein\/#primaryimage"},"image":{"@id":"http:\/\/www.pamina-business.com\/de\/zivilgesellschaft-oberrhein\/#primaryimage"},"thumbnailUrl":"https:\/\/www.eurodistrict-pamina.eu\/globalflexit\/images\/UserFiles\/Image\/zivilgesellschaft\/820_170_2_239259-original-r-k-b-by-stephanie-hofschlaeger-pixeliode.jpg","datePublished":"2018-11-15T15:02:59+00:00","dateModified":"2018-11-13T15:08:20+00:00","author":{"@id":"http:\/\/www.pamina-business.com\/de\/#\/schema\/person\/9ab02536dbdbc5e3ef40bbc3452c8c69"},"breadcrumb":{"@id":"http:\/\/www.pamina-business.com\/de\/zivilgesellschaft-oberrhein\/#breadcrumb"},"inLanguage":"de","potentialAction":[{"@type":"ReadAction","target":["http:\/\/www.pamina-business.com\/de\/zivilgesellschaft-oberrhein\/"]}]},{"@type":"ImageObject","inLanguage":"de","@id":"http:\/\/www.pamina-business.com\/de\/zivilgesellschaft-oberrhein\/#primaryimage","url":"https:\/\/www.eurodistrict-pamina.eu\/globalflexit\/images\/UserFiles\/Image\/zivilgesellschaft\/820_170_2_239259-original-r-k-b-by-stephanie-hofschlaeger-pixeliode.jpg","contentUrl":"https:\/\/www.eurodistrict-pamina.eu\/globalflexit\/images\/UserFiles\/Image\/zivilgesellschaft\/820_170_2_239259-original-r-k-b-by-stephanie-hofschlaeger-pixeliode.jpg"},{"@type":"BreadcrumbList","@id":"http:\/\/www.pamina-business.com\/de\/zivilgesellschaft-oberrhein\/#breadcrumb","itemListElement":[{"@type":"ListItem","position":1,"name":"Accueil","item":"http:\/\/www.pamina-business.com\/de\/"},{"@type":"ListItem","position":2,"name":"Zivilgesellschaft Oberrhein"}]},{"@type":"WebSite","@id":"http:\/\/www.pamina-business.com\/de\/#website","url":"http:\/\/www.pamina-business.com\/de\/","name":"PAMINA Business Club","description":"Un site utilisant WordPress","potentialAction":[{"@type":"SearchAction","target":{"@type":"EntryPoint","urlTemplate":"http:\/\/www.pamina-business.com\/de\/?s={search_term_string}"},"query-input":{"@type":"PropertyValueSpecification","valueRequired":true,"valueName":"search_term_string"}}],"inLanguage":"de"},{"@type":"Person","@id":"http:\/\/www.pamina-business.com\/de\/#\/schema\/person\/9ab02536dbdbc5e3ef40bbc3452c8c69","name":"Monique STUTZMANN","image":{"@type":"ImageObject","inLanguage":"de","@id":"http:\/\/www.pamina-business.com\/de\/#\/schema\/person\/image\/","url":"https:\/\/secure.gravatar.com\/avatar\/cc1c3adf9a9f6e969d3da7b6b34ec66f5f4a6844dfc9145380a75e42cd91882e?s=96&d=mm&r=g","contentUrl":"https:\/\/secure.gravatar.com\/avatar\/cc1c3adf9a9f6e969d3da7b6b34ec66f5f4a6844dfc9145380a75e42cd91882e?s=96&d=mm&r=g","caption":"Monique STUTZMANN"},"url":"http:\/\/www.pamina-business.com\/de\/author\/monique\/"}]}},"_links":{"self":[{"href":"http:\/\/www.pamina-business.com\/de\/wp-json\/wp\/v2\/posts\/3454","targetHints":{"allow":["GET"]}}],"collection":[{"href":"http:\/\/www.pamina-business.com\/de\/wp-json\/wp\/v2\/posts"}],"about":[{"href":"http:\/\/www.pamina-business.com\/de\/wp-json\/wp\/v2\/types\/post"}],"author":[{"embeddable":true,"href":"http:\/\/www.pamina-business.com\/de\/wp-json\/wp\/v2\/users\/3"}],"replies":[{"embeddable":true,"href":"http:\/\/www.pamina-business.com\/de\/wp-json\/wp\/v2\/comments?post=3454"}],"version-history":[{"count":1,"href":"http:\/\/www.pamina-business.com\/de\/wp-json\/wp\/v2\/posts\/3454\/revisions"}],"predecessor-version":[{"id":3455,"href":"http:\/\/www.pamina-business.com\/de\/wp-json\/wp\/v2\/posts\/3454\/revisions\/3455"}],"wp:attachment":[{"href":"http:\/\/www.pamina-business.com\/de\/wp-json\/wp\/v2\/media?parent=3454"}],"wp:term":[{"taxonomy":"category","embeddable":true,"href":"http:\/\/www.pamina-business.com\/de\/wp-json\/wp\/v2\/categories?post=3454"},{"taxonomy":"post_tag","embeddable":true,"href":"http:\/\/www.pamina-business.com\/de\/wp-json\/wp\/v2\/tags?post=3454"}],"curies":[{"name":"wp","href":"https:\/\/api.w.org\/{rel}","templated":true}]}}