{"id":3354,"date":"2018-10-01T12:02:48","date_gmt":"2018-10-01T12:02:48","guid":{"rendered":"http:\/\/www.pamina-business.com\/?p=3354"},"modified":"2018-09-25T12:08:09","modified_gmt":"2018-09-25T12:08:09","slug":"visite-de-madame-la-ministre-jacqueline-gourault-a-leurodistrict","status":"publish","type":"post","link":"http:\/\/www.pamina-business.com\/de\/visite-de-madame-la-ministre-jacqueline-gourault-a-leurodistrict\/","title":{"rendered":"Visite de Madame la Ministre Jacqueline Gourault \u00e0 l&#8217;Eurodistrict"},"content":{"rendered":"<section id=\"mainSection\">\n<div class=\"fmodele fmodeleScroll tpl_fiche\">\n<div class=\"agendas-fiche\">\n<article class=\"media\">\n<div class=\"media-object\"><img decoding=\"async\" src=\"https:\/\/www.eurodistrict-pamina.eu\/globalflexit\/images\/img_base\/agendas\/835_556_1_dscf1042-copie.JPG\" alt=\"Visite de Madame la Ministre Jacqueline Gourault \u00e0 l'Eurodistrict\" \/><\/div>\n<div class=\"media-body\">\n<h1 class=\"media-heading\"><\/h1>\n<div class=\"date\"><\/div>\n<div class=\"contenu\">\n<p>Au cours de son d\u00e9placement dans les d\u00e9partements du Haut-Rhin et du Bas-Rhin, Jacqueline Gourault, Ministre d\u00e9l\u00e9gu\u00e9e aupr\u00e8s du Ministre d&#8217;Etat et Ministre de l&#8217;Int\u00e9rieur, s&#8217;est \u00e9galement rendue le vendredi 14 septembre dans l&#8217;Eurodistrict PAMINA \u00e0 l&#8217;ancien douanes \u00e0 Lauterbourg. R\u00e9mi Bertrand, Pr\u00e9sident de l&#8217;Eurodistrict PAMINA, et Patrice Harster, Directeur G\u00e9n\u00e9ral, ont pr\u00e9sent\u00e9\u00a0\u00e0 la\u00a0Ministre les enjeux de la coop\u00e9ration transfrontali\u00e8re franco-allemande en g\u00e9n\u00e9ral et dans les domaines de la sant\u00e9, du march\u00e9 du travail et du transport\/mobilit\u00e9 en particulier.\u00a0\u00a0Tous deux ont attir\u00e9 l&#8217;attention sur l&#8217;urgence et l&#8217;actualit\u00e9 d&#8217;am\u00e9liorer la coop\u00e9ration avec nos voisins dans ces domaines. R\u00e9mi Bertrand a soulign\u00e9 le grand effet que la suppression des fronti\u00e8res aurait sur la croissance \u00e9conomique de la r\u00e9gion :\u00a0\u00ab Si on les balaie tous d&#8217;un coup de baguette magique, c&#8217;est 8 % de croissance en plus.\u00bb<\/p>\n<p>La visite \u00e9tait accompagn\u00e9e du Pr\u00e9fet de la R\u00e9gion Grand Est, Jean-Luc Marx, de la Sous-Pr\u00e9f\u00e8te de Haguenau-Wissembourg, Chantal Ambroise, du Pr\u00e9sident du Conseil d\u00e9partemental du Bas-Rhin, Fr\u00e9d\u00e9ric Bierry et d&#8217;autres repr\u00e9sentants politiques.\u00a0 \u00ab J&#8217;ai beaucoup appris : je suis \u201cde l&#8217;int\u00e9rieur\u201d, les sujets transfrontaliers ne sont pas mon quotidien.\u00bb<\/p>\n<p>La Ministre s&#8217;est rendu dans les deux d\u00e9partements fran\u00e7ais situ\u00e9s le long du Rhin pendant trois jours pour s&#8217;informer sur place de la fusion des deux d\u00e9partements souhait\u00e9e par le Haut-Rhin et le Bas-Rhin. La coop\u00e9ration transfrontali\u00e8re y joue naturellement un r\u00f4le majeur, car elle est frontali\u00e8re avec l&#8217;Allemagne et la Suisse. Les repr\u00e9sentants appellent donc \u00e0 un droit \u00e0 la diff\u00e9renciation, qui leur permettrait de supprimer les 239 obstacles \u00e0 la fronti\u00e8res, que R\u00e9mi Bertrand avait cit\u00e9, de mani\u00e8re locale et sans bureaucratie. A l&#8217;issue de la visite, la Ministre a pr\u00e9cis\u00e9 qu&#8217;elle avait reconnu la grande importance de la coop\u00e9ration transfrontali\u00e8re pour la r\u00e9gion :\u00ab Il nous faut ce droit \u00e0 la diff\u00e9renciation parce que c&#8217;est la r\u00e9ponse \u00e9vidente. Il faut trouver l&#8217;outil juridique qui permette aux Alsaciens de cr\u00e9er l&#8217;\u00e9cotaxe sans obliger les Bretons \u00e0 le faire. Depuis que je suis l\u00e0, je me dis qu&#8217;il faut qu&#8217;on arrive \u00e0 faire passer cette r\u00e9forme constitutionnelle. \u00bb<\/p>\n<\/div>\n<\/div>\n<\/article>\n<\/div>\n<div class=\"contenu\"><em>Source<\/em> : <a href=\"http:\/\/www.eurodistrict-pamina.eu\">www.eurodistrict-pamina.eu<\/a><\/div>\n<div class=\"contenu\"><em>Contact<\/em> :<a href=\"&#x6d;&#x61;&#x69;&#108;&#116;o:&#x69;&#x6e;&#x66;&#x6f;&#64;&#101;ur&#x6f;&#x64;&#x69;&#115;&#116;&#114;ic&#x74;&#x2e;&#x65;&#117;\"> &#105;&#x6e;f&#111;&#x40;e&#117;&#x72;o&#100;&#x69;s&#116;&#x72;i&#99;&#x74;&#46;&#101;&#x75;<\/a><\/div>\n<\/div>\n<\/section>\n","protected":false},"excerpt":{"rendered":"<p>Au cours de son d\u00e9placement dans les d\u00e9partements du Haut-Rhin et du Bas-Rhin, Jacqueline Gourault, Ministre d\u00e9l\u00e9gu\u00e9e aupr\u00e8s du Ministre d&#8217;Etat et Ministre de l&#8217;Int\u00e9rieur, s&#8217;est \u00e9galement rendue le vendredi 14 septembre dans l&#8217;Eurodistrict PAMINA \u00e0 l&#8217;ancien douanes \u00e0 Lauterbourg. R\u00e9mi Bertrand, Pr\u00e9sident de l&#8217;Eurodistrict PAMINA, et Patrice Harster, Directeur G\u00e9n\u00e9ral, ont pr\u00e9sent\u00e9\u00a0\u00e0 la\u00a0Ministre les [&hellip;]<\/p>\n","protected":false},"author":3,"featured_media":0,"comment_status":"open","ping_status":"open","sticky":false,"template":"","format":"standard","meta":{"_exactmetrics_skip_tracking":false,"_exactmetrics_sitenote_active":false,"_exactmetrics_sitenote_note":"","_exactmetrics_sitenote_category":0,"footnotes":""},"categories":[7],"tags":[],"class_list":["post-3354","post","type-post","status-publish","format-standard","hentry","category-evenements-fr"],"yoast_head":"<!-- This site is optimized with the Yoast SEO plugin v23.5 - https:\/\/yoast.com\/wordpress\/plugins\/seo\/ -->\n<title>Visite de Madame la Ministre Jacqueline Gourault \u00e0 l&#039;Eurodistrict - PAMINA Business Club<\/title>\n<meta name=\"robots\" content=\"index, follow, max-snippet:-1, max-image-preview:large, max-video-preview:-1\" \/>\n<link rel=\"canonical\" href=\"http:\/\/www.pamina-business.com\/visite-de-madame-la-ministre-jacqueline-gourault-a-leurodistrict\/\" \/>\n<meta property=\"og:locale\" content=\"de_DE\" \/>\n<meta property=\"og:type\" content=\"article\" \/>\n<meta property=\"og:title\" content=\"Visite de Madame la Ministre Jacqueline Gourault \u00e0 l&#039;Eurodistrict - PAMINA Business Club\" \/>\n<meta property=\"og:description\" content=\"Au cours de son d\u00e9placement dans les d\u00e9partements du Haut-Rhin et du Bas-Rhin, Jacqueline Gourault, Ministre d\u00e9l\u00e9gu\u00e9e aupr\u00e8s du Ministre d&#8217;Etat et Ministre de l&#8217;Int\u00e9rieur, s&#8217;est \u00e9galement rendue le vendredi 14 septembre dans l&#8217;Eurodistrict PAMINA \u00e0 l&#8217;ancien douanes \u00e0 Lauterbourg. R\u00e9mi Bertrand, Pr\u00e9sident de l&#8217;Eurodistrict PAMINA, et Patrice Harster, Directeur G\u00e9n\u00e9ral, ont pr\u00e9sent\u00e9\u00a0\u00e0 la\u00a0Ministre les [&hellip;]\" \/>\n<meta property=\"og:url\" content=\"http:\/\/www.pamina-business.com\/visite-de-madame-la-ministre-jacqueline-gourault-a-leurodistrict\/\" \/>\n<meta property=\"og:site_name\" content=\"PAMINA Business Club\" \/>\n<meta property=\"article:published_time\" content=\"2018-10-01T12:02:48+00:00\" \/>\n<meta property=\"article:modified_time\" content=\"2018-09-25T12:08:09+00:00\" \/>\n<meta property=\"og:image\" content=\"https:\/\/www.eurodistrict-pamina.eu\/globalflexit\/images\/img_base\/agendas\/835_556_1_dscf1042-copie.JPG\" \/>\n<meta name=\"author\" content=\"Monique STUTZMANN\" \/>\n<meta name=\"twitter:card\" content=\"summary_large_image\" \/>\n<meta name=\"twitter:label1\" content=\"Verfasst von\" \/>\n\t<meta name=\"twitter:data1\" content=\"Monique STUTZMANN\" \/>\n\t<meta name=\"twitter:label2\" content=\"Gesch\u00e4tzte Lesezeit\" \/>\n\t<meta name=\"twitter:data2\" content=\"2\u00a0Minuten\" \/>\n<script type=\"application\/ld+json\" class=\"yoast-schema-graph\">{\"@context\":\"https:\/\/schema.org\",\"@graph\":[{\"@type\":\"WebPage\",\"@id\":\"http:\/\/www.pamina-business.com\/visite-de-madame-la-ministre-jacqueline-gourault-a-leurodistrict\/\",\"url\":\"http:\/\/www.pamina-business.com\/visite-de-madame-la-ministre-jacqueline-gourault-a-leurodistrict\/\",\"name\":\"Visite de Madame la Ministre Jacqueline Gourault \u00e0 l'Eurodistrict - PAMINA Business Club\",\"isPartOf\":{\"@id\":\"http:\/\/www.pamina-business.com\/de\/#website\"},\"primaryImageOfPage\":{\"@id\":\"http:\/\/www.pamina-business.com\/visite-de-madame-la-ministre-jacqueline-gourault-a-leurodistrict\/#primaryimage\"},\"image\":{\"@id\":\"http:\/\/www.pamina-business.com\/visite-de-madame-la-ministre-jacqueline-gourault-a-leurodistrict\/#primaryimage\"},\"thumbnailUrl\":\"https:\/\/www.eurodistrict-pamina.eu\/globalflexit\/images\/img_base\/agendas\/835_556_1_dscf1042-copie.JPG\",\"datePublished\":\"2018-10-01T12:02:48+00:00\",\"dateModified\":\"2018-09-25T12:08:09+00:00\",\"author\":{\"@id\":\"http:\/\/www.pamina-business.com\/de\/#\/schema\/person\/9ab02536dbdbc5e3ef40bbc3452c8c69\"},\"breadcrumb\":{\"@id\":\"http:\/\/www.pamina-business.com\/visite-de-madame-la-ministre-jacqueline-gourault-a-leurodistrict\/#breadcrumb\"},\"inLanguage\":\"de\",\"potentialAction\":[{\"@type\":\"ReadAction\",\"target\":[\"http:\/\/www.pamina-business.com\/visite-de-madame-la-ministre-jacqueline-gourault-a-leurodistrict\/\"]}]},{\"@type\":\"ImageObject\",\"inLanguage\":\"de\",\"@id\":\"http:\/\/www.pamina-business.com\/visite-de-madame-la-ministre-jacqueline-gourault-a-leurodistrict\/#primaryimage\",\"url\":\"https:\/\/www.eurodistrict-pamina.eu\/globalflexit\/images\/img_base\/agendas\/835_556_1_dscf1042-copie.JPG\",\"contentUrl\":\"https:\/\/www.eurodistrict-pamina.eu\/globalflexit\/images\/img_base\/agendas\/835_556_1_dscf1042-copie.JPG\"},{\"@type\":\"BreadcrumbList\",\"@id\":\"http:\/\/www.pamina-business.com\/visite-de-madame-la-ministre-jacqueline-gourault-a-leurodistrict\/#breadcrumb\",\"itemListElement\":[{\"@type\":\"ListItem\",\"position\":1,\"name\":\"Accueil\",\"item\":\"http:\/\/www.pamina-business.com\/de\/\"},{\"@type\":\"ListItem\",\"position\":2,\"name\":\"Visite de Madame la Ministre Jacqueline Gourault \u00e0 l&rsquo;Eurodistrict\"}]},{\"@type\":\"WebSite\",\"@id\":\"http:\/\/www.pamina-business.com\/de\/#website\",\"url\":\"http:\/\/www.pamina-business.com\/de\/\",\"name\":\"PAMINA Business Club\",\"description\":\"Un site utilisant WordPress\",\"potentialAction\":[{\"@type\":\"SearchAction\",\"target\":{\"@type\":\"EntryPoint\",\"urlTemplate\":\"http:\/\/www.pamina-business.com\/de\/?s={search_term_string}\"},\"query-input\":{\"@type\":\"PropertyValueSpecification\",\"valueRequired\":true,\"valueName\":\"search_term_string\"}}],\"inLanguage\":\"de\"},{\"@type\":\"Person\",\"@id\":\"http:\/\/www.pamina-business.com\/de\/#\/schema\/person\/9ab02536dbdbc5e3ef40bbc3452c8c69\",\"name\":\"Monique STUTZMANN\",\"image\":{\"@type\":\"ImageObject\",\"inLanguage\":\"de\",\"@id\":\"http:\/\/www.pamina-business.com\/de\/#\/schema\/person\/image\/\",\"url\":\"https:\/\/secure.gravatar.com\/avatar\/cc1c3adf9a9f6e969d3da7b6b34ec66f5f4a6844dfc9145380a75e42cd91882e?s=96&d=mm&r=g\",\"contentUrl\":\"https:\/\/secure.gravatar.com\/avatar\/cc1c3adf9a9f6e969d3da7b6b34ec66f5f4a6844dfc9145380a75e42cd91882e?s=96&d=mm&r=g\",\"caption\":\"Monique STUTZMANN\"},\"url\":\"http:\/\/www.pamina-business.com\/de\/author\/monique\/\"}]}<\/script>\n<!-- \/ Yoast SEO plugin. -->","yoast_head_json":{"title":"Visite de Madame la Ministre Jacqueline Gourault \u00e0 l'Eurodistrict - PAMINA Business Club","robots":{"index":"index","follow":"follow","max-snippet":"max-snippet:-1","max-image-preview":"max-image-preview:large","max-video-preview":"max-video-preview:-1"},"canonical":"http:\/\/www.pamina-business.com\/visite-de-madame-la-ministre-jacqueline-gourault-a-leurodistrict\/","og_locale":"de_DE","og_type":"article","og_title":"Visite de Madame la Ministre Jacqueline Gourault \u00e0 l'Eurodistrict - PAMINA Business Club","og_description":"Au cours de son d\u00e9placement dans les d\u00e9partements du Haut-Rhin et du Bas-Rhin, Jacqueline Gourault, Ministre d\u00e9l\u00e9gu\u00e9e aupr\u00e8s du Ministre d&#8217;Etat et Ministre de l&#8217;Int\u00e9rieur, s&#8217;est \u00e9galement rendue le vendredi 14 septembre dans l&#8217;Eurodistrict PAMINA \u00e0 l&#8217;ancien douanes \u00e0 Lauterbourg. R\u00e9mi Bertrand, Pr\u00e9sident de l&#8217;Eurodistrict PAMINA, et Patrice Harster, Directeur G\u00e9n\u00e9ral, ont pr\u00e9sent\u00e9\u00a0\u00e0 la\u00a0Ministre les [&hellip;]","og_url":"http:\/\/www.pamina-business.com\/visite-de-madame-la-ministre-jacqueline-gourault-a-leurodistrict\/","og_site_name":"PAMINA Business Club","article_published_time":"2018-10-01T12:02:48+00:00","article_modified_time":"2018-09-25T12:08:09+00:00","og_image":[{"url":"https:\/\/www.eurodistrict-pamina.eu\/globalflexit\/images\/img_base\/agendas\/835_556_1_dscf1042-copie.JPG"}],"author":"Monique STUTZMANN","twitter_card":"summary_large_image","twitter_misc":{"Verfasst von":"Monique STUTZMANN","Gesch\u00e4tzte Lesezeit":"2\u00a0Minuten"},"schema":{"@context":"https:\/\/schema.org","@graph":[{"@type":"WebPage","@id":"http:\/\/www.pamina-business.com\/visite-de-madame-la-ministre-jacqueline-gourault-a-leurodistrict\/","url":"http:\/\/www.pamina-business.com\/visite-de-madame-la-ministre-jacqueline-gourault-a-leurodistrict\/","name":"Visite de Madame la Ministre Jacqueline Gourault \u00e0 l'Eurodistrict - PAMINA Business Club","isPartOf":{"@id":"http:\/\/www.pamina-business.com\/de\/#website"},"primaryImageOfPage":{"@id":"http:\/\/www.pamina-business.com\/visite-de-madame-la-ministre-jacqueline-gourault-a-leurodistrict\/#primaryimage"},"image":{"@id":"http:\/\/www.pamina-business.com\/visite-de-madame-la-ministre-jacqueline-gourault-a-leurodistrict\/#primaryimage"},"thumbnailUrl":"https:\/\/www.eurodistrict-pamina.eu\/globalflexit\/images\/img_base\/agendas\/835_556_1_dscf1042-copie.JPG","datePublished":"2018-10-01T12:02:48+00:00","dateModified":"2018-09-25T12:08:09+00:00","author":{"@id":"http:\/\/www.pamina-business.com\/de\/#\/schema\/person\/9ab02536dbdbc5e3ef40bbc3452c8c69"},"breadcrumb":{"@id":"http:\/\/www.pamina-business.com\/visite-de-madame-la-ministre-jacqueline-gourault-a-leurodistrict\/#breadcrumb"},"inLanguage":"de","potentialAction":[{"@type":"ReadAction","target":["http:\/\/www.pamina-business.com\/visite-de-madame-la-ministre-jacqueline-gourault-a-leurodistrict\/"]}]},{"@type":"ImageObject","inLanguage":"de","@id":"http:\/\/www.pamina-business.com\/visite-de-madame-la-ministre-jacqueline-gourault-a-leurodistrict\/#primaryimage","url":"https:\/\/www.eurodistrict-pamina.eu\/globalflexit\/images\/img_base\/agendas\/835_556_1_dscf1042-copie.JPG","contentUrl":"https:\/\/www.eurodistrict-pamina.eu\/globalflexit\/images\/img_base\/agendas\/835_556_1_dscf1042-copie.JPG"},{"@type":"BreadcrumbList","@id":"http:\/\/www.pamina-business.com\/visite-de-madame-la-ministre-jacqueline-gourault-a-leurodistrict\/#breadcrumb","itemListElement":[{"@type":"ListItem","position":1,"name":"Accueil","item":"http:\/\/www.pamina-business.com\/de\/"},{"@type":"ListItem","position":2,"name":"Visite de Madame la Ministre Jacqueline Gourault \u00e0 l&rsquo;Eurodistrict"}]},{"@type":"WebSite","@id":"http:\/\/www.pamina-business.com\/de\/#website","url":"http:\/\/www.pamina-business.com\/de\/","name":"PAMINA Business Club","description":"Un site utilisant WordPress","potentialAction":[{"@type":"SearchAction","target":{"@type":"EntryPoint","urlTemplate":"http:\/\/www.pamina-business.com\/de\/?s={search_term_string}"},"query-input":{"@type":"PropertyValueSpecification","valueRequired":true,"valueName":"search_term_string"}}],"inLanguage":"de"},{"@type":"Person","@id":"http:\/\/www.pamina-business.com\/de\/#\/schema\/person\/9ab02536dbdbc5e3ef40bbc3452c8c69","name":"Monique STUTZMANN","image":{"@type":"ImageObject","inLanguage":"de","@id":"http:\/\/www.pamina-business.com\/de\/#\/schema\/person\/image\/","url":"https:\/\/secure.gravatar.com\/avatar\/cc1c3adf9a9f6e969d3da7b6b34ec66f5f4a6844dfc9145380a75e42cd91882e?s=96&d=mm&r=g","contentUrl":"https:\/\/secure.gravatar.com\/avatar\/cc1c3adf9a9f6e969d3da7b6b34ec66f5f4a6844dfc9145380a75e42cd91882e?s=96&d=mm&r=g","caption":"Monique STUTZMANN"},"url":"http:\/\/www.pamina-business.com\/de\/author\/monique\/"}]}},"_links":{"self":[{"href":"http:\/\/www.pamina-business.com\/de\/wp-json\/wp\/v2\/posts\/3354","targetHints":{"allow":["GET"]}}],"collection":[{"href":"http:\/\/www.pamina-business.com\/de\/wp-json\/wp\/v2\/posts"}],"about":[{"href":"http:\/\/www.pamina-business.com\/de\/wp-json\/wp\/v2\/types\/post"}],"author":[{"embeddable":true,"href":"http:\/\/www.pamina-business.com\/de\/wp-json\/wp\/v2\/users\/3"}],"replies":[{"embeddable":true,"href":"http:\/\/www.pamina-business.com\/de\/wp-json\/wp\/v2\/comments?post=3354"}],"version-history":[{"count":2,"href":"http:\/\/www.pamina-business.com\/de\/wp-json\/wp\/v2\/posts\/3354\/revisions"}],"predecessor-version":[{"id":3356,"href":"http:\/\/www.pamina-business.com\/de\/wp-json\/wp\/v2\/posts\/3354\/revisions\/3356"}],"wp:attachment":[{"href":"http:\/\/www.pamina-business.com\/de\/wp-json\/wp\/v2\/media?parent=3354"}],"wp:term":[{"taxonomy":"category","embeddable":true,"href":"http:\/\/www.pamina-business.com\/de\/wp-json\/wp\/v2\/categories?post=3354"},{"taxonomy":"post_tag","embeddable":true,"href":"http:\/\/www.pamina-business.com\/de\/wp-json\/wp\/v2\/tags?post=3354"}],"curies":[{"name":"wp","href":"https:\/\/api.w.org\/{rel}","templated":true}]}}